{"id":5895,"date":"2014-01-17T00:00:01","date_gmt":"2014-01-17T00:00:01","guid":{"rendered":"https:\/\/proagrolab.com.ar\/la-leche-en-polvo-arranco-el-ano-en-baja\/"},"modified":"2014-01-17T00:00:01","modified_gmt":"2014-01-17T00:00:01","slug":"la-leche-en-polvo-arranco-el-ano-en-baja","status":"publish","type":"post","link":"https:\/\/proagrolab.com.ar\/en\/la-leche-en-polvo-arranco-el-ano-en-baja\/","title":{"rendered":"La leche en polvo arranc\u00f3 el a\u00f1o en baja."},"content":{"rendered":"<p class=\"qtranxs-available-languages-message qtranxs-available-languages-message-en\"> <\/p><p>En el primer remate mensual de l\u00e1cteos de la neocelandesa Fonterra el precio de los l\u00e1cteos baj\u00f3 0,8%, principalmente por el descenso de los valores de la leche en polvo descremada, acompa\u00f1ado por menores valores para la leche entera.<\/p>\n<p>Los contratos a futuro para estos productos mostraron tendencias a la baja para los pr\u00f3ximos meses respecto a las licitaciones anteriores.<\/p>\n<p>Los precios para la tonelada de leche en polvo descremada quedaron entre u$s 4.500 y u$s 4.800 en los distintos contratos. La leche en polvo entera baj\u00f3 menos que la descremada y cotiz\u00f3 entre u$s 4.890 y u$s 5.150 la tonelada.<\/p>\n<p>Fuente: Agrositio, 15 de enero.<br \/><\/p>","protected":false},"excerpt":{"rendered":"<p>En el primer remate mensual de l\u00e1cteos de la neocelandesa Fonterra el precio de los l\u00e1cteos baj\u00f3 0,8%, principalmente por el descenso de los valores de la leche en polvo descremada, acompa\u00f1ado por menores valores para la leche entera. Los contratos a futuro para estos productos mostraron tendencias a la baja para los pr\u00f3ximos meses respecto a las licitaciones anteriores. Los precios para la tonelada de leche en polvo descremada quedaron entre u$s 4.500 y u$s 4.800 en los distintos contratos. La leche en polvo entera baj\u00f3 menos que la descremada y cotiz\u00f3 entre u$s 4.890 y u$s 5.150 la tonelada. Fuente: Agrositio, 15 de enero.<\/p>\n","protected":false},"author":2,"featured_media":2381,"comment_status":"closed","ping_status":"open","sticky":false,"template":"","format":"standard","meta":{"_acf_changed":false,"footnotes":""},"categories":[56],"tags":[],"class_list":["post-5895","post","type-post","status-publish","format-standard","has-post-thumbnail","hentry","category-infoganadero"],"acf":[],"yoast_head":"<!-- This site is optimized with the Yoast SEO plugin v27.4 - https:\/\/yoast.com\/product\/yoast-seo-wordpress\/ -->\n<title>La leche en polvo arranc\u00f3 el a\u00f1o en baja. | Proagro<\/title>\n<meta name=\"robots\" content=\"index, follow, max-snippet:-1, max-image-preview:large, max-video-preview:-1\" \/>\n<link rel=\"canonical\" href=\"https:\/\/proagrolab.com.ar\/en\/la-leche-en-polvo-arranco-el-ano-en-baja\/\" \/>\n<meta property=\"og:locale\" content=\"en_US\" \/>\n<meta property=\"og:type\" content=\"article\" \/>\n<meta property=\"og:title\" content=\"La leche en polvo arranc\u00f3 el a\u00f1o en baja. | Proagro\" \/>\n<meta property=\"og:description\" content=\"En el primer remate mensual de l\u00e1cteos de la neocelandesa Fonterra el precio de los l\u00e1cteos baj\u00f3 0,8%, principalmente por el descenso de los valores de la leche en polvo descremada, acompa\u00f1ado por menores valores para la leche entera. Los contratos a futuro para estos productos mostraron tendencias a la baja para los pr\u00f3ximos meses respecto a las licitaciones anteriores. Los precios para la tonelada de leche en polvo descremada quedaron entre u$s 4.500 y u$s 4.800 en los distintos contratos. La leche en polvo entera baj\u00f3 menos que la descremada y cotiz\u00f3 entre u$s 4.890 y u$s 5.150 la tonelada. Fuente: Agrositio, 15 de enero.\" \/>\n<meta property=\"og:url\" content=\"https:\/\/proagrolab.com.ar\/la-leche-en-polvo-arranco-el-ano-en-baja\/\" \/>\n<meta property=\"og:site_name\" content=\"Proagro\" \/>\n<meta property=\"article:publisher\" content=\"http:\/\/www.facebook.com\/proagrolab\" \/>\n<meta property=\"article:published_time\" content=\"2014-01-17T00:00:01+00:00\" \/>\n<meta property=\"og:image\" content=\"https:\/\/proagrolab.com.ar\/wp-content\/uploads\/2015\/01\/g_xfo3itrzt__Lecheras-20.jpg\" \/>\n\t<meta property=\"og:image:width\" content=\"450\" \/>\n\t<meta property=\"og:image:height\" content=\"208\" \/>\n\t<meta property=\"og:image:type\" content=\"image\/jpeg\" \/>\n<meta name=\"author\" content=\"proagrolab\" \/>\n<meta name=\"twitter:card\" content=\"summary_large_image\" \/>\n<meta name=\"twitter:label1\" content=\"Written by\" \/>\n\t<meta name=\"twitter:data1\" content=\"proagrolab\" \/>\n\t<meta name=\"twitter:label2\" content=\"Est. reading time\" \/>\n\t<meta name=\"twitter:data2\" content=\"1 minute\" \/>\n<script type=\"application\/ld+json\" class=\"yoast-schema-graph\">{\"@context\":\"https:\\\/\\\/schema.org\",\"@graph\":[{\"@type\":\"Article\",\"@id\":\"https:\\\/\\\/proagrolab.com.ar\\\/la-leche-en-polvo-arranco-el-ano-en-baja\\\/#article\",\"isPartOf\":{\"@id\":\"https:\\\/\\\/proagrolab.com.ar\\\/la-leche-en-polvo-arranco-el-ano-en-baja\\\/\"},\"author\":{\"name\":\"proagrolab\",\"@id\":\"https:\\\/\\\/proagrolab.com.ar\\\/#\\\/schema\\\/person\\\/38003ff90bf80381f71c7d922d207444\"},\"headline\":\"La leche en polvo arranc\u00f3 el a\u00f1o en baja.\",\"datePublished\":\"2014-01-17T00:00:01+00:00\",\"mainEntityOfPage\":{\"@id\":\"https:\\\/\\\/proagrolab.com.ar\\\/la-leche-en-polvo-arranco-el-ano-en-baja\\\/\"},\"wordCount\":118,\"publisher\":{\"@id\":\"https:\\\/\\\/proagrolab.com.ar\\\/#organization\"},\"image\":{\"@id\":\"https:\\\/\\\/proagrolab.com.ar\\\/la-leche-en-polvo-arranco-el-ano-en-baja\\\/#primaryimage\"},\"thumbnailUrl\":\"https:\\\/\\\/proagrolab.com.ar\\\/wp-content\\\/uploads\\\/2015\\\/01\\\/g_xfo3itrzt__Lecheras-20.jpg\",\"articleSection\":[\"News\"],\"inLanguage\":\"en-US\"},{\"@type\":\"WebPage\",\"@id\":\"https:\\\/\\\/proagrolab.com.ar\\\/la-leche-en-polvo-arranco-el-ano-en-baja\\\/\",\"url\":\"https:\\\/\\\/proagrolab.com.ar\\\/la-leche-en-polvo-arranco-el-ano-en-baja\\\/\",\"name\":\"La leche en polvo arranc\u00f3 el a\u00f1o en baja. | Proagro\",\"isPartOf\":{\"@id\":\"https:\\\/\\\/proagrolab.com.ar\\\/#website\"},\"primaryImageOfPage\":{\"@id\":\"https:\\\/\\\/proagrolab.com.ar\\\/la-leche-en-polvo-arranco-el-ano-en-baja\\\/#primaryimage\"},\"image\":{\"@id\":\"https:\\\/\\\/proagrolab.com.ar\\\/la-leche-en-polvo-arranco-el-ano-en-baja\\\/#primaryimage\"},\"thumbnailUrl\":\"https:\\\/\\\/proagrolab.com.ar\\\/wp-content\\\/uploads\\\/2015\\\/01\\\/g_xfo3itrzt__Lecheras-20.jpg\",\"datePublished\":\"2014-01-17T00:00:01+00:00\",\"breadcrumb\":{\"@id\":\"https:\\\/\\\/proagrolab.com.ar\\\/la-leche-en-polvo-arranco-el-ano-en-baja\\\/#breadcrumb\"},\"inLanguage\":\"en-US\",\"potentialAction\":[{\"@type\":\"ReadAction\",\"target\":[\"https:\\\/\\\/proagrolab.com.ar\\\/la-leche-en-polvo-arranco-el-ano-en-baja\\\/\"]}]},{\"@type\":\"ImageObject\",\"inLanguage\":\"en-US\",\"@id\":\"https:\\\/\\\/proagrolab.com.ar\\\/la-leche-en-polvo-arranco-el-ano-en-baja\\\/#primaryimage\",\"url\":\"https:\\\/\\\/proagrolab.com.ar\\\/wp-content\\\/uploads\\\/2015\\\/01\\\/g_xfo3itrzt__Lecheras-20.jpg\",\"contentUrl\":\"https:\\\/\\\/proagrolab.com.ar\\\/wp-content\\\/uploads\\\/2015\\\/01\\\/g_xfo3itrzt__Lecheras-20.jpg\",\"width\":450,\"height\":208},{\"@type\":\"BreadcrumbList\",\"@id\":\"https:\\\/\\\/proagrolab.com.ar\\\/la-leche-en-polvo-arranco-el-ano-en-baja\\\/#breadcrumb\",\"itemListElement\":[{\"@type\":\"ListItem\",\"position\":1,\"name\":\"Portada\",\"item\":\"https:\\\/\\\/proagrolab.com.ar\\\/\"},{\"@type\":\"ListItem\",\"position\":2,\"name\":\"La leche en polvo arranc\u00f3 el a\u00f1o en baja.\"}]},{\"@type\":\"WebSite\",\"@id\":\"https:\\\/\\\/proagrolab.com.ar\\\/#website\",\"url\":\"https:\\\/\\\/proagrolab.com.ar\\\/\",\"name\":\"Proagro Laboratorio Veterinario\",\"description\":\"Veterinary laboratory\",\"publisher\":{\"@id\":\"https:\\\/\\\/proagrolab.com.ar\\\/#organization\"},\"potentialAction\":[{\"@type\":\"SearchAction\",\"target\":{\"@type\":\"EntryPoint\",\"urlTemplate\":\"https:\\\/\\\/proagrolab.com.ar\\\/?s={search_term_string}\"},\"query-input\":{\"@type\":\"PropertyValueSpecification\",\"valueRequired\":true,\"valueName\":\"search_term_string\"}}],\"inLanguage\":\"en-US\"},{\"@type\":\"Organization\",\"@id\":\"https:\\\/\\\/proagrolab.com.ar\\\/#organization\",\"name\":\"Proagro\",\"url\":\"https:\\\/\\\/proagrolab.com.ar\\\/\",\"logo\":{\"@type\":\"ImageObject\",\"inLanguage\":\"en-US\",\"@id\":\"https:\\\/\\\/proagrolab.com.ar\\\/#\\\/schema\\\/logo\\\/image\\\/\",\"url\":\"https:\\\/\\\/proagrolab.com.ar\\\/wp-content\\\/uploads\\\/2020\\\/04\\\/logo-retina.png\",\"contentUrl\":\"https:\\\/\\\/proagrolab.com.ar\\\/wp-content\\\/uploads\\\/2020\\\/04\\\/logo-retina.png\",\"width\":478,\"height\":120,\"caption\":\"Proagro\"},\"image\":{\"@id\":\"https:\\\/\\\/proagrolab.com.ar\\\/#\\\/schema\\\/logo\\\/image\\\/\"},\"sameAs\":[\"http:\\\/\\\/www.facebook.com\\\/proagrolab\",\"https:\\\/\\\/www.instagram.com\\\/proagrolab\\\/\",\"https:\\\/\\\/www.linkedin.com\\\/company\\\/laboratorio-proagro-s-a\\\/\"]},{\"@type\":\"Person\",\"@id\":\"https:\\\/\\\/proagrolab.com.ar\\\/#\\\/schema\\\/person\\\/38003ff90bf80381f71c7d922d207444\",\"name\":\"proagrolab\"}]}<\/script>\n<!-- \/ Yoast SEO plugin. -->","yoast_head_json":{"title":"La leche en polvo arranc\u00f3 el a\u00f1o en baja. | Proagro","robots":{"index":"index","follow":"follow","max-snippet":"max-snippet:-1","max-image-preview":"max-image-preview:large","max-video-preview":"max-video-preview:-1"},"canonical":"https:\/\/proagrolab.com.ar\/en\/la-leche-en-polvo-arranco-el-ano-en-baja\/","og_locale":"en_US","og_type":"article","og_title":"La leche en polvo arranc\u00f3 el a\u00f1o en baja. | Proagro","og_description":"En el primer remate mensual de l\u00e1cteos de la neocelandesa Fonterra el precio de los l\u00e1cteos baj\u00f3 0,8%, principalmente por el descenso de los valores de la leche en polvo descremada, acompa\u00f1ado por menores valores para la leche entera. Los contratos a futuro para estos productos mostraron tendencias a la baja para los pr\u00f3ximos meses respecto a las licitaciones anteriores. Los precios para la tonelada de leche en polvo descremada quedaron entre u$s 4.500 y u$s 4.800 en los distintos contratos. La leche en polvo entera baj\u00f3 menos que la descremada y cotiz\u00f3 entre u$s 4.890 y u$s 5.150 la tonelada. Fuente: Agrositio, 15 de enero.","og_url":"https:\/\/proagrolab.com.ar\/la-leche-en-polvo-arranco-el-ano-en-baja\/","og_site_name":"Proagro","article_publisher":"http:\/\/www.facebook.com\/proagrolab","article_published_time":"2014-01-17T00:00:01+00:00","og_image":[{"width":450,"height":208,"url":"https:\/\/proagrolab.com.ar\/wp-content\/uploads\/2015\/01\/g_xfo3itrzt__Lecheras-20.jpg","type":"image\/jpeg"}],"author":"proagrolab","twitter_card":"summary_large_image","twitter_misc":{"Written by":"proagrolab","Est. reading time":"1 minute"},"schema":{"@context":"https:\/\/schema.org","@graph":[{"@type":"Article","@id":"https:\/\/proagrolab.com.ar\/la-leche-en-polvo-arranco-el-ano-en-baja\/#article","isPartOf":{"@id":"https:\/\/proagrolab.com.ar\/la-leche-en-polvo-arranco-el-ano-en-baja\/"},"author":{"name":"proagrolab","@id":"https:\/\/proagrolab.com.ar\/#\/schema\/person\/38003ff90bf80381f71c7d922d207444"},"headline":"La leche en polvo arranc\u00f3 el a\u00f1o en baja.","datePublished":"2014-01-17T00:00:01+00:00","mainEntityOfPage":{"@id":"https:\/\/proagrolab.com.ar\/la-leche-en-polvo-arranco-el-ano-en-baja\/"},"wordCount":118,"publisher":{"@id":"https:\/\/proagrolab.com.ar\/#organization"},"image":{"@id":"https:\/\/proagrolab.com.ar\/la-leche-en-polvo-arranco-el-ano-en-baja\/#primaryimage"},"thumbnailUrl":"https:\/\/proagrolab.com.ar\/wp-content\/uploads\/2015\/01\/g_xfo3itrzt__Lecheras-20.jpg","articleSection":["News"],"inLanguage":"en-US"},{"@type":"WebPage","@id":"https:\/\/proagrolab.com.ar\/la-leche-en-polvo-arranco-el-ano-en-baja\/","url":"https:\/\/proagrolab.com.ar\/la-leche-en-polvo-arranco-el-ano-en-baja\/","name":"La leche en polvo arranc\u00f3 el a\u00f1o en baja. | Proagro","isPartOf":{"@id":"https:\/\/proagrolab.com.ar\/#website"},"primaryImageOfPage":{"@id":"https:\/\/proagrolab.com.ar\/la-leche-en-polvo-arranco-el-ano-en-baja\/#primaryimage"},"image":{"@id":"https:\/\/proagrolab.com.ar\/la-leche-en-polvo-arranco-el-ano-en-baja\/#primaryimage"},"thumbnailUrl":"https:\/\/proagrolab.com.ar\/wp-content\/uploads\/2015\/01\/g_xfo3itrzt__Lecheras-20.jpg","datePublished":"2014-01-17T00:00:01+00:00","breadcrumb":{"@id":"https:\/\/proagrolab.com.ar\/la-leche-en-polvo-arranco-el-ano-en-baja\/#breadcrumb"},"inLanguage":"en-US","potentialAction":[{"@type":"ReadAction","target":["https:\/\/proagrolab.com.ar\/la-leche-en-polvo-arranco-el-ano-en-baja\/"]}]},{"@type":"ImageObject","inLanguage":"en-US","@id":"https:\/\/proagrolab.com.ar\/la-leche-en-polvo-arranco-el-ano-en-baja\/#primaryimage","url":"https:\/\/proagrolab.com.ar\/wp-content\/uploads\/2015\/01\/g_xfo3itrzt__Lecheras-20.jpg","contentUrl":"https:\/\/proagrolab.com.ar\/wp-content\/uploads\/2015\/01\/g_xfo3itrzt__Lecheras-20.jpg","width":450,"height":208},{"@type":"BreadcrumbList","@id":"https:\/\/proagrolab.com.ar\/la-leche-en-polvo-arranco-el-ano-en-baja\/#breadcrumb","itemListElement":[{"@type":"ListItem","position":1,"name":"Portada","item":"https:\/\/proagrolab.com.ar\/"},{"@type":"ListItem","position":2,"name":"La leche en polvo arranc\u00f3 el a\u00f1o en baja."}]},{"@type":"WebSite","@id":"https:\/\/proagrolab.com.ar\/#website","url":"https:\/\/proagrolab.com.ar\/","name":"Proagro Laboratorio Veterinario","description":"Veterinary laboratory","publisher":{"@id":"https:\/\/proagrolab.com.ar\/#organization"},"potentialAction":[{"@type":"SearchAction","target":{"@type":"EntryPoint","urlTemplate":"https:\/\/proagrolab.com.ar\/?s={search_term_string}"},"query-input":{"@type":"PropertyValueSpecification","valueRequired":true,"valueName":"search_term_string"}}],"inLanguage":"en-US"},{"@type":"Organization","@id":"https:\/\/proagrolab.com.ar\/#organization","name":"Proagro","url":"https:\/\/proagrolab.com.ar\/","logo":{"@type":"ImageObject","inLanguage":"en-US","@id":"https:\/\/proagrolab.com.ar\/#\/schema\/logo\/image\/","url":"https:\/\/proagrolab.com.ar\/wp-content\/uploads\/2020\/04\/logo-retina.png","contentUrl":"https:\/\/proagrolab.com.ar\/wp-content\/uploads\/2020\/04\/logo-retina.png","width":478,"height":120,"caption":"Proagro"},"image":{"@id":"https:\/\/proagrolab.com.ar\/#\/schema\/logo\/image\/"},"sameAs":["http:\/\/www.facebook.com\/proagrolab","https:\/\/www.instagram.com\/proagrolab\/","https:\/\/www.linkedin.com\/company\/laboratorio-proagro-s-a\/"]},{"@type":"Person","@id":"https:\/\/proagrolab.com.ar\/#\/schema\/person\/38003ff90bf80381f71c7d922d207444","name":"proagrolab"}]}},"_links":{"self":[{"href":"https:\/\/proagrolab.com.ar\/en\/wp-json\/wp\/v2\/posts\/5895","targetHints":{"allow":["GET"]}}],"collection":[{"href":"https:\/\/proagrolab.com.ar\/en\/wp-json\/wp\/v2\/posts"}],"about":[{"href":"https:\/\/proagrolab.com.ar\/en\/wp-json\/wp\/v2\/types\/post"}],"author":[{"embeddable":true,"href":"https:\/\/proagrolab.com.ar\/en\/wp-json\/wp\/v2\/users\/2"}],"replies":[{"embeddable":true,"href":"https:\/\/proagrolab.com.ar\/en\/wp-json\/wp\/v2\/comments?post=5895"}],"version-history":[{"count":0,"href":"https:\/\/proagrolab.com.ar\/en\/wp-json\/wp\/v2\/posts\/5895\/revisions"}],"wp:featuredmedia":[{"embeddable":true,"href":"https:\/\/proagrolab.com.ar\/en\/wp-json\/wp\/v2\/media\/2381"}],"wp:attachment":[{"href":"https:\/\/proagrolab.com.ar\/en\/wp-json\/wp\/v2\/media?parent=5895"}],"wp:term":[{"taxonomy":"category","embeddable":true,"href":"https:\/\/proagrolab.com.ar\/en\/wp-json\/wp\/v2\/categories?post=5895"},{"taxonomy":"post_tag","embeddable":true,"href":"https:\/\/proagrolab.com.ar\/en\/wp-json\/wp\/v2\/tags?post=5895"}],"curies":[{"name":"wp","href":"https:\/\/api.w.org\/{rel}","templated":true}]}}