{"id":5892,"date":"2014-01-16T00:00:01","date_gmt":"2014-01-16T00:00:01","guid":{"rendered":"https:\/\/proagrolab.com.ar\/la-faena-argentina-2013-se-acerco-a-13-millones-de-cabezas\/"},"modified":"2014-01-16T00:00:01","modified_gmt":"2014-01-16T00:00:01","slug":"la-faena-argentina-2013-se-acerco-a-13-millones-de-cabezas","status":"publish","type":"post","link":"https:\/\/proagrolab.com.ar\/en\/la-faena-argentina-2013-se-acerco-a-13-millones-de-cabezas\/","title":{"rendered":"La faena argentina 2013 se acerc\u00f3 a 13 millones de cabezas."},"content":{"rendered":"<p class=\"qtranxs-available-languages-message qtranxs-available-languages-message-en\"> <\/p><p>La suba va en l\u00ednea con el aumento de las existencias de vacas y las mayores pariciones de los \u00faltimos a\u00f1os. La tasa de extracci\u00f3n, en nivel de equilibrio.<\/p>\n<p>Considerando que en diciembre se procesaron 1,1 millones de cabezas, en 2013 se faen\u00f3 un total de 12,9 millones, el 10% m\u00e1s que el a\u00f1o anterior. Este porcentaje va de la mano con las mayores existencias de vacas y las pariciones superiores estimadas en los \u00faltimos a\u00f1os.<\/p>\n<p>Si bien a primera vista no parece que se haya entrado en una fase de liquidaci\u00f3n, como sostienen algunos, hay elementos que est\u00e1n poco claros y ameritan un seguimiento muy estrecho en los pr\u00f3ximos meses.<\/p>\n<p><i>Las fuentes<\/i><br \/>Los \u00faltimos datos de faena por categor\u00eda y sexo son menos confiables porque provienen de la documentaci\u00f3n emitida por SENASA para animales destinados a faena (DTA y DTE), en lugar de originarse en lo procesado efectivamente por los frigor\u00edficos.<\/p>\n<p>Esto podr\u00eda suponer una peque\u00f1a variaci\u00f3n en los primeros d\u00edas de cada mes, aunque por ser m\u00e1s o menos constante no deber\u00eda preocupar. Lo m\u00e1s importante es que podr\u00eda darse una incorrecta definici\u00f3n de las categor\u00edas como, por ejemplo, vaquillonas por terneras y viceversa.<\/p>\n<p>Por lo tanto, y hasta que se cuente con informaci\u00f3n m\u00e1s homog\u00e9nea, habr\u00e1 que limitarse a analizar los totales y la subdivisi\u00f3n entre machos y hembras.<\/p>\n<p><i>Algunos contrastes<\/i><br \/>El porcentaje de hembras en la faena durante el \u00faltimo trimestre del a\u00f1o fue aumentando mes a mes: 44,1% en octubre, 45,8% en noviembre y 46% en diciembre, despu\u00e9s de casi un a\u00f1o muy parejo de entre 42 y 43%. Sin embargo, si se comparan la faena total de los \u00faltimos meses, de a tres meses m\u00f3viles, con respecto a igual trimestre del a\u00f1o anterior, se observa que el aumento en la cantidad faenada se ha ido moderando, en coincidencia con la suba de la hacienda que debe haber impactado en las expectativas de los productores.<\/p>\n<p>Es decir, al tiempo que la primera variable podr\u00eda indicar el rumbo hacia una fase de liquidaci\u00f3n de hacienda, la segunda marca la orientaci\u00f3n contraria.<\/p>\n<p>Cabe aclarar que analizar la faena de a tres meses m\u00f3viles sirve para atenuar las variaciones mensuales y ver las tendencias con m\u00e1s claridad. Consiste en tomar los datos durante tres meses consecutivos (por ejemplo abril-junio) e ir agregando un mes nuevo y eliminando el m\u00e1s antiguo (mayo-julio, junio-agosto, etc). As\u00ed, cada uno de esos datos contiene al trimestre en su conjunto lo que permite compararlo con el mismo per\u00edodo del a\u00f1o anterior.<\/p>\n<p>Tambi\u00e9n se conoci\u00f3 que, seg\u00fan estimaciones del Ministerio de Agricultura, en la \u00faltima primavera hubo 500 mil terneros m\u00e1s de ambos sexos, adem\u00e1s de un mayor n\u00famero de&nbsp; vacas que el a\u00f1o anterior.<\/p>\n<p>En consecuencia, para 2013 se estima una tasa de extracci\u00f3n del 25,3%, que es un nivel de equilibrio.<\/p>\n<p>El gran faltante siguen siendo los novillos, que est\u00e1n en un nivel muy bajo en t\u00e9rminos hist\u00f3ricos, del orden de la mitad de la alta existencia de 2007. Es decir, que los productores todav\u00eda siguen tratando de terminar r\u00e1pidamente sus animales por la falta de expectativas de largo plazo, lo que incide en el peso promedio y en la producci\u00f3n de carne, baja en relaci\u00f3n a los n\u00fameros de la faena.<\/p>\n<p>En pr\u00f3ximas ediciones, seguiremos haciendo an\u00e1lisis exhaustivos sobre la faena que es tan indicativa del rumbo del sector y de los precios por venir.<\/p>\n<p>Fuente: Valor Carne, enero 2014.<br \/><\/p>","protected":false},"excerpt":{"rendered":"<p>La suba va en l\u00ednea con el aumento de las existencias de vacas y las mayores pariciones de los \u00faltimos a\u00f1os. La tasa de extracci\u00f3n, en nivel de equilibrio. Considerando que en diciembre se procesaron 1,1 millones de cabezas, en 2013 se faen\u00f3 un total de 12,9 millones, el 10% m\u00e1s que el a\u00f1o anterior. Este porcentaje va de la mano con las mayores existencias de vacas y las pariciones superiores estimadas en los \u00faltimos a\u00f1os. Si bien a primera vista no parece que se haya entrado en una fase de liquidaci\u00f3n, como sostienen algunos, hay elementos que est\u00e1n poco claros y ameritan un seguimiento muy estrecho en los pr\u00f3ximos meses. Las fuentesLos \u00faltimos datos de faena por categor\u00eda y sexo son menos confiables porque provienen de la documentaci\u00f3n emitida por SENASA para animales destinados a faena (DTA y DTE), en lugar de originarse en lo procesado efectivamente por los frigor\u00edficos. Esto podr\u00eda suponer una peque\u00f1a variaci\u00f3n en los primeros d\u00edas de cada mes, aunque por ser m\u00e1s o menos constante no deber\u00eda preocupar. Lo m\u00e1s importante es que podr\u00eda darse una incorrecta definici\u00f3n de las categor\u00edas como, por ejemplo, vaquillonas por terneras y viceversa. Por lo tanto, y hasta [&hellip;]<\/p>\n","protected":false},"author":2,"featured_media":2378,"comment_status":"closed","ping_status":"open","sticky":false,"template":"","format":"standard","meta":{"_acf_changed":false,"footnotes":""},"categories":[56],"tags":[],"class_list":["post-5892","post","type-post","status-publish","format-standard","has-post-thumbnail","hentry","category-infoganadero"],"acf":[],"yoast_head":"<!-- This site is optimized with the Yoast SEO plugin v27.4 - https:\/\/yoast.com\/product\/yoast-seo-wordpress\/ -->\n<title>La faena argentina 2013 se acerc\u00f3 a 13 millones de cabezas. | Proagro<\/title>\n<meta name=\"robots\" content=\"index, follow, max-snippet:-1, max-image-preview:large, max-video-preview:-1\" \/>\n<link rel=\"canonical\" href=\"https:\/\/proagrolab.com.ar\/en\/la-faena-argentina-2013-se-acerco-a-13-millones-de-cabezas\/\" \/>\n<meta property=\"og:locale\" content=\"en_US\" \/>\n<meta property=\"og:type\" content=\"article\" \/>\n<meta property=\"og:title\" content=\"La faena argentina 2013 se acerc\u00f3 a 13 millones de cabezas. | Proagro\" \/>\n<meta property=\"og:description\" content=\"La suba va en l\u00ednea con el aumento de las existencias de vacas y las mayores pariciones de los \u00faltimos a\u00f1os. La tasa de extracci\u00f3n, en nivel de equilibrio. Considerando que en diciembre se procesaron 1,1 millones de cabezas, en 2013 se faen\u00f3 un total de 12,9 millones, el 10% m\u00e1s que el a\u00f1o anterior. Este porcentaje va de la mano con las mayores existencias de vacas y las pariciones superiores estimadas en los \u00faltimos a\u00f1os. Si bien a primera vista no parece que se haya entrado en una fase de liquidaci\u00f3n, como sostienen algunos, hay elementos que est\u00e1n poco claros y ameritan un seguimiento muy estrecho en los pr\u00f3ximos meses. Las fuentesLos \u00faltimos datos de faena por categor\u00eda y sexo son menos confiables porque provienen de la documentaci\u00f3n emitida por SENASA para animales destinados a faena (DTA y DTE), en lugar de originarse en lo procesado efectivamente por los frigor\u00edficos. Esto podr\u00eda suponer una peque\u00f1a variaci\u00f3n en los primeros d\u00edas de cada mes, aunque por ser m\u00e1s o menos constante no deber\u00eda preocupar. Lo m\u00e1s importante es que podr\u00eda darse una incorrecta definici\u00f3n de las categor\u00edas como, por ejemplo, vaquillonas por terneras y viceversa. Por lo tanto, y hasta [&hellip;]\" \/>\n<meta property=\"og:url\" content=\"https:\/\/proagrolab.com.ar\/la-faena-argentina-2013-se-acerco-a-13-millones-de-cabezas\/\" \/>\n<meta property=\"og:site_name\" content=\"Proagro\" \/>\n<meta property=\"article:publisher\" content=\"http:\/\/www.facebook.com\/proagrolab\" \/>\n<meta property=\"article:published_time\" content=\"2014-01-16T00:00:01+00:00\" \/>\n<meta property=\"og:image\" content=\"https:\/\/proagrolab.com.ar\/wp-content\/uploads\/2015\/01\/g_sh6nvygbb__Frigor\u00edfico-3.jpg\" \/>\n\t<meta property=\"og:image:width\" content=\"1\" \/>\n\t<meta property=\"og:image:height\" content=\"1\" \/>\n\t<meta property=\"og:image:type\" content=\"image\/jpeg\" \/>\n<meta name=\"author\" content=\"proagrolab\" \/>\n<meta name=\"twitter:card\" content=\"summary_large_image\" \/>\n<meta name=\"twitter:label1\" content=\"Written by\" \/>\n\t<meta name=\"twitter:data1\" content=\"proagrolab\" \/>\n\t<meta name=\"twitter:label2\" content=\"Est. reading time\" \/>\n\t<meta name=\"twitter:data2\" content=\"3 minutes\" \/>\n<script type=\"application\/ld+json\" class=\"yoast-schema-graph\">{\"@context\":\"https:\\\/\\\/schema.org\",\"@graph\":[{\"@type\":\"Article\",\"@id\":\"https:\\\/\\\/proagrolab.com.ar\\\/la-faena-argentina-2013-se-acerco-a-13-millones-de-cabezas\\\/#article\",\"isPartOf\":{\"@id\":\"https:\\\/\\\/proagrolab.com.ar\\\/la-faena-argentina-2013-se-acerco-a-13-millones-de-cabezas\\\/\"},\"author\":{\"name\":\"proagrolab\",\"@id\":\"https:\\\/\\\/proagrolab.com.ar\\\/#\\\/schema\\\/person\\\/38003ff90bf80381f71c7d922d207444\"},\"headline\":\"La faena argentina 2013 se acerc\u00f3 a 13 millones de cabezas.\",\"datePublished\":\"2014-01-16T00:00:01+00:00\",\"mainEntityOfPage\":{\"@id\":\"https:\\\/\\\/proagrolab.com.ar\\\/la-faena-argentina-2013-se-acerco-a-13-millones-de-cabezas\\\/\"},\"wordCount\":621,\"publisher\":{\"@id\":\"https:\\\/\\\/proagrolab.com.ar\\\/#organization\"},\"image\":{\"@id\":\"https:\\\/\\\/proagrolab.com.ar\\\/la-faena-argentina-2013-se-acerco-a-13-millones-de-cabezas\\\/#primaryimage\"},\"thumbnailUrl\":\"https:\\\/\\\/proagrolab.com.ar\\\/wp-content\\\/uploads\\\/2015\\\/01\\\/g_sh6nvygbb__Frigor\u00edfico-3.jpg\",\"articleSection\":[\"News\"],\"inLanguage\":\"en-US\"},{\"@type\":\"WebPage\",\"@id\":\"https:\\\/\\\/proagrolab.com.ar\\\/la-faena-argentina-2013-se-acerco-a-13-millones-de-cabezas\\\/\",\"url\":\"https:\\\/\\\/proagrolab.com.ar\\\/la-faena-argentina-2013-se-acerco-a-13-millones-de-cabezas\\\/\",\"name\":\"La faena argentina 2013 se acerc\u00f3 a 13 millones de cabezas. | Proagro\",\"isPartOf\":{\"@id\":\"https:\\\/\\\/proagrolab.com.ar\\\/#website\"},\"primaryImageOfPage\":{\"@id\":\"https:\\\/\\\/proagrolab.com.ar\\\/la-faena-argentina-2013-se-acerco-a-13-millones-de-cabezas\\\/#primaryimage\"},\"image\":{\"@id\":\"https:\\\/\\\/proagrolab.com.ar\\\/la-faena-argentina-2013-se-acerco-a-13-millones-de-cabezas\\\/#primaryimage\"},\"thumbnailUrl\":\"https:\\\/\\\/proagrolab.com.ar\\\/wp-content\\\/uploads\\\/2015\\\/01\\\/g_sh6nvygbb__Frigor\u00edfico-3.jpg\",\"datePublished\":\"2014-01-16T00:00:01+00:00\",\"breadcrumb\":{\"@id\":\"https:\\\/\\\/proagrolab.com.ar\\\/la-faena-argentina-2013-se-acerco-a-13-millones-de-cabezas\\\/#breadcrumb\"},\"inLanguage\":\"en-US\",\"potentialAction\":[{\"@type\":\"ReadAction\",\"target\":[\"https:\\\/\\\/proagrolab.com.ar\\\/la-faena-argentina-2013-se-acerco-a-13-millones-de-cabezas\\\/\"]}]},{\"@type\":\"ImageObject\",\"inLanguage\":\"en-US\",\"@id\":\"https:\\\/\\\/proagrolab.com.ar\\\/la-faena-argentina-2013-se-acerco-a-13-millones-de-cabezas\\\/#primaryimage\",\"url\":\"https:\\\/\\\/proagrolab.com.ar\\\/wp-content\\\/uploads\\\/2015\\\/01\\\/g_sh6nvygbb__Frigor\u00edfico-3.jpg\",\"contentUrl\":\"https:\\\/\\\/proagrolab.com.ar\\\/wp-content\\\/uploads\\\/2015\\\/01\\\/g_sh6nvygbb__Frigor\u00edfico-3.jpg\"},{\"@type\":\"BreadcrumbList\",\"@id\":\"https:\\\/\\\/proagrolab.com.ar\\\/la-faena-argentina-2013-se-acerco-a-13-millones-de-cabezas\\\/#breadcrumb\",\"itemListElement\":[{\"@type\":\"ListItem\",\"position\":1,\"name\":\"Portada\",\"item\":\"https:\\\/\\\/proagrolab.com.ar\\\/\"},{\"@type\":\"ListItem\",\"position\":2,\"name\":\"La faena argentina 2013 se acerc\u00f3 a 13 millones de cabezas.\"}]},{\"@type\":\"WebSite\",\"@id\":\"https:\\\/\\\/proagrolab.com.ar\\\/#website\",\"url\":\"https:\\\/\\\/proagrolab.com.ar\\\/\",\"name\":\"Proagro Laboratorio Veterinario\",\"description\":\"Veterinary laboratory\",\"publisher\":{\"@id\":\"https:\\\/\\\/proagrolab.com.ar\\\/#organization\"},\"potentialAction\":[{\"@type\":\"SearchAction\",\"target\":{\"@type\":\"EntryPoint\",\"urlTemplate\":\"https:\\\/\\\/proagrolab.com.ar\\\/?s={search_term_string}\"},\"query-input\":{\"@type\":\"PropertyValueSpecification\",\"valueRequired\":true,\"valueName\":\"search_term_string\"}}],\"inLanguage\":\"en-US\"},{\"@type\":\"Organization\",\"@id\":\"https:\\\/\\\/proagrolab.com.ar\\\/#organization\",\"name\":\"Proagro\",\"url\":\"https:\\\/\\\/proagrolab.com.ar\\\/\",\"logo\":{\"@type\":\"ImageObject\",\"inLanguage\":\"en-US\",\"@id\":\"https:\\\/\\\/proagrolab.com.ar\\\/#\\\/schema\\\/logo\\\/image\\\/\",\"url\":\"https:\\\/\\\/proagrolab.com.ar\\\/wp-content\\\/uploads\\\/2020\\\/04\\\/logo-retina.png\",\"contentUrl\":\"https:\\\/\\\/proagrolab.com.ar\\\/wp-content\\\/uploads\\\/2020\\\/04\\\/logo-retina.png\",\"width\":478,\"height\":120,\"caption\":\"Proagro\"},\"image\":{\"@id\":\"https:\\\/\\\/proagrolab.com.ar\\\/#\\\/schema\\\/logo\\\/image\\\/\"},\"sameAs\":[\"http:\\\/\\\/www.facebook.com\\\/proagrolab\",\"https:\\\/\\\/www.instagram.com\\\/proagrolab\\\/\",\"https:\\\/\\\/www.linkedin.com\\\/company\\\/laboratorio-proagro-s-a\\\/\"]},{\"@type\":\"Person\",\"@id\":\"https:\\\/\\\/proagrolab.com.ar\\\/#\\\/schema\\\/person\\\/38003ff90bf80381f71c7d922d207444\",\"name\":\"proagrolab\"}]}<\/script>\n<!-- \/ Yoast SEO plugin. -->","yoast_head_json":{"title":"La faena argentina 2013 se acerc\u00f3 a 13 millones de cabezas. | Proagro","robots":{"index":"index","follow":"follow","max-snippet":"max-snippet:-1","max-image-preview":"max-image-preview:large","max-video-preview":"max-video-preview:-1"},"canonical":"https:\/\/proagrolab.com.ar\/en\/la-faena-argentina-2013-se-acerco-a-13-millones-de-cabezas\/","og_locale":"en_US","og_type":"article","og_title":"La faena argentina 2013 se acerc\u00f3 a 13 millones de cabezas. | Proagro","og_description":"La suba va en l\u00ednea con el aumento de las existencias de vacas y las mayores pariciones de los \u00faltimos a\u00f1os. La tasa de extracci\u00f3n, en nivel de equilibrio. Considerando que en diciembre se procesaron 1,1 millones de cabezas, en 2013 se faen\u00f3 un total de 12,9 millones, el 10% m\u00e1s que el a\u00f1o anterior. Este porcentaje va de la mano con las mayores existencias de vacas y las pariciones superiores estimadas en los \u00faltimos a\u00f1os. Si bien a primera vista no parece que se haya entrado en una fase de liquidaci\u00f3n, como sostienen algunos, hay elementos que est\u00e1n poco claros y ameritan un seguimiento muy estrecho en los pr\u00f3ximos meses. Las fuentesLos \u00faltimos datos de faena por categor\u00eda y sexo son menos confiables porque provienen de la documentaci\u00f3n emitida por SENASA para animales destinados a faena (DTA y DTE), en lugar de originarse en lo procesado efectivamente por los frigor\u00edficos. Esto podr\u00eda suponer una peque\u00f1a variaci\u00f3n en los primeros d\u00edas de cada mes, aunque por ser m\u00e1s o menos constante no deber\u00eda preocupar. Lo m\u00e1s importante es que podr\u00eda darse una incorrecta definici\u00f3n de las categor\u00edas como, por ejemplo, vaquillonas por terneras y viceversa. Por lo tanto, y hasta [&hellip;]","og_url":"https:\/\/proagrolab.com.ar\/la-faena-argentina-2013-se-acerco-a-13-millones-de-cabezas\/","og_site_name":"Proagro","article_publisher":"http:\/\/www.facebook.com\/proagrolab","article_published_time":"2014-01-16T00:00:01+00:00","og_image":[{"url":"https:\/\/proagrolab.com.ar\/wp-content\/uploads\/2015\/01\/g_sh6nvygbb__Frigor\u00edfico-3.jpg","width":1,"height":1,"type":"image\/jpeg"}],"author":"proagrolab","twitter_card":"summary_large_image","twitter_misc":{"Written by":"proagrolab","Est. reading time":"3 minutes"},"schema":{"@context":"https:\/\/schema.org","@graph":[{"@type":"Article","@id":"https:\/\/proagrolab.com.ar\/la-faena-argentina-2013-se-acerco-a-13-millones-de-cabezas\/#article","isPartOf":{"@id":"https:\/\/proagrolab.com.ar\/la-faena-argentina-2013-se-acerco-a-13-millones-de-cabezas\/"},"author":{"name":"proagrolab","@id":"https:\/\/proagrolab.com.ar\/#\/schema\/person\/38003ff90bf80381f71c7d922d207444"},"headline":"La faena argentina 2013 se acerc\u00f3 a 13 millones de cabezas.","datePublished":"2014-01-16T00:00:01+00:00","mainEntityOfPage":{"@id":"https:\/\/proagrolab.com.ar\/la-faena-argentina-2013-se-acerco-a-13-millones-de-cabezas\/"},"wordCount":621,"publisher":{"@id":"https:\/\/proagrolab.com.ar\/#organization"},"image":{"@id":"https:\/\/proagrolab.com.ar\/la-faena-argentina-2013-se-acerco-a-13-millones-de-cabezas\/#primaryimage"},"thumbnailUrl":"https:\/\/proagrolab.com.ar\/wp-content\/uploads\/2015\/01\/g_sh6nvygbb__Frigor\u00edfico-3.jpg","articleSection":["News"],"inLanguage":"en-US"},{"@type":"WebPage","@id":"https:\/\/proagrolab.com.ar\/la-faena-argentina-2013-se-acerco-a-13-millones-de-cabezas\/","url":"https:\/\/proagrolab.com.ar\/la-faena-argentina-2013-se-acerco-a-13-millones-de-cabezas\/","name":"La faena argentina 2013 se acerc\u00f3 a 13 millones de cabezas. | Proagro","isPartOf":{"@id":"https:\/\/proagrolab.com.ar\/#website"},"primaryImageOfPage":{"@id":"https:\/\/proagrolab.com.ar\/la-faena-argentina-2013-se-acerco-a-13-millones-de-cabezas\/#primaryimage"},"image":{"@id":"https:\/\/proagrolab.com.ar\/la-faena-argentina-2013-se-acerco-a-13-millones-de-cabezas\/#primaryimage"},"thumbnailUrl":"https:\/\/proagrolab.com.ar\/wp-content\/uploads\/2015\/01\/g_sh6nvygbb__Frigor\u00edfico-3.jpg","datePublished":"2014-01-16T00:00:01+00:00","breadcrumb":{"@id":"https:\/\/proagrolab.com.ar\/la-faena-argentina-2013-se-acerco-a-13-millones-de-cabezas\/#breadcrumb"},"inLanguage":"en-US","potentialAction":[{"@type":"ReadAction","target":["https:\/\/proagrolab.com.ar\/la-faena-argentina-2013-se-acerco-a-13-millones-de-cabezas\/"]}]},{"@type":"ImageObject","inLanguage":"en-US","@id":"https:\/\/proagrolab.com.ar\/la-faena-argentina-2013-se-acerco-a-13-millones-de-cabezas\/#primaryimage","url":"https:\/\/proagrolab.com.ar\/wp-content\/uploads\/2015\/01\/g_sh6nvygbb__Frigor\u00edfico-3.jpg","contentUrl":"https:\/\/proagrolab.com.ar\/wp-content\/uploads\/2015\/01\/g_sh6nvygbb__Frigor\u00edfico-3.jpg"},{"@type":"BreadcrumbList","@id":"https:\/\/proagrolab.com.ar\/la-faena-argentina-2013-se-acerco-a-13-millones-de-cabezas\/#breadcrumb","itemListElement":[{"@type":"ListItem","position":1,"name":"Portada","item":"https:\/\/proagrolab.com.ar\/"},{"@type":"ListItem","position":2,"name":"La faena argentina 2013 se acerc\u00f3 a 13 millones de cabezas."}]},{"@type":"WebSite","@id":"https:\/\/proagrolab.com.ar\/#website","url":"https:\/\/proagrolab.com.ar\/","name":"Proagro Laboratorio Veterinario","description":"Veterinary laboratory","publisher":{"@id":"https:\/\/proagrolab.com.ar\/#organization"},"potentialAction":[{"@type":"SearchAction","target":{"@type":"EntryPoint","urlTemplate":"https:\/\/proagrolab.com.ar\/?s={search_term_string}"},"query-input":{"@type":"PropertyValueSpecification","valueRequired":true,"valueName":"search_term_string"}}],"inLanguage":"en-US"},{"@type":"Organization","@id":"https:\/\/proagrolab.com.ar\/#organization","name":"Proagro","url":"https:\/\/proagrolab.com.ar\/","logo":{"@type":"ImageObject","inLanguage":"en-US","@id":"https:\/\/proagrolab.com.ar\/#\/schema\/logo\/image\/","url":"https:\/\/proagrolab.com.ar\/wp-content\/uploads\/2020\/04\/logo-retina.png","contentUrl":"https:\/\/proagrolab.com.ar\/wp-content\/uploads\/2020\/04\/logo-retina.png","width":478,"height":120,"caption":"Proagro"},"image":{"@id":"https:\/\/proagrolab.com.ar\/#\/schema\/logo\/image\/"},"sameAs":["http:\/\/www.facebook.com\/proagrolab","https:\/\/www.instagram.com\/proagrolab\/","https:\/\/www.linkedin.com\/company\/laboratorio-proagro-s-a\/"]},{"@type":"Person","@id":"https:\/\/proagrolab.com.ar\/#\/schema\/person\/38003ff90bf80381f71c7d922d207444","name":"proagrolab"}]}},"_links":{"self":[{"href":"https:\/\/proagrolab.com.ar\/en\/wp-json\/wp\/v2\/posts\/5892","targetHints":{"allow":["GET"]}}],"collection":[{"href":"https:\/\/proagrolab.com.ar\/en\/wp-json\/wp\/v2\/posts"}],"about":[{"href":"https:\/\/proagrolab.com.ar\/en\/wp-json\/wp\/v2\/types\/post"}],"author":[{"embeddable":true,"href":"https:\/\/proagrolab.com.ar\/en\/wp-json\/wp\/v2\/users\/2"}],"replies":[{"embeddable":true,"href":"https:\/\/proagrolab.com.ar\/en\/wp-json\/wp\/v2\/comments?post=5892"}],"version-history":[{"count":0,"href":"https:\/\/proagrolab.com.ar\/en\/wp-json\/wp\/v2\/posts\/5892\/revisions"}],"wp:featuredmedia":[{"embeddable":true,"href":"https:\/\/proagrolab.com.ar\/en\/wp-json\/wp\/v2\/media\/2378"}],"wp:attachment":[{"href":"https:\/\/proagrolab.com.ar\/en\/wp-json\/wp\/v2\/media?parent=5892"}],"wp:term":[{"taxonomy":"category","embeddable":true,"href":"https:\/\/proagrolab.com.ar\/en\/wp-json\/wp\/v2\/categories?post=5892"},{"taxonomy":"post_tag","embeddable":true,"href":"https:\/\/proagrolab.com.ar\/en\/wp-json\/wp\/v2\/tags?post=5892"}],"curies":[{"name":"wp","href":"https:\/\/api.w.org\/{rel}","templated":true}]}}