{"id":5889,"date":"2014-01-16T00:00:01","date_gmt":"2014-01-16T00:00:01","guid":{"rendered":"https:\/\/proagrolab.com.ar\/ministerio-de-agricultura-senala-que-brasil-podria-exportar-carne-vacuna-a-ee-uu\/"},"modified":"2014-01-16T00:00:01","modified_gmt":"2014-01-16T00:00:01","slug":"ministerio-de-agricultura-senala-que-brasil-podria-exportar-carne-vacuna-a-ee-uu","status":"publish","type":"post","link":"https:\/\/proagrolab.com.ar\/en\/ministerio-de-agricultura-senala-que-brasil-podria-exportar-carne-vacuna-a-ee-uu\/","title":{"rendered":"Ministerio de Agricultura se\u00f1ala que Brasil podr\u00eda exportar carne vacuna a EE.UU."},"content":{"rendered":"<p class=\"qtranxs-available-languages-message qtranxs-available-languages-message-en\"> <\/p><p>Brasil podr\u00eda exportar carne vacuna a Estados Unidos este a\u00f1o ya que el Ministerio de Agricultura de ese pa\u00eds anunci\u00f3 que las negociaciones iniciadas en 1999 pueden concluir en 2014.<\/p>\n<p>Seg\u00fan el comunicado brasile\u00f1o del Ministerio adem\u00e1s Brasil mantiene &#8220;intensas&#8221; negociaciones con China ya que el pa\u00eds latinoamericano tiene 24 plantas con aprobaci\u00f3n para exportar a ese mercado asi\u00e1tico.<\/p>\n<p>La meta es ampliar y diversificar las empresas exportadoras y con respecto a la carne bovina, la expectativa para 2014 es la reapertura del mercado chino, cerrado desde que Brasil notificara el episodio de Encefalopat\u00eda Espongiforme Bovina (EEB) at\u00edpica en 2012.<\/p>\n<p>Actualmente, hay ocho unidades habilitadas para exportar, y revocado el embargo, se espera que lo est\u00e9n otros nueve establecimientos.<\/p>\n<p>Arabia Saudita es un tradicional importador, pero suspendi\u00f3 las compras desde la notificaci\u00f3n del episodio de EEB, los brasile\u00f1os, no obstante, aguardan una misi\u00f3n saudita en febrero para suspender el embargo y habilitar establecimientos.<\/p>\n<p>Adem\u00e1s hay posibilidades de la exportaci\u00f3n de otras carnes como la porcina del estado de Santa Catarina a Corea del Sur, el quinto mercado importador m\u00e1s grande del producto y tambi\u00e9n podr\u00edan reabrirse las posibilidades para Sud\u00e1frica.<\/p>\n<p>Fuente: Carnetec, 16 de enero.<br \/><\/p>","protected":false},"excerpt":{"rendered":"<p>Brasil podr\u00eda exportar carne vacuna a Estados Unidos este a\u00f1o ya que el Ministerio de Agricultura de ese pa\u00eds anunci\u00f3 que las negociaciones iniciadas en 1999 pueden concluir en 2014. Seg\u00fan el comunicado brasile\u00f1o del Ministerio adem\u00e1s Brasil mantiene &#8220;intensas&#8221; negociaciones con China ya que el pa\u00eds latinoamericano tiene 24 plantas con aprobaci\u00f3n para exportar a ese mercado asi\u00e1tico. La meta es ampliar y diversificar las empresas exportadoras y con respecto a la carne bovina, la expectativa para 2014 es la reapertura del mercado chino, cerrado desde que Brasil notificara el episodio de Encefalopat\u00eda Espongiforme Bovina (EEB) at\u00edpica en 2012. Actualmente, hay ocho unidades habilitadas para exportar, y revocado el embargo, se espera que lo est\u00e9n otros nueve establecimientos. Arabia Saudita es un tradicional importador, pero suspendi\u00f3 las compras desde la notificaci\u00f3n del episodio de EEB, los brasile\u00f1os, no obstante, aguardan una misi\u00f3n saudita en febrero para suspender el embargo y habilitar establecimientos. Adem\u00e1s hay posibilidades de la exportaci\u00f3n de otras carnes como la porcina del estado de Santa Catarina a Corea del Sur, el quinto mercado importador m\u00e1s grande del producto y tambi\u00e9n podr\u00edan reabrirse las posibilidades para Sud\u00e1frica. Fuente: Carnetec, 16 de enero.<\/p>\n","protected":false},"author":2,"featured_media":2375,"comment_status":"closed","ping_status":"open","sticky":false,"template":"","format":"standard","meta":{"_acf_changed":false,"footnotes":""},"categories":[56],"tags":[],"class_list":["post-5889","post","type-post","status-publish","format-standard","has-post-thumbnail","hentry","category-infoganadero"],"acf":[],"yoast_head":"<!-- This site is optimized with the Yoast SEO plugin v27.4 - https:\/\/yoast.com\/product\/yoast-seo-wordpress\/ -->\n<title>Ministerio de Agricultura se\u00f1ala que Brasil podr\u00eda exportar carne vacuna a EE.UU. | Proagro<\/title>\n<meta name=\"robots\" content=\"index, follow, max-snippet:-1, max-image-preview:large, max-video-preview:-1\" \/>\n<link rel=\"canonical\" href=\"https:\/\/proagrolab.com.ar\/en\/ministerio-de-agricultura-senala-que-brasil-podria-exportar-carne-vacuna-a-ee-uu\/\" \/>\n<meta property=\"og:locale\" content=\"en_US\" \/>\n<meta property=\"og:type\" content=\"article\" \/>\n<meta property=\"og:title\" content=\"Ministerio de Agricultura se\u00f1ala que Brasil podr\u00eda exportar carne vacuna a EE.UU. | Proagro\" \/>\n<meta property=\"og:description\" content=\"Brasil podr\u00eda exportar carne vacuna a Estados Unidos este a\u00f1o ya que el Ministerio de Agricultura de ese pa\u00eds anunci\u00f3 que las negociaciones iniciadas en 1999 pueden concluir en 2014. Seg\u00fan el comunicado brasile\u00f1o del Ministerio adem\u00e1s Brasil mantiene &#8220;intensas&#8221; negociaciones con China ya que el pa\u00eds latinoamericano tiene 24 plantas con aprobaci\u00f3n para exportar a ese mercado asi\u00e1tico. La meta es ampliar y diversificar las empresas exportadoras y con respecto a la carne bovina, la expectativa para 2014 es la reapertura del mercado chino, cerrado desde que Brasil notificara el episodio de Encefalopat\u00eda Espongiforme Bovina (EEB) at\u00edpica en 2012. Actualmente, hay ocho unidades habilitadas para exportar, y revocado el embargo, se espera que lo est\u00e9n otros nueve establecimientos. Arabia Saudita es un tradicional importador, pero suspendi\u00f3 las compras desde la notificaci\u00f3n del episodio de EEB, los brasile\u00f1os, no obstante, aguardan una misi\u00f3n saudita en febrero para suspender el embargo y habilitar establecimientos. Adem\u00e1s hay posibilidades de la exportaci\u00f3n de otras carnes como la porcina del estado de Santa Catarina a Corea del Sur, el quinto mercado importador m\u00e1s grande del producto y tambi\u00e9n podr\u00edan reabrirse las posibilidades para Sud\u00e1frica. Fuente: Carnetec, 16 de enero.\" \/>\n<meta property=\"og:url\" content=\"https:\/\/proagrolab.com.ar\/ministerio-de-agricultura-senala-que-brasil-podria-exportar-carne-vacuna-a-ee-uu\/\" \/>\n<meta property=\"og:site_name\" content=\"Proagro\" \/>\n<meta property=\"article:publisher\" content=\"http:\/\/www.facebook.com\/proagrolab\" \/>\n<meta property=\"article:published_time\" content=\"2014-01-16T00:00:01+00:00\" \/>\n<meta property=\"og:image\" content=\"https:\/\/proagrolab.com.ar\/wp-content\/uploads\/2015\/01\/g_t7bgnmo63__Frigor\u00edfico.jpg\" \/>\n\t<meta property=\"og:image:width\" content=\"1\" \/>\n\t<meta property=\"og:image:height\" content=\"1\" \/>\n\t<meta property=\"og:image:type\" content=\"image\/jpeg\" \/>\n<meta name=\"author\" content=\"proagrolab\" \/>\n<meta name=\"twitter:card\" content=\"summary_large_image\" \/>\n<meta name=\"twitter:label1\" content=\"Written by\" \/>\n\t<meta name=\"twitter:data1\" content=\"proagrolab\" \/>\n\t<meta name=\"twitter:label2\" content=\"Est. reading time\" \/>\n\t<meta name=\"twitter:data2\" content=\"1 minute\" \/>\n<script type=\"application\/ld+json\" class=\"yoast-schema-graph\">{\"@context\":\"https:\\\/\\\/schema.org\",\"@graph\":[{\"@type\":\"Article\",\"@id\":\"https:\\\/\\\/proagrolab.com.ar\\\/ministerio-de-agricultura-senala-que-brasil-podria-exportar-carne-vacuna-a-ee-uu\\\/#article\",\"isPartOf\":{\"@id\":\"https:\\\/\\\/proagrolab.com.ar\\\/ministerio-de-agricultura-senala-que-brasil-podria-exportar-carne-vacuna-a-ee-uu\\\/\"},\"author\":{\"name\":\"proagrolab\",\"@id\":\"https:\\\/\\\/proagrolab.com.ar\\\/#\\\/schema\\\/person\\\/38003ff90bf80381f71c7d922d207444\"},\"headline\":\"Ministerio de Agricultura se\u00f1ala que Brasil podr\u00eda exportar carne vacuna a EE.UU.\",\"datePublished\":\"2014-01-16T00:00:01+00:00\",\"mainEntityOfPage\":{\"@id\":\"https:\\\/\\\/proagrolab.com.ar\\\/ministerio-de-agricultura-senala-que-brasil-podria-exportar-carne-vacuna-a-ee-uu\\\/\"},\"wordCount\":225,\"publisher\":{\"@id\":\"https:\\\/\\\/proagrolab.com.ar\\\/#organization\"},\"image\":{\"@id\":\"https:\\\/\\\/proagrolab.com.ar\\\/ministerio-de-agricultura-senala-que-brasil-podria-exportar-carne-vacuna-a-ee-uu\\\/#primaryimage\"},\"thumbnailUrl\":\"https:\\\/\\\/proagrolab.com.ar\\\/wp-content\\\/uploads\\\/2015\\\/01\\\/g_t7bgnmo63__Frigor\u00edfico.jpg\",\"articleSection\":[\"News\"],\"inLanguage\":\"en-US\"},{\"@type\":\"WebPage\",\"@id\":\"https:\\\/\\\/proagrolab.com.ar\\\/ministerio-de-agricultura-senala-que-brasil-podria-exportar-carne-vacuna-a-ee-uu\\\/\",\"url\":\"https:\\\/\\\/proagrolab.com.ar\\\/ministerio-de-agricultura-senala-que-brasil-podria-exportar-carne-vacuna-a-ee-uu\\\/\",\"name\":\"Ministerio de Agricultura se\u00f1ala que Brasil podr\u00eda exportar carne vacuna a EE.UU. | Proagro\",\"isPartOf\":{\"@id\":\"https:\\\/\\\/proagrolab.com.ar\\\/#website\"},\"primaryImageOfPage\":{\"@id\":\"https:\\\/\\\/proagrolab.com.ar\\\/ministerio-de-agricultura-senala-que-brasil-podria-exportar-carne-vacuna-a-ee-uu\\\/#primaryimage\"},\"image\":{\"@id\":\"https:\\\/\\\/proagrolab.com.ar\\\/ministerio-de-agricultura-senala-que-brasil-podria-exportar-carne-vacuna-a-ee-uu\\\/#primaryimage\"},\"thumbnailUrl\":\"https:\\\/\\\/proagrolab.com.ar\\\/wp-content\\\/uploads\\\/2015\\\/01\\\/g_t7bgnmo63__Frigor\u00edfico.jpg\",\"datePublished\":\"2014-01-16T00:00:01+00:00\",\"breadcrumb\":{\"@id\":\"https:\\\/\\\/proagrolab.com.ar\\\/ministerio-de-agricultura-senala-que-brasil-podria-exportar-carne-vacuna-a-ee-uu\\\/#breadcrumb\"},\"inLanguage\":\"en-US\",\"potentialAction\":[{\"@type\":\"ReadAction\",\"target\":[\"https:\\\/\\\/proagrolab.com.ar\\\/ministerio-de-agricultura-senala-que-brasil-podria-exportar-carne-vacuna-a-ee-uu\\\/\"]}]},{\"@type\":\"ImageObject\",\"inLanguage\":\"en-US\",\"@id\":\"https:\\\/\\\/proagrolab.com.ar\\\/ministerio-de-agricultura-senala-que-brasil-podria-exportar-carne-vacuna-a-ee-uu\\\/#primaryimage\",\"url\":\"https:\\\/\\\/proagrolab.com.ar\\\/wp-content\\\/uploads\\\/2015\\\/01\\\/g_t7bgnmo63__Frigor\u00edfico.jpg\",\"contentUrl\":\"https:\\\/\\\/proagrolab.com.ar\\\/wp-content\\\/uploads\\\/2015\\\/01\\\/g_t7bgnmo63__Frigor\u00edfico.jpg\"},{\"@type\":\"BreadcrumbList\",\"@id\":\"https:\\\/\\\/proagrolab.com.ar\\\/ministerio-de-agricultura-senala-que-brasil-podria-exportar-carne-vacuna-a-ee-uu\\\/#breadcrumb\",\"itemListElement\":[{\"@type\":\"ListItem\",\"position\":1,\"name\":\"Portada\",\"item\":\"https:\\\/\\\/proagrolab.com.ar\\\/\"},{\"@type\":\"ListItem\",\"position\":2,\"name\":\"Ministerio de Agricultura se\u00f1ala que Brasil podr\u00eda exportar carne vacuna a EE.UU.\"}]},{\"@type\":\"WebSite\",\"@id\":\"https:\\\/\\\/proagrolab.com.ar\\\/#website\",\"url\":\"https:\\\/\\\/proagrolab.com.ar\\\/\",\"name\":\"Proagro Laboratorio Veterinario\",\"description\":\"Veterinary laboratory\",\"publisher\":{\"@id\":\"https:\\\/\\\/proagrolab.com.ar\\\/#organization\"},\"potentialAction\":[{\"@type\":\"SearchAction\",\"target\":{\"@type\":\"EntryPoint\",\"urlTemplate\":\"https:\\\/\\\/proagrolab.com.ar\\\/?s={search_term_string}\"},\"query-input\":{\"@type\":\"PropertyValueSpecification\",\"valueRequired\":true,\"valueName\":\"search_term_string\"}}],\"inLanguage\":\"en-US\"},{\"@type\":\"Organization\",\"@id\":\"https:\\\/\\\/proagrolab.com.ar\\\/#organization\",\"name\":\"Proagro\",\"url\":\"https:\\\/\\\/proagrolab.com.ar\\\/\",\"logo\":{\"@type\":\"ImageObject\",\"inLanguage\":\"en-US\",\"@id\":\"https:\\\/\\\/proagrolab.com.ar\\\/#\\\/schema\\\/logo\\\/image\\\/\",\"url\":\"https:\\\/\\\/proagrolab.com.ar\\\/wp-content\\\/uploads\\\/2020\\\/04\\\/logo-retina.png\",\"contentUrl\":\"https:\\\/\\\/proagrolab.com.ar\\\/wp-content\\\/uploads\\\/2020\\\/04\\\/logo-retina.png\",\"width\":478,\"height\":120,\"caption\":\"Proagro\"},\"image\":{\"@id\":\"https:\\\/\\\/proagrolab.com.ar\\\/#\\\/schema\\\/logo\\\/image\\\/\"},\"sameAs\":[\"http:\\\/\\\/www.facebook.com\\\/proagrolab\",\"https:\\\/\\\/www.instagram.com\\\/proagrolab\\\/\",\"https:\\\/\\\/www.linkedin.com\\\/company\\\/laboratorio-proagro-s-a\\\/\"]},{\"@type\":\"Person\",\"@id\":\"https:\\\/\\\/proagrolab.com.ar\\\/#\\\/schema\\\/person\\\/38003ff90bf80381f71c7d922d207444\",\"name\":\"proagrolab\"}]}<\/script>\n<!-- \/ Yoast SEO plugin. -->","yoast_head_json":{"title":"Ministerio de Agricultura se\u00f1ala que Brasil podr\u00eda exportar carne vacuna a EE.UU. | Proagro","robots":{"index":"index","follow":"follow","max-snippet":"max-snippet:-1","max-image-preview":"max-image-preview:large","max-video-preview":"max-video-preview:-1"},"canonical":"https:\/\/proagrolab.com.ar\/en\/ministerio-de-agricultura-senala-que-brasil-podria-exportar-carne-vacuna-a-ee-uu\/","og_locale":"en_US","og_type":"article","og_title":"Ministerio de Agricultura se\u00f1ala que Brasil podr\u00eda exportar carne vacuna a EE.UU. | Proagro","og_description":"Brasil podr\u00eda exportar carne vacuna a Estados Unidos este a\u00f1o ya que el Ministerio de Agricultura de ese pa\u00eds anunci\u00f3 que las negociaciones iniciadas en 1999 pueden concluir en 2014. Seg\u00fan el comunicado brasile\u00f1o del Ministerio adem\u00e1s Brasil mantiene &#8220;intensas&#8221; negociaciones con China ya que el pa\u00eds latinoamericano tiene 24 plantas con aprobaci\u00f3n para exportar a ese mercado asi\u00e1tico. La meta es ampliar y diversificar las empresas exportadoras y con respecto a la carne bovina, la expectativa para 2014 es la reapertura del mercado chino, cerrado desde que Brasil notificara el episodio de Encefalopat\u00eda Espongiforme Bovina (EEB) at\u00edpica en 2012. Actualmente, hay ocho unidades habilitadas para exportar, y revocado el embargo, se espera que lo est\u00e9n otros nueve establecimientos. Arabia Saudita es un tradicional importador, pero suspendi\u00f3 las compras desde la notificaci\u00f3n del episodio de EEB, los brasile\u00f1os, no obstante, aguardan una misi\u00f3n saudita en febrero para suspender el embargo y habilitar establecimientos. Adem\u00e1s hay posibilidades de la exportaci\u00f3n de otras carnes como la porcina del estado de Santa Catarina a Corea del Sur, el quinto mercado importador m\u00e1s grande del producto y tambi\u00e9n podr\u00edan reabrirse las posibilidades para Sud\u00e1frica. Fuente: Carnetec, 16 de enero.","og_url":"https:\/\/proagrolab.com.ar\/ministerio-de-agricultura-senala-que-brasil-podria-exportar-carne-vacuna-a-ee-uu\/","og_site_name":"Proagro","article_publisher":"http:\/\/www.facebook.com\/proagrolab","article_published_time":"2014-01-16T00:00:01+00:00","og_image":[{"url":"https:\/\/proagrolab.com.ar\/wp-content\/uploads\/2015\/01\/g_t7bgnmo63__Frigor\u00edfico.jpg","width":1,"height":1,"type":"image\/jpeg"}],"author":"proagrolab","twitter_card":"summary_large_image","twitter_misc":{"Written by":"proagrolab","Est. reading time":"1 minute"},"schema":{"@context":"https:\/\/schema.org","@graph":[{"@type":"Article","@id":"https:\/\/proagrolab.com.ar\/ministerio-de-agricultura-senala-que-brasil-podria-exportar-carne-vacuna-a-ee-uu\/#article","isPartOf":{"@id":"https:\/\/proagrolab.com.ar\/ministerio-de-agricultura-senala-que-brasil-podria-exportar-carne-vacuna-a-ee-uu\/"},"author":{"name":"proagrolab","@id":"https:\/\/proagrolab.com.ar\/#\/schema\/person\/38003ff90bf80381f71c7d922d207444"},"headline":"Ministerio de Agricultura se\u00f1ala que Brasil podr\u00eda exportar carne vacuna a EE.UU.","datePublished":"2014-01-16T00:00:01+00:00","mainEntityOfPage":{"@id":"https:\/\/proagrolab.com.ar\/ministerio-de-agricultura-senala-que-brasil-podria-exportar-carne-vacuna-a-ee-uu\/"},"wordCount":225,"publisher":{"@id":"https:\/\/proagrolab.com.ar\/#organization"},"image":{"@id":"https:\/\/proagrolab.com.ar\/ministerio-de-agricultura-senala-que-brasil-podria-exportar-carne-vacuna-a-ee-uu\/#primaryimage"},"thumbnailUrl":"https:\/\/proagrolab.com.ar\/wp-content\/uploads\/2015\/01\/g_t7bgnmo63__Frigor\u00edfico.jpg","articleSection":["News"],"inLanguage":"en-US"},{"@type":"WebPage","@id":"https:\/\/proagrolab.com.ar\/ministerio-de-agricultura-senala-que-brasil-podria-exportar-carne-vacuna-a-ee-uu\/","url":"https:\/\/proagrolab.com.ar\/ministerio-de-agricultura-senala-que-brasil-podria-exportar-carne-vacuna-a-ee-uu\/","name":"Ministerio de Agricultura se\u00f1ala que Brasil podr\u00eda exportar carne vacuna a EE.UU. | Proagro","isPartOf":{"@id":"https:\/\/proagrolab.com.ar\/#website"},"primaryImageOfPage":{"@id":"https:\/\/proagrolab.com.ar\/ministerio-de-agricultura-senala-que-brasil-podria-exportar-carne-vacuna-a-ee-uu\/#primaryimage"},"image":{"@id":"https:\/\/proagrolab.com.ar\/ministerio-de-agricultura-senala-que-brasil-podria-exportar-carne-vacuna-a-ee-uu\/#primaryimage"},"thumbnailUrl":"https:\/\/proagrolab.com.ar\/wp-content\/uploads\/2015\/01\/g_t7bgnmo63__Frigor\u00edfico.jpg","datePublished":"2014-01-16T00:00:01+00:00","breadcrumb":{"@id":"https:\/\/proagrolab.com.ar\/ministerio-de-agricultura-senala-que-brasil-podria-exportar-carne-vacuna-a-ee-uu\/#breadcrumb"},"inLanguage":"en-US","potentialAction":[{"@type":"ReadAction","target":["https:\/\/proagrolab.com.ar\/ministerio-de-agricultura-senala-que-brasil-podria-exportar-carne-vacuna-a-ee-uu\/"]}]},{"@type":"ImageObject","inLanguage":"en-US","@id":"https:\/\/proagrolab.com.ar\/ministerio-de-agricultura-senala-que-brasil-podria-exportar-carne-vacuna-a-ee-uu\/#primaryimage","url":"https:\/\/proagrolab.com.ar\/wp-content\/uploads\/2015\/01\/g_t7bgnmo63__Frigor\u00edfico.jpg","contentUrl":"https:\/\/proagrolab.com.ar\/wp-content\/uploads\/2015\/01\/g_t7bgnmo63__Frigor\u00edfico.jpg"},{"@type":"BreadcrumbList","@id":"https:\/\/proagrolab.com.ar\/ministerio-de-agricultura-senala-que-brasil-podria-exportar-carne-vacuna-a-ee-uu\/#breadcrumb","itemListElement":[{"@type":"ListItem","position":1,"name":"Portada","item":"https:\/\/proagrolab.com.ar\/"},{"@type":"ListItem","position":2,"name":"Ministerio de Agricultura se\u00f1ala que Brasil podr\u00eda exportar carne vacuna a EE.UU."}]},{"@type":"WebSite","@id":"https:\/\/proagrolab.com.ar\/#website","url":"https:\/\/proagrolab.com.ar\/","name":"Proagro Laboratorio Veterinario","description":"Veterinary laboratory","publisher":{"@id":"https:\/\/proagrolab.com.ar\/#organization"},"potentialAction":[{"@type":"SearchAction","target":{"@type":"EntryPoint","urlTemplate":"https:\/\/proagrolab.com.ar\/?s={search_term_string}"},"query-input":{"@type":"PropertyValueSpecification","valueRequired":true,"valueName":"search_term_string"}}],"inLanguage":"en-US"},{"@type":"Organization","@id":"https:\/\/proagrolab.com.ar\/#organization","name":"Proagro","url":"https:\/\/proagrolab.com.ar\/","logo":{"@type":"ImageObject","inLanguage":"en-US","@id":"https:\/\/proagrolab.com.ar\/#\/schema\/logo\/image\/","url":"https:\/\/proagrolab.com.ar\/wp-content\/uploads\/2020\/04\/logo-retina.png","contentUrl":"https:\/\/proagrolab.com.ar\/wp-content\/uploads\/2020\/04\/logo-retina.png","width":478,"height":120,"caption":"Proagro"},"image":{"@id":"https:\/\/proagrolab.com.ar\/#\/schema\/logo\/image\/"},"sameAs":["http:\/\/www.facebook.com\/proagrolab","https:\/\/www.instagram.com\/proagrolab\/","https:\/\/www.linkedin.com\/company\/laboratorio-proagro-s-a\/"]},{"@type":"Person","@id":"https:\/\/proagrolab.com.ar\/#\/schema\/person\/38003ff90bf80381f71c7d922d207444","name":"proagrolab"}]}},"_links":{"self":[{"href":"https:\/\/proagrolab.com.ar\/en\/wp-json\/wp\/v2\/posts\/5889","targetHints":{"allow":["GET"]}}],"collection":[{"href":"https:\/\/proagrolab.com.ar\/en\/wp-json\/wp\/v2\/posts"}],"about":[{"href":"https:\/\/proagrolab.com.ar\/en\/wp-json\/wp\/v2\/types\/post"}],"author":[{"embeddable":true,"href":"https:\/\/proagrolab.com.ar\/en\/wp-json\/wp\/v2\/users\/2"}],"replies":[{"embeddable":true,"href":"https:\/\/proagrolab.com.ar\/en\/wp-json\/wp\/v2\/comments?post=5889"}],"version-history":[{"count":0,"href":"https:\/\/proagrolab.com.ar\/en\/wp-json\/wp\/v2\/posts\/5889\/revisions"}],"wp:featuredmedia":[{"embeddable":true,"href":"https:\/\/proagrolab.com.ar\/en\/wp-json\/wp\/v2\/media\/2375"}],"wp:attachment":[{"href":"https:\/\/proagrolab.com.ar\/en\/wp-json\/wp\/v2\/media?parent=5889"}],"wp:term":[{"taxonomy":"category","embeddable":true,"href":"https:\/\/proagrolab.com.ar\/en\/wp-json\/wp\/v2\/categories?post=5889"},{"taxonomy":"post_tag","embeddable":true,"href":"https:\/\/proagrolab.com.ar\/en\/wp-json\/wp\/v2\/tags?post=5889"}],"curies":[{"name":"wp","href":"https:\/\/api.w.org\/{rel}","templated":true}]}}