{"id":5887,"date":"2014-01-16T00:00:01","date_gmt":"2014-01-16T00:00:01","guid":{"rendered":"https:\/\/proagrolab.com.ar\/registra-uruguay-baja-de-66-en-los-embarques-carnicos-del-ano-pasado\/"},"modified":"2014-01-16T00:00:01","modified_gmt":"2014-01-16T00:00:01","slug":"registra-uruguay-baja-de-66-en-los-embarques-carnicos-del-ano-pasado","status":"publish","type":"post","link":"https:\/\/proagrolab.com.ar\/en\/registra-uruguay-baja-de-66-en-los-embarques-carnicos-del-ano-pasado\/","title":{"rendered":"Registra Uruguay baja de 6,6% en los embarques c\u00e1rnicos del a\u00f1o pasado."},"content":{"rendered":"<p class=\"qtranxs-available-languages-message qtranxs-available-languages-message-en\"> <\/p><p>El volumen de carne bovina uruguaya exportada cay\u00f3 un 6,6% en 2013 frente al a\u00f1o anterior tras registrar una disminuci\u00f3n interanual de un 31,3% en diciembre, inform\u00f3 el Gobierno. Por lo tanto, agreg\u00f3, los ingresos se redujeron un 7,5% el a\u00f1o pasado ante el 2012.&nbsp;&nbsp;&nbsp; <\/p>\n<p>El incremento de las compras efectuadas por China compens\u00f3 parte de la ca\u00edda en las exportaciones en todos los mercados, especialmente en Rusia, Israel y los vecinos del Mercosur, Argentina, Brasil, Paraguay y Venezuela.&nbsp;&nbsp;&nbsp; <\/p>\n<p>Las ventas de carne vacuna en 2013 sumaron 353.895 toneladas, menos que las 378.836 toneladas registradas de 2012, y generaron ingresos por 1.333,8 millones de d\u00f3lares, antes los 1.441,8 millones de un a\u00f1o antes.&nbsp;&nbsp;&nbsp; <\/p>\n<p>Cabe decir que el pa\u00eds sudamericano faen\u00f3 1,98 millones de cabezas de ganado en 2013, un 4,6% menos que en 2012.<\/p>\n<p>Fuente: Carnetec, 16 de enero.<br \/><\/p>","protected":false},"excerpt":{"rendered":"<p>El volumen de carne bovina uruguaya exportada cay\u00f3 un 6,6% en 2013 frente al a\u00f1o anterior tras registrar una disminuci\u00f3n interanual de un 31,3% en diciembre, inform\u00f3 el Gobierno. Por lo tanto, agreg\u00f3, los ingresos se redujeron un 7,5% el a\u00f1o pasado ante el 2012.&nbsp;&nbsp;&nbsp; El incremento de las compras efectuadas por China compens\u00f3 parte de la ca\u00edda en las exportaciones en todos los mercados, especialmente en Rusia, Israel y los vecinos del Mercosur, Argentina, Brasil, Paraguay y Venezuela.&nbsp;&nbsp;&nbsp; Las ventas de carne vacuna en 2013 sumaron 353.895 toneladas, menos que las 378.836 toneladas registradas de 2012, y generaron ingresos por 1.333,8 millones de d\u00f3lares, antes los 1.441,8 millones de un a\u00f1o antes.&nbsp;&nbsp;&nbsp; Cabe decir que el pa\u00eds sudamericano faen\u00f3 1,98 millones de cabezas de ganado en 2013, un 4,6% menos que en 2012. Fuente: Carnetec, 16 de enero.<\/p>\n","protected":false},"author":2,"featured_media":2373,"comment_status":"closed","ping_status":"open","sticky":false,"template":"","format":"standard","meta":{"_acf_changed":false,"footnotes":""},"categories":[56],"tags":[],"class_list":["post-5887","post","type-post","status-publish","format-standard","has-post-thumbnail","hentry","category-infoganadero"],"acf":[],"yoast_head":"<!-- This site is optimized with the Yoast SEO plugin v27.4 - https:\/\/yoast.com\/product\/yoast-seo-wordpress\/ -->\n<title>Registra Uruguay baja de 6,6% en los embarques c\u00e1rnicos del a\u00f1o pasado. | Proagro<\/title>\n<meta name=\"robots\" content=\"index, follow, max-snippet:-1, max-image-preview:large, max-video-preview:-1\" \/>\n<link rel=\"canonical\" href=\"https:\/\/proagrolab.com.ar\/en\/registra-uruguay-baja-de-66-en-los-embarques-carnicos-del-ano-pasado\/\" \/>\n<meta property=\"og:locale\" content=\"en_US\" \/>\n<meta property=\"og:type\" content=\"article\" \/>\n<meta property=\"og:title\" content=\"Registra Uruguay baja de 6,6% en los embarques c\u00e1rnicos del a\u00f1o pasado. | Proagro\" \/>\n<meta property=\"og:description\" content=\"El volumen de carne bovina uruguaya exportada cay\u00f3 un 6,6% en 2013 frente al a\u00f1o anterior tras registrar una disminuci\u00f3n interanual de un 31,3% en diciembre, inform\u00f3 el Gobierno. Por lo tanto, agreg\u00f3, los ingresos se redujeron un 7,5% el a\u00f1o pasado ante el 2012.&nbsp;&nbsp;&nbsp; El incremento de las compras efectuadas por China compens\u00f3 parte de la ca\u00edda en las exportaciones en todos los mercados, especialmente en Rusia, Israel y los vecinos del Mercosur, Argentina, Brasil, Paraguay y Venezuela.&nbsp;&nbsp;&nbsp; Las ventas de carne vacuna en 2013 sumaron 353.895 toneladas, menos que las 378.836 toneladas registradas de 2012, y generaron ingresos por 1.333,8 millones de d\u00f3lares, antes los 1.441,8 millones de un a\u00f1o antes.&nbsp;&nbsp;&nbsp; Cabe decir que el pa\u00eds sudamericano faen\u00f3 1,98 millones de cabezas de ganado en 2013, un 4,6% menos que en 2012. Fuente: Carnetec, 16 de enero.\" \/>\n<meta property=\"og:url\" content=\"https:\/\/proagrolab.com.ar\/registra-uruguay-baja-de-66-en-los-embarques-carnicos-del-ano-pasado\/\" \/>\n<meta property=\"og:site_name\" content=\"Proagro\" \/>\n<meta property=\"article:publisher\" content=\"http:\/\/www.facebook.com\/proagrolab\" \/>\n<meta property=\"article:published_time\" content=\"2014-01-16T00:00:01+00:00\" \/>\n<meta property=\"og:image\" content=\"https:\/\/proagrolab.com.ar\/wp-content\/uploads\/2015\/01\/g_5sgj8tcjz__Frigor\u00edfico-5.jpg\" \/>\n\t<meta property=\"og:image:width\" content=\"1\" \/>\n\t<meta property=\"og:image:height\" content=\"1\" \/>\n\t<meta property=\"og:image:type\" content=\"image\/jpeg\" \/>\n<meta name=\"author\" content=\"proagrolab\" \/>\n<meta name=\"twitter:card\" content=\"summary_large_image\" \/>\n<meta name=\"twitter:label1\" content=\"Written by\" \/>\n\t<meta name=\"twitter:data1\" content=\"proagrolab\" \/>\n\t<meta name=\"twitter:label2\" content=\"Est. reading time\" \/>\n\t<meta name=\"twitter:data2\" content=\"1 minute\" \/>\n<script type=\"application\/ld+json\" class=\"yoast-schema-graph\">{\"@context\":\"https:\\\/\\\/schema.org\",\"@graph\":[{\"@type\":\"Article\",\"@id\":\"https:\\\/\\\/proagrolab.com.ar\\\/registra-uruguay-baja-de-66-en-los-embarques-carnicos-del-ano-pasado\\\/#article\",\"isPartOf\":{\"@id\":\"https:\\\/\\\/proagrolab.com.ar\\\/registra-uruguay-baja-de-66-en-los-embarques-carnicos-del-ano-pasado\\\/\"},\"author\":{\"name\":\"proagrolab\",\"@id\":\"https:\\\/\\\/proagrolab.com.ar\\\/#\\\/schema\\\/person\\\/38003ff90bf80381f71c7d922d207444\"},\"headline\":\"Registra Uruguay baja de 6,6% en los embarques c\u00e1rnicos del a\u00f1o pasado.\",\"datePublished\":\"2014-01-16T00:00:01+00:00\",\"mainEntityOfPage\":{\"@id\":\"https:\\\/\\\/proagrolab.com.ar\\\/registra-uruguay-baja-de-66-en-los-embarques-carnicos-del-ano-pasado\\\/\"},\"wordCount\":152,\"publisher\":{\"@id\":\"https:\\\/\\\/proagrolab.com.ar\\\/#organization\"},\"image\":{\"@id\":\"https:\\\/\\\/proagrolab.com.ar\\\/registra-uruguay-baja-de-66-en-los-embarques-carnicos-del-ano-pasado\\\/#primaryimage\"},\"thumbnailUrl\":\"https:\\\/\\\/proagrolab.com.ar\\\/wp-content\\\/uploads\\\/2015\\\/01\\\/g_5sgj8tcjz__Frigor\u00edfico-5.jpg\",\"articleSection\":[\"News\"],\"inLanguage\":\"en-US\"},{\"@type\":\"WebPage\",\"@id\":\"https:\\\/\\\/proagrolab.com.ar\\\/registra-uruguay-baja-de-66-en-los-embarques-carnicos-del-ano-pasado\\\/\",\"url\":\"https:\\\/\\\/proagrolab.com.ar\\\/registra-uruguay-baja-de-66-en-los-embarques-carnicos-del-ano-pasado\\\/\",\"name\":\"Registra Uruguay baja de 6,6% en los embarques c\u00e1rnicos del a\u00f1o pasado. | Proagro\",\"isPartOf\":{\"@id\":\"https:\\\/\\\/proagrolab.com.ar\\\/#website\"},\"primaryImageOfPage\":{\"@id\":\"https:\\\/\\\/proagrolab.com.ar\\\/registra-uruguay-baja-de-66-en-los-embarques-carnicos-del-ano-pasado\\\/#primaryimage\"},\"image\":{\"@id\":\"https:\\\/\\\/proagrolab.com.ar\\\/registra-uruguay-baja-de-66-en-los-embarques-carnicos-del-ano-pasado\\\/#primaryimage\"},\"thumbnailUrl\":\"https:\\\/\\\/proagrolab.com.ar\\\/wp-content\\\/uploads\\\/2015\\\/01\\\/g_5sgj8tcjz__Frigor\u00edfico-5.jpg\",\"datePublished\":\"2014-01-16T00:00:01+00:00\",\"breadcrumb\":{\"@id\":\"https:\\\/\\\/proagrolab.com.ar\\\/registra-uruguay-baja-de-66-en-los-embarques-carnicos-del-ano-pasado\\\/#breadcrumb\"},\"inLanguage\":\"en-US\",\"potentialAction\":[{\"@type\":\"ReadAction\",\"target\":[\"https:\\\/\\\/proagrolab.com.ar\\\/registra-uruguay-baja-de-66-en-los-embarques-carnicos-del-ano-pasado\\\/\"]}]},{\"@type\":\"ImageObject\",\"inLanguage\":\"en-US\",\"@id\":\"https:\\\/\\\/proagrolab.com.ar\\\/registra-uruguay-baja-de-66-en-los-embarques-carnicos-del-ano-pasado\\\/#primaryimage\",\"url\":\"https:\\\/\\\/proagrolab.com.ar\\\/wp-content\\\/uploads\\\/2015\\\/01\\\/g_5sgj8tcjz__Frigor\u00edfico-5.jpg\",\"contentUrl\":\"https:\\\/\\\/proagrolab.com.ar\\\/wp-content\\\/uploads\\\/2015\\\/01\\\/g_5sgj8tcjz__Frigor\u00edfico-5.jpg\"},{\"@type\":\"BreadcrumbList\",\"@id\":\"https:\\\/\\\/proagrolab.com.ar\\\/registra-uruguay-baja-de-66-en-los-embarques-carnicos-del-ano-pasado\\\/#breadcrumb\",\"itemListElement\":[{\"@type\":\"ListItem\",\"position\":1,\"name\":\"Portada\",\"item\":\"https:\\\/\\\/proagrolab.com.ar\\\/\"},{\"@type\":\"ListItem\",\"position\":2,\"name\":\"Registra Uruguay baja de 6,6% en los embarques c\u00e1rnicos del a\u00f1o pasado.\"}]},{\"@type\":\"WebSite\",\"@id\":\"https:\\\/\\\/proagrolab.com.ar\\\/#website\",\"url\":\"https:\\\/\\\/proagrolab.com.ar\\\/\",\"name\":\"Proagro Laboratorio Veterinario\",\"description\":\"Veterinary laboratory\",\"publisher\":{\"@id\":\"https:\\\/\\\/proagrolab.com.ar\\\/#organization\"},\"potentialAction\":[{\"@type\":\"SearchAction\",\"target\":{\"@type\":\"EntryPoint\",\"urlTemplate\":\"https:\\\/\\\/proagrolab.com.ar\\\/?s={search_term_string}\"},\"query-input\":{\"@type\":\"PropertyValueSpecification\",\"valueRequired\":true,\"valueName\":\"search_term_string\"}}],\"inLanguage\":\"en-US\"},{\"@type\":\"Organization\",\"@id\":\"https:\\\/\\\/proagrolab.com.ar\\\/#organization\",\"name\":\"Proagro\",\"url\":\"https:\\\/\\\/proagrolab.com.ar\\\/\",\"logo\":{\"@type\":\"ImageObject\",\"inLanguage\":\"en-US\",\"@id\":\"https:\\\/\\\/proagrolab.com.ar\\\/#\\\/schema\\\/logo\\\/image\\\/\",\"url\":\"https:\\\/\\\/proagrolab.com.ar\\\/wp-content\\\/uploads\\\/2020\\\/04\\\/logo-retina.png\",\"contentUrl\":\"https:\\\/\\\/proagrolab.com.ar\\\/wp-content\\\/uploads\\\/2020\\\/04\\\/logo-retina.png\",\"width\":478,\"height\":120,\"caption\":\"Proagro\"},\"image\":{\"@id\":\"https:\\\/\\\/proagrolab.com.ar\\\/#\\\/schema\\\/logo\\\/image\\\/\"},\"sameAs\":[\"http:\\\/\\\/www.facebook.com\\\/proagrolab\",\"https:\\\/\\\/www.instagram.com\\\/proagrolab\\\/\",\"https:\\\/\\\/www.linkedin.com\\\/company\\\/laboratorio-proagro-s-a\\\/\"]},{\"@type\":\"Person\",\"@id\":\"https:\\\/\\\/proagrolab.com.ar\\\/#\\\/schema\\\/person\\\/38003ff90bf80381f71c7d922d207444\",\"name\":\"proagrolab\"}]}<\/script>\n<!-- \/ Yoast SEO plugin. -->","yoast_head_json":{"title":"Registra Uruguay baja de 6,6% en los embarques c\u00e1rnicos del a\u00f1o pasado. | Proagro","robots":{"index":"index","follow":"follow","max-snippet":"max-snippet:-1","max-image-preview":"max-image-preview:large","max-video-preview":"max-video-preview:-1"},"canonical":"https:\/\/proagrolab.com.ar\/en\/registra-uruguay-baja-de-66-en-los-embarques-carnicos-del-ano-pasado\/","og_locale":"en_US","og_type":"article","og_title":"Registra Uruguay baja de 6,6% en los embarques c\u00e1rnicos del a\u00f1o pasado. | Proagro","og_description":"El volumen de carne bovina uruguaya exportada cay\u00f3 un 6,6% en 2013 frente al a\u00f1o anterior tras registrar una disminuci\u00f3n interanual de un 31,3% en diciembre, inform\u00f3 el Gobierno. Por lo tanto, agreg\u00f3, los ingresos se redujeron un 7,5% el a\u00f1o pasado ante el 2012.&nbsp;&nbsp;&nbsp; El incremento de las compras efectuadas por China compens\u00f3 parte de la ca\u00edda en las exportaciones en todos los mercados, especialmente en Rusia, Israel y los vecinos del Mercosur, Argentina, Brasil, Paraguay y Venezuela.&nbsp;&nbsp;&nbsp; Las ventas de carne vacuna en 2013 sumaron 353.895 toneladas, menos que las 378.836 toneladas registradas de 2012, y generaron ingresos por 1.333,8 millones de d\u00f3lares, antes los 1.441,8 millones de un a\u00f1o antes.&nbsp;&nbsp;&nbsp; Cabe decir que el pa\u00eds sudamericano faen\u00f3 1,98 millones de cabezas de ganado en 2013, un 4,6% menos que en 2012. Fuente: Carnetec, 16 de enero.","og_url":"https:\/\/proagrolab.com.ar\/registra-uruguay-baja-de-66-en-los-embarques-carnicos-del-ano-pasado\/","og_site_name":"Proagro","article_publisher":"http:\/\/www.facebook.com\/proagrolab","article_published_time":"2014-01-16T00:00:01+00:00","og_image":[{"url":"https:\/\/proagrolab.com.ar\/wp-content\/uploads\/2015\/01\/g_5sgj8tcjz__Frigor\u00edfico-5.jpg","width":1,"height":1,"type":"image\/jpeg"}],"author":"proagrolab","twitter_card":"summary_large_image","twitter_misc":{"Written by":"proagrolab","Est. reading time":"1 minute"},"schema":{"@context":"https:\/\/schema.org","@graph":[{"@type":"Article","@id":"https:\/\/proagrolab.com.ar\/registra-uruguay-baja-de-66-en-los-embarques-carnicos-del-ano-pasado\/#article","isPartOf":{"@id":"https:\/\/proagrolab.com.ar\/registra-uruguay-baja-de-66-en-los-embarques-carnicos-del-ano-pasado\/"},"author":{"name":"proagrolab","@id":"https:\/\/proagrolab.com.ar\/#\/schema\/person\/38003ff90bf80381f71c7d922d207444"},"headline":"Registra Uruguay baja de 6,6% en los embarques c\u00e1rnicos del a\u00f1o pasado.","datePublished":"2014-01-16T00:00:01+00:00","mainEntityOfPage":{"@id":"https:\/\/proagrolab.com.ar\/registra-uruguay-baja-de-66-en-los-embarques-carnicos-del-ano-pasado\/"},"wordCount":152,"publisher":{"@id":"https:\/\/proagrolab.com.ar\/#organization"},"image":{"@id":"https:\/\/proagrolab.com.ar\/registra-uruguay-baja-de-66-en-los-embarques-carnicos-del-ano-pasado\/#primaryimage"},"thumbnailUrl":"https:\/\/proagrolab.com.ar\/wp-content\/uploads\/2015\/01\/g_5sgj8tcjz__Frigor\u00edfico-5.jpg","articleSection":["News"],"inLanguage":"en-US"},{"@type":"WebPage","@id":"https:\/\/proagrolab.com.ar\/registra-uruguay-baja-de-66-en-los-embarques-carnicos-del-ano-pasado\/","url":"https:\/\/proagrolab.com.ar\/registra-uruguay-baja-de-66-en-los-embarques-carnicos-del-ano-pasado\/","name":"Registra Uruguay baja de 6,6% en los embarques c\u00e1rnicos del a\u00f1o pasado. | Proagro","isPartOf":{"@id":"https:\/\/proagrolab.com.ar\/#website"},"primaryImageOfPage":{"@id":"https:\/\/proagrolab.com.ar\/registra-uruguay-baja-de-66-en-los-embarques-carnicos-del-ano-pasado\/#primaryimage"},"image":{"@id":"https:\/\/proagrolab.com.ar\/registra-uruguay-baja-de-66-en-los-embarques-carnicos-del-ano-pasado\/#primaryimage"},"thumbnailUrl":"https:\/\/proagrolab.com.ar\/wp-content\/uploads\/2015\/01\/g_5sgj8tcjz__Frigor\u00edfico-5.jpg","datePublished":"2014-01-16T00:00:01+00:00","breadcrumb":{"@id":"https:\/\/proagrolab.com.ar\/registra-uruguay-baja-de-66-en-los-embarques-carnicos-del-ano-pasado\/#breadcrumb"},"inLanguage":"en-US","potentialAction":[{"@type":"ReadAction","target":["https:\/\/proagrolab.com.ar\/registra-uruguay-baja-de-66-en-los-embarques-carnicos-del-ano-pasado\/"]}]},{"@type":"ImageObject","inLanguage":"en-US","@id":"https:\/\/proagrolab.com.ar\/registra-uruguay-baja-de-66-en-los-embarques-carnicos-del-ano-pasado\/#primaryimage","url":"https:\/\/proagrolab.com.ar\/wp-content\/uploads\/2015\/01\/g_5sgj8tcjz__Frigor\u00edfico-5.jpg","contentUrl":"https:\/\/proagrolab.com.ar\/wp-content\/uploads\/2015\/01\/g_5sgj8tcjz__Frigor\u00edfico-5.jpg"},{"@type":"BreadcrumbList","@id":"https:\/\/proagrolab.com.ar\/registra-uruguay-baja-de-66-en-los-embarques-carnicos-del-ano-pasado\/#breadcrumb","itemListElement":[{"@type":"ListItem","position":1,"name":"Portada","item":"https:\/\/proagrolab.com.ar\/"},{"@type":"ListItem","position":2,"name":"Registra Uruguay baja de 6,6% en los embarques c\u00e1rnicos del a\u00f1o pasado."}]},{"@type":"WebSite","@id":"https:\/\/proagrolab.com.ar\/#website","url":"https:\/\/proagrolab.com.ar\/","name":"Proagro Laboratorio Veterinario","description":"Veterinary laboratory","publisher":{"@id":"https:\/\/proagrolab.com.ar\/#organization"},"potentialAction":[{"@type":"SearchAction","target":{"@type":"EntryPoint","urlTemplate":"https:\/\/proagrolab.com.ar\/?s={search_term_string}"},"query-input":{"@type":"PropertyValueSpecification","valueRequired":true,"valueName":"search_term_string"}}],"inLanguage":"en-US"},{"@type":"Organization","@id":"https:\/\/proagrolab.com.ar\/#organization","name":"Proagro","url":"https:\/\/proagrolab.com.ar\/","logo":{"@type":"ImageObject","inLanguage":"en-US","@id":"https:\/\/proagrolab.com.ar\/#\/schema\/logo\/image\/","url":"https:\/\/proagrolab.com.ar\/wp-content\/uploads\/2020\/04\/logo-retina.png","contentUrl":"https:\/\/proagrolab.com.ar\/wp-content\/uploads\/2020\/04\/logo-retina.png","width":478,"height":120,"caption":"Proagro"},"image":{"@id":"https:\/\/proagrolab.com.ar\/#\/schema\/logo\/image\/"},"sameAs":["http:\/\/www.facebook.com\/proagrolab","https:\/\/www.instagram.com\/proagrolab\/","https:\/\/www.linkedin.com\/company\/laboratorio-proagro-s-a\/"]},{"@type":"Person","@id":"https:\/\/proagrolab.com.ar\/#\/schema\/person\/38003ff90bf80381f71c7d922d207444","name":"proagrolab"}]}},"_links":{"self":[{"href":"https:\/\/proagrolab.com.ar\/en\/wp-json\/wp\/v2\/posts\/5887","targetHints":{"allow":["GET"]}}],"collection":[{"href":"https:\/\/proagrolab.com.ar\/en\/wp-json\/wp\/v2\/posts"}],"about":[{"href":"https:\/\/proagrolab.com.ar\/en\/wp-json\/wp\/v2\/types\/post"}],"author":[{"embeddable":true,"href":"https:\/\/proagrolab.com.ar\/en\/wp-json\/wp\/v2\/users\/2"}],"replies":[{"embeddable":true,"href":"https:\/\/proagrolab.com.ar\/en\/wp-json\/wp\/v2\/comments?post=5887"}],"version-history":[{"count":0,"href":"https:\/\/proagrolab.com.ar\/en\/wp-json\/wp\/v2\/posts\/5887\/revisions"}],"wp:featuredmedia":[{"embeddable":true,"href":"https:\/\/proagrolab.com.ar\/en\/wp-json\/wp\/v2\/media\/2373"}],"wp:attachment":[{"href":"https:\/\/proagrolab.com.ar\/en\/wp-json\/wp\/v2\/media?parent=5887"}],"wp:term":[{"taxonomy":"category","embeddable":true,"href":"https:\/\/proagrolab.com.ar\/en\/wp-json\/wp\/v2\/categories?post=5887"},{"taxonomy":"post_tag","embeddable":true,"href":"https:\/\/proagrolab.com.ar\/en\/wp-json\/wp\/v2\/tags?post=5887"}],"curies":[{"name":"wp","href":"https:\/\/api.w.org\/{rel}","templated":true}]}}