{"id":5886,"date":"2014-01-16T00:00:01","date_gmt":"2014-01-16T00:00:01","guid":{"rendered":"https:\/\/proagrolab.com.ar\/subio-en-2013-la-produccion-de-carne\/"},"modified":"2014-01-16T00:00:01","modified_gmt":"2014-01-16T00:00:01","slug":"subio-en-2013-la-produccion-de-carne","status":"publish","type":"post","link":"https:\/\/proagrolab.com.ar\/en\/subio-en-2013-la-produccion-de-carne\/","title":{"rendered":"Subi\u00f3 en 2013 la producci\u00f3n de carne."},"content":{"rendered":"<p class=\"qtranxs-available-languages-message qtranxs-available-languages-message-en\"> <\/p><p>Creci\u00f3 10,3%; tambi\u00e9n lo hizo el consumo.<\/p>\n<p>La producci\u00f3n y el consumo de carne crecieron en 2013 un 10,3 y un 9,4 por ciento, respectivamente, en comparaci\u00f3n con 2012, seg\u00fan un informe de la C\u00e1mara de la Industria y el Comercio de Carnes de la Rep\u00fablica Argentina (Ciccra). Adem\u00e1s, la faena se increment\u00f3 11,5 por ciento, con un total de 12,7 millones de cabezas faenadas. No obstante, el informe alert\u00f3 sobre que en diciembre pasado la faena de hembras lleg\u00f3 a 46 por ciento, lo que significa que los ganaderos se est\u00e1n desprendiendo de las vacas. Eso limitar\u00e1 la cantidad de novillos en los pr\u00f3ximos a\u00f1os. Un factor que est\u00e1 impulsando el alza de los env\u00edos de hacienda a faena es la sequ\u00eda que afecta a zonas clave de la ganader\u00eda de cr\u00eda, como la cuenca del Salado.<\/p>\n<p>Seg\u00fan el informe, las exportaciones de 2013 tambi\u00e9n subieron 8,9% respecto de 2012, para alcanzar las 195.000 toneladas de res con hueso. Por primera vez en tres a\u00f1os las exportaciones suben, aunque &#8220;en t\u00e9rminos hist\u00f3ricos la presencia de la carne argentina en las g\u00f3ndolas del mundo fue de las m\u00e1s pobres de la historia&#8221;, destac\u00f3 el trabajo. Ciccra calcul\u00f3 que ese volumen se ubica en el cuarto lugar de las exportaciones m\u00e1s bajas de los \u00faltimos 54 a\u00f1os.<\/p>\n<p>Las ventas al exterior de carne representaron apenas el 6,8% de la producci\u00f3n total. El resto fue consumido por el mercado interno.<\/p>\n<p>En la primera reuni\u00f3n de la Mesa de Ganados y Carnes, organizada por el Ministerio de Agricultura, el titular del \u00e1rea, Carlos Casamiquela, expres\u00f3 su acuerdo con la propuesta de llevar el porcentaje de producci\u00f3n de carne vacuna a 20 por ciento.<\/p>\n<p>Agricultura, adem\u00e1s, dijo que el Gobierno impulsar\u00e1 la transparencia en el mercado de la ganader\u00eda y de la carne, mediante la fiscalizaci\u00f3n de la faena y del comercio.<\/p>\n<p>En el encuentro, los t\u00e9cnicos de la Mesa de Enlace presentaron un documento en el que proponen la eliminaci\u00f3n de los derechos de la exportaci\u00f3n a la carne y de los Registros de Operaciones de Exportaci\u00f3n (ROE), entre otras medidas. Tambi\u00e9n propusieron pol\u00edticas de incentivo a la producci\u00f3n de animales pesados.<\/p>\n<p>Fuente: La Naci\u00f3n, 16 de enero.<br \/><\/p>","protected":false},"excerpt":{"rendered":"<p>Creci\u00f3 10,3%; tambi\u00e9n lo hizo el consumo. La producci\u00f3n y el consumo de carne crecieron en 2013 un 10,3 y un 9,4 por ciento, respectivamente, en comparaci\u00f3n con 2012, seg\u00fan un informe de la C\u00e1mara de la Industria y el Comercio de Carnes de la Rep\u00fablica Argentina (Ciccra). Adem\u00e1s, la faena se increment\u00f3 11,5 por ciento, con un total de 12,7 millones de cabezas faenadas. No obstante, el informe alert\u00f3 sobre que en diciembre pasado la faena de hembras lleg\u00f3 a 46 por ciento, lo que significa que los ganaderos se est\u00e1n desprendiendo de las vacas. Eso limitar\u00e1 la cantidad de novillos en los pr\u00f3ximos a\u00f1os. Un factor que est\u00e1 impulsando el alza de los env\u00edos de hacienda a faena es la sequ\u00eda que afecta a zonas clave de la ganader\u00eda de cr\u00eda, como la cuenca del Salado. Seg\u00fan el informe, las exportaciones de 2013 tambi\u00e9n subieron 8,9% respecto de 2012, para alcanzar las 195.000 toneladas de res con hueso. Por primera vez en tres a\u00f1os las exportaciones suben, aunque &#8220;en t\u00e9rminos hist\u00f3ricos la presencia de la carne argentina en las g\u00f3ndolas del mundo fue de las m\u00e1s pobres de la historia&#8221;, destac\u00f3 el trabajo. Ciccra calcul\u00f3 que ese volumen [&hellip;]<\/p>\n","protected":false},"author":2,"featured_media":2372,"comment_status":"closed","ping_status":"open","sticky":false,"template":"","format":"standard","meta":{"_acf_changed":false,"footnotes":""},"categories":[56],"tags":[],"class_list":["post-5886","post","type-post","status-publish","format-standard","has-post-thumbnail","hentry","category-infoganadero"],"acf":[],"yoast_head":"<!-- This site is optimized with the Yoast SEO plugin v27.4 - https:\/\/yoast.com\/product\/yoast-seo-wordpress\/ -->\n<title>Subi\u00f3 en 2013 la producci\u00f3n de carne. | Proagro<\/title>\n<meta name=\"robots\" content=\"index, follow, max-snippet:-1, max-image-preview:large, max-video-preview:-1\" \/>\n<link rel=\"canonical\" href=\"https:\/\/proagrolab.com.ar\/en\/subio-en-2013-la-produccion-de-carne\/\" \/>\n<meta property=\"og:locale\" content=\"en_US\" \/>\n<meta property=\"og:type\" content=\"article\" \/>\n<meta property=\"og:title\" content=\"Subi\u00f3 en 2013 la producci\u00f3n de carne. | Proagro\" \/>\n<meta property=\"og:description\" content=\"Creci\u00f3 10,3%; tambi\u00e9n lo hizo el consumo. La producci\u00f3n y el consumo de carne crecieron en 2013 un 10,3 y un 9,4 por ciento, respectivamente, en comparaci\u00f3n con 2012, seg\u00fan un informe de la C\u00e1mara de la Industria y el Comercio de Carnes de la Rep\u00fablica Argentina (Ciccra). Adem\u00e1s, la faena se increment\u00f3 11,5 por ciento, con un total de 12,7 millones de cabezas faenadas. No obstante, el informe alert\u00f3 sobre que en diciembre pasado la faena de hembras lleg\u00f3 a 46 por ciento, lo que significa que los ganaderos se est\u00e1n desprendiendo de las vacas. Eso limitar\u00e1 la cantidad de novillos en los pr\u00f3ximos a\u00f1os. Un factor que est\u00e1 impulsando el alza de los env\u00edos de hacienda a faena es la sequ\u00eda que afecta a zonas clave de la ganader\u00eda de cr\u00eda, como la cuenca del Salado. Seg\u00fan el informe, las exportaciones de 2013 tambi\u00e9n subieron 8,9% respecto de 2012, para alcanzar las 195.000 toneladas de res con hueso. Por primera vez en tres a\u00f1os las exportaciones suben, aunque &#8220;en t\u00e9rminos hist\u00f3ricos la presencia de la carne argentina en las g\u00f3ndolas del mundo fue de las m\u00e1s pobres de la historia&#8221;, destac\u00f3 el trabajo. Ciccra calcul\u00f3 que ese volumen [&hellip;]\" \/>\n<meta property=\"og:url\" content=\"https:\/\/proagrolab.com.ar\/subio-en-2013-la-produccion-de-carne\/\" \/>\n<meta property=\"og:site_name\" content=\"Proagro\" \/>\n<meta property=\"article:publisher\" content=\"http:\/\/www.facebook.com\/proagrolab\" \/>\n<meta property=\"article:published_time\" content=\"2014-01-16T00:00:01+00:00\" \/>\n<meta property=\"og:image\" content=\"https:\/\/proagrolab.com.ar\/wp-content\/uploads\/2015\/01\/g_3uxzfs02a__Frigor\u00edfico-3.jpg\" \/>\n\t<meta property=\"og:image:width\" content=\"1\" \/>\n\t<meta property=\"og:image:height\" content=\"1\" \/>\n\t<meta property=\"og:image:type\" content=\"image\/jpeg\" \/>\n<meta name=\"author\" content=\"proagrolab\" \/>\n<meta name=\"twitter:card\" content=\"summary_large_image\" \/>\n<meta name=\"twitter:label1\" content=\"Written by\" \/>\n\t<meta name=\"twitter:data1\" content=\"proagrolab\" \/>\n\t<meta name=\"twitter:label2\" content=\"Est. reading time\" \/>\n\t<meta name=\"twitter:data2\" content=\"2 minutes\" \/>\n<script type=\"application\/ld+json\" class=\"yoast-schema-graph\">{\"@context\":\"https:\\\/\\\/schema.org\",\"@graph\":[{\"@type\":\"Article\",\"@id\":\"https:\\\/\\\/proagrolab.com.ar\\\/subio-en-2013-la-produccion-de-carne\\\/#article\",\"isPartOf\":{\"@id\":\"https:\\\/\\\/proagrolab.com.ar\\\/subio-en-2013-la-produccion-de-carne\\\/\"},\"author\":{\"name\":\"proagrolab\",\"@id\":\"https:\\\/\\\/proagrolab.com.ar\\\/#\\\/schema\\\/person\\\/38003ff90bf80381f71c7d922d207444\"},\"headline\":\"Subi\u00f3 en 2013 la producci\u00f3n de carne.\",\"datePublished\":\"2014-01-16T00:00:01+00:00\",\"mainEntityOfPage\":{\"@id\":\"https:\\\/\\\/proagrolab.com.ar\\\/subio-en-2013-la-produccion-de-carne\\\/\"},\"wordCount\":393,\"publisher\":{\"@id\":\"https:\\\/\\\/proagrolab.com.ar\\\/#organization\"},\"image\":{\"@id\":\"https:\\\/\\\/proagrolab.com.ar\\\/subio-en-2013-la-produccion-de-carne\\\/#primaryimage\"},\"thumbnailUrl\":\"https:\\\/\\\/proagrolab.com.ar\\\/wp-content\\\/uploads\\\/2015\\\/01\\\/g_3uxzfs02a__Frigor\u00edfico-3.jpg\",\"articleSection\":[\"News\"],\"inLanguage\":\"en-US\"},{\"@type\":\"WebPage\",\"@id\":\"https:\\\/\\\/proagrolab.com.ar\\\/subio-en-2013-la-produccion-de-carne\\\/\",\"url\":\"https:\\\/\\\/proagrolab.com.ar\\\/subio-en-2013-la-produccion-de-carne\\\/\",\"name\":\"Subi\u00f3 en 2013 la producci\u00f3n de carne. | Proagro\",\"isPartOf\":{\"@id\":\"https:\\\/\\\/proagrolab.com.ar\\\/#website\"},\"primaryImageOfPage\":{\"@id\":\"https:\\\/\\\/proagrolab.com.ar\\\/subio-en-2013-la-produccion-de-carne\\\/#primaryimage\"},\"image\":{\"@id\":\"https:\\\/\\\/proagrolab.com.ar\\\/subio-en-2013-la-produccion-de-carne\\\/#primaryimage\"},\"thumbnailUrl\":\"https:\\\/\\\/proagrolab.com.ar\\\/wp-content\\\/uploads\\\/2015\\\/01\\\/g_3uxzfs02a__Frigor\u00edfico-3.jpg\",\"datePublished\":\"2014-01-16T00:00:01+00:00\",\"breadcrumb\":{\"@id\":\"https:\\\/\\\/proagrolab.com.ar\\\/subio-en-2013-la-produccion-de-carne\\\/#breadcrumb\"},\"inLanguage\":\"en-US\",\"potentialAction\":[{\"@type\":\"ReadAction\",\"target\":[\"https:\\\/\\\/proagrolab.com.ar\\\/subio-en-2013-la-produccion-de-carne\\\/\"]}]},{\"@type\":\"ImageObject\",\"inLanguage\":\"en-US\",\"@id\":\"https:\\\/\\\/proagrolab.com.ar\\\/subio-en-2013-la-produccion-de-carne\\\/#primaryimage\",\"url\":\"https:\\\/\\\/proagrolab.com.ar\\\/wp-content\\\/uploads\\\/2015\\\/01\\\/g_3uxzfs02a__Frigor\u00edfico-3.jpg\",\"contentUrl\":\"https:\\\/\\\/proagrolab.com.ar\\\/wp-content\\\/uploads\\\/2015\\\/01\\\/g_3uxzfs02a__Frigor\u00edfico-3.jpg\"},{\"@type\":\"BreadcrumbList\",\"@id\":\"https:\\\/\\\/proagrolab.com.ar\\\/subio-en-2013-la-produccion-de-carne\\\/#breadcrumb\",\"itemListElement\":[{\"@type\":\"ListItem\",\"position\":1,\"name\":\"Portada\",\"item\":\"https:\\\/\\\/proagrolab.com.ar\\\/\"},{\"@type\":\"ListItem\",\"position\":2,\"name\":\"Subi\u00f3 en 2013 la producci\u00f3n de carne.\"}]},{\"@type\":\"WebSite\",\"@id\":\"https:\\\/\\\/proagrolab.com.ar\\\/#website\",\"url\":\"https:\\\/\\\/proagrolab.com.ar\\\/\",\"name\":\"Proagro Laboratorio Veterinario\",\"description\":\"Veterinary laboratory\",\"publisher\":{\"@id\":\"https:\\\/\\\/proagrolab.com.ar\\\/#organization\"},\"potentialAction\":[{\"@type\":\"SearchAction\",\"target\":{\"@type\":\"EntryPoint\",\"urlTemplate\":\"https:\\\/\\\/proagrolab.com.ar\\\/?s={search_term_string}\"},\"query-input\":{\"@type\":\"PropertyValueSpecification\",\"valueRequired\":true,\"valueName\":\"search_term_string\"}}],\"inLanguage\":\"en-US\"},{\"@type\":\"Organization\",\"@id\":\"https:\\\/\\\/proagrolab.com.ar\\\/#organization\",\"name\":\"Proagro\",\"url\":\"https:\\\/\\\/proagrolab.com.ar\\\/\",\"logo\":{\"@type\":\"ImageObject\",\"inLanguage\":\"en-US\",\"@id\":\"https:\\\/\\\/proagrolab.com.ar\\\/#\\\/schema\\\/logo\\\/image\\\/\",\"url\":\"https:\\\/\\\/proagrolab.com.ar\\\/wp-content\\\/uploads\\\/2020\\\/04\\\/logo-retina.png\",\"contentUrl\":\"https:\\\/\\\/proagrolab.com.ar\\\/wp-content\\\/uploads\\\/2020\\\/04\\\/logo-retina.png\",\"width\":478,\"height\":120,\"caption\":\"Proagro\"},\"image\":{\"@id\":\"https:\\\/\\\/proagrolab.com.ar\\\/#\\\/schema\\\/logo\\\/image\\\/\"},\"sameAs\":[\"http:\\\/\\\/www.facebook.com\\\/proagrolab\",\"https:\\\/\\\/www.instagram.com\\\/proagrolab\\\/\",\"https:\\\/\\\/www.linkedin.com\\\/company\\\/laboratorio-proagro-s-a\\\/\"]},{\"@type\":\"Person\",\"@id\":\"https:\\\/\\\/proagrolab.com.ar\\\/#\\\/schema\\\/person\\\/38003ff90bf80381f71c7d922d207444\",\"name\":\"proagrolab\"}]}<\/script>\n<!-- \/ Yoast SEO plugin. -->","yoast_head_json":{"title":"Subi\u00f3 en 2013 la producci\u00f3n de carne. | Proagro","robots":{"index":"index","follow":"follow","max-snippet":"max-snippet:-1","max-image-preview":"max-image-preview:large","max-video-preview":"max-video-preview:-1"},"canonical":"https:\/\/proagrolab.com.ar\/en\/subio-en-2013-la-produccion-de-carne\/","og_locale":"en_US","og_type":"article","og_title":"Subi\u00f3 en 2013 la producci\u00f3n de carne. | Proagro","og_description":"Creci\u00f3 10,3%; tambi\u00e9n lo hizo el consumo. La producci\u00f3n y el consumo de carne crecieron en 2013 un 10,3 y un 9,4 por ciento, respectivamente, en comparaci\u00f3n con 2012, seg\u00fan un informe de la C\u00e1mara de la Industria y el Comercio de Carnes de la Rep\u00fablica Argentina (Ciccra). Adem\u00e1s, la faena se increment\u00f3 11,5 por ciento, con un total de 12,7 millones de cabezas faenadas. No obstante, el informe alert\u00f3 sobre que en diciembre pasado la faena de hembras lleg\u00f3 a 46 por ciento, lo que significa que los ganaderos se est\u00e1n desprendiendo de las vacas. Eso limitar\u00e1 la cantidad de novillos en los pr\u00f3ximos a\u00f1os. Un factor que est\u00e1 impulsando el alza de los env\u00edos de hacienda a faena es la sequ\u00eda que afecta a zonas clave de la ganader\u00eda de cr\u00eda, como la cuenca del Salado. Seg\u00fan el informe, las exportaciones de 2013 tambi\u00e9n subieron 8,9% respecto de 2012, para alcanzar las 195.000 toneladas de res con hueso. Por primera vez en tres a\u00f1os las exportaciones suben, aunque &#8220;en t\u00e9rminos hist\u00f3ricos la presencia de la carne argentina en las g\u00f3ndolas del mundo fue de las m\u00e1s pobres de la historia&#8221;, destac\u00f3 el trabajo. Ciccra calcul\u00f3 que ese volumen [&hellip;]","og_url":"https:\/\/proagrolab.com.ar\/subio-en-2013-la-produccion-de-carne\/","og_site_name":"Proagro","article_publisher":"http:\/\/www.facebook.com\/proagrolab","article_published_time":"2014-01-16T00:00:01+00:00","og_image":[{"url":"https:\/\/proagrolab.com.ar\/wp-content\/uploads\/2015\/01\/g_3uxzfs02a__Frigor\u00edfico-3.jpg","width":1,"height":1,"type":"image\/jpeg"}],"author":"proagrolab","twitter_card":"summary_large_image","twitter_misc":{"Written by":"proagrolab","Est. reading time":"2 minutes"},"schema":{"@context":"https:\/\/schema.org","@graph":[{"@type":"Article","@id":"https:\/\/proagrolab.com.ar\/subio-en-2013-la-produccion-de-carne\/#article","isPartOf":{"@id":"https:\/\/proagrolab.com.ar\/subio-en-2013-la-produccion-de-carne\/"},"author":{"name":"proagrolab","@id":"https:\/\/proagrolab.com.ar\/#\/schema\/person\/38003ff90bf80381f71c7d922d207444"},"headline":"Subi\u00f3 en 2013 la producci\u00f3n de carne.","datePublished":"2014-01-16T00:00:01+00:00","mainEntityOfPage":{"@id":"https:\/\/proagrolab.com.ar\/subio-en-2013-la-produccion-de-carne\/"},"wordCount":393,"publisher":{"@id":"https:\/\/proagrolab.com.ar\/#organization"},"image":{"@id":"https:\/\/proagrolab.com.ar\/subio-en-2013-la-produccion-de-carne\/#primaryimage"},"thumbnailUrl":"https:\/\/proagrolab.com.ar\/wp-content\/uploads\/2015\/01\/g_3uxzfs02a__Frigor\u00edfico-3.jpg","articleSection":["News"],"inLanguage":"en-US"},{"@type":"WebPage","@id":"https:\/\/proagrolab.com.ar\/subio-en-2013-la-produccion-de-carne\/","url":"https:\/\/proagrolab.com.ar\/subio-en-2013-la-produccion-de-carne\/","name":"Subi\u00f3 en 2013 la producci\u00f3n de carne. | Proagro","isPartOf":{"@id":"https:\/\/proagrolab.com.ar\/#website"},"primaryImageOfPage":{"@id":"https:\/\/proagrolab.com.ar\/subio-en-2013-la-produccion-de-carne\/#primaryimage"},"image":{"@id":"https:\/\/proagrolab.com.ar\/subio-en-2013-la-produccion-de-carne\/#primaryimage"},"thumbnailUrl":"https:\/\/proagrolab.com.ar\/wp-content\/uploads\/2015\/01\/g_3uxzfs02a__Frigor\u00edfico-3.jpg","datePublished":"2014-01-16T00:00:01+00:00","breadcrumb":{"@id":"https:\/\/proagrolab.com.ar\/subio-en-2013-la-produccion-de-carne\/#breadcrumb"},"inLanguage":"en-US","potentialAction":[{"@type":"ReadAction","target":["https:\/\/proagrolab.com.ar\/subio-en-2013-la-produccion-de-carne\/"]}]},{"@type":"ImageObject","inLanguage":"en-US","@id":"https:\/\/proagrolab.com.ar\/subio-en-2013-la-produccion-de-carne\/#primaryimage","url":"https:\/\/proagrolab.com.ar\/wp-content\/uploads\/2015\/01\/g_3uxzfs02a__Frigor\u00edfico-3.jpg","contentUrl":"https:\/\/proagrolab.com.ar\/wp-content\/uploads\/2015\/01\/g_3uxzfs02a__Frigor\u00edfico-3.jpg"},{"@type":"BreadcrumbList","@id":"https:\/\/proagrolab.com.ar\/subio-en-2013-la-produccion-de-carne\/#breadcrumb","itemListElement":[{"@type":"ListItem","position":1,"name":"Portada","item":"https:\/\/proagrolab.com.ar\/"},{"@type":"ListItem","position":2,"name":"Subi\u00f3 en 2013 la producci\u00f3n de carne."}]},{"@type":"WebSite","@id":"https:\/\/proagrolab.com.ar\/#website","url":"https:\/\/proagrolab.com.ar\/","name":"Proagro Laboratorio Veterinario","description":"Veterinary laboratory","publisher":{"@id":"https:\/\/proagrolab.com.ar\/#organization"},"potentialAction":[{"@type":"SearchAction","target":{"@type":"EntryPoint","urlTemplate":"https:\/\/proagrolab.com.ar\/?s={search_term_string}"},"query-input":{"@type":"PropertyValueSpecification","valueRequired":true,"valueName":"search_term_string"}}],"inLanguage":"en-US"},{"@type":"Organization","@id":"https:\/\/proagrolab.com.ar\/#organization","name":"Proagro","url":"https:\/\/proagrolab.com.ar\/","logo":{"@type":"ImageObject","inLanguage":"en-US","@id":"https:\/\/proagrolab.com.ar\/#\/schema\/logo\/image\/","url":"https:\/\/proagrolab.com.ar\/wp-content\/uploads\/2020\/04\/logo-retina.png","contentUrl":"https:\/\/proagrolab.com.ar\/wp-content\/uploads\/2020\/04\/logo-retina.png","width":478,"height":120,"caption":"Proagro"},"image":{"@id":"https:\/\/proagrolab.com.ar\/#\/schema\/logo\/image\/"},"sameAs":["http:\/\/www.facebook.com\/proagrolab","https:\/\/www.instagram.com\/proagrolab\/","https:\/\/www.linkedin.com\/company\/laboratorio-proagro-s-a\/"]},{"@type":"Person","@id":"https:\/\/proagrolab.com.ar\/#\/schema\/person\/38003ff90bf80381f71c7d922d207444","name":"proagrolab"}]}},"_links":{"self":[{"href":"https:\/\/proagrolab.com.ar\/en\/wp-json\/wp\/v2\/posts\/5886","targetHints":{"allow":["GET"]}}],"collection":[{"href":"https:\/\/proagrolab.com.ar\/en\/wp-json\/wp\/v2\/posts"}],"about":[{"href":"https:\/\/proagrolab.com.ar\/en\/wp-json\/wp\/v2\/types\/post"}],"author":[{"embeddable":true,"href":"https:\/\/proagrolab.com.ar\/en\/wp-json\/wp\/v2\/users\/2"}],"replies":[{"embeddable":true,"href":"https:\/\/proagrolab.com.ar\/en\/wp-json\/wp\/v2\/comments?post=5886"}],"version-history":[{"count":0,"href":"https:\/\/proagrolab.com.ar\/en\/wp-json\/wp\/v2\/posts\/5886\/revisions"}],"wp:featuredmedia":[{"embeddable":true,"href":"https:\/\/proagrolab.com.ar\/en\/wp-json\/wp\/v2\/media\/2372"}],"wp:attachment":[{"href":"https:\/\/proagrolab.com.ar\/en\/wp-json\/wp\/v2\/media?parent=5886"}],"wp:term":[{"taxonomy":"category","embeddable":true,"href":"https:\/\/proagrolab.com.ar\/en\/wp-json\/wp\/v2\/categories?post=5886"},{"taxonomy":"post_tag","embeddable":true,"href":"https:\/\/proagrolab.com.ar\/en\/wp-json\/wp\/v2\/tags?post=5886"}],"curies":[{"name":"wp","href":"https:\/\/api.w.org\/{rel}","templated":true}]}}