{"id":5884,"date":"2013-12-20T00:00:01","date_gmt":"2013-12-20T00:00:01","guid":{"rendered":"https:\/\/proagrolab.com.ar\/el-suero-sera-convertido-en-un-concentrado-proteico\/"},"modified":"2013-12-20T00:00:01","modified_gmt":"2013-12-20T00:00:01","slug":"el-suero-sera-convertido-en-un-concentrado-proteico","status":"publish","type":"post","link":"https:\/\/proagrolab.com.ar\/en\/el-suero-sera-convertido-en-un-concentrado-proteico\/","title":{"rendered":"El suero ser\u00e1 convertido en un concentrado proteico."},"content":{"rendered":"<p class=\"qtranxs-available-languages-message qtranxs-available-languages-message-en\"> <\/p><p>La Confederaci\u00f3n Econ\u00f3mica de la Provincia de Buenos Aires (CEPBA), la Asociaci\u00f3n de Peque\u00f1as y Medianas Empresas L\u00e1cteas (APYMEL), varios organismos cient\u00edficos oficiales y algunas universidades realizaron un convenio para que peque\u00f1as y medianas empresas procesadoras de leche tratar\u00e1n sus afluentes industriales para reconvertirlos en materia prima de alto valor econ\u00f3mico, a partir de aplicar la innovaci\u00f3n tecnol\u00f3gica al sector, a la que s\u00f3lo ten\u00edan acceso las grandes industrias.<\/p>\n<p>A partir de un convenio se desarrollar\u00e1 una Unidad de Concentraci\u00f3n de Suero L\u00e1cteo (U.C.S.L) para plantas que procesan entre 10.000 a 20.000 litros diarios, que reutilizar\u00e1 con fines alimenticios el suero que era desechado y contribuir\u00e1 a la protecci\u00f3n del medio ambiente, seg\u00fan explic\u00f3 la CEPBA en un comunicado.La puesta en marcha de este proyecto beneficiar\u00e1 a 187 plantas nucleadas en APYMEL y podr\u00e1 extenderse a un n\u00famero superior a las 500 en la misma situaci\u00f3n ambiental del interior bonaerense.<\/p>\n<p>La propuesta permitir\u00e1 extraer del suero un concentrado proteico, que tiene alto un valor de mercado que supera los 6.000 d\u00f3lares por tonelada, con una demanda en alza por parte de las industrias farmac\u00e9uticas, alimenticias y alimentos balanceados para animales.Participan de esta iniciativa, que agrega un eslab\u00f3n m\u00e1s de valor a la industria lechera, el Centro de Investigaci\u00f3n y Desarrollo en Criotecnolog\u00eda de Alimentos; la Universidad Tecnol\u00f3gica Nacional (UTN) Regional La Plata; la UTN Regional Avellaneda y la Universidad Nacional de La Plata (UNLP).<\/p>\n<p>Fuente: Infortambo, 18 de diciembre.<br \/><\/p>","protected":false},"excerpt":{"rendered":"<p>La Confederaci\u00f3n Econ\u00f3mica de la Provincia de Buenos Aires (CEPBA), la Asociaci\u00f3n de Peque\u00f1as y Medianas Empresas L\u00e1cteas (APYMEL), varios organismos cient\u00edficos oficiales y algunas universidades realizaron un convenio para que peque\u00f1as y medianas empresas procesadoras de leche tratar\u00e1n sus afluentes industriales para reconvertirlos en materia prima de alto valor econ\u00f3mico, a partir de aplicar la innovaci\u00f3n tecnol\u00f3gica al sector, a la que s\u00f3lo ten\u00edan acceso las grandes industrias. A partir de un convenio se desarrollar\u00e1 una Unidad de Concentraci\u00f3n de Suero L\u00e1cteo (U.C.S.L) para plantas que procesan entre 10.000 a 20.000 litros diarios, que reutilizar\u00e1 con fines alimenticios el suero que era desechado y contribuir\u00e1 a la protecci\u00f3n del medio ambiente, seg\u00fan explic\u00f3 la CEPBA en un comunicado.La puesta en marcha de este proyecto beneficiar\u00e1 a 187 plantas nucleadas en APYMEL y podr\u00e1 extenderse a un n\u00famero superior a las 500 en la misma situaci\u00f3n ambiental del interior bonaerense. La propuesta permitir\u00e1 extraer del suero un concentrado proteico, que tiene alto un valor de mercado que supera los 6.000 d\u00f3lares por tonelada, con una demanda en alza por parte de las industrias farmac\u00e9uticas, alimenticias y alimentos balanceados para animales.Participan de esta iniciativa, que agrega un eslab\u00f3n m\u00e1s de valor [&hellip;]<\/p>\n","protected":false},"author":2,"featured_media":2370,"comment_status":"closed","ping_status":"open","sticky":false,"template":"","format":"standard","meta":{"_acf_changed":false,"footnotes":""},"categories":[56],"tags":[],"class_list":["post-5884","post","type-post","status-publish","format-standard","has-post-thumbnail","hentry","category-infoganadero"],"acf":[],"yoast_head":"<!-- This site is optimized with the Yoast SEO plugin v27.4 - https:\/\/yoast.com\/product\/yoast-seo-wordpress\/ -->\n<title>El suero ser\u00e1 convertido en un concentrado proteico. | Proagro<\/title>\n<meta name=\"robots\" content=\"index, follow, max-snippet:-1, max-image-preview:large, max-video-preview:-1\" \/>\n<link rel=\"canonical\" href=\"https:\/\/proagrolab.com.ar\/en\/el-suero-sera-convertido-en-un-concentrado-proteico\/\" \/>\n<meta property=\"og:locale\" content=\"en_US\" \/>\n<meta property=\"og:type\" content=\"article\" \/>\n<meta property=\"og:title\" content=\"El suero ser\u00e1 convertido en un concentrado proteico. | Proagro\" \/>\n<meta property=\"og:description\" content=\"La Confederaci\u00f3n Econ\u00f3mica de la Provincia de Buenos Aires (CEPBA), la Asociaci\u00f3n de Peque\u00f1as y Medianas Empresas L\u00e1cteas (APYMEL), varios organismos cient\u00edficos oficiales y algunas universidades realizaron un convenio para que peque\u00f1as y medianas empresas procesadoras de leche tratar\u00e1n sus afluentes industriales para reconvertirlos en materia prima de alto valor econ\u00f3mico, a partir de aplicar la innovaci\u00f3n tecnol\u00f3gica al sector, a la que s\u00f3lo ten\u00edan acceso las grandes industrias. A partir de un convenio se desarrollar\u00e1 una Unidad de Concentraci\u00f3n de Suero L\u00e1cteo (U.C.S.L) para plantas que procesan entre 10.000 a 20.000 litros diarios, que reutilizar\u00e1 con fines alimenticios el suero que era desechado y contribuir\u00e1 a la protecci\u00f3n del medio ambiente, seg\u00fan explic\u00f3 la CEPBA en un comunicado.La puesta en marcha de este proyecto beneficiar\u00e1 a 187 plantas nucleadas en APYMEL y podr\u00e1 extenderse a un n\u00famero superior a las 500 en la misma situaci\u00f3n ambiental del interior bonaerense. La propuesta permitir\u00e1 extraer del suero un concentrado proteico, que tiene alto un valor de mercado que supera los 6.000 d\u00f3lares por tonelada, con una demanda en alza por parte de las industrias farmac\u00e9uticas, alimenticias y alimentos balanceados para animales.Participan de esta iniciativa, que agrega un eslab\u00f3n m\u00e1s de valor [&hellip;]\" \/>\n<meta property=\"og:url\" content=\"https:\/\/proagrolab.com.ar\/el-suero-sera-convertido-en-un-concentrado-proteico\/\" \/>\n<meta property=\"og:site_name\" content=\"Proagro\" \/>\n<meta property=\"article:publisher\" content=\"http:\/\/www.facebook.com\/proagrolab\" \/>\n<meta property=\"article:published_time\" content=\"2013-12-20T00:00:01+00:00\" \/>\n<meta property=\"og:image\" content=\"https:\/\/proagrolab.com.ar\/wp-content\/uploads\/2015\/01\/g_pppt6ko2i__Lecheras-19.jpg\" \/>\n\t<meta property=\"og:image:width\" content=\"450\" \/>\n\t<meta property=\"og:image:height\" content=\"208\" \/>\n\t<meta property=\"og:image:type\" content=\"image\/jpeg\" \/>\n<meta name=\"author\" content=\"proagrolab\" \/>\n<meta name=\"twitter:card\" content=\"summary_large_image\" \/>\n<meta name=\"twitter:label1\" content=\"Written by\" \/>\n\t<meta name=\"twitter:data1\" content=\"proagrolab\" \/>\n\t<meta name=\"twitter:label2\" content=\"Est. reading time\" \/>\n\t<meta name=\"twitter:data2\" content=\"1 minute\" \/>\n<script type=\"application\/ld+json\" class=\"yoast-schema-graph\">{\"@context\":\"https:\\\/\\\/schema.org\",\"@graph\":[{\"@type\":\"Article\",\"@id\":\"https:\\\/\\\/proagrolab.com.ar\\\/el-suero-sera-convertido-en-un-concentrado-proteico\\\/#article\",\"isPartOf\":{\"@id\":\"https:\\\/\\\/proagrolab.com.ar\\\/el-suero-sera-convertido-en-un-concentrado-proteico\\\/\"},\"author\":{\"name\":\"proagrolab\",\"@id\":\"https:\\\/\\\/proagrolab.com.ar\\\/#\\\/schema\\\/person\\\/38003ff90bf80381f71c7d922d207444\"},\"headline\":\"El suero ser\u00e1 convertido en un concentrado proteico.\",\"datePublished\":\"2013-12-20T00:00:01+00:00\",\"mainEntityOfPage\":{\"@id\":\"https:\\\/\\\/proagrolab.com.ar\\\/el-suero-sera-convertido-en-un-concentrado-proteico\\\/\"},\"wordCount\":272,\"publisher\":{\"@id\":\"https:\\\/\\\/proagrolab.com.ar\\\/#organization\"},\"image\":{\"@id\":\"https:\\\/\\\/proagrolab.com.ar\\\/el-suero-sera-convertido-en-un-concentrado-proteico\\\/#primaryimage\"},\"thumbnailUrl\":\"https:\\\/\\\/proagrolab.com.ar\\\/wp-content\\\/uploads\\\/2015\\\/01\\\/g_pppt6ko2i__Lecheras-19.jpg\",\"articleSection\":[\"News\"],\"inLanguage\":\"en-US\"},{\"@type\":\"WebPage\",\"@id\":\"https:\\\/\\\/proagrolab.com.ar\\\/el-suero-sera-convertido-en-un-concentrado-proteico\\\/\",\"url\":\"https:\\\/\\\/proagrolab.com.ar\\\/el-suero-sera-convertido-en-un-concentrado-proteico\\\/\",\"name\":\"El suero ser\u00e1 convertido en un concentrado proteico. | Proagro\",\"isPartOf\":{\"@id\":\"https:\\\/\\\/proagrolab.com.ar\\\/#website\"},\"primaryImageOfPage\":{\"@id\":\"https:\\\/\\\/proagrolab.com.ar\\\/el-suero-sera-convertido-en-un-concentrado-proteico\\\/#primaryimage\"},\"image\":{\"@id\":\"https:\\\/\\\/proagrolab.com.ar\\\/el-suero-sera-convertido-en-un-concentrado-proteico\\\/#primaryimage\"},\"thumbnailUrl\":\"https:\\\/\\\/proagrolab.com.ar\\\/wp-content\\\/uploads\\\/2015\\\/01\\\/g_pppt6ko2i__Lecheras-19.jpg\",\"datePublished\":\"2013-12-20T00:00:01+00:00\",\"breadcrumb\":{\"@id\":\"https:\\\/\\\/proagrolab.com.ar\\\/el-suero-sera-convertido-en-un-concentrado-proteico\\\/#breadcrumb\"},\"inLanguage\":\"en-US\",\"potentialAction\":[{\"@type\":\"ReadAction\",\"target\":[\"https:\\\/\\\/proagrolab.com.ar\\\/el-suero-sera-convertido-en-un-concentrado-proteico\\\/\"]}]},{\"@type\":\"ImageObject\",\"inLanguage\":\"en-US\",\"@id\":\"https:\\\/\\\/proagrolab.com.ar\\\/el-suero-sera-convertido-en-un-concentrado-proteico\\\/#primaryimage\",\"url\":\"https:\\\/\\\/proagrolab.com.ar\\\/wp-content\\\/uploads\\\/2015\\\/01\\\/g_pppt6ko2i__Lecheras-19.jpg\",\"contentUrl\":\"https:\\\/\\\/proagrolab.com.ar\\\/wp-content\\\/uploads\\\/2015\\\/01\\\/g_pppt6ko2i__Lecheras-19.jpg\",\"width\":450,\"height\":208},{\"@type\":\"BreadcrumbList\",\"@id\":\"https:\\\/\\\/proagrolab.com.ar\\\/el-suero-sera-convertido-en-un-concentrado-proteico\\\/#breadcrumb\",\"itemListElement\":[{\"@type\":\"ListItem\",\"position\":1,\"name\":\"Portada\",\"item\":\"https:\\\/\\\/proagrolab.com.ar\\\/\"},{\"@type\":\"ListItem\",\"position\":2,\"name\":\"El suero ser\u00e1 convertido en un concentrado proteico.\"}]},{\"@type\":\"WebSite\",\"@id\":\"https:\\\/\\\/proagrolab.com.ar\\\/#website\",\"url\":\"https:\\\/\\\/proagrolab.com.ar\\\/\",\"name\":\"Proagro Laboratorio Veterinario\",\"description\":\"Veterinary laboratory\",\"publisher\":{\"@id\":\"https:\\\/\\\/proagrolab.com.ar\\\/#organization\"},\"potentialAction\":[{\"@type\":\"SearchAction\",\"target\":{\"@type\":\"EntryPoint\",\"urlTemplate\":\"https:\\\/\\\/proagrolab.com.ar\\\/?s={search_term_string}\"},\"query-input\":{\"@type\":\"PropertyValueSpecification\",\"valueRequired\":true,\"valueName\":\"search_term_string\"}}],\"inLanguage\":\"en-US\"},{\"@type\":\"Organization\",\"@id\":\"https:\\\/\\\/proagrolab.com.ar\\\/#organization\",\"name\":\"Proagro\",\"url\":\"https:\\\/\\\/proagrolab.com.ar\\\/\",\"logo\":{\"@type\":\"ImageObject\",\"inLanguage\":\"en-US\",\"@id\":\"https:\\\/\\\/proagrolab.com.ar\\\/#\\\/schema\\\/logo\\\/image\\\/\",\"url\":\"https:\\\/\\\/proagrolab.com.ar\\\/wp-content\\\/uploads\\\/2020\\\/04\\\/logo-retina.png\",\"contentUrl\":\"https:\\\/\\\/proagrolab.com.ar\\\/wp-content\\\/uploads\\\/2020\\\/04\\\/logo-retina.png\",\"width\":478,\"height\":120,\"caption\":\"Proagro\"},\"image\":{\"@id\":\"https:\\\/\\\/proagrolab.com.ar\\\/#\\\/schema\\\/logo\\\/image\\\/\"},\"sameAs\":[\"http:\\\/\\\/www.facebook.com\\\/proagrolab\",\"https:\\\/\\\/www.instagram.com\\\/proagrolab\\\/\",\"https:\\\/\\\/www.linkedin.com\\\/company\\\/laboratorio-proagro-s-a\\\/\"]},{\"@type\":\"Person\",\"@id\":\"https:\\\/\\\/proagrolab.com.ar\\\/#\\\/schema\\\/person\\\/38003ff90bf80381f71c7d922d207444\",\"name\":\"proagrolab\"}]}<\/script>\n<!-- \/ Yoast SEO plugin. -->","yoast_head_json":{"title":"El suero ser\u00e1 convertido en un concentrado proteico. | Proagro","robots":{"index":"index","follow":"follow","max-snippet":"max-snippet:-1","max-image-preview":"max-image-preview:large","max-video-preview":"max-video-preview:-1"},"canonical":"https:\/\/proagrolab.com.ar\/en\/el-suero-sera-convertido-en-un-concentrado-proteico\/","og_locale":"en_US","og_type":"article","og_title":"El suero ser\u00e1 convertido en un concentrado proteico. | Proagro","og_description":"La Confederaci\u00f3n Econ\u00f3mica de la Provincia de Buenos Aires (CEPBA), la Asociaci\u00f3n de Peque\u00f1as y Medianas Empresas L\u00e1cteas (APYMEL), varios organismos cient\u00edficos oficiales y algunas universidades realizaron un convenio para que peque\u00f1as y medianas empresas procesadoras de leche tratar\u00e1n sus afluentes industriales para reconvertirlos en materia prima de alto valor econ\u00f3mico, a partir de aplicar la innovaci\u00f3n tecnol\u00f3gica al sector, a la que s\u00f3lo ten\u00edan acceso las grandes industrias. A partir de un convenio se desarrollar\u00e1 una Unidad de Concentraci\u00f3n de Suero L\u00e1cteo (U.C.S.L) para plantas que procesan entre 10.000 a 20.000 litros diarios, que reutilizar\u00e1 con fines alimenticios el suero que era desechado y contribuir\u00e1 a la protecci\u00f3n del medio ambiente, seg\u00fan explic\u00f3 la CEPBA en un comunicado.La puesta en marcha de este proyecto beneficiar\u00e1 a 187 plantas nucleadas en APYMEL y podr\u00e1 extenderse a un n\u00famero superior a las 500 en la misma situaci\u00f3n ambiental del interior bonaerense. La propuesta permitir\u00e1 extraer del suero un concentrado proteico, que tiene alto un valor de mercado que supera los 6.000 d\u00f3lares por tonelada, con una demanda en alza por parte de las industrias farmac\u00e9uticas, alimenticias y alimentos balanceados para animales.Participan de esta iniciativa, que agrega un eslab\u00f3n m\u00e1s de valor [&hellip;]","og_url":"https:\/\/proagrolab.com.ar\/el-suero-sera-convertido-en-un-concentrado-proteico\/","og_site_name":"Proagro","article_publisher":"http:\/\/www.facebook.com\/proagrolab","article_published_time":"2013-12-20T00:00:01+00:00","og_image":[{"width":450,"height":208,"url":"https:\/\/proagrolab.com.ar\/wp-content\/uploads\/2015\/01\/g_pppt6ko2i__Lecheras-19.jpg","type":"image\/jpeg"}],"author":"proagrolab","twitter_card":"summary_large_image","twitter_misc":{"Written by":"proagrolab","Est. reading time":"1 minute"},"schema":{"@context":"https:\/\/schema.org","@graph":[{"@type":"Article","@id":"https:\/\/proagrolab.com.ar\/el-suero-sera-convertido-en-un-concentrado-proteico\/#article","isPartOf":{"@id":"https:\/\/proagrolab.com.ar\/el-suero-sera-convertido-en-un-concentrado-proteico\/"},"author":{"name":"proagrolab","@id":"https:\/\/proagrolab.com.ar\/#\/schema\/person\/38003ff90bf80381f71c7d922d207444"},"headline":"El suero ser\u00e1 convertido en un concentrado proteico.","datePublished":"2013-12-20T00:00:01+00:00","mainEntityOfPage":{"@id":"https:\/\/proagrolab.com.ar\/el-suero-sera-convertido-en-un-concentrado-proteico\/"},"wordCount":272,"publisher":{"@id":"https:\/\/proagrolab.com.ar\/#organization"},"image":{"@id":"https:\/\/proagrolab.com.ar\/el-suero-sera-convertido-en-un-concentrado-proteico\/#primaryimage"},"thumbnailUrl":"https:\/\/proagrolab.com.ar\/wp-content\/uploads\/2015\/01\/g_pppt6ko2i__Lecheras-19.jpg","articleSection":["News"],"inLanguage":"en-US"},{"@type":"WebPage","@id":"https:\/\/proagrolab.com.ar\/el-suero-sera-convertido-en-un-concentrado-proteico\/","url":"https:\/\/proagrolab.com.ar\/el-suero-sera-convertido-en-un-concentrado-proteico\/","name":"El suero ser\u00e1 convertido en un concentrado proteico. | Proagro","isPartOf":{"@id":"https:\/\/proagrolab.com.ar\/#website"},"primaryImageOfPage":{"@id":"https:\/\/proagrolab.com.ar\/el-suero-sera-convertido-en-un-concentrado-proteico\/#primaryimage"},"image":{"@id":"https:\/\/proagrolab.com.ar\/el-suero-sera-convertido-en-un-concentrado-proteico\/#primaryimage"},"thumbnailUrl":"https:\/\/proagrolab.com.ar\/wp-content\/uploads\/2015\/01\/g_pppt6ko2i__Lecheras-19.jpg","datePublished":"2013-12-20T00:00:01+00:00","breadcrumb":{"@id":"https:\/\/proagrolab.com.ar\/el-suero-sera-convertido-en-un-concentrado-proteico\/#breadcrumb"},"inLanguage":"en-US","potentialAction":[{"@type":"ReadAction","target":["https:\/\/proagrolab.com.ar\/el-suero-sera-convertido-en-un-concentrado-proteico\/"]}]},{"@type":"ImageObject","inLanguage":"en-US","@id":"https:\/\/proagrolab.com.ar\/el-suero-sera-convertido-en-un-concentrado-proteico\/#primaryimage","url":"https:\/\/proagrolab.com.ar\/wp-content\/uploads\/2015\/01\/g_pppt6ko2i__Lecheras-19.jpg","contentUrl":"https:\/\/proagrolab.com.ar\/wp-content\/uploads\/2015\/01\/g_pppt6ko2i__Lecheras-19.jpg","width":450,"height":208},{"@type":"BreadcrumbList","@id":"https:\/\/proagrolab.com.ar\/el-suero-sera-convertido-en-un-concentrado-proteico\/#breadcrumb","itemListElement":[{"@type":"ListItem","position":1,"name":"Portada","item":"https:\/\/proagrolab.com.ar\/"},{"@type":"ListItem","position":2,"name":"El suero ser\u00e1 convertido en un concentrado proteico."}]},{"@type":"WebSite","@id":"https:\/\/proagrolab.com.ar\/#website","url":"https:\/\/proagrolab.com.ar\/","name":"Proagro Laboratorio Veterinario","description":"Veterinary laboratory","publisher":{"@id":"https:\/\/proagrolab.com.ar\/#organization"},"potentialAction":[{"@type":"SearchAction","target":{"@type":"EntryPoint","urlTemplate":"https:\/\/proagrolab.com.ar\/?s={search_term_string}"},"query-input":{"@type":"PropertyValueSpecification","valueRequired":true,"valueName":"search_term_string"}}],"inLanguage":"en-US"},{"@type":"Organization","@id":"https:\/\/proagrolab.com.ar\/#organization","name":"Proagro","url":"https:\/\/proagrolab.com.ar\/","logo":{"@type":"ImageObject","inLanguage":"en-US","@id":"https:\/\/proagrolab.com.ar\/#\/schema\/logo\/image\/","url":"https:\/\/proagrolab.com.ar\/wp-content\/uploads\/2020\/04\/logo-retina.png","contentUrl":"https:\/\/proagrolab.com.ar\/wp-content\/uploads\/2020\/04\/logo-retina.png","width":478,"height":120,"caption":"Proagro"},"image":{"@id":"https:\/\/proagrolab.com.ar\/#\/schema\/logo\/image\/"},"sameAs":["http:\/\/www.facebook.com\/proagrolab","https:\/\/www.instagram.com\/proagrolab\/","https:\/\/www.linkedin.com\/company\/laboratorio-proagro-s-a\/"]},{"@type":"Person","@id":"https:\/\/proagrolab.com.ar\/#\/schema\/person\/38003ff90bf80381f71c7d922d207444","name":"proagrolab"}]}},"_links":{"self":[{"href":"https:\/\/proagrolab.com.ar\/en\/wp-json\/wp\/v2\/posts\/5884","targetHints":{"allow":["GET"]}}],"collection":[{"href":"https:\/\/proagrolab.com.ar\/en\/wp-json\/wp\/v2\/posts"}],"about":[{"href":"https:\/\/proagrolab.com.ar\/en\/wp-json\/wp\/v2\/types\/post"}],"author":[{"embeddable":true,"href":"https:\/\/proagrolab.com.ar\/en\/wp-json\/wp\/v2\/users\/2"}],"replies":[{"embeddable":true,"href":"https:\/\/proagrolab.com.ar\/en\/wp-json\/wp\/v2\/comments?post=5884"}],"version-history":[{"count":0,"href":"https:\/\/proagrolab.com.ar\/en\/wp-json\/wp\/v2\/posts\/5884\/revisions"}],"wp:featuredmedia":[{"embeddable":true,"href":"https:\/\/proagrolab.com.ar\/en\/wp-json\/wp\/v2\/media\/2370"}],"wp:attachment":[{"href":"https:\/\/proagrolab.com.ar\/en\/wp-json\/wp\/v2\/media?parent=5884"}],"wp:term":[{"taxonomy":"category","embeddable":true,"href":"https:\/\/proagrolab.com.ar\/en\/wp-json\/wp\/v2\/categories?post=5884"},{"taxonomy":"post_tag","embeddable":true,"href":"https:\/\/proagrolab.com.ar\/en\/wp-json\/wp\/v2\/tags?post=5884"}],"curies":[{"name":"wp","href":"https:\/\/api.w.org\/{rel}","templated":true}]}}