{"id":5883,"date":"2013-12-20T00:00:01","date_gmt":"2013-12-20T00:00:01","guid":{"rendered":"https:\/\/proagrolab.com.ar\/las-dudas-no-se-despejan-para-la-exportacion\/"},"modified":"2013-12-20T00:00:01","modified_gmt":"2013-12-20T00:00:01","slug":"las-dudas-no-se-despejan-para-la-exportacion","status":"publish","type":"post","link":"https:\/\/proagrolab.com.ar\/en\/las-dudas-no-se-despejan-para-la-exportacion\/","title":{"rendered":"Las dudas no se despejan para la exportaci\u00f3n."},"content":{"rendered":"<p class=\"qtranxs-available-languages-message qtranxs-available-languages-message-en\"> <\/p><p>Por Ignacio Iriarte.<\/p>\n<p>La exportaci\u00f3n, a la cual se le atribuy\u00f3 cierto papel en el inicio de esta recuperaci\u00f3n de los precios, est\u00e1 peor que hace 45 d\u00edas.<\/p>\n<p>La tasa de devaluaci\u00f3n se ha acelerado, hasta acumular en diez semanas un siete por ciento, pero en el mismo lapso el novillo pesado ha subido 24 por ciento. Con el cambio de autoridades (Comercio, Agricultura), la eventual reducci\u00f3n de las retenciones y la restauraci\u00f3n de la devoluci\u00f3n de ciertos impuestos han quedado en un limbo. Se coment\u00f3 extraoficialmente que las nuevas autoridades, pasadas ciertas urgencias en otros campos de la econom\u00eda, volver\u00edan a tratar la mejora cambiaria para la carne vacuna.<\/p>\n<p>Debe observarse que la reciente suba del precio de la hacienda y de la carne no es el mejor contexto para intentar hablar de una mejora cambiaria. Todos piensan que de darse, podr\u00eda trasladarse r\u00e1pidamente al precio del ganado, en el marco de una fuerte escasez (estructural) de novillos y de una marcada escasez (estacional) de vacas.<\/p>\n<p>Las exportaciones argentinas mostraron a mediados de a\u00f1o una recuperaci\u00f3n, dentro de muy bajos niveles, creciendo los embarques hasta tocar un m\u00e1ximo de 21 mil toneladas res en el mes de agosto. A partir de ese momento, los embarques cayeron a 19 mil toneladas en septiembre y a 15 mil toneladas en octubre, estimando algunos industriales que hemos consultado que las ventas al exterior en noviembre y diciembre se ubicar\u00edan en muy bajos niveles.<\/p>\n<p>Este a\u00f1o, la faena de ganado vacuno ser\u00eda de 12,7 millones de cabezas, 11 por ciento m\u00e1s alta que el a\u00f1o pasado. La producci\u00f3n de carne vacuna totalizar\u00eda 2,8 millones de toneladas, unas 200 mil toneladas m\u00e1s que el a\u00f1o anterior (ocho por ciento), volumen adicional que ha sido absorbido casi en su totalidad por el consumo interno. Las exportaciones totalizar\u00edan este a\u00f1o algo menos de 200 mil toneladas, un 70% menos que en el 2009 (Cristina) y un 75% menos que en 2005 (N\u00e9stor).<\/p>\n<p>Para el a\u00f1o pr\u00f3ximo, puede esperarse una exportaci\u00f3n mayor (depender\u00e1 del ajuste en el tipo de cambio neto) y un consumo menor. El a\u00f1o en curso termina con un consumo per c\u00e1pita superior a los 64 kilos.<\/p>\n<p>En una reciente reuni\u00f3n de ganaderos, un representante de la industria exportadora sostuvo que la aceleraci\u00f3n del ritmo de devaluaci\u00f3n, sin solucionar el grave problema de la inflaci\u00f3n, podr\u00eda empeorar la situaci\u00f3n del ganadero. \u0093Desde el punto de vista de la industria frigor\u00edfica la combinaci\u00f3n del fuerte atraso cambiario con las retenciones y \u0091la barata\u0092 no va a ser resuelto con estas minidevaluaciones; desde el punto de vista del productor, debe decirse que a lo \u00fanico que contribuir\u00e1n aquellas es a ponerle un piso, cada vez m\u00e1s alto, a la inflaci\u00f3n, que es el verdadero enemigo del ganadero\u0094.<\/p>\n<p>Es dif\u00edcil determinar cu\u00e1l es el precio a partir del cual el ganadero \u0096especialmente el de cr\u00eda\u0096 va a interrumpir el proceso incipiente de liquidaci\u00f3n, pero debe recordarse que en la \u00faltima d\u00e9cada los principales insumos ganaderos han venido creciendo bien por arriba de los precios ganaderos. Hoy hay un componente relativamente nuevo, que es la alt\u00edsima presi\u00f3n impositiva, que termina de asfixiar cualquier explotaci\u00f3n ganadera. Hoy, para obtener cierta rentabilidad en la cr\u00eda, la invernada o en el ciclo completo, se necesita un precio a moneda constante m\u00e1s alto \u0096o mucho m\u00e1s alto\u0096 que el promedio hist\u00f3rico para compensar la suba estructural de los insumos y la presi\u00f3n fiscal r\u00e9cord. <\/p>\n<p>Fuente: La Voz del Interior, 20 de diciembre.<br \/><\/p>","protected":false},"excerpt":{"rendered":"<p>Por Ignacio Iriarte. La exportaci\u00f3n, a la cual se le atribuy\u00f3 cierto papel en el inicio de esta recuperaci\u00f3n de los precios, est\u00e1 peor que hace 45 d\u00edas. La tasa de devaluaci\u00f3n se ha acelerado, hasta acumular en diez semanas un siete por ciento, pero en el mismo lapso el novillo pesado ha subido 24 por ciento. Con el cambio de autoridades (Comercio, Agricultura), la eventual reducci\u00f3n de las retenciones y la restauraci\u00f3n de la devoluci\u00f3n de ciertos impuestos han quedado en un limbo. Se coment\u00f3 extraoficialmente que las nuevas autoridades, pasadas ciertas urgencias en otros campos de la econom\u00eda, volver\u00edan a tratar la mejora cambiaria para la carne vacuna. Debe observarse que la reciente suba del precio de la hacienda y de la carne no es el mejor contexto para intentar hablar de una mejora cambiaria. Todos piensan que de darse, podr\u00eda trasladarse r\u00e1pidamente al precio del ganado, en el marco de una fuerte escasez (estructural) de novillos y de una marcada escasez (estacional) de vacas. Las exportaciones argentinas mostraron a mediados de a\u00f1o una recuperaci\u00f3n, dentro de muy bajos niveles, creciendo los embarques hasta tocar un m\u00e1ximo de 21 mil toneladas res en el mes de agosto. A [&hellip;]<\/p>\n","protected":false},"author":2,"featured_media":2369,"comment_status":"closed","ping_status":"open","sticky":false,"template":"","format":"standard","meta":{"_acf_changed":false,"footnotes":""},"categories":[56],"tags":[],"class_list":["post-5883","post","type-post","status-publish","format-standard","has-post-thumbnail","hentry","category-infoganadero"],"acf":[],"yoast_head":"<!-- This site is optimized with the Yoast SEO plugin v27.5 - https:\/\/yoast.com\/product\/yoast-seo-wordpress\/ -->\n<title>Las dudas no se despejan para la exportaci\u00f3n. | Proagro<\/title>\n<meta name=\"robots\" content=\"index, follow, max-snippet:-1, max-image-preview:large, max-video-preview:-1\" \/>\n<link rel=\"canonical\" href=\"https:\/\/proagrolab.com.ar\/en\/las-dudas-no-se-despejan-para-la-exportacion\/\" \/>\n<meta property=\"og:locale\" content=\"en_US\" \/>\n<meta property=\"og:type\" content=\"article\" \/>\n<meta property=\"og:title\" content=\"Las dudas no se despejan para la exportaci\u00f3n. | Proagro\" \/>\n<meta property=\"og:description\" content=\"Por Ignacio Iriarte. La exportaci\u00f3n, a la cual se le atribuy\u00f3 cierto papel en el inicio de esta recuperaci\u00f3n de los precios, est\u00e1 peor que hace 45 d\u00edas. La tasa de devaluaci\u00f3n se ha acelerado, hasta acumular en diez semanas un siete por ciento, pero en el mismo lapso el novillo pesado ha subido 24 por ciento. Con el cambio de autoridades (Comercio, Agricultura), la eventual reducci\u00f3n de las retenciones y la restauraci\u00f3n de la devoluci\u00f3n de ciertos impuestos han quedado en un limbo. Se coment\u00f3 extraoficialmente que las nuevas autoridades, pasadas ciertas urgencias en otros campos de la econom\u00eda, volver\u00edan a tratar la mejora cambiaria para la carne vacuna. Debe observarse que la reciente suba del precio de la hacienda y de la carne no es el mejor contexto para intentar hablar de una mejora cambiaria. Todos piensan que de darse, podr\u00eda trasladarse r\u00e1pidamente al precio del ganado, en el marco de una fuerte escasez (estructural) de novillos y de una marcada escasez (estacional) de vacas. Las exportaciones argentinas mostraron a mediados de a\u00f1o una recuperaci\u00f3n, dentro de muy bajos niveles, creciendo los embarques hasta tocar un m\u00e1ximo de 21 mil toneladas res en el mes de agosto. A [&hellip;]\" \/>\n<meta property=\"og:url\" content=\"https:\/\/proagrolab.com.ar\/las-dudas-no-se-despejan-para-la-exportacion\/\" \/>\n<meta property=\"og:site_name\" content=\"Proagro\" \/>\n<meta property=\"article:publisher\" content=\"http:\/\/www.facebook.com\/proagrolab\" \/>\n<meta property=\"article:published_time\" content=\"2013-12-20T00:00:01+00:00\" \/>\n<meta property=\"og:image\" content=\"https:\/\/proagrolab.com.ar\/wp-content\/uploads\/2015\/01\/g_sikujrl0v__Vacas-4.jpg\" \/>\n\t<meta property=\"og:image:width\" content=\"450\" \/>\n\t<meta property=\"og:image:height\" content=\"208\" \/>\n\t<meta property=\"og:image:type\" content=\"image\/jpeg\" \/>\n<meta name=\"author\" content=\"proagrolab\" \/>\n<meta name=\"twitter:card\" content=\"summary_large_image\" \/>\n<meta name=\"twitter:label1\" content=\"Written by\" \/>\n\t<meta name=\"twitter:data1\" content=\"proagrolab\" \/>\n\t<meta name=\"twitter:label2\" content=\"Est. reading time\" \/>\n\t<meta name=\"twitter:data2\" content=\"3 minutes\" \/>\n<script type=\"application\/ld+json\" class=\"yoast-schema-graph\">{\"@context\":\"https:\\\/\\\/schema.org\",\"@graph\":[{\"@type\":\"Article\",\"@id\":\"https:\\\/\\\/proagrolab.com.ar\\\/las-dudas-no-se-despejan-para-la-exportacion\\\/#article\",\"isPartOf\":{\"@id\":\"https:\\\/\\\/proagrolab.com.ar\\\/las-dudas-no-se-despejan-para-la-exportacion\\\/\"},\"author\":{\"name\":\"proagrolab\",\"@id\":\"https:\\\/\\\/proagrolab.com.ar\\\/#\\\/schema\\\/person\\\/38003ff90bf80381f71c7d922d207444\"},\"headline\":\"Las dudas no se despejan para la exportaci\u00f3n.\",\"datePublished\":\"2013-12-20T00:00:01+00:00\",\"mainEntityOfPage\":{\"@id\":\"https:\\\/\\\/proagrolab.com.ar\\\/las-dudas-no-se-despejan-para-la-exportacion\\\/\"},\"wordCount\":629,\"publisher\":{\"@id\":\"https:\\\/\\\/proagrolab.com.ar\\\/#organization\"},\"image\":{\"@id\":\"https:\\\/\\\/proagrolab.com.ar\\\/las-dudas-no-se-despejan-para-la-exportacion\\\/#primaryimage\"},\"thumbnailUrl\":\"https:\\\/\\\/proagrolab.com.ar\\\/wp-content\\\/uploads\\\/2015\\\/01\\\/g_sikujrl0v__Vacas-4.jpg\",\"articleSection\":[\"News\"],\"inLanguage\":\"en-US\"},{\"@type\":\"WebPage\",\"@id\":\"https:\\\/\\\/proagrolab.com.ar\\\/las-dudas-no-se-despejan-para-la-exportacion\\\/\",\"url\":\"https:\\\/\\\/proagrolab.com.ar\\\/las-dudas-no-se-despejan-para-la-exportacion\\\/\",\"name\":\"Las dudas no se despejan para la exportaci\u00f3n. | Proagro\",\"isPartOf\":{\"@id\":\"https:\\\/\\\/proagrolab.com.ar\\\/#website\"},\"primaryImageOfPage\":{\"@id\":\"https:\\\/\\\/proagrolab.com.ar\\\/las-dudas-no-se-despejan-para-la-exportacion\\\/#primaryimage\"},\"image\":{\"@id\":\"https:\\\/\\\/proagrolab.com.ar\\\/las-dudas-no-se-despejan-para-la-exportacion\\\/#primaryimage\"},\"thumbnailUrl\":\"https:\\\/\\\/proagrolab.com.ar\\\/wp-content\\\/uploads\\\/2015\\\/01\\\/g_sikujrl0v__Vacas-4.jpg\",\"datePublished\":\"2013-12-20T00:00:01+00:00\",\"breadcrumb\":{\"@id\":\"https:\\\/\\\/proagrolab.com.ar\\\/las-dudas-no-se-despejan-para-la-exportacion\\\/#breadcrumb\"},\"inLanguage\":\"en-US\",\"potentialAction\":[{\"@type\":\"ReadAction\",\"target\":[\"https:\\\/\\\/proagrolab.com.ar\\\/las-dudas-no-se-despejan-para-la-exportacion\\\/\"]}]},{\"@type\":\"ImageObject\",\"inLanguage\":\"en-US\",\"@id\":\"https:\\\/\\\/proagrolab.com.ar\\\/las-dudas-no-se-despejan-para-la-exportacion\\\/#primaryimage\",\"url\":\"https:\\\/\\\/proagrolab.com.ar\\\/wp-content\\\/uploads\\\/2015\\\/01\\\/g_sikujrl0v__Vacas-4.jpg\",\"contentUrl\":\"https:\\\/\\\/proagrolab.com.ar\\\/wp-content\\\/uploads\\\/2015\\\/01\\\/g_sikujrl0v__Vacas-4.jpg\",\"width\":450,\"height\":208},{\"@type\":\"BreadcrumbList\",\"@id\":\"https:\\\/\\\/proagrolab.com.ar\\\/las-dudas-no-se-despejan-para-la-exportacion\\\/#breadcrumb\",\"itemListElement\":[{\"@type\":\"ListItem\",\"position\":1,\"name\":\"Portada\",\"item\":\"https:\\\/\\\/proagrolab.com.ar\\\/\"},{\"@type\":\"ListItem\",\"position\":2,\"name\":\"Las dudas no se despejan para la exportaci\u00f3n.\"}]},{\"@type\":\"WebSite\",\"@id\":\"https:\\\/\\\/proagrolab.com.ar\\\/#website\",\"url\":\"https:\\\/\\\/proagrolab.com.ar\\\/\",\"name\":\"Proagro Laboratorio Veterinario\",\"description\":\"Veterinary laboratory\",\"publisher\":{\"@id\":\"https:\\\/\\\/proagrolab.com.ar\\\/#organization\"},\"potentialAction\":[{\"@type\":\"SearchAction\",\"target\":{\"@type\":\"EntryPoint\",\"urlTemplate\":\"https:\\\/\\\/proagrolab.com.ar\\\/?s={search_term_string}\"},\"query-input\":{\"@type\":\"PropertyValueSpecification\",\"valueRequired\":true,\"valueName\":\"search_term_string\"}}],\"inLanguage\":\"en-US\"},{\"@type\":\"Organization\",\"@id\":\"https:\\\/\\\/proagrolab.com.ar\\\/#organization\",\"name\":\"Proagro\",\"url\":\"https:\\\/\\\/proagrolab.com.ar\\\/\",\"logo\":{\"@type\":\"ImageObject\",\"inLanguage\":\"en-US\",\"@id\":\"https:\\\/\\\/proagrolab.com.ar\\\/#\\\/schema\\\/logo\\\/image\\\/\",\"url\":\"https:\\\/\\\/proagrolab.com.ar\\\/wp-content\\\/uploads\\\/2020\\\/04\\\/logo-retina.png\",\"contentUrl\":\"https:\\\/\\\/proagrolab.com.ar\\\/wp-content\\\/uploads\\\/2020\\\/04\\\/logo-retina.png\",\"width\":478,\"height\":120,\"caption\":\"Proagro\"},\"image\":{\"@id\":\"https:\\\/\\\/proagrolab.com.ar\\\/#\\\/schema\\\/logo\\\/image\\\/\"},\"sameAs\":[\"http:\\\/\\\/www.facebook.com\\\/proagrolab\",\"https:\\\/\\\/www.instagram.com\\\/proagrolab\\\/\",\"https:\\\/\\\/www.linkedin.com\\\/company\\\/laboratorio-proagro-s-a\\\/\"]},{\"@type\":\"Person\",\"@id\":\"https:\\\/\\\/proagrolab.com.ar\\\/#\\\/schema\\\/person\\\/38003ff90bf80381f71c7d922d207444\",\"name\":\"proagrolab\"}]}<\/script>\n<!-- \/ Yoast SEO plugin. -->","yoast_head_json":{"title":"Las dudas no se despejan para la exportaci\u00f3n. | Proagro","robots":{"index":"index","follow":"follow","max-snippet":"max-snippet:-1","max-image-preview":"max-image-preview:large","max-video-preview":"max-video-preview:-1"},"canonical":"https:\/\/proagrolab.com.ar\/en\/las-dudas-no-se-despejan-para-la-exportacion\/","og_locale":"en_US","og_type":"article","og_title":"Las dudas no se despejan para la exportaci\u00f3n. | Proagro","og_description":"Por Ignacio Iriarte. La exportaci\u00f3n, a la cual se le atribuy\u00f3 cierto papel en el inicio de esta recuperaci\u00f3n de los precios, est\u00e1 peor que hace 45 d\u00edas. La tasa de devaluaci\u00f3n se ha acelerado, hasta acumular en diez semanas un siete por ciento, pero en el mismo lapso el novillo pesado ha subido 24 por ciento. Con el cambio de autoridades (Comercio, Agricultura), la eventual reducci\u00f3n de las retenciones y la restauraci\u00f3n de la devoluci\u00f3n de ciertos impuestos han quedado en un limbo. Se coment\u00f3 extraoficialmente que las nuevas autoridades, pasadas ciertas urgencias en otros campos de la econom\u00eda, volver\u00edan a tratar la mejora cambiaria para la carne vacuna. Debe observarse que la reciente suba del precio de la hacienda y de la carne no es el mejor contexto para intentar hablar de una mejora cambiaria. Todos piensan que de darse, podr\u00eda trasladarse r\u00e1pidamente al precio del ganado, en el marco de una fuerte escasez (estructural) de novillos y de una marcada escasez (estacional) de vacas. Las exportaciones argentinas mostraron a mediados de a\u00f1o una recuperaci\u00f3n, dentro de muy bajos niveles, creciendo los embarques hasta tocar un m\u00e1ximo de 21 mil toneladas res en el mes de agosto. A [&hellip;]","og_url":"https:\/\/proagrolab.com.ar\/las-dudas-no-se-despejan-para-la-exportacion\/","og_site_name":"Proagro","article_publisher":"http:\/\/www.facebook.com\/proagrolab","article_published_time":"2013-12-20T00:00:01+00:00","og_image":[{"width":450,"height":208,"url":"https:\/\/proagrolab.com.ar\/wp-content\/uploads\/2015\/01\/g_sikujrl0v__Vacas-4.jpg","type":"image\/jpeg"}],"author":"proagrolab","twitter_card":"summary_large_image","twitter_misc":{"Written by":"proagrolab","Est. reading time":"3 minutes"},"schema":{"@context":"https:\/\/schema.org","@graph":[{"@type":"Article","@id":"https:\/\/proagrolab.com.ar\/las-dudas-no-se-despejan-para-la-exportacion\/#article","isPartOf":{"@id":"https:\/\/proagrolab.com.ar\/las-dudas-no-se-despejan-para-la-exportacion\/"},"author":{"name":"proagrolab","@id":"https:\/\/proagrolab.com.ar\/#\/schema\/person\/38003ff90bf80381f71c7d922d207444"},"headline":"Las dudas no se despejan para la exportaci\u00f3n.","datePublished":"2013-12-20T00:00:01+00:00","mainEntityOfPage":{"@id":"https:\/\/proagrolab.com.ar\/las-dudas-no-se-despejan-para-la-exportacion\/"},"wordCount":629,"publisher":{"@id":"https:\/\/proagrolab.com.ar\/#organization"},"image":{"@id":"https:\/\/proagrolab.com.ar\/las-dudas-no-se-despejan-para-la-exportacion\/#primaryimage"},"thumbnailUrl":"https:\/\/proagrolab.com.ar\/wp-content\/uploads\/2015\/01\/g_sikujrl0v__Vacas-4.jpg","articleSection":["News"],"inLanguage":"en-US"},{"@type":"WebPage","@id":"https:\/\/proagrolab.com.ar\/las-dudas-no-se-despejan-para-la-exportacion\/","url":"https:\/\/proagrolab.com.ar\/las-dudas-no-se-despejan-para-la-exportacion\/","name":"Las dudas no se despejan para la exportaci\u00f3n. | Proagro","isPartOf":{"@id":"https:\/\/proagrolab.com.ar\/#website"},"primaryImageOfPage":{"@id":"https:\/\/proagrolab.com.ar\/las-dudas-no-se-despejan-para-la-exportacion\/#primaryimage"},"image":{"@id":"https:\/\/proagrolab.com.ar\/las-dudas-no-se-despejan-para-la-exportacion\/#primaryimage"},"thumbnailUrl":"https:\/\/proagrolab.com.ar\/wp-content\/uploads\/2015\/01\/g_sikujrl0v__Vacas-4.jpg","datePublished":"2013-12-20T00:00:01+00:00","breadcrumb":{"@id":"https:\/\/proagrolab.com.ar\/las-dudas-no-se-despejan-para-la-exportacion\/#breadcrumb"},"inLanguage":"en-US","potentialAction":[{"@type":"ReadAction","target":["https:\/\/proagrolab.com.ar\/las-dudas-no-se-despejan-para-la-exportacion\/"]}]},{"@type":"ImageObject","inLanguage":"en-US","@id":"https:\/\/proagrolab.com.ar\/las-dudas-no-se-despejan-para-la-exportacion\/#primaryimage","url":"https:\/\/proagrolab.com.ar\/wp-content\/uploads\/2015\/01\/g_sikujrl0v__Vacas-4.jpg","contentUrl":"https:\/\/proagrolab.com.ar\/wp-content\/uploads\/2015\/01\/g_sikujrl0v__Vacas-4.jpg","width":450,"height":208},{"@type":"BreadcrumbList","@id":"https:\/\/proagrolab.com.ar\/las-dudas-no-se-despejan-para-la-exportacion\/#breadcrumb","itemListElement":[{"@type":"ListItem","position":1,"name":"Portada","item":"https:\/\/proagrolab.com.ar\/"},{"@type":"ListItem","position":2,"name":"Las dudas no se despejan para la exportaci\u00f3n."}]},{"@type":"WebSite","@id":"https:\/\/proagrolab.com.ar\/#website","url":"https:\/\/proagrolab.com.ar\/","name":"Proagro Laboratorio Veterinario","description":"Veterinary laboratory","publisher":{"@id":"https:\/\/proagrolab.com.ar\/#organization"},"potentialAction":[{"@type":"SearchAction","target":{"@type":"EntryPoint","urlTemplate":"https:\/\/proagrolab.com.ar\/?s={search_term_string}"},"query-input":{"@type":"PropertyValueSpecification","valueRequired":true,"valueName":"search_term_string"}}],"inLanguage":"en-US"},{"@type":"Organization","@id":"https:\/\/proagrolab.com.ar\/#organization","name":"Proagro","url":"https:\/\/proagrolab.com.ar\/","logo":{"@type":"ImageObject","inLanguage":"en-US","@id":"https:\/\/proagrolab.com.ar\/#\/schema\/logo\/image\/","url":"https:\/\/proagrolab.com.ar\/wp-content\/uploads\/2020\/04\/logo-retina.png","contentUrl":"https:\/\/proagrolab.com.ar\/wp-content\/uploads\/2020\/04\/logo-retina.png","width":478,"height":120,"caption":"Proagro"},"image":{"@id":"https:\/\/proagrolab.com.ar\/#\/schema\/logo\/image\/"},"sameAs":["http:\/\/www.facebook.com\/proagrolab","https:\/\/www.instagram.com\/proagrolab\/","https:\/\/www.linkedin.com\/company\/laboratorio-proagro-s-a\/"]},{"@type":"Person","@id":"https:\/\/proagrolab.com.ar\/#\/schema\/person\/38003ff90bf80381f71c7d922d207444","name":"proagrolab"}]}},"_links":{"self":[{"href":"https:\/\/proagrolab.com.ar\/en\/wp-json\/wp\/v2\/posts\/5883","targetHints":{"allow":["GET"]}}],"collection":[{"href":"https:\/\/proagrolab.com.ar\/en\/wp-json\/wp\/v2\/posts"}],"about":[{"href":"https:\/\/proagrolab.com.ar\/en\/wp-json\/wp\/v2\/types\/post"}],"author":[{"embeddable":true,"href":"https:\/\/proagrolab.com.ar\/en\/wp-json\/wp\/v2\/users\/2"}],"replies":[{"embeddable":true,"href":"https:\/\/proagrolab.com.ar\/en\/wp-json\/wp\/v2\/comments?post=5883"}],"version-history":[{"count":0,"href":"https:\/\/proagrolab.com.ar\/en\/wp-json\/wp\/v2\/posts\/5883\/revisions"}],"wp:featuredmedia":[{"embeddable":true,"href":"https:\/\/proagrolab.com.ar\/en\/wp-json\/wp\/v2\/media\/2369"}],"wp:attachment":[{"href":"https:\/\/proagrolab.com.ar\/en\/wp-json\/wp\/v2\/media?parent=5883"}],"wp:term":[{"taxonomy":"category","embeddable":true,"href":"https:\/\/proagrolab.com.ar\/en\/wp-json\/wp\/v2\/categories?post=5883"},{"taxonomy":"post_tag","embeddable":true,"href":"https:\/\/proagrolab.com.ar\/en\/wp-json\/wp\/v2\/tags?post=5883"}],"curies":[{"name":"wp","href":"https:\/\/api.w.org\/{rel}","templated":true}]}}