{"id":5880,"date":"2013-12-20T00:00:01","date_gmt":"2013-12-20T00:00:01","guid":{"rendered":"https:\/\/proagrolab.com.ar\/el-gobierno-de-formosa-asistira-a-productores-ganaderos-afectados-por-la-sequia\/"},"modified":"2013-12-20T00:00:01","modified_gmt":"2013-12-20T00:00:01","slug":"el-gobierno-de-formosa-asistira-a-productores-ganaderos-afectados-por-la-sequia","status":"publish","type":"post","link":"https:\/\/proagrolab.com.ar\/en\/el-gobierno-de-formosa-asistira-a-productores-ganaderos-afectados-por-la-sequia\/","title":{"rendered":"El Gobierno de Formosa asistir\u00e1 a productores ganaderos afectados por la sequ\u00eda."},"content":{"rendered":"<p class=\"qtranxs-available-languages-message qtranxs-available-languages-message-en\"> <\/p><p>La severa sequ\u00eda ha sido superada en casi un 90 % del territorio de Formosa, pero quedan zonas puntuales, como la del extremo suroeste -departamento Matacos- donde este d\u00e9ficit h\u00eddrico a\u00fan se mantiene; por ello el gobierno provincial dispuso robustecer la asistencia a peque\u00f1os ganaderos de esa regi\u00f3n conocida como La Florencia-Oeste y La Florencia-Este.<\/p>\n<p>A instancia de lo dispuesto por el titular del Poder Ejecutivo Provincial (PEP), un equipo de t\u00e9cnicos del gobierno, encabezado por el ministro de la Producci\u00f3n y Ambiente, Ra\u00fal Quintana y el administrador del Instituto de Colonizaci\u00f3n y Tierras Fiscales, Manuel Rodr\u00edguez, se reunieron con poco m\u00e1s de una veintena de productores ganaderos (en representaci\u00f3n de las 180 familias asentadas en aquella zona), quienes, encabezados por el presidente de la Asociaci\u00f3n de Campesinos Criollos de La Florencia, Benjam\u00edn Saravia, vinieron a esta ciudad a exponer sus inquietudes.<\/p>\n<p>Al t\u00e9rmino de la reuni\u00f3n en dependencias del Instituto de Colonizaci\u00f3n y Tierras Fiscales, el ministro Quintana, escuch\u00f3 a los productores, con quienes indic\u00f3 que se pudo &#8220;dialogar con madurez&#8221;, para explicar que &#8220;la sequ\u00eda produjo efectos adversos en la producci\u00f3n, y si bien las lluvias ca\u00eddas han revertido el contexto en 90% del territorio que se encuentra con buena humedad, hay zonas puntuales como en la de La Florencia donde est\u00e1 esta gente, a\u00fan persiste el d\u00e9ficit h\u00eddrico y sus efectos negativos&#8221;.<\/p>\n<p>Asimismo, Quintana se\u00f1al\u00f3 que &#8220;las demandas m\u00e1s importantes est\u00e1n relacionadas al agua y alimento para la hacienda, adem\u00e1s de determinadas obras que requieren para fortalecer su trabajo como organizaci\u00f3n&#8221;, y confirm\u00f3 que &#8220;esta misma semana estaremos incrementando el aporte de alimento para la hacienda, y no solamente la bovina, sino tambi\u00e9n llegaremos con asistencia a porcinos y caprinos, donde han tenido una merma en su producci\u00f3n&#8221;.<\/p>\n<p>El ministro de la Producci\u00f3n indic\u00f3 que tambi\u00e9n se atender\u00e1n aspectos relacionados a otras producciones alternativas como la apicultura, adem\u00e1s de cuestiones de impacto comunitario como la salud y la educaci\u00f3n, y un apoyo a los fines de que puedan acceder a una personer\u00eda jur\u00eddica.<\/p>\n<p>Quintana revel\u00f3 que &#8220;todo lo abordado qued\u00f3 asentado en un acta, donde se clasificaron las prioridades, que pasa por el agua y alimento para los animales, m\u00e1s all\u00e1 que las dem\u00e1s cuestiones tambi\u00e9n ser\u00e1n atendidas, aunque a mediano plazo&#8221;, al tiempo que asumi\u00f3 el &#8220;compromiso de trabajar coordinadamente, para lo cual mantendremos reuniones en aquella zona, donde ya estuvimos junto a Manuel Rodr\u00edguez tiempo atr\u00e1s, y ante esta visita que ahora nos hicieron, seguramente estaremos yendo al territorio nuevamente en alg\u00fan tiempo m\u00e1s&#8221;.<\/p>\n<p><i>Productores criollos<\/i><br \/>El presidente de la Asociaci\u00f3n de Campesinos Criollos de La Florencia, Benjam\u00edn Saravia, dijo que vinieron en representaci\u00f3n de 180 familias, y tras agradecer que &#8220;se nos haya recibido y entablar este di\u00e1logo con la mejor predisposici\u00f3n y respuesta a nuestras demandas&#8221;, subray\u00f3 las mayores urgencias en torno al agua y alimento para su hacienda.<\/p>\n<p>&#8220;Regresamos con m\u00e1s tranquilidad, porque en este di\u00e1logo encontramos comprensi\u00f3n y un gobierno que est\u00e1 trabajando fuerte para atender situaciones como la nuestra, donde nos dijeron que la asistencia llegara pronto, y confiamos que as\u00ed ser\u00e1, con lo que esperamos mejorar porque la sequ\u00eda nos viene castigando&#8221;, expuso.<\/p>\n<p>Saravia indic\u00f3 que &#8220;en un mes habr\u00e1 una nueva reuni\u00f3n para evaluar los avances, porque en este tiempo se ir\u00e1 aplicando en nuestro territorio m\u00e1s asistencia para atender este momento dif\u00edcil para nuestra producci\u00f3n. Estamos regresando muy conformes y confiados en que el compromiso asumido se cumplir\u00e1, como siempre lo hizo el gobernador Insfr\u00e1n, por eso ante nuestro problema no pensamos en una protesta ni nada parecido, sino que vinimos a dialogar porque confiamos en que se nos escuchar\u00eda y atender\u00eda, y as\u00ed fue&#8221;.<\/p>\n<p>Una de las productoras que form\u00f3 parte de la comitiva de productores, Carmen Arias, se\u00f1al\u00f3 que &#8220;las mujeres tambi\u00e9n trabajamos en el campo, tenemos nuestros animalitos y vivimos de eso, por lo que era necesario que vini\u00e9ramos a esta reuni\u00f3n que fue muy buena y nos hace regresar muy contentas, porque el gobierno nos acompa\u00f1ar\u00e1 m\u00e1s&#8221;.<\/p>\n<p>Arias se\u00f1al\u00f3 que algunas de ellas estuvieron junto a sus hijos y que fueron muy bien recibidas y atendidas por la gente del gobierno, y su equipo de colaboradores que afirm\u00f3 &#8220;nos respondieron de manera positiva a lo que planteamos&#8221;.<\/p>\n<p>Fuente: Agrositio, 20 de diciembre.<br \/><\/p>","protected":false},"excerpt":{"rendered":"<p>La severa sequ\u00eda ha sido superada en casi un 90 % del territorio de Formosa, pero quedan zonas puntuales, como la del extremo suroeste -departamento Matacos- donde este d\u00e9ficit h\u00eddrico a\u00fan se mantiene; por ello el gobierno provincial dispuso robustecer la asistencia a peque\u00f1os ganaderos de esa regi\u00f3n conocida como La Florencia-Oeste y La Florencia-Este. A instancia de lo dispuesto por el titular del Poder Ejecutivo Provincial (PEP), un equipo de t\u00e9cnicos del gobierno, encabezado por el ministro de la Producci\u00f3n y Ambiente, Ra\u00fal Quintana y el administrador del Instituto de Colonizaci\u00f3n y Tierras Fiscales, Manuel Rodr\u00edguez, se reunieron con poco m\u00e1s de una veintena de productores ganaderos (en representaci\u00f3n de las 180 familias asentadas en aquella zona), quienes, encabezados por el presidente de la Asociaci\u00f3n de Campesinos Criollos de La Florencia, Benjam\u00edn Saravia, vinieron a esta ciudad a exponer sus inquietudes. Al t\u00e9rmino de la reuni\u00f3n en dependencias del Instituto de Colonizaci\u00f3n y Tierras Fiscales, el ministro Quintana, escuch\u00f3 a los productores, con quienes indic\u00f3 que se pudo &#8220;dialogar con madurez&#8221;, para explicar que &#8220;la sequ\u00eda produjo efectos adversos en la producci\u00f3n, y si bien las lluvias ca\u00eddas han revertido el contexto en 90% del territorio que se encuentra [&hellip;]<\/p>\n","protected":false},"author":2,"featured_media":2366,"comment_status":"closed","ping_status":"open","sticky":false,"template":"","format":"standard","meta":{"_acf_changed":false,"footnotes":""},"categories":[56],"tags":[],"class_list":["post-5880","post","type-post","status-publish","format-standard","has-post-thumbnail","hentry","category-infoganadero"],"acf":[],"yoast_head":"<!-- This site is optimized with the Yoast SEO plugin v27.4 - https:\/\/yoast.com\/product\/yoast-seo-wordpress\/ -->\n<title>El Gobierno de Formosa asistir\u00e1 a productores ganaderos afectados por la sequ\u00eda. | Proagro<\/title>\n<meta name=\"robots\" content=\"index, follow, max-snippet:-1, max-image-preview:large, max-video-preview:-1\" \/>\n<link rel=\"canonical\" href=\"https:\/\/proagrolab.com.ar\/en\/el-gobierno-de-formosa-asistira-a-productores-ganaderos-afectados-por-la-sequia\/\" \/>\n<meta property=\"og:locale\" content=\"en_US\" \/>\n<meta property=\"og:type\" content=\"article\" \/>\n<meta property=\"og:title\" content=\"El Gobierno de Formosa asistir\u00e1 a productores ganaderos afectados por la sequ\u00eda. | Proagro\" \/>\n<meta property=\"og:description\" content=\"La severa sequ\u00eda ha sido superada en casi un 90 % del territorio de Formosa, pero quedan zonas puntuales, como la del extremo suroeste -departamento Matacos- donde este d\u00e9ficit h\u00eddrico a\u00fan se mantiene; por ello el gobierno provincial dispuso robustecer la asistencia a peque\u00f1os ganaderos de esa regi\u00f3n conocida como La Florencia-Oeste y La Florencia-Este. A instancia de lo dispuesto por el titular del Poder Ejecutivo Provincial (PEP), un equipo de t\u00e9cnicos del gobierno, encabezado por el ministro de la Producci\u00f3n y Ambiente, Ra\u00fal Quintana y el administrador del Instituto de Colonizaci\u00f3n y Tierras Fiscales, Manuel Rodr\u00edguez, se reunieron con poco m\u00e1s de una veintena de productores ganaderos (en representaci\u00f3n de las 180 familias asentadas en aquella zona), quienes, encabezados por el presidente de la Asociaci\u00f3n de Campesinos Criollos de La Florencia, Benjam\u00edn Saravia, vinieron a esta ciudad a exponer sus inquietudes. Al t\u00e9rmino de la reuni\u00f3n en dependencias del Instituto de Colonizaci\u00f3n y Tierras Fiscales, el ministro Quintana, escuch\u00f3 a los productores, con quienes indic\u00f3 que se pudo &#8220;dialogar con madurez&#8221;, para explicar que &#8220;la sequ\u00eda produjo efectos adversos en la producci\u00f3n, y si bien las lluvias ca\u00eddas han revertido el contexto en 90% del territorio que se encuentra [&hellip;]\" \/>\n<meta property=\"og:url\" content=\"https:\/\/proagrolab.com.ar\/el-gobierno-de-formosa-asistira-a-productores-ganaderos-afectados-por-la-sequia\/\" \/>\n<meta property=\"og:site_name\" content=\"Proagro\" \/>\n<meta property=\"article:publisher\" content=\"http:\/\/www.facebook.com\/proagrolab\" \/>\n<meta property=\"article:published_time\" content=\"2013-12-20T00:00:01+00:00\" \/>\n<meta property=\"og:image\" content=\"https:\/\/proagrolab.com.ar\/wp-content\/uploads\/2015\/01\/g_z3debc3v4__Vacas-14.jpg\" \/>\n\t<meta property=\"og:image:width\" content=\"450\" \/>\n\t<meta property=\"og:image:height\" content=\"208\" \/>\n\t<meta property=\"og:image:type\" content=\"image\/jpeg\" \/>\n<meta name=\"author\" content=\"proagrolab\" \/>\n<meta name=\"twitter:card\" content=\"summary_large_image\" \/>\n<meta name=\"twitter:label1\" content=\"Written by\" \/>\n\t<meta name=\"twitter:data1\" content=\"proagrolab\" \/>\n\t<meta name=\"twitter:label2\" content=\"Est. reading time\" \/>\n\t<meta name=\"twitter:data2\" content=\"4 minutes\" \/>\n<script type=\"application\/ld+json\" class=\"yoast-schema-graph\">{\"@context\":\"https:\\\/\\\/schema.org\",\"@graph\":[{\"@type\":\"Article\",\"@id\":\"https:\\\/\\\/proagrolab.com.ar\\\/el-gobierno-de-formosa-asistira-a-productores-ganaderos-afectados-por-la-sequia\\\/#article\",\"isPartOf\":{\"@id\":\"https:\\\/\\\/proagrolab.com.ar\\\/el-gobierno-de-formosa-asistira-a-productores-ganaderos-afectados-por-la-sequia\\\/\"},\"author\":{\"name\":\"proagrolab\",\"@id\":\"https:\\\/\\\/proagrolab.com.ar\\\/#\\\/schema\\\/person\\\/38003ff90bf80381f71c7d922d207444\"},\"headline\":\"El Gobierno de Formosa asistir\u00e1 a productores ganaderos afectados por la sequ\u00eda.\",\"datePublished\":\"2013-12-20T00:00:01+00:00\",\"mainEntityOfPage\":{\"@id\":\"https:\\\/\\\/proagrolab.com.ar\\\/el-gobierno-de-formosa-asistira-a-productores-ganaderos-afectados-por-la-sequia\\\/\"},\"wordCount\":785,\"publisher\":{\"@id\":\"https:\\\/\\\/proagrolab.com.ar\\\/#organization\"},\"image\":{\"@id\":\"https:\\\/\\\/proagrolab.com.ar\\\/el-gobierno-de-formosa-asistira-a-productores-ganaderos-afectados-por-la-sequia\\\/#primaryimage\"},\"thumbnailUrl\":\"https:\\\/\\\/proagrolab.com.ar\\\/wp-content\\\/uploads\\\/2015\\\/01\\\/g_z3debc3v4__Vacas-14.jpg\",\"articleSection\":[\"News\"],\"inLanguage\":\"en-US\"},{\"@type\":\"WebPage\",\"@id\":\"https:\\\/\\\/proagrolab.com.ar\\\/el-gobierno-de-formosa-asistira-a-productores-ganaderos-afectados-por-la-sequia\\\/\",\"url\":\"https:\\\/\\\/proagrolab.com.ar\\\/el-gobierno-de-formosa-asistira-a-productores-ganaderos-afectados-por-la-sequia\\\/\",\"name\":\"El Gobierno de Formosa asistir\u00e1 a productores ganaderos afectados por la sequ\u00eda. | Proagro\",\"isPartOf\":{\"@id\":\"https:\\\/\\\/proagrolab.com.ar\\\/#website\"},\"primaryImageOfPage\":{\"@id\":\"https:\\\/\\\/proagrolab.com.ar\\\/el-gobierno-de-formosa-asistira-a-productores-ganaderos-afectados-por-la-sequia\\\/#primaryimage\"},\"image\":{\"@id\":\"https:\\\/\\\/proagrolab.com.ar\\\/el-gobierno-de-formosa-asistira-a-productores-ganaderos-afectados-por-la-sequia\\\/#primaryimage\"},\"thumbnailUrl\":\"https:\\\/\\\/proagrolab.com.ar\\\/wp-content\\\/uploads\\\/2015\\\/01\\\/g_z3debc3v4__Vacas-14.jpg\",\"datePublished\":\"2013-12-20T00:00:01+00:00\",\"breadcrumb\":{\"@id\":\"https:\\\/\\\/proagrolab.com.ar\\\/el-gobierno-de-formosa-asistira-a-productores-ganaderos-afectados-por-la-sequia\\\/#breadcrumb\"},\"inLanguage\":\"en-US\",\"potentialAction\":[{\"@type\":\"ReadAction\",\"target\":[\"https:\\\/\\\/proagrolab.com.ar\\\/el-gobierno-de-formosa-asistira-a-productores-ganaderos-afectados-por-la-sequia\\\/\"]}]},{\"@type\":\"ImageObject\",\"inLanguage\":\"en-US\",\"@id\":\"https:\\\/\\\/proagrolab.com.ar\\\/el-gobierno-de-formosa-asistira-a-productores-ganaderos-afectados-por-la-sequia\\\/#primaryimage\",\"url\":\"https:\\\/\\\/proagrolab.com.ar\\\/wp-content\\\/uploads\\\/2015\\\/01\\\/g_z3debc3v4__Vacas-14.jpg\",\"contentUrl\":\"https:\\\/\\\/proagrolab.com.ar\\\/wp-content\\\/uploads\\\/2015\\\/01\\\/g_z3debc3v4__Vacas-14.jpg\",\"width\":450,\"height\":208},{\"@type\":\"BreadcrumbList\",\"@id\":\"https:\\\/\\\/proagrolab.com.ar\\\/el-gobierno-de-formosa-asistira-a-productores-ganaderos-afectados-por-la-sequia\\\/#breadcrumb\",\"itemListElement\":[{\"@type\":\"ListItem\",\"position\":1,\"name\":\"Portada\",\"item\":\"https:\\\/\\\/proagrolab.com.ar\\\/\"},{\"@type\":\"ListItem\",\"position\":2,\"name\":\"El Gobierno de Formosa asistir\u00e1 a productores ganaderos afectados por la sequ\u00eda.\"}]},{\"@type\":\"WebSite\",\"@id\":\"https:\\\/\\\/proagrolab.com.ar\\\/#website\",\"url\":\"https:\\\/\\\/proagrolab.com.ar\\\/\",\"name\":\"Proagro Laboratorio Veterinario\",\"description\":\"Veterinary laboratory\",\"publisher\":{\"@id\":\"https:\\\/\\\/proagrolab.com.ar\\\/#organization\"},\"potentialAction\":[{\"@type\":\"SearchAction\",\"target\":{\"@type\":\"EntryPoint\",\"urlTemplate\":\"https:\\\/\\\/proagrolab.com.ar\\\/?s={search_term_string}\"},\"query-input\":{\"@type\":\"PropertyValueSpecification\",\"valueRequired\":true,\"valueName\":\"search_term_string\"}}],\"inLanguage\":\"en-US\"},{\"@type\":\"Organization\",\"@id\":\"https:\\\/\\\/proagrolab.com.ar\\\/#organization\",\"name\":\"Proagro\",\"url\":\"https:\\\/\\\/proagrolab.com.ar\\\/\",\"logo\":{\"@type\":\"ImageObject\",\"inLanguage\":\"en-US\",\"@id\":\"https:\\\/\\\/proagrolab.com.ar\\\/#\\\/schema\\\/logo\\\/image\\\/\",\"url\":\"https:\\\/\\\/proagrolab.com.ar\\\/wp-content\\\/uploads\\\/2020\\\/04\\\/logo-retina.png\",\"contentUrl\":\"https:\\\/\\\/proagrolab.com.ar\\\/wp-content\\\/uploads\\\/2020\\\/04\\\/logo-retina.png\",\"width\":478,\"height\":120,\"caption\":\"Proagro\"},\"image\":{\"@id\":\"https:\\\/\\\/proagrolab.com.ar\\\/#\\\/schema\\\/logo\\\/image\\\/\"},\"sameAs\":[\"http:\\\/\\\/www.facebook.com\\\/proagrolab\",\"https:\\\/\\\/www.instagram.com\\\/proagrolab\\\/\",\"https:\\\/\\\/www.linkedin.com\\\/company\\\/laboratorio-proagro-s-a\\\/\"]},{\"@type\":\"Person\",\"@id\":\"https:\\\/\\\/proagrolab.com.ar\\\/#\\\/schema\\\/person\\\/38003ff90bf80381f71c7d922d207444\",\"name\":\"proagrolab\"}]}<\/script>\n<!-- \/ Yoast SEO plugin. -->","yoast_head_json":{"title":"El Gobierno de Formosa asistir\u00e1 a productores ganaderos afectados por la sequ\u00eda. | Proagro","robots":{"index":"index","follow":"follow","max-snippet":"max-snippet:-1","max-image-preview":"max-image-preview:large","max-video-preview":"max-video-preview:-1"},"canonical":"https:\/\/proagrolab.com.ar\/en\/el-gobierno-de-formosa-asistira-a-productores-ganaderos-afectados-por-la-sequia\/","og_locale":"en_US","og_type":"article","og_title":"El Gobierno de Formosa asistir\u00e1 a productores ganaderos afectados por la sequ\u00eda. | Proagro","og_description":"La severa sequ\u00eda ha sido superada en casi un 90 % del territorio de Formosa, pero quedan zonas puntuales, como la del extremo suroeste -departamento Matacos- donde este d\u00e9ficit h\u00eddrico a\u00fan se mantiene; por ello el gobierno provincial dispuso robustecer la asistencia a peque\u00f1os ganaderos de esa regi\u00f3n conocida como La Florencia-Oeste y La Florencia-Este. A instancia de lo dispuesto por el titular del Poder Ejecutivo Provincial (PEP), un equipo de t\u00e9cnicos del gobierno, encabezado por el ministro de la Producci\u00f3n y Ambiente, Ra\u00fal Quintana y el administrador del Instituto de Colonizaci\u00f3n y Tierras Fiscales, Manuel Rodr\u00edguez, se reunieron con poco m\u00e1s de una veintena de productores ganaderos (en representaci\u00f3n de las 180 familias asentadas en aquella zona), quienes, encabezados por el presidente de la Asociaci\u00f3n de Campesinos Criollos de La Florencia, Benjam\u00edn Saravia, vinieron a esta ciudad a exponer sus inquietudes. Al t\u00e9rmino de la reuni\u00f3n en dependencias del Instituto de Colonizaci\u00f3n y Tierras Fiscales, el ministro Quintana, escuch\u00f3 a los productores, con quienes indic\u00f3 que se pudo &#8220;dialogar con madurez&#8221;, para explicar que &#8220;la sequ\u00eda produjo efectos adversos en la producci\u00f3n, y si bien las lluvias ca\u00eddas han revertido el contexto en 90% del territorio que se encuentra [&hellip;]","og_url":"https:\/\/proagrolab.com.ar\/el-gobierno-de-formosa-asistira-a-productores-ganaderos-afectados-por-la-sequia\/","og_site_name":"Proagro","article_publisher":"http:\/\/www.facebook.com\/proagrolab","article_published_time":"2013-12-20T00:00:01+00:00","og_image":[{"width":450,"height":208,"url":"https:\/\/proagrolab.com.ar\/wp-content\/uploads\/2015\/01\/g_z3debc3v4__Vacas-14.jpg","type":"image\/jpeg"}],"author":"proagrolab","twitter_card":"summary_large_image","twitter_misc":{"Written by":"proagrolab","Est. reading time":"4 minutes"},"schema":{"@context":"https:\/\/schema.org","@graph":[{"@type":"Article","@id":"https:\/\/proagrolab.com.ar\/el-gobierno-de-formosa-asistira-a-productores-ganaderos-afectados-por-la-sequia\/#article","isPartOf":{"@id":"https:\/\/proagrolab.com.ar\/el-gobierno-de-formosa-asistira-a-productores-ganaderos-afectados-por-la-sequia\/"},"author":{"name":"proagrolab","@id":"https:\/\/proagrolab.com.ar\/#\/schema\/person\/38003ff90bf80381f71c7d922d207444"},"headline":"El Gobierno de Formosa asistir\u00e1 a productores ganaderos afectados por la sequ\u00eda.","datePublished":"2013-12-20T00:00:01+00:00","mainEntityOfPage":{"@id":"https:\/\/proagrolab.com.ar\/el-gobierno-de-formosa-asistira-a-productores-ganaderos-afectados-por-la-sequia\/"},"wordCount":785,"publisher":{"@id":"https:\/\/proagrolab.com.ar\/#organization"},"image":{"@id":"https:\/\/proagrolab.com.ar\/el-gobierno-de-formosa-asistira-a-productores-ganaderos-afectados-por-la-sequia\/#primaryimage"},"thumbnailUrl":"https:\/\/proagrolab.com.ar\/wp-content\/uploads\/2015\/01\/g_z3debc3v4__Vacas-14.jpg","articleSection":["News"],"inLanguage":"en-US"},{"@type":"WebPage","@id":"https:\/\/proagrolab.com.ar\/el-gobierno-de-formosa-asistira-a-productores-ganaderos-afectados-por-la-sequia\/","url":"https:\/\/proagrolab.com.ar\/el-gobierno-de-formosa-asistira-a-productores-ganaderos-afectados-por-la-sequia\/","name":"El Gobierno de Formosa asistir\u00e1 a productores ganaderos afectados por la sequ\u00eda. | Proagro","isPartOf":{"@id":"https:\/\/proagrolab.com.ar\/#website"},"primaryImageOfPage":{"@id":"https:\/\/proagrolab.com.ar\/el-gobierno-de-formosa-asistira-a-productores-ganaderos-afectados-por-la-sequia\/#primaryimage"},"image":{"@id":"https:\/\/proagrolab.com.ar\/el-gobierno-de-formosa-asistira-a-productores-ganaderos-afectados-por-la-sequia\/#primaryimage"},"thumbnailUrl":"https:\/\/proagrolab.com.ar\/wp-content\/uploads\/2015\/01\/g_z3debc3v4__Vacas-14.jpg","datePublished":"2013-12-20T00:00:01+00:00","breadcrumb":{"@id":"https:\/\/proagrolab.com.ar\/el-gobierno-de-formosa-asistira-a-productores-ganaderos-afectados-por-la-sequia\/#breadcrumb"},"inLanguage":"en-US","potentialAction":[{"@type":"ReadAction","target":["https:\/\/proagrolab.com.ar\/el-gobierno-de-formosa-asistira-a-productores-ganaderos-afectados-por-la-sequia\/"]}]},{"@type":"ImageObject","inLanguage":"en-US","@id":"https:\/\/proagrolab.com.ar\/el-gobierno-de-formosa-asistira-a-productores-ganaderos-afectados-por-la-sequia\/#primaryimage","url":"https:\/\/proagrolab.com.ar\/wp-content\/uploads\/2015\/01\/g_z3debc3v4__Vacas-14.jpg","contentUrl":"https:\/\/proagrolab.com.ar\/wp-content\/uploads\/2015\/01\/g_z3debc3v4__Vacas-14.jpg","width":450,"height":208},{"@type":"BreadcrumbList","@id":"https:\/\/proagrolab.com.ar\/el-gobierno-de-formosa-asistira-a-productores-ganaderos-afectados-por-la-sequia\/#breadcrumb","itemListElement":[{"@type":"ListItem","position":1,"name":"Portada","item":"https:\/\/proagrolab.com.ar\/"},{"@type":"ListItem","position":2,"name":"El Gobierno de Formosa asistir\u00e1 a productores ganaderos afectados por la sequ\u00eda."}]},{"@type":"WebSite","@id":"https:\/\/proagrolab.com.ar\/#website","url":"https:\/\/proagrolab.com.ar\/","name":"Proagro Laboratorio Veterinario","description":"Veterinary laboratory","publisher":{"@id":"https:\/\/proagrolab.com.ar\/#organization"},"potentialAction":[{"@type":"SearchAction","target":{"@type":"EntryPoint","urlTemplate":"https:\/\/proagrolab.com.ar\/?s={search_term_string}"},"query-input":{"@type":"PropertyValueSpecification","valueRequired":true,"valueName":"search_term_string"}}],"inLanguage":"en-US"},{"@type":"Organization","@id":"https:\/\/proagrolab.com.ar\/#organization","name":"Proagro","url":"https:\/\/proagrolab.com.ar\/","logo":{"@type":"ImageObject","inLanguage":"en-US","@id":"https:\/\/proagrolab.com.ar\/#\/schema\/logo\/image\/","url":"https:\/\/proagrolab.com.ar\/wp-content\/uploads\/2020\/04\/logo-retina.png","contentUrl":"https:\/\/proagrolab.com.ar\/wp-content\/uploads\/2020\/04\/logo-retina.png","width":478,"height":120,"caption":"Proagro"},"image":{"@id":"https:\/\/proagrolab.com.ar\/#\/schema\/logo\/image\/"},"sameAs":["http:\/\/www.facebook.com\/proagrolab","https:\/\/www.instagram.com\/proagrolab\/","https:\/\/www.linkedin.com\/company\/laboratorio-proagro-s-a\/"]},{"@type":"Person","@id":"https:\/\/proagrolab.com.ar\/#\/schema\/person\/38003ff90bf80381f71c7d922d207444","name":"proagrolab"}]}},"_links":{"self":[{"href":"https:\/\/proagrolab.com.ar\/en\/wp-json\/wp\/v2\/posts\/5880","targetHints":{"allow":["GET"]}}],"collection":[{"href":"https:\/\/proagrolab.com.ar\/en\/wp-json\/wp\/v2\/posts"}],"about":[{"href":"https:\/\/proagrolab.com.ar\/en\/wp-json\/wp\/v2\/types\/post"}],"author":[{"embeddable":true,"href":"https:\/\/proagrolab.com.ar\/en\/wp-json\/wp\/v2\/users\/2"}],"replies":[{"embeddable":true,"href":"https:\/\/proagrolab.com.ar\/en\/wp-json\/wp\/v2\/comments?post=5880"}],"version-history":[{"count":0,"href":"https:\/\/proagrolab.com.ar\/en\/wp-json\/wp\/v2\/posts\/5880\/revisions"}],"wp:featuredmedia":[{"embeddable":true,"href":"https:\/\/proagrolab.com.ar\/en\/wp-json\/wp\/v2\/media\/2366"}],"wp:attachment":[{"href":"https:\/\/proagrolab.com.ar\/en\/wp-json\/wp\/v2\/media?parent=5880"}],"wp:term":[{"taxonomy":"category","embeddable":true,"href":"https:\/\/proagrolab.com.ar\/en\/wp-json\/wp\/v2\/categories?post=5880"},{"taxonomy":"post_tag","embeddable":true,"href":"https:\/\/proagrolab.com.ar\/en\/wp-json\/wp\/v2\/tags?post=5880"}],"curies":[{"name":"wp","href":"https:\/\/api.w.org\/{rel}","templated":true}]}}