{"id":5878,"date":"2013-12-19T00:00:01","date_gmt":"2013-12-19T00:00:01","guid":{"rendered":"https:\/\/proagrolab.com.ar\/paraguay-con-miras-a-crear-la-carne-certificada-brangus-latinoamerica\/"},"modified":"2013-12-19T00:00:01","modified_gmt":"2013-12-19T00:00:01","slug":"paraguay-con-miras-a-crear-la-carne-certificada-brangus-latinoamerica","status":"publish","type":"post","link":"https:\/\/proagrolab.com.ar\/en\/paraguay-con-miras-a-crear-la-carne-certificada-brangus-latinoamerica\/","title":{"rendered":"Paraguay con miras a crear la carne certificada Brangus Latinoam\u00e9rica."},"content":{"rendered":"<p class=\"qtranxs-available-languages-message qtranxs-available-languages-message-en\"> <\/p><p>La Asociaci\u00f3n de Criadores de Brangus del Paraguay (ACBP) se enfocar\u00e1 en crear, junto a sus pares de la regi\u00f3n, la carne certificada Brangus Latinoam\u00e9rica. La intenci\u00f3n es que dicho producto genere beneficios econ\u00f3micos a los criadores de la raza bovina. As\u00ed indic\u00f3 Jorge Reinau, coordinador del Comit\u00e9 Organizador del Congreso Latinoamericano Brangus, a desarrollarse en Paraguay en abril de 2014.<\/p>\n<p>En conferencia de prensa, Reinau indic\u00f3 que existe una motivaci\u00f3n importante entre las asociaciones de diferentes pa\u00edses para instalar una marca regional con una raza en constante crecimiento.<\/p>\n<p>Por otra parte, Jos\u00e9 Costa, presidente de la ACBP, coment\u00f3 que este encuentro ser\u00e1 el foco para la transcendencia de la gen\u00e9tica nacional, ya que ser\u00e1n expuestas 2 mil cabezas de animales de la raza, de diferentes categor\u00edas y para cada sistema de producci\u00f3n.<\/p>\n<p>El precis\u00f3 que existen muy buenas oportunidades de negocios con Ecuador, Colombia y Bolivia, para la venta de gen\u00e9tica, sean embriones o semen.<\/p>\n<p>Costa indic\u00f3 que se espera un volumen de negocios de un mill\u00f3n de d\u00f3lares entre las dos ferias a realizarse durante el evento.<\/p>\n<p>El presidente del gremio de criadores de Brangus indic\u00f3 que este a\u00f1o nuevamente fueron registradas 16 mil cabezas Brangus en la ARP.<\/p>\n<p>Fuente: Carnetec, 19 de diciembre.<br \/><\/p>","protected":false},"excerpt":{"rendered":"<p>La Asociaci\u00f3n de Criadores de Brangus del Paraguay (ACBP) se enfocar\u00e1 en crear, junto a sus pares de la regi\u00f3n, la carne certificada Brangus Latinoam\u00e9rica. La intenci\u00f3n es que dicho producto genere beneficios econ\u00f3micos a los criadores de la raza bovina. As\u00ed indic\u00f3 Jorge Reinau, coordinador del Comit\u00e9 Organizador del Congreso Latinoamericano Brangus, a desarrollarse en Paraguay en abril de 2014. En conferencia de prensa, Reinau indic\u00f3 que existe una motivaci\u00f3n importante entre las asociaciones de diferentes pa\u00edses para instalar una marca regional con una raza en constante crecimiento. Por otra parte, Jos\u00e9 Costa, presidente de la ACBP, coment\u00f3 que este encuentro ser\u00e1 el foco para la transcendencia de la gen\u00e9tica nacional, ya que ser\u00e1n expuestas 2 mil cabezas de animales de la raza, de diferentes categor\u00edas y para cada sistema de producci\u00f3n. El precis\u00f3 que existen muy buenas oportunidades de negocios con Ecuador, Colombia y Bolivia, para la venta de gen\u00e9tica, sean embriones o semen. Costa indic\u00f3 que se espera un volumen de negocios de un mill\u00f3n de d\u00f3lares entre las dos ferias a realizarse durante el evento. El presidente del gremio de criadores de Brangus indic\u00f3 que este a\u00f1o nuevamente fueron registradas 16 mil cabezas Brangus en la [&hellip;]<\/p>\n","protected":false},"author":2,"featured_media":2364,"comment_status":"closed","ping_status":"open","sticky":false,"template":"","format":"standard","meta":{"_acf_changed":false,"footnotes":""},"categories":[56],"tags":[],"class_list":["post-5878","post","type-post","status-publish","format-standard","has-post-thumbnail","hentry","category-infoganadero"],"acf":[],"yoast_head":"<!-- This site is optimized with the Yoast SEO plugin v27.4 - https:\/\/yoast.com\/product\/yoast-seo-wordpress\/ -->\n<title>Paraguay con miras a crear la carne certificada Brangus Latinoam\u00e9rica. | Proagro<\/title>\n<meta name=\"robots\" content=\"index, follow, max-snippet:-1, max-image-preview:large, max-video-preview:-1\" \/>\n<link rel=\"canonical\" href=\"https:\/\/proagrolab.com.ar\/en\/paraguay-con-miras-a-crear-la-carne-certificada-brangus-latinoamerica\/\" \/>\n<meta property=\"og:locale\" content=\"en_US\" \/>\n<meta property=\"og:type\" content=\"article\" \/>\n<meta property=\"og:title\" content=\"Paraguay con miras a crear la carne certificada Brangus Latinoam\u00e9rica. | Proagro\" \/>\n<meta property=\"og:description\" content=\"La Asociaci\u00f3n de Criadores de Brangus del Paraguay (ACBP) se enfocar\u00e1 en crear, junto a sus pares de la regi\u00f3n, la carne certificada Brangus Latinoam\u00e9rica. La intenci\u00f3n es que dicho producto genere beneficios econ\u00f3micos a los criadores de la raza bovina. As\u00ed indic\u00f3 Jorge Reinau, coordinador del Comit\u00e9 Organizador del Congreso Latinoamericano Brangus, a desarrollarse en Paraguay en abril de 2014. En conferencia de prensa, Reinau indic\u00f3 que existe una motivaci\u00f3n importante entre las asociaciones de diferentes pa\u00edses para instalar una marca regional con una raza en constante crecimiento. Por otra parte, Jos\u00e9 Costa, presidente de la ACBP, coment\u00f3 que este encuentro ser\u00e1 el foco para la transcendencia de la gen\u00e9tica nacional, ya que ser\u00e1n expuestas 2 mil cabezas de animales de la raza, de diferentes categor\u00edas y para cada sistema de producci\u00f3n. El precis\u00f3 que existen muy buenas oportunidades de negocios con Ecuador, Colombia y Bolivia, para la venta de gen\u00e9tica, sean embriones o semen. Costa indic\u00f3 que se espera un volumen de negocios de un mill\u00f3n de d\u00f3lares entre las dos ferias a realizarse durante el evento. El presidente del gremio de criadores de Brangus indic\u00f3 que este a\u00f1o nuevamente fueron registradas 16 mil cabezas Brangus en la [&hellip;]\" \/>\n<meta property=\"og:url\" content=\"https:\/\/proagrolab.com.ar\/paraguay-con-miras-a-crear-la-carne-certificada-brangus-latinoamerica\/\" \/>\n<meta property=\"og:site_name\" content=\"Proagro\" \/>\n<meta property=\"article:publisher\" content=\"http:\/\/www.facebook.com\/proagrolab\" \/>\n<meta property=\"article:published_time\" content=\"2013-12-19T00:00:01+00:00\" \/>\n<meta property=\"og:image\" content=\"https:\/\/proagrolab.com.ar\/wp-content\/uploads\/2015\/01\/g_i40vti4kn__Brangus-negro-6.jpg\" \/>\n\t<meta property=\"og:image:width\" content=\"450\" \/>\n\t<meta property=\"og:image:height\" content=\"208\" \/>\n\t<meta property=\"og:image:type\" content=\"image\/jpeg\" \/>\n<meta name=\"author\" content=\"proagrolab\" \/>\n<meta name=\"twitter:card\" content=\"summary_large_image\" \/>\n<meta name=\"twitter:label1\" content=\"Written by\" \/>\n\t<meta name=\"twitter:data1\" content=\"proagrolab\" \/>\n\t<meta name=\"twitter:label2\" content=\"Est. reading time\" \/>\n\t<meta name=\"twitter:data2\" content=\"1 minute\" \/>\n<script type=\"application\/ld+json\" class=\"yoast-schema-graph\">{\"@context\":\"https:\\\/\\\/schema.org\",\"@graph\":[{\"@type\":\"Article\",\"@id\":\"https:\\\/\\\/proagrolab.com.ar\\\/paraguay-con-miras-a-crear-la-carne-certificada-brangus-latinoamerica\\\/#article\",\"isPartOf\":{\"@id\":\"https:\\\/\\\/proagrolab.com.ar\\\/paraguay-con-miras-a-crear-la-carne-certificada-brangus-latinoamerica\\\/\"},\"author\":{\"name\":\"proagrolab\",\"@id\":\"https:\\\/\\\/proagrolab.com.ar\\\/#\\\/schema\\\/person\\\/38003ff90bf80381f71c7d922d207444\"},\"headline\":\"Paraguay con miras a crear la carne certificada Brangus Latinoam\u00e9rica.\",\"datePublished\":\"2013-12-19T00:00:01+00:00\",\"mainEntityOfPage\":{\"@id\":\"https:\\\/\\\/proagrolab.com.ar\\\/paraguay-con-miras-a-crear-la-carne-certificada-brangus-latinoamerica\\\/\"},\"wordCount\":228,\"publisher\":{\"@id\":\"https:\\\/\\\/proagrolab.com.ar\\\/#organization\"},\"image\":{\"@id\":\"https:\\\/\\\/proagrolab.com.ar\\\/paraguay-con-miras-a-crear-la-carne-certificada-brangus-latinoamerica\\\/#primaryimage\"},\"thumbnailUrl\":\"https:\\\/\\\/proagrolab.com.ar\\\/wp-content\\\/uploads\\\/2015\\\/01\\\/g_i40vti4kn__Brangus-negro-6.jpg\",\"articleSection\":[\"News\"],\"inLanguage\":\"en-US\"},{\"@type\":\"WebPage\",\"@id\":\"https:\\\/\\\/proagrolab.com.ar\\\/paraguay-con-miras-a-crear-la-carne-certificada-brangus-latinoamerica\\\/\",\"url\":\"https:\\\/\\\/proagrolab.com.ar\\\/paraguay-con-miras-a-crear-la-carne-certificada-brangus-latinoamerica\\\/\",\"name\":\"Paraguay con miras a crear la carne certificada Brangus Latinoam\u00e9rica. | Proagro\",\"isPartOf\":{\"@id\":\"https:\\\/\\\/proagrolab.com.ar\\\/#website\"},\"primaryImageOfPage\":{\"@id\":\"https:\\\/\\\/proagrolab.com.ar\\\/paraguay-con-miras-a-crear-la-carne-certificada-brangus-latinoamerica\\\/#primaryimage\"},\"image\":{\"@id\":\"https:\\\/\\\/proagrolab.com.ar\\\/paraguay-con-miras-a-crear-la-carne-certificada-brangus-latinoamerica\\\/#primaryimage\"},\"thumbnailUrl\":\"https:\\\/\\\/proagrolab.com.ar\\\/wp-content\\\/uploads\\\/2015\\\/01\\\/g_i40vti4kn__Brangus-negro-6.jpg\",\"datePublished\":\"2013-12-19T00:00:01+00:00\",\"breadcrumb\":{\"@id\":\"https:\\\/\\\/proagrolab.com.ar\\\/paraguay-con-miras-a-crear-la-carne-certificada-brangus-latinoamerica\\\/#breadcrumb\"},\"inLanguage\":\"en-US\",\"potentialAction\":[{\"@type\":\"ReadAction\",\"target\":[\"https:\\\/\\\/proagrolab.com.ar\\\/paraguay-con-miras-a-crear-la-carne-certificada-brangus-latinoamerica\\\/\"]}]},{\"@type\":\"ImageObject\",\"inLanguage\":\"en-US\",\"@id\":\"https:\\\/\\\/proagrolab.com.ar\\\/paraguay-con-miras-a-crear-la-carne-certificada-brangus-latinoamerica\\\/#primaryimage\",\"url\":\"https:\\\/\\\/proagrolab.com.ar\\\/wp-content\\\/uploads\\\/2015\\\/01\\\/g_i40vti4kn__Brangus-negro-6.jpg\",\"contentUrl\":\"https:\\\/\\\/proagrolab.com.ar\\\/wp-content\\\/uploads\\\/2015\\\/01\\\/g_i40vti4kn__Brangus-negro-6.jpg\",\"width\":450,\"height\":208},{\"@type\":\"BreadcrumbList\",\"@id\":\"https:\\\/\\\/proagrolab.com.ar\\\/paraguay-con-miras-a-crear-la-carne-certificada-brangus-latinoamerica\\\/#breadcrumb\",\"itemListElement\":[{\"@type\":\"ListItem\",\"position\":1,\"name\":\"Portada\",\"item\":\"https:\\\/\\\/proagrolab.com.ar\\\/\"},{\"@type\":\"ListItem\",\"position\":2,\"name\":\"Paraguay con miras a crear la carne certificada Brangus Latinoam\u00e9rica.\"}]},{\"@type\":\"WebSite\",\"@id\":\"https:\\\/\\\/proagrolab.com.ar\\\/#website\",\"url\":\"https:\\\/\\\/proagrolab.com.ar\\\/\",\"name\":\"Proagro Laboratorio Veterinario\",\"description\":\"Veterinary laboratory\",\"publisher\":{\"@id\":\"https:\\\/\\\/proagrolab.com.ar\\\/#organization\"},\"potentialAction\":[{\"@type\":\"SearchAction\",\"target\":{\"@type\":\"EntryPoint\",\"urlTemplate\":\"https:\\\/\\\/proagrolab.com.ar\\\/?s={search_term_string}\"},\"query-input\":{\"@type\":\"PropertyValueSpecification\",\"valueRequired\":true,\"valueName\":\"search_term_string\"}}],\"inLanguage\":\"en-US\"},{\"@type\":\"Organization\",\"@id\":\"https:\\\/\\\/proagrolab.com.ar\\\/#organization\",\"name\":\"Proagro\",\"url\":\"https:\\\/\\\/proagrolab.com.ar\\\/\",\"logo\":{\"@type\":\"ImageObject\",\"inLanguage\":\"en-US\",\"@id\":\"https:\\\/\\\/proagrolab.com.ar\\\/#\\\/schema\\\/logo\\\/image\\\/\",\"url\":\"https:\\\/\\\/proagrolab.com.ar\\\/wp-content\\\/uploads\\\/2020\\\/04\\\/logo-retina.png\",\"contentUrl\":\"https:\\\/\\\/proagrolab.com.ar\\\/wp-content\\\/uploads\\\/2020\\\/04\\\/logo-retina.png\",\"width\":478,\"height\":120,\"caption\":\"Proagro\"},\"image\":{\"@id\":\"https:\\\/\\\/proagrolab.com.ar\\\/#\\\/schema\\\/logo\\\/image\\\/\"},\"sameAs\":[\"http:\\\/\\\/www.facebook.com\\\/proagrolab\",\"https:\\\/\\\/www.instagram.com\\\/proagrolab\\\/\",\"https:\\\/\\\/www.linkedin.com\\\/company\\\/laboratorio-proagro-s-a\\\/\"]},{\"@type\":\"Person\",\"@id\":\"https:\\\/\\\/proagrolab.com.ar\\\/#\\\/schema\\\/person\\\/38003ff90bf80381f71c7d922d207444\",\"name\":\"proagrolab\"}]}<\/script>\n<!-- \/ Yoast SEO plugin. -->","yoast_head_json":{"title":"Paraguay con miras a crear la carne certificada Brangus Latinoam\u00e9rica. | Proagro","robots":{"index":"index","follow":"follow","max-snippet":"max-snippet:-1","max-image-preview":"max-image-preview:large","max-video-preview":"max-video-preview:-1"},"canonical":"https:\/\/proagrolab.com.ar\/en\/paraguay-con-miras-a-crear-la-carne-certificada-brangus-latinoamerica\/","og_locale":"en_US","og_type":"article","og_title":"Paraguay con miras a crear la carne certificada Brangus Latinoam\u00e9rica. | Proagro","og_description":"La Asociaci\u00f3n de Criadores de Brangus del Paraguay (ACBP) se enfocar\u00e1 en crear, junto a sus pares de la regi\u00f3n, la carne certificada Brangus Latinoam\u00e9rica. La intenci\u00f3n es que dicho producto genere beneficios econ\u00f3micos a los criadores de la raza bovina. As\u00ed indic\u00f3 Jorge Reinau, coordinador del Comit\u00e9 Organizador del Congreso Latinoamericano Brangus, a desarrollarse en Paraguay en abril de 2014. En conferencia de prensa, Reinau indic\u00f3 que existe una motivaci\u00f3n importante entre las asociaciones de diferentes pa\u00edses para instalar una marca regional con una raza en constante crecimiento. Por otra parte, Jos\u00e9 Costa, presidente de la ACBP, coment\u00f3 que este encuentro ser\u00e1 el foco para la transcendencia de la gen\u00e9tica nacional, ya que ser\u00e1n expuestas 2 mil cabezas de animales de la raza, de diferentes categor\u00edas y para cada sistema de producci\u00f3n. El precis\u00f3 que existen muy buenas oportunidades de negocios con Ecuador, Colombia y Bolivia, para la venta de gen\u00e9tica, sean embriones o semen. Costa indic\u00f3 que se espera un volumen de negocios de un mill\u00f3n de d\u00f3lares entre las dos ferias a realizarse durante el evento. El presidente del gremio de criadores de Brangus indic\u00f3 que este a\u00f1o nuevamente fueron registradas 16 mil cabezas Brangus en la [&hellip;]","og_url":"https:\/\/proagrolab.com.ar\/paraguay-con-miras-a-crear-la-carne-certificada-brangus-latinoamerica\/","og_site_name":"Proagro","article_publisher":"http:\/\/www.facebook.com\/proagrolab","article_published_time":"2013-12-19T00:00:01+00:00","og_image":[{"width":450,"height":208,"url":"https:\/\/proagrolab.com.ar\/wp-content\/uploads\/2015\/01\/g_i40vti4kn__Brangus-negro-6.jpg","type":"image\/jpeg"}],"author":"proagrolab","twitter_card":"summary_large_image","twitter_misc":{"Written by":"proagrolab","Est. reading time":"1 minute"},"schema":{"@context":"https:\/\/schema.org","@graph":[{"@type":"Article","@id":"https:\/\/proagrolab.com.ar\/paraguay-con-miras-a-crear-la-carne-certificada-brangus-latinoamerica\/#article","isPartOf":{"@id":"https:\/\/proagrolab.com.ar\/paraguay-con-miras-a-crear-la-carne-certificada-brangus-latinoamerica\/"},"author":{"name":"proagrolab","@id":"https:\/\/proagrolab.com.ar\/#\/schema\/person\/38003ff90bf80381f71c7d922d207444"},"headline":"Paraguay con miras a crear la carne certificada Brangus Latinoam\u00e9rica.","datePublished":"2013-12-19T00:00:01+00:00","mainEntityOfPage":{"@id":"https:\/\/proagrolab.com.ar\/paraguay-con-miras-a-crear-la-carne-certificada-brangus-latinoamerica\/"},"wordCount":228,"publisher":{"@id":"https:\/\/proagrolab.com.ar\/#organization"},"image":{"@id":"https:\/\/proagrolab.com.ar\/paraguay-con-miras-a-crear-la-carne-certificada-brangus-latinoamerica\/#primaryimage"},"thumbnailUrl":"https:\/\/proagrolab.com.ar\/wp-content\/uploads\/2015\/01\/g_i40vti4kn__Brangus-negro-6.jpg","articleSection":["News"],"inLanguage":"en-US"},{"@type":"WebPage","@id":"https:\/\/proagrolab.com.ar\/paraguay-con-miras-a-crear-la-carne-certificada-brangus-latinoamerica\/","url":"https:\/\/proagrolab.com.ar\/paraguay-con-miras-a-crear-la-carne-certificada-brangus-latinoamerica\/","name":"Paraguay con miras a crear la carne certificada Brangus Latinoam\u00e9rica. | Proagro","isPartOf":{"@id":"https:\/\/proagrolab.com.ar\/#website"},"primaryImageOfPage":{"@id":"https:\/\/proagrolab.com.ar\/paraguay-con-miras-a-crear-la-carne-certificada-brangus-latinoamerica\/#primaryimage"},"image":{"@id":"https:\/\/proagrolab.com.ar\/paraguay-con-miras-a-crear-la-carne-certificada-brangus-latinoamerica\/#primaryimage"},"thumbnailUrl":"https:\/\/proagrolab.com.ar\/wp-content\/uploads\/2015\/01\/g_i40vti4kn__Brangus-negro-6.jpg","datePublished":"2013-12-19T00:00:01+00:00","breadcrumb":{"@id":"https:\/\/proagrolab.com.ar\/paraguay-con-miras-a-crear-la-carne-certificada-brangus-latinoamerica\/#breadcrumb"},"inLanguage":"en-US","potentialAction":[{"@type":"ReadAction","target":["https:\/\/proagrolab.com.ar\/paraguay-con-miras-a-crear-la-carne-certificada-brangus-latinoamerica\/"]}]},{"@type":"ImageObject","inLanguage":"en-US","@id":"https:\/\/proagrolab.com.ar\/paraguay-con-miras-a-crear-la-carne-certificada-brangus-latinoamerica\/#primaryimage","url":"https:\/\/proagrolab.com.ar\/wp-content\/uploads\/2015\/01\/g_i40vti4kn__Brangus-negro-6.jpg","contentUrl":"https:\/\/proagrolab.com.ar\/wp-content\/uploads\/2015\/01\/g_i40vti4kn__Brangus-negro-6.jpg","width":450,"height":208},{"@type":"BreadcrumbList","@id":"https:\/\/proagrolab.com.ar\/paraguay-con-miras-a-crear-la-carne-certificada-brangus-latinoamerica\/#breadcrumb","itemListElement":[{"@type":"ListItem","position":1,"name":"Portada","item":"https:\/\/proagrolab.com.ar\/"},{"@type":"ListItem","position":2,"name":"Paraguay con miras a crear la carne certificada Brangus Latinoam\u00e9rica."}]},{"@type":"WebSite","@id":"https:\/\/proagrolab.com.ar\/#website","url":"https:\/\/proagrolab.com.ar\/","name":"Proagro Laboratorio Veterinario","description":"Veterinary laboratory","publisher":{"@id":"https:\/\/proagrolab.com.ar\/#organization"},"potentialAction":[{"@type":"SearchAction","target":{"@type":"EntryPoint","urlTemplate":"https:\/\/proagrolab.com.ar\/?s={search_term_string}"},"query-input":{"@type":"PropertyValueSpecification","valueRequired":true,"valueName":"search_term_string"}}],"inLanguage":"en-US"},{"@type":"Organization","@id":"https:\/\/proagrolab.com.ar\/#organization","name":"Proagro","url":"https:\/\/proagrolab.com.ar\/","logo":{"@type":"ImageObject","inLanguage":"en-US","@id":"https:\/\/proagrolab.com.ar\/#\/schema\/logo\/image\/","url":"https:\/\/proagrolab.com.ar\/wp-content\/uploads\/2020\/04\/logo-retina.png","contentUrl":"https:\/\/proagrolab.com.ar\/wp-content\/uploads\/2020\/04\/logo-retina.png","width":478,"height":120,"caption":"Proagro"},"image":{"@id":"https:\/\/proagrolab.com.ar\/#\/schema\/logo\/image\/"},"sameAs":["http:\/\/www.facebook.com\/proagrolab","https:\/\/www.instagram.com\/proagrolab\/","https:\/\/www.linkedin.com\/company\/laboratorio-proagro-s-a\/"]},{"@type":"Person","@id":"https:\/\/proagrolab.com.ar\/#\/schema\/person\/38003ff90bf80381f71c7d922d207444","name":"proagrolab"}]}},"_links":{"self":[{"href":"https:\/\/proagrolab.com.ar\/en\/wp-json\/wp\/v2\/posts\/5878","targetHints":{"allow":["GET"]}}],"collection":[{"href":"https:\/\/proagrolab.com.ar\/en\/wp-json\/wp\/v2\/posts"}],"about":[{"href":"https:\/\/proagrolab.com.ar\/en\/wp-json\/wp\/v2\/types\/post"}],"author":[{"embeddable":true,"href":"https:\/\/proagrolab.com.ar\/en\/wp-json\/wp\/v2\/users\/2"}],"replies":[{"embeddable":true,"href":"https:\/\/proagrolab.com.ar\/en\/wp-json\/wp\/v2\/comments?post=5878"}],"version-history":[{"count":0,"href":"https:\/\/proagrolab.com.ar\/en\/wp-json\/wp\/v2\/posts\/5878\/revisions"}],"wp:featuredmedia":[{"embeddable":true,"href":"https:\/\/proagrolab.com.ar\/en\/wp-json\/wp\/v2\/media\/2364"}],"wp:attachment":[{"href":"https:\/\/proagrolab.com.ar\/en\/wp-json\/wp\/v2\/media?parent=5878"}],"wp:term":[{"taxonomy":"category","embeddable":true,"href":"https:\/\/proagrolab.com.ar\/en\/wp-json\/wp\/v2\/categories?post=5878"},{"taxonomy":"post_tag","embeddable":true,"href":"https:\/\/proagrolab.com.ar\/en\/wp-json\/wp\/v2\/tags?post=5878"}],"curies":[{"name":"wp","href":"https:\/\/api.w.org\/{rel}","templated":true}]}}