{"id":5877,"date":"2013-12-19T00:00:01","date_gmt":"2013-12-19T00:00:01","guid":{"rendered":"https:\/\/proagrolab.com.ar\/la-carne-ovina-uruguaya-triplicara-su-presencia-en-mexico-en-2014\/"},"modified":"2013-12-19T00:00:01","modified_gmt":"2013-12-19T00:00:01","slug":"la-carne-ovina-uruguaya-triplicara-su-presencia-en-mexico-en-2014","status":"publish","type":"post","link":"https:\/\/proagrolab.com.ar\/en\/la-carne-ovina-uruguaya-triplicara-su-presencia-en-mexico-en-2014\/","title":{"rendered":"La carne ovina uruguaya triplicar\u00e1 su presencia en M\u00e9xico en 2014."},"content":{"rendered":"<p class=\"qtranxs-available-languages-message qtranxs-available-languages-message-en\"> <\/p><p>La carne ovina uruguaya desosada y madurada puede triplicar su presencia en M\u00e9xico y llegar as\u00ed a las gondolas de hasta 40 supermercados para 2014, seg\u00fan el grupo importador Green Farm.<\/p>\n<p>&#8220;La carne ovina de Uruguay tuvo mucha aceptaci\u00f3n en las g\u00f3ndolas mexicanas. Estamos trabajando bien con el cordero y tenemos un buen diferenciador con la carne australiana&#8221;, asegur\u00f3 a El Pa\u00eds Eloy Fern\u00e1ndez, director comercial del grupo.<\/p>\n<p>Los cortes de cordero de Uruguay se venden al p\u00fablico a alrededor de US$ 15 por kilo.<\/p>\n<p>Fern\u00e1ndez asegur\u00f3 que el grupo importador siempre apunt\u00f3 a cadenas de consumidores y tiendas de elite, porque &#8220;es un producto de alta calidad y los consumidores mexicanos lo han aprendido a valorar&#8221;.<\/p>\n<p>El 2013 fue &#8220;un a\u00f1o muy bueno comparado con los anteriores, pero todav\u00eda el volumen importado contin\u00faa siendo muy bajo&#8221;, agreg\u00f3.<\/p>\n<p>Hasta ahora se colocaban lomos, piernas desosadas y cuadriles en el pa\u00eds azteca, pero la meta del grupo es ampliar el mix de cortes, mediante la incorporaci\u00f3n de delanteros y otros.<\/p>\n<p>&#8220;Se har\u00e1 un lanzamiento de productos de mayor rotaci\u00f3n, no s\u00f3lo cortes finos, vamos a meter una l\u00ednea de productos como carne picada, cortes ruedas (delanteros) y otros. Hoy ya se est\u00e1n llevando, pero vamos a aumentar el volumen&#8221;, afirm\u00f3 Fern\u00e1ndez a El Pa\u00eds durante su reciente visita a Uruguay.<\/p>\n<p>Fuente: Carnetec, 19 de diciembre.<br \/><\/p>","protected":false},"excerpt":{"rendered":"<p>La carne ovina uruguaya desosada y madurada puede triplicar su presencia en M\u00e9xico y llegar as\u00ed a las gondolas de hasta 40 supermercados para 2014, seg\u00fan el grupo importador Green Farm. &#8220;La carne ovina de Uruguay tuvo mucha aceptaci\u00f3n en las g\u00f3ndolas mexicanas. Estamos trabajando bien con el cordero y tenemos un buen diferenciador con la carne australiana&#8221;, asegur\u00f3 a El Pa\u00eds Eloy Fern\u00e1ndez, director comercial del grupo. Los cortes de cordero de Uruguay se venden al p\u00fablico a alrededor de US$ 15 por kilo. Fern\u00e1ndez asegur\u00f3 que el grupo importador siempre apunt\u00f3 a cadenas de consumidores y tiendas de elite, porque &#8220;es un producto de alta calidad y los consumidores mexicanos lo han aprendido a valorar&#8221;. El 2013 fue &#8220;un a\u00f1o muy bueno comparado con los anteriores, pero todav\u00eda el volumen importado contin\u00faa siendo muy bajo&#8221;, agreg\u00f3. Hasta ahora se colocaban lomos, piernas desosadas y cuadriles en el pa\u00eds azteca, pero la meta del grupo es ampliar el mix de cortes, mediante la incorporaci\u00f3n de delanteros y otros. &#8220;Se har\u00e1 un lanzamiento de productos de mayor rotaci\u00f3n, no s\u00f3lo cortes finos, vamos a meter una l\u00ednea de productos como carne picada, cortes ruedas (delanteros) y otros. Hoy ya se [&hellip;]<\/p>\n","protected":false},"author":2,"featured_media":2363,"comment_status":"closed","ping_status":"open","sticky":false,"template":"","format":"standard","meta":{"_acf_changed":false,"footnotes":""},"categories":[56],"tags":[],"class_list":["post-5877","post","type-post","status-publish","format-standard","has-post-thumbnail","hentry","category-infoganadero"],"acf":[],"yoast_head":"<!-- This site is optimized with the Yoast SEO plugin v27.4 - https:\/\/yoast.com\/product\/yoast-seo-wordpress\/ -->\n<title>La carne ovina uruguaya triplicar\u00e1 su presencia en M\u00e9xico en 2014. | Proagro<\/title>\n<meta name=\"robots\" content=\"index, follow, max-snippet:-1, max-image-preview:large, max-video-preview:-1\" \/>\n<link rel=\"canonical\" href=\"https:\/\/proagrolab.com.ar\/en\/la-carne-ovina-uruguaya-triplicara-su-presencia-en-mexico-en-2014\/\" \/>\n<meta property=\"og:locale\" content=\"en_US\" \/>\n<meta property=\"og:type\" content=\"article\" \/>\n<meta property=\"og:title\" content=\"La carne ovina uruguaya triplicar\u00e1 su presencia en M\u00e9xico en 2014. | Proagro\" \/>\n<meta property=\"og:description\" content=\"La carne ovina uruguaya desosada y madurada puede triplicar su presencia en M\u00e9xico y llegar as\u00ed a las gondolas de hasta 40 supermercados para 2014, seg\u00fan el grupo importador Green Farm. &#8220;La carne ovina de Uruguay tuvo mucha aceptaci\u00f3n en las g\u00f3ndolas mexicanas. Estamos trabajando bien con el cordero y tenemos un buen diferenciador con la carne australiana&#8221;, asegur\u00f3 a El Pa\u00eds Eloy Fern\u00e1ndez, director comercial del grupo. Los cortes de cordero de Uruguay se venden al p\u00fablico a alrededor de US$ 15 por kilo. Fern\u00e1ndez asegur\u00f3 que el grupo importador siempre apunt\u00f3 a cadenas de consumidores y tiendas de elite, porque &#8220;es un producto de alta calidad y los consumidores mexicanos lo han aprendido a valorar&#8221;. El 2013 fue &#8220;un a\u00f1o muy bueno comparado con los anteriores, pero todav\u00eda el volumen importado contin\u00faa siendo muy bajo&#8221;, agreg\u00f3. Hasta ahora se colocaban lomos, piernas desosadas y cuadriles en el pa\u00eds azteca, pero la meta del grupo es ampliar el mix de cortes, mediante la incorporaci\u00f3n de delanteros y otros. &#8220;Se har\u00e1 un lanzamiento de productos de mayor rotaci\u00f3n, no s\u00f3lo cortes finos, vamos a meter una l\u00ednea de productos como carne picada, cortes ruedas (delanteros) y otros. Hoy ya se [&hellip;]\" \/>\n<meta property=\"og:url\" content=\"https:\/\/proagrolab.com.ar\/la-carne-ovina-uruguaya-triplicara-su-presencia-en-mexico-en-2014\/\" \/>\n<meta property=\"og:site_name\" content=\"Proagro\" \/>\n<meta property=\"article:publisher\" content=\"http:\/\/www.facebook.com\/proagrolab\" \/>\n<meta property=\"article:published_time\" content=\"2013-12-19T00:00:01+00:00\" \/>\n<meta property=\"og:image\" content=\"https:\/\/proagrolab.com.ar\/wp-content\/uploads\/2015\/01\/g_j3w03h135__Ovejas1.jpg\" \/>\n\t<meta property=\"og:image:width\" content=\"450\" \/>\n\t<meta property=\"og:image:height\" content=\"208\" \/>\n\t<meta property=\"og:image:type\" content=\"image\/jpeg\" \/>\n<meta name=\"author\" content=\"proagrolab\" \/>\n<meta name=\"twitter:card\" content=\"summary_large_image\" \/>\n<meta name=\"twitter:label1\" content=\"Written by\" \/>\n\t<meta name=\"twitter:data1\" content=\"proagrolab\" \/>\n\t<meta name=\"twitter:label2\" content=\"Est. reading time\" \/>\n\t<meta name=\"twitter:data2\" content=\"1 minute\" \/>\n<script type=\"application\/ld+json\" class=\"yoast-schema-graph\">{\"@context\":\"https:\\\/\\\/schema.org\",\"@graph\":[{\"@type\":\"Article\",\"@id\":\"https:\\\/\\\/proagrolab.com.ar\\\/la-carne-ovina-uruguaya-triplicara-su-presencia-en-mexico-en-2014\\\/#article\",\"isPartOf\":{\"@id\":\"https:\\\/\\\/proagrolab.com.ar\\\/la-carne-ovina-uruguaya-triplicara-su-presencia-en-mexico-en-2014\\\/\"},\"author\":{\"name\":\"proagrolab\",\"@id\":\"https:\\\/\\\/proagrolab.com.ar\\\/#\\\/schema\\\/person\\\/38003ff90bf80381f71c7d922d207444\"},\"headline\":\"La carne ovina uruguaya triplicar\u00e1 su presencia en M\u00e9xico en 2014.\",\"datePublished\":\"2013-12-19T00:00:01+00:00\",\"mainEntityOfPage\":{\"@id\":\"https:\\\/\\\/proagrolab.com.ar\\\/la-carne-ovina-uruguaya-triplicara-su-presencia-en-mexico-en-2014\\\/\"},\"wordCount\":249,\"publisher\":{\"@id\":\"https:\\\/\\\/proagrolab.com.ar\\\/#organization\"},\"image\":{\"@id\":\"https:\\\/\\\/proagrolab.com.ar\\\/la-carne-ovina-uruguaya-triplicara-su-presencia-en-mexico-en-2014\\\/#primaryimage\"},\"thumbnailUrl\":\"https:\\\/\\\/proagrolab.com.ar\\\/wp-content\\\/uploads\\\/2015\\\/01\\\/g_j3w03h135__Ovejas1.jpg\",\"articleSection\":[\"News\"],\"inLanguage\":\"en-US\"},{\"@type\":\"WebPage\",\"@id\":\"https:\\\/\\\/proagrolab.com.ar\\\/la-carne-ovina-uruguaya-triplicara-su-presencia-en-mexico-en-2014\\\/\",\"url\":\"https:\\\/\\\/proagrolab.com.ar\\\/la-carne-ovina-uruguaya-triplicara-su-presencia-en-mexico-en-2014\\\/\",\"name\":\"La carne ovina uruguaya triplicar\u00e1 su presencia en M\u00e9xico en 2014. | Proagro\",\"isPartOf\":{\"@id\":\"https:\\\/\\\/proagrolab.com.ar\\\/#website\"},\"primaryImageOfPage\":{\"@id\":\"https:\\\/\\\/proagrolab.com.ar\\\/la-carne-ovina-uruguaya-triplicara-su-presencia-en-mexico-en-2014\\\/#primaryimage\"},\"image\":{\"@id\":\"https:\\\/\\\/proagrolab.com.ar\\\/la-carne-ovina-uruguaya-triplicara-su-presencia-en-mexico-en-2014\\\/#primaryimage\"},\"thumbnailUrl\":\"https:\\\/\\\/proagrolab.com.ar\\\/wp-content\\\/uploads\\\/2015\\\/01\\\/g_j3w03h135__Ovejas1.jpg\",\"datePublished\":\"2013-12-19T00:00:01+00:00\",\"breadcrumb\":{\"@id\":\"https:\\\/\\\/proagrolab.com.ar\\\/la-carne-ovina-uruguaya-triplicara-su-presencia-en-mexico-en-2014\\\/#breadcrumb\"},\"inLanguage\":\"en-US\",\"potentialAction\":[{\"@type\":\"ReadAction\",\"target\":[\"https:\\\/\\\/proagrolab.com.ar\\\/la-carne-ovina-uruguaya-triplicara-su-presencia-en-mexico-en-2014\\\/\"]}]},{\"@type\":\"ImageObject\",\"inLanguage\":\"en-US\",\"@id\":\"https:\\\/\\\/proagrolab.com.ar\\\/la-carne-ovina-uruguaya-triplicara-su-presencia-en-mexico-en-2014\\\/#primaryimage\",\"url\":\"https:\\\/\\\/proagrolab.com.ar\\\/wp-content\\\/uploads\\\/2015\\\/01\\\/g_j3w03h135__Ovejas1.jpg\",\"contentUrl\":\"https:\\\/\\\/proagrolab.com.ar\\\/wp-content\\\/uploads\\\/2015\\\/01\\\/g_j3w03h135__Ovejas1.jpg\",\"width\":450,\"height\":208},{\"@type\":\"BreadcrumbList\",\"@id\":\"https:\\\/\\\/proagrolab.com.ar\\\/la-carne-ovina-uruguaya-triplicara-su-presencia-en-mexico-en-2014\\\/#breadcrumb\",\"itemListElement\":[{\"@type\":\"ListItem\",\"position\":1,\"name\":\"Portada\",\"item\":\"https:\\\/\\\/proagrolab.com.ar\\\/\"},{\"@type\":\"ListItem\",\"position\":2,\"name\":\"La carne ovina uruguaya triplicar\u00e1 su presencia en M\u00e9xico en 2014.\"}]},{\"@type\":\"WebSite\",\"@id\":\"https:\\\/\\\/proagrolab.com.ar\\\/#website\",\"url\":\"https:\\\/\\\/proagrolab.com.ar\\\/\",\"name\":\"Proagro Laboratorio Veterinario\",\"description\":\"Veterinary laboratory\",\"publisher\":{\"@id\":\"https:\\\/\\\/proagrolab.com.ar\\\/#organization\"},\"potentialAction\":[{\"@type\":\"SearchAction\",\"target\":{\"@type\":\"EntryPoint\",\"urlTemplate\":\"https:\\\/\\\/proagrolab.com.ar\\\/?s={search_term_string}\"},\"query-input\":{\"@type\":\"PropertyValueSpecification\",\"valueRequired\":true,\"valueName\":\"search_term_string\"}}],\"inLanguage\":\"en-US\"},{\"@type\":\"Organization\",\"@id\":\"https:\\\/\\\/proagrolab.com.ar\\\/#organization\",\"name\":\"Proagro\",\"url\":\"https:\\\/\\\/proagrolab.com.ar\\\/\",\"logo\":{\"@type\":\"ImageObject\",\"inLanguage\":\"en-US\",\"@id\":\"https:\\\/\\\/proagrolab.com.ar\\\/#\\\/schema\\\/logo\\\/image\\\/\",\"url\":\"https:\\\/\\\/proagrolab.com.ar\\\/wp-content\\\/uploads\\\/2020\\\/04\\\/logo-retina.png\",\"contentUrl\":\"https:\\\/\\\/proagrolab.com.ar\\\/wp-content\\\/uploads\\\/2020\\\/04\\\/logo-retina.png\",\"width\":478,\"height\":120,\"caption\":\"Proagro\"},\"image\":{\"@id\":\"https:\\\/\\\/proagrolab.com.ar\\\/#\\\/schema\\\/logo\\\/image\\\/\"},\"sameAs\":[\"http:\\\/\\\/www.facebook.com\\\/proagrolab\",\"https:\\\/\\\/www.instagram.com\\\/proagrolab\\\/\",\"https:\\\/\\\/www.linkedin.com\\\/company\\\/laboratorio-proagro-s-a\\\/\"]},{\"@type\":\"Person\",\"@id\":\"https:\\\/\\\/proagrolab.com.ar\\\/#\\\/schema\\\/person\\\/38003ff90bf80381f71c7d922d207444\",\"name\":\"proagrolab\"}]}<\/script>\n<!-- \/ Yoast SEO plugin. -->","yoast_head_json":{"title":"La carne ovina uruguaya triplicar\u00e1 su presencia en M\u00e9xico en 2014. | Proagro","robots":{"index":"index","follow":"follow","max-snippet":"max-snippet:-1","max-image-preview":"max-image-preview:large","max-video-preview":"max-video-preview:-1"},"canonical":"https:\/\/proagrolab.com.ar\/en\/la-carne-ovina-uruguaya-triplicara-su-presencia-en-mexico-en-2014\/","og_locale":"en_US","og_type":"article","og_title":"La carne ovina uruguaya triplicar\u00e1 su presencia en M\u00e9xico en 2014. | Proagro","og_description":"La carne ovina uruguaya desosada y madurada puede triplicar su presencia en M\u00e9xico y llegar as\u00ed a las gondolas de hasta 40 supermercados para 2014, seg\u00fan el grupo importador Green Farm. &#8220;La carne ovina de Uruguay tuvo mucha aceptaci\u00f3n en las g\u00f3ndolas mexicanas. Estamos trabajando bien con el cordero y tenemos un buen diferenciador con la carne australiana&#8221;, asegur\u00f3 a El Pa\u00eds Eloy Fern\u00e1ndez, director comercial del grupo. Los cortes de cordero de Uruguay se venden al p\u00fablico a alrededor de US$ 15 por kilo. Fern\u00e1ndez asegur\u00f3 que el grupo importador siempre apunt\u00f3 a cadenas de consumidores y tiendas de elite, porque &#8220;es un producto de alta calidad y los consumidores mexicanos lo han aprendido a valorar&#8221;. El 2013 fue &#8220;un a\u00f1o muy bueno comparado con los anteriores, pero todav\u00eda el volumen importado contin\u00faa siendo muy bajo&#8221;, agreg\u00f3. Hasta ahora se colocaban lomos, piernas desosadas y cuadriles en el pa\u00eds azteca, pero la meta del grupo es ampliar el mix de cortes, mediante la incorporaci\u00f3n de delanteros y otros. &#8220;Se har\u00e1 un lanzamiento de productos de mayor rotaci\u00f3n, no s\u00f3lo cortes finos, vamos a meter una l\u00ednea de productos como carne picada, cortes ruedas (delanteros) y otros. Hoy ya se [&hellip;]","og_url":"https:\/\/proagrolab.com.ar\/la-carne-ovina-uruguaya-triplicara-su-presencia-en-mexico-en-2014\/","og_site_name":"Proagro","article_publisher":"http:\/\/www.facebook.com\/proagrolab","article_published_time":"2013-12-19T00:00:01+00:00","og_image":[{"width":450,"height":208,"url":"https:\/\/proagrolab.com.ar\/wp-content\/uploads\/2015\/01\/g_j3w03h135__Ovejas1.jpg","type":"image\/jpeg"}],"author":"proagrolab","twitter_card":"summary_large_image","twitter_misc":{"Written by":"proagrolab","Est. reading time":"1 minute"},"schema":{"@context":"https:\/\/schema.org","@graph":[{"@type":"Article","@id":"https:\/\/proagrolab.com.ar\/la-carne-ovina-uruguaya-triplicara-su-presencia-en-mexico-en-2014\/#article","isPartOf":{"@id":"https:\/\/proagrolab.com.ar\/la-carne-ovina-uruguaya-triplicara-su-presencia-en-mexico-en-2014\/"},"author":{"name":"proagrolab","@id":"https:\/\/proagrolab.com.ar\/#\/schema\/person\/38003ff90bf80381f71c7d922d207444"},"headline":"La carne ovina uruguaya triplicar\u00e1 su presencia en M\u00e9xico en 2014.","datePublished":"2013-12-19T00:00:01+00:00","mainEntityOfPage":{"@id":"https:\/\/proagrolab.com.ar\/la-carne-ovina-uruguaya-triplicara-su-presencia-en-mexico-en-2014\/"},"wordCount":249,"publisher":{"@id":"https:\/\/proagrolab.com.ar\/#organization"},"image":{"@id":"https:\/\/proagrolab.com.ar\/la-carne-ovina-uruguaya-triplicara-su-presencia-en-mexico-en-2014\/#primaryimage"},"thumbnailUrl":"https:\/\/proagrolab.com.ar\/wp-content\/uploads\/2015\/01\/g_j3w03h135__Ovejas1.jpg","articleSection":["News"],"inLanguage":"en-US"},{"@type":"WebPage","@id":"https:\/\/proagrolab.com.ar\/la-carne-ovina-uruguaya-triplicara-su-presencia-en-mexico-en-2014\/","url":"https:\/\/proagrolab.com.ar\/la-carne-ovina-uruguaya-triplicara-su-presencia-en-mexico-en-2014\/","name":"La carne ovina uruguaya triplicar\u00e1 su presencia en M\u00e9xico en 2014. | Proagro","isPartOf":{"@id":"https:\/\/proagrolab.com.ar\/#website"},"primaryImageOfPage":{"@id":"https:\/\/proagrolab.com.ar\/la-carne-ovina-uruguaya-triplicara-su-presencia-en-mexico-en-2014\/#primaryimage"},"image":{"@id":"https:\/\/proagrolab.com.ar\/la-carne-ovina-uruguaya-triplicara-su-presencia-en-mexico-en-2014\/#primaryimage"},"thumbnailUrl":"https:\/\/proagrolab.com.ar\/wp-content\/uploads\/2015\/01\/g_j3w03h135__Ovejas1.jpg","datePublished":"2013-12-19T00:00:01+00:00","breadcrumb":{"@id":"https:\/\/proagrolab.com.ar\/la-carne-ovina-uruguaya-triplicara-su-presencia-en-mexico-en-2014\/#breadcrumb"},"inLanguage":"en-US","potentialAction":[{"@type":"ReadAction","target":["https:\/\/proagrolab.com.ar\/la-carne-ovina-uruguaya-triplicara-su-presencia-en-mexico-en-2014\/"]}]},{"@type":"ImageObject","inLanguage":"en-US","@id":"https:\/\/proagrolab.com.ar\/la-carne-ovina-uruguaya-triplicara-su-presencia-en-mexico-en-2014\/#primaryimage","url":"https:\/\/proagrolab.com.ar\/wp-content\/uploads\/2015\/01\/g_j3w03h135__Ovejas1.jpg","contentUrl":"https:\/\/proagrolab.com.ar\/wp-content\/uploads\/2015\/01\/g_j3w03h135__Ovejas1.jpg","width":450,"height":208},{"@type":"BreadcrumbList","@id":"https:\/\/proagrolab.com.ar\/la-carne-ovina-uruguaya-triplicara-su-presencia-en-mexico-en-2014\/#breadcrumb","itemListElement":[{"@type":"ListItem","position":1,"name":"Portada","item":"https:\/\/proagrolab.com.ar\/"},{"@type":"ListItem","position":2,"name":"La carne ovina uruguaya triplicar\u00e1 su presencia en M\u00e9xico en 2014."}]},{"@type":"WebSite","@id":"https:\/\/proagrolab.com.ar\/#website","url":"https:\/\/proagrolab.com.ar\/","name":"Proagro Laboratorio Veterinario","description":"Veterinary laboratory","publisher":{"@id":"https:\/\/proagrolab.com.ar\/#organization"},"potentialAction":[{"@type":"SearchAction","target":{"@type":"EntryPoint","urlTemplate":"https:\/\/proagrolab.com.ar\/?s={search_term_string}"},"query-input":{"@type":"PropertyValueSpecification","valueRequired":true,"valueName":"search_term_string"}}],"inLanguage":"en-US"},{"@type":"Organization","@id":"https:\/\/proagrolab.com.ar\/#organization","name":"Proagro","url":"https:\/\/proagrolab.com.ar\/","logo":{"@type":"ImageObject","inLanguage":"en-US","@id":"https:\/\/proagrolab.com.ar\/#\/schema\/logo\/image\/","url":"https:\/\/proagrolab.com.ar\/wp-content\/uploads\/2020\/04\/logo-retina.png","contentUrl":"https:\/\/proagrolab.com.ar\/wp-content\/uploads\/2020\/04\/logo-retina.png","width":478,"height":120,"caption":"Proagro"},"image":{"@id":"https:\/\/proagrolab.com.ar\/#\/schema\/logo\/image\/"},"sameAs":["http:\/\/www.facebook.com\/proagrolab","https:\/\/www.instagram.com\/proagrolab\/","https:\/\/www.linkedin.com\/company\/laboratorio-proagro-s-a\/"]},{"@type":"Person","@id":"https:\/\/proagrolab.com.ar\/#\/schema\/person\/38003ff90bf80381f71c7d922d207444","name":"proagrolab"}]}},"_links":{"self":[{"href":"https:\/\/proagrolab.com.ar\/en\/wp-json\/wp\/v2\/posts\/5877","targetHints":{"allow":["GET"]}}],"collection":[{"href":"https:\/\/proagrolab.com.ar\/en\/wp-json\/wp\/v2\/posts"}],"about":[{"href":"https:\/\/proagrolab.com.ar\/en\/wp-json\/wp\/v2\/types\/post"}],"author":[{"embeddable":true,"href":"https:\/\/proagrolab.com.ar\/en\/wp-json\/wp\/v2\/users\/2"}],"replies":[{"embeddable":true,"href":"https:\/\/proagrolab.com.ar\/en\/wp-json\/wp\/v2\/comments?post=5877"}],"version-history":[{"count":0,"href":"https:\/\/proagrolab.com.ar\/en\/wp-json\/wp\/v2\/posts\/5877\/revisions"}],"wp:featuredmedia":[{"embeddable":true,"href":"https:\/\/proagrolab.com.ar\/en\/wp-json\/wp\/v2\/media\/2363"}],"wp:attachment":[{"href":"https:\/\/proagrolab.com.ar\/en\/wp-json\/wp\/v2\/media?parent=5877"}],"wp:term":[{"taxonomy":"category","embeddable":true,"href":"https:\/\/proagrolab.com.ar\/en\/wp-json\/wp\/v2\/categories?post=5877"},{"taxonomy":"post_tag","embeddable":true,"href":"https:\/\/proagrolab.com.ar\/en\/wp-json\/wp\/v2\/tags?post=5877"}],"curies":[{"name":"wp","href":"https:\/\/api.w.org\/{rel}","templated":true}]}}