{"id":5873,"date":"2013-12-17T00:00:01","date_gmt":"2013-12-17T00:00:01","guid":{"rendered":"https:\/\/proagrolab.com.ar\/estiman-una-menor-oferta-de-ganado-liviano-para-mediados-de-enero\/"},"modified":"2013-12-17T00:00:01","modified_gmt":"2013-12-17T00:00:01","slug":"estiman-una-menor-oferta-de-ganado-liviano-para-mediados-de-enero","status":"publish","type":"post","link":"https:\/\/proagrolab.com.ar\/en\/estiman-una-menor-oferta-de-ganado-liviano-para-mediados-de-enero\/","title":{"rendered":"Estiman una menor oferta de ganado liviano para mediados de enero."},"content":{"rendered":"<p class=\"qtranxs-available-languages-message qtranxs-available-languages-message-en\"> <\/p><p>Seg\u00fan el analista Ignacio Iriarte, se sentir\u00e1 cuando termine de enviarse a faena toda la hacienda que no se vendi\u00f3 en las \u00faltimas semanas de 2013.<\/p>\n<p>Desde principios de octubre, la suba acumulada del precio del novillo en Liniers resulta del 18 por ciento; la del novillo pesado para exportaci\u00f3n, 24; y la del ganado liviano de consumo, entre 15 y 20. Despu\u00e9s de producirse la suba, que lleg\u00f3 al 25 por ciento en un momento, la abundante oferta de ganado que se produjo una vez regularizada la faena, aplac\u00f3 nuevas subas. De todos modos, con exportaciones declinantes, la todav\u00eda importante oferta de noviembre y lo que va de diciembre alcanza para un consumo de unos 64 kilos por persona, lo que agregado a unos 13 de cerdo y 38 de pollo supone un consumo total r\u00e9cord de carnes.<\/p>\n<p>Sigue registr\u00e1ndose un faltante muy marcado de novillos pesados, que escasea por razones estacionales (excelente estado de los campos) y por razones estructurales (43 por ciento menos de novillos que siete a\u00f1os atr\u00e1s). Tambi\u00e9n falta por los rumores que dicen que en alg\u00fan momento el Gobierno reducir\u00e1 las retenciones a la exportaci\u00f3n de carne. El faltante de novillo pesado es de tal magnitud que muchos frigor\u00edficos exportadores se han visto obligados a reducir sus faenas o a parar las plantas algunos d\u00edas de la semana.<\/p>\n<p>La vaca est\u00e1 escasa, por razones estacionales, y muy demandada tanto por los exportadores (Rusia, China), como por los abastecedores del Gran Buenos Aires. Es muy abundante todav\u00eda la oferta de hacienda liviana: novillitos, vaquillonas, terneros machos y especialmente terneras hembras, categor\u00eda \u00e9sta que proviene en su mayor\u00eda del feedlot y cuya faena ha aumentado un 19 por ciento con respecto a un a\u00f1o atr\u00e1s.<\/p>\n<p>Se estima que a partir de mediados de enero, al faltante actual de vacas gordas y novillos pesados se le comenzar\u00e1 a agregar una menor oferta de ganado liviano, debido a que el feedlot hace meses que vende m\u00e1s que lo que compra. Como todos los a\u00f1os, esta menor oferta comenzar\u00e1 a sentirse a mediados de enero, cuando termine de enviarse a faena toda la hacienda que por razones impositivas no se vendi\u00f3 en las \u00faltimas semanas del corriente a\u00f1o. Se repetir\u00eda entonces la evoluci\u00f3n de la oferta ganadera que se dio mes a mes el a\u00f1o pasado, pero un escal\u00f3n de faena 10-12 por ciento m\u00e1s alto que en 2012.<\/p>\n<p>Fuente: Nuestro Agro, 17 de diciembre.<br \/><\/p>","protected":false},"excerpt":{"rendered":"<p>Seg\u00fan el analista Ignacio Iriarte, se sentir\u00e1 cuando termine de enviarse a faena toda la hacienda que no se vendi\u00f3 en las \u00faltimas semanas de 2013. Desde principios de octubre, la suba acumulada del precio del novillo en Liniers resulta del 18 por ciento; la del novillo pesado para exportaci\u00f3n, 24; y la del ganado liviano de consumo, entre 15 y 20. Despu\u00e9s de producirse la suba, que lleg\u00f3 al 25 por ciento en un momento, la abundante oferta de ganado que se produjo una vez regularizada la faena, aplac\u00f3 nuevas subas. De todos modos, con exportaciones declinantes, la todav\u00eda importante oferta de noviembre y lo que va de diciembre alcanza para un consumo de unos 64 kilos por persona, lo que agregado a unos 13 de cerdo y 38 de pollo supone un consumo total r\u00e9cord de carnes. Sigue registr\u00e1ndose un faltante muy marcado de novillos pesados, que escasea por razones estacionales (excelente estado de los campos) y por razones estructurales (43 por ciento menos de novillos que siete a\u00f1os atr\u00e1s). Tambi\u00e9n falta por los rumores que dicen que en alg\u00fan momento el Gobierno reducir\u00e1 las retenciones a la exportaci\u00f3n de carne. El faltante de novillo pesado es de [&hellip;]<\/p>\n","protected":false},"author":2,"featured_media":2359,"comment_status":"closed","ping_status":"open","sticky":false,"template":"","format":"standard","meta":{"_acf_changed":false,"footnotes":""},"categories":[56],"tags":[],"class_list":["post-5873","post","type-post","status-publish","format-standard","has-post-thumbnail","hentry","category-infoganadero"],"acf":[],"yoast_head":"<!-- This site is optimized with the Yoast SEO plugin v27.4 - https:\/\/yoast.com\/product\/yoast-seo-wordpress\/ -->\n<title>Estiman una menor oferta de ganado liviano para mediados de enero. | Proagro<\/title>\n<meta name=\"robots\" content=\"index, follow, max-snippet:-1, max-image-preview:large, max-video-preview:-1\" \/>\n<link rel=\"canonical\" href=\"https:\/\/proagrolab.com.ar\/en\/estiman-una-menor-oferta-de-ganado-liviano-para-mediados-de-enero\/\" \/>\n<meta property=\"og:locale\" content=\"en_US\" \/>\n<meta property=\"og:type\" content=\"article\" \/>\n<meta property=\"og:title\" content=\"Estiman una menor oferta de ganado liviano para mediados de enero. | Proagro\" \/>\n<meta property=\"og:description\" content=\"Seg\u00fan el analista Ignacio Iriarte, se sentir\u00e1 cuando termine de enviarse a faena toda la hacienda que no se vendi\u00f3 en las \u00faltimas semanas de 2013. Desde principios de octubre, la suba acumulada del precio del novillo en Liniers resulta del 18 por ciento; la del novillo pesado para exportaci\u00f3n, 24; y la del ganado liviano de consumo, entre 15 y 20. Despu\u00e9s de producirse la suba, que lleg\u00f3 al 25 por ciento en un momento, la abundante oferta de ganado que se produjo una vez regularizada la faena, aplac\u00f3 nuevas subas. De todos modos, con exportaciones declinantes, la todav\u00eda importante oferta de noviembre y lo que va de diciembre alcanza para un consumo de unos 64 kilos por persona, lo que agregado a unos 13 de cerdo y 38 de pollo supone un consumo total r\u00e9cord de carnes. Sigue registr\u00e1ndose un faltante muy marcado de novillos pesados, que escasea por razones estacionales (excelente estado de los campos) y por razones estructurales (43 por ciento menos de novillos que siete a\u00f1os atr\u00e1s). Tambi\u00e9n falta por los rumores que dicen que en alg\u00fan momento el Gobierno reducir\u00e1 las retenciones a la exportaci\u00f3n de carne. El faltante de novillo pesado es de [&hellip;]\" \/>\n<meta property=\"og:url\" content=\"https:\/\/proagrolab.com.ar\/estiman-una-menor-oferta-de-ganado-liviano-para-mediados-de-enero\/\" \/>\n<meta property=\"og:site_name\" content=\"Proagro\" \/>\n<meta property=\"article:publisher\" content=\"http:\/\/www.facebook.com\/proagrolab\" \/>\n<meta property=\"article:published_time\" content=\"2013-12-17T00:00:01+00:00\" \/>\n<meta property=\"og:image\" content=\"https:\/\/proagrolab.com.ar\/wp-content\/uploads\/2015\/01\/g_f1dmtw7rb__Vacas-5.jpg\" \/>\n\t<meta property=\"og:image:width\" content=\"450\" \/>\n\t<meta property=\"og:image:height\" content=\"208\" \/>\n\t<meta property=\"og:image:type\" content=\"image\/jpeg\" \/>\n<meta name=\"author\" content=\"proagrolab\" \/>\n<meta name=\"twitter:card\" content=\"summary_large_image\" \/>\n<meta name=\"twitter:label1\" content=\"Written by\" \/>\n\t<meta name=\"twitter:data1\" content=\"proagrolab\" \/>\n\t<meta name=\"twitter:label2\" content=\"Est. reading time\" \/>\n\t<meta name=\"twitter:data2\" content=\"2 minutes\" \/>\n<script type=\"application\/ld+json\" class=\"yoast-schema-graph\">{\"@context\":\"https:\\\/\\\/schema.org\",\"@graph\":[{\"@type\":\"Article\",\"@id\":\"https:\\\/\\\/proagrolab.com.ar\\\/estiman-una-menor-oferta-de-ganado-liviano-para-mediados-de-enero\\\/#article\",\"isPartOf\":{\"@id\":\"https:\\\/\\\/proagrolab.com.ar\\\/estiman-una-menor-oferta-de-ganado-liviano-para-mediados-de-enero\\\/\"},\"author\":{\"name\":\"proagrolab\",\"@id\":\"https:\\\/\\\/proagrolab.com.ar\\\/#\\\/schema\\\/person\\\/38003ff90bf80381f71c7d922d207444\"},\"headline\":\"Estiman una menor oferta de ganado liviano para mediados de enero.\",\"datePublished\":\"2013-12-17T00:00:01+00:00\",\"mainEntityOfPage\":{\"@id\":\"https:\\\/\\\/proagrolab.com.ar\\\/estiman-una-menor-oferta-de-ganado-liviano-para-mediados-de-enero\\\/\"},\"wordCount\":430,\"publisher\":{\"@id\":\"https:\\\/\\\/proagrolab.com.ar\\\/#organization\"},\"image\":{\"@id\":\"https:\\\/\\\/proagrolab.com.ar\\\/estiman-una-menor-oferta-de-ganado-liviano-para-mediados-de-enero\\\/#primaryimage\"},\"thumbnailUrl\":\"https:\\\/\\\/proagrolab.com.ar\\\/wp-content\\\/uploads\\\/2015\\\/01\\\/g_f1dmtw7rb__Vacas-5.jpg\",\"articleSection\":[\"News\"],\"inLanguage\":\"en-US\"},{\"@type\":\"WebPage\",\"@id\":\"https:\\\/\\\/proagrolab.com.ar\\\/estiman-una-menor-oferta-de-ganado-liviano-para-mediados-de-enero\\\/\",\"url\":\"https:\\\/\\\/proagrolab.com.ar\\\/estiman-una-menor-oferta-de-ganado-liviano-para-mediados-de-enero\\\/\",\"name\":\"Estiman una menor oferta de ganado liviano para mediados de enero. | Proagro\",\"isPartOf\":{\"@id\":\"https:\\\/\\\/proagrolab.com.ar\\\/#website\"},\"primaryImageOfPage\":{\"@id\":\"https:\\\/\\\/proagrolab.com.ar\\\/estiman-una-menor-oferta-de-ganado-liviano-para-mediados-de-enero\\\/#primaryimage\"},\"image\":{\"@id\":\"https:\\\/\\\/proagrolab.com.ar\\\/estiman-una-menor-oferta-de-ganado-liviano-para-mediados-de-enero\\\/#primaryimage\"},\"thumbnailUrl\":\"https:\\\/\\\/proagrolab.com.ar\\\/wp-content\\\/uploads\\\/2015\\\/01\\\/g_f1dmtw7rb__Vacas-5.jpg\",\"datePublished\":\"2013-12-17T00:00:01+00:00\",\"breadcrumb\":{\"@id\":\"https:\\\/\\\/proagrolab.com.ar\\\/estiman-una-menor-oferta-de-ganado-liviano-para-mediados-de-enero\\\/#breadcrumb\"},\"inLanguage\":\"en-US\",\"potentialAction\":[{\"@type\":\"ReadAction\",\"target\":[\"https:\\\/\\\/proagrolab.com.ar\\\/estiman-una-menor-oferta-de-ganado-liviano-para-mediados-de-enero\\\/\"]}]},{\"@type\":\"ImageObject\",\"inLanguage\":\"en-US\",\"@id\":\"https:\\\/\\\/proagrolab.com.ar\\\/estiman-una-menor-oferta-de-ganado-liviano-para-mediados-de-enero\\\/#primaryimage\",\"url\":\"https:\\\/\\\/proagrolab.com.ar\\\/wp-content\\\/uploads\\\/2015\\\/01\\\/g_f1dmtw7rb__Vacas-5.jpg\",\"contentUrl\":\"https:\\\/\\\/proagrolab.com.ar\\\/wp-content\\\/uploads\\\/2015\\\/01\\\/g_f1dmtw7rb__Vacas-5.jpg\",\"width\":450,\"height\":208},{\"@type\":\"BreadcrumbList\",\"@id\":\"https:\\\/\\\/proagrolab.com.ar\\\/estiman-una-menor-oferta-de-ganado-liviano-para-mediados-de-enero\\\/#breadcrumb\",\"itemListElement\":[{\"@type\":\"ListItem\",\"position\":1,\"name\":\"Portada\",\"item\":\"https:\\\/\\\/proagrolab.com.ar\\\/\"},{\"@type\":\"ListItem\",\"position\":2,\"name\":\"Estiman una menor oferta de ganado liviano para mediados de enero.\"}]},{\"@type\":\"WebSite\",\"@id\":\"https:\\\/\\\/proagrolab.com.ar\\\/#website\",\"url\":\"https:\\\/\\\/proagrolab.com.ar\\\/\",\"name\":\"Proagro Laboratorio Veterinario\",\"description\":\"Veterinary laboratory\",\"publisher\":{\"@id\":\"https:\\\/\\\/proagrolab.com.ar\\\/#organization\"},\"potentialAction\":[{\"@type\":\"SearchAction\",\"target\":{\"@type\":\"EntryPoint\",\"urlTemplate\":\"https:\\\/\\\/proagrolab.com.ar\\\/?s={search_term_string}\"},\"query-input\":{\"@type\":\"PropertyValueSpecification\",\"valueRequired\":true,\"valueName\":\"search_term_string\"}}],\"inLanguage\":\"en-US\"},{\"@type\":\"Organization\",\"@id\":\"https:\\\/\\\/proagrolab.com.ar\\\/#organization\",\"name\":\"Proagro\",\"url\":\"https:\\\/\\\/proagrolab.com.ar\\\/\",\"logo\":{\"@type\":\"ImageObject\",\"inLanguage\":\"en-US\",\"@id\":\"https:\\\/\\\/proagrolab.com.ar\\\/#\\\/schema\\\/logo\\\/image\\\/\",\"url\":\"https:\\\/\\\/proagrolab.com.ar\\\/wp-content\\\/uploads\\\/2020\\\/04\\\/logo-retina.png\",\"contentUrl\":\"https:\\\/\\\/proagrolab.com.ar\\\/wp-content\\\/uploads\\\/2020\\\/04\\\/logo-retina.png\",\"width\":478,\"height\":120,\"caption\":\"Proagro\"},\"image\":{\"@id\":\"https:\\\/\\\/proagrolab.com.ar\\\/#\\\/schema\\\/logo\\\/image\\\/\"},\"sameAs\":[\"http:\\\/\\\/www.facebook.com\\\/proagrolab\",\"https:\\\/\\\/www.instagram.com\\\/proagrolab\\\/\",\"https:\\\/\\\/www.linkedin.com\\\/company\\\/laboratorio-proagro-s-a\\\/\"]},{\"@type\":\"Person\",\"@id\":\"https:\\\/\\\/proagrolab.com.ar\\\/#\\\/schema\\\/person\\\/38003ff90bf80381f71c7d922d207444\",\"name\":\"proagrolab\"}]}<\/script>\n<!-- \/ Yoast SEO plugin. -->","yoast_head_json":{"title":"Estiman una menor oferta de ganado liviano para mediados de enero. | Proagro","robots":{"index":"index","follow":"follow","max-snippet":"max-snippet:-1","max-image-preview":"max-image-preview:large","max-video-preview":"max-video-preview:-1"},"canonical":"https:\/\/proagrolab.com.ar\/en\/estiman-una-menor-oferta-de-ganado-liviano-para-mediados-de-enero\/","og_locale":"en_US","og_type":"article","og_title":"Estiman una menor oferta de ganado liviano para mediados de enero. | Proagro","og_description":"Seg\u00fan el analista Ignacio Iriarte, se sentir\u00e1 cuando termine de enviarse a faena toda la hacienda que no se vendi\u00f3 en las \u00faltimas semanas de 2013. Desde principios de octubre, la suba acumulada del precio del novillo en Liniers resulta del 18 por ciento; la del novillo pesado para exportaci\u00f3n, 24; y la del ganado liviano de consumo, entre 15 y 20. Despu\u00e9s de producirse la suba, que lleg\u00f3 al 25 por ciento en un momento, la abundante oferta de ganado que se produjo una vez regularizada la faena, aplac\u00f3 nuevas subas. De todos modos, con exportaciones declinantes, la todav\u00eda importante oferta de noviembre y lo que va de diciembre alcanza para un consumo de unos 64 kilos por persona, lo que agregado a unos 13 de cerdo y 38 de pollo supone un consumo total r\u00e9cord de carnes. Sigue registr\u00e1ndose un faltante muy marcado de novillos pesados, que escasea por razones estacionales (excelente estado de los campos) y por razones estructurales (43 por ciento menos de novillos que siete a\u00f1os atr\u00e1s). Tambi\u00e9n falta por los rumores que dicen que en alg\u00fan momento el Gobierno reducir\u00e1 las retenciones a la exportaci\u00f3n de carne. El faltante de novillo pesado es de [&hellip;]","og_url":"https:\/\/proagrolab.com.ar\/estiman-una-menor-oferta-de-ganado-liviano-para-mediados-de-enero\/","og_site_name":"Proagro","article_publisher":"http:\/\/www.facebook.com\/proagrolab","article_published_time":"2013-12-17T00:00:01+00:00","og_image":[{"width":450,"height":208,"url":"https:\/\/proagrolab.com.ar\/wp-content\/uploads\/2015\/01\/g_f1dmtw7rb__Vacas-5.jpg","type":"image\/jpeg"}],"author":"proagrolab","twitter_card":"summary_large_image","twitter_misc":{"Written by":"proagrolab","Est. reading time":"2 minutes"},"schema":{"@context":"https:\/\/schema.org","@graph":[{"@type":"Article","@id":"https:\/\/proagrolab.com.ar\/estiman-una-menor-oferta-de-ganado-liviano-para-mediados-de-enero\/#article","isPartOf":{"@id":"https:\/\/proagrolab.com.ar\/estiman-una-menor-oferta-de-ganado-liviano-para-mediados-de-enero\/"},"author":{"name":"proagrolab","@id":"https:\/\/proagrolab.com.ar\/#\/schema\/person\/38003ff90bf80381f71c7d922d207444"},"headline":"Estiman una menor oferta de ganado liviano para mediados de enero.","datePublished":"2013-12-17T00:00:01+00:00","mainEntityOfPage":{"@id":"https:\/\/proagrolab.com.ar\/estiman-una-menor-oferta-de-ganado-liviano-para-mediados-de-enero\/"},"wordCount":430,"publisher":{"@id":"https:\/\/proagrolab.com.ar\/#organization"},"image":{"@id":"https:\/\/proagrolab.com.ar\/estiman-una-menor-oferta-de-ganado-liviano-para-mediados-de-enero\/#primaryimage"},"thumbnailUrl":"https:\/\/proagrolab.com.ar\/wp-content\/uploads\/2015\/01\/g_f1dmtw7rb__Vacas-5.jpg","articleSection":["News"],"inLanguage":"en-US"},{"@type":"WebPage","@id":"https:\/\/proagrolab.com.ar\/estiman-una-menor-oferta-de-ganado-liviano-para-mediados-de-enero\/","url":"https:\/\/proagrolab.com.ar\/estiman-una-menor-oferta-de-ganado-liviano-para-mediados-de-enero\/","name":"Estiman una menor oferta de ganado liviano para mediados de enero. | Proagro","isPartOf":{"@id":"https:\/\/proagrolab.com.ar\/#website"},"primaryImageOfPage":{"@id":"https:\/\/proagrolab.com.ar\/estiman-una-menor-oferta-de-ganado-liviano-para-mediados-de-enero\/#primaryimage"},"image":{"@id":"https:\/\/proagrolab.com.ar\/estiman-una-menor-oferta-de-ganado-liviano-para-mediados-de-enero\/#primaryimage"},"thumbnailUrl":"https:\/\/proagrolab.com.ar\/wp-content\/uploads\/2015\/01\/g_f1dmtw7rb__Vacas-5.jpg","datePublished":"2013-12-17T00:00:01+00:00","breadcrumb":{"@id":"https:\/\/proagrolab.com.ar\/estiman-una-menor-oferta-de-ganado-liviano-para-mediados-de-enero\/#breadcrumb"},"inLanguage":"en-US","potentialAction":[{"@type":"ReadAction","target":["https:\/\/proagrolab.com.ar\/estiman-una-menor-oferta-de-ganado-liviano-para-mediados-de-enero\/"]}]},{"@type":"ImageObject","inLanguage":"en-US","@id":"https:\/\/proagrolab.com.ar\/estiman-una-menor-oferta-de-ganado-liviano-para-mediados-de-enero\/#primaryimage","url":"https:\/\/proagrolab.com.ar\/wp-content\/uploads\/2015\/01\/g_f1dmtw7rb__Vacas-5.jpg","contentUrl":"https:\/\/proagrolab.com.ar\/wp-content\/uploads\/2015\/01\/g_f1dmtw7rb__Vacas-5.jpg","width":450,"height":208},{"@type":"BreadcrumbList","@id":"https:\/\/proagrolab.com.ar\/estiman-una-menor-oferta-de-ganado-liviano-para-mediados-de-enero\/#breadcrumb","itemListElement":[{"@type":"ListItem","position":1,"name":"Portada","item":"https:\/\/proagrolab.com.ar\/"},{"@type":"ListItem","position":2,"name":"Estiman una menor oferta de ganado liviano para mediados de enero."}]},{"@type":"WebSite","@id":"https:\/\/proagrolab.com.ar\/#website","url":"https:\/\/proagrolab.com.ar\/","name":"Proagro Laboratorio Veterinario","description":"Veterinary laboratory","publisher":{"@id":"https:\/\/proagrolab.com.ar\/#organization"},"potentialAction":[{"@type":"SearchAction","target":{"@type":"EntryPoint","urlTemplate":"https:\/\/proagrolab.com.ar\/?s={search_term_string}"},"query-input":{"@type":"PropertyValueSpecification","valueRequired":true,"valueName":"search_term_string"}}],"inLanguage":"en-US"},{"@type":"Organization","@id":"https:\/\/proagrolab.com.ar\/#organization","name":"Proagro","url":"https:\/\/proagrolab.com.ar\/","logo":{"@type":"ImageObject","inLanguage":"en-US","@id":"https:\/\/proagrolab.com.ar\/#\/schema\/logo\/image\/","url":"https:\/\/proagrolab.com.ar\/wp-content\/uploads\/2020\/04\/logo-retina.png","contentUrl":"https:\/\/proagrolab.com.ar\/wp-content\/uploads\/2020\/04\/logo-retina.png","width":478,"height":120,"caption":"Proagro"},"image":{"@id":"https:\/\/proagrolab.com.ar\/#\/schema\/logo\/image\/"},"sameAs":["http:\/\/www.facebook.com\/proagrolab","https:\/\/www.instagram.com\/proagrolab\/","https:\/\/www.linkedin.com\/company\/laboratorio-proagro-s-a\/"]},{"@type":"Person","@id":"https:\/\/proagrolab.com.ar\/#\/schema\/person\/38003ff90bf80381f71c7d922d207444","name":"proagrolab"}]}},"_links":{"self":[{"href":"https:\/\/proagrolab.com.ar\/en\/wp-json\/wp\/v2\/posts\/5873","targetHints":{"allow":["GET"]}}],"collection":[{"href":"https:\/\/proagrolab.com.ar\/en\/wp-json\/wp\/v2\/posts"}],"about":[{"href":"https:\/\/proagrolab.com.ar\/en\/wp-json\/wp\/v2\/types\/post"}],"author":[{"embeddable":true,"href":"https:\/\/proagrolab.com.ar\/en\/wp-json\/wp\/v2\/users\/2"}],"replies":[{"embeddable":true,"href":"https:\/\/proagrolab.com.ar\/en\/wp-json\/wp\/v2\/comments?post=5873"}],"version-history":[{"count":0,"href":"https:\/\/proagrolab.com.ar\/en\/wp-json\/wp\/v2\/posts\/5873\/revisions"}],"wp:featuredmedia":[{"embeddable":true,"href":"https:\/\/proagrolab.com.ar\/en\/wp-json\/wp\/v2\/media\/2359"}],"wp:attachment":[{"href":"https:\/\/proagrolab.com.ar\/en\/wp-json\/wp\/v2\/media?parent=5873"}],"wp:term":[{"taxonomy":"category","embeddable":true,"href":"https:\/\/proagrolab.com.ar\/en\/wp-json\/wp\/v2\/categories?post=5873"},{"taxonomy":"post_tag","embeddable":true,"href":"https:\/\/proagrolab.com.ar\/en\/wp-json\/wp\/v2\/tags?post=5873"}],"curies":[{"name":"wp","href":"https:\/\/api.w.org\/{rel}","templated":true}]}}