{"id":5863,"date":"2013-12-12T00:00:01","date_gmt":"2013-12-12T00:00:01","guid":{"rendered":"https:\/\/proagrolab.com.ar\/respaldo-politico-y-empresario-a-un-plan-del-campo-para-crecer\/"},"modified":"2013-12-12T00:00:01","modified_gmt":"2013-12-12T00:00:01","slug":"respaldo-politico-y-empresario-a-un-plan-del-campo-para-crecer","status":"publish","type":"post","link":"https:\/\/proagrolab.com.ar\/en\/respaldo-politico-y-empresario-a-un-plan-del-campo-para-crecer\/","title":{"rendered":"Respaldo pol\u00edtico y empresario a un plan del campo para crecer."},"content":{"rendered":"<p class=\"qtranxs-available-languages-message qtranxs-available-languages-message-en\"> <\/p><p>Seg\u00fan un informe, hacia 2020 el valor bruto de la producci\u00f3n podr\u00eda trepar a US$ 100.359 millones.<\/p>\n<p>Por Fernando Bertello.<\/p>\n<p>Como en los momentos de mayor ebullici\u00f3n del conflicto de 2008 con el Gobierno por las retenciones m\u00f3viles, la Mesa de Enlace de Entidades Agropecuarias volvi\u00f3 a instalarse en el centro de la escena y cosech\u00f3 un fuerte respaldo de un variado arco pol\u00edtico y empresario a su renovada estrategia para demostrar el potencial que tiene el campo si se cambian las pol\u00edticas de intervenci\u00f3n hacia el sector y se dan condiciones para su desarrollo.<\/p>\n<p>Fue ayer, en la presentaci\u00f3n de un trabajo que la Mesa de Enlace les encarg\u00f3 a los Consorcios Regionales de Experimentaci\u00f3n Agr\u00edcola (CREA), en colaboraci\u00f3n con la Asociaci\u00f3n Argentina de Productores en Siembra Directa (Aapresid), y que llega a n\u00fameros contundentes. Hacia 2020, si el sector alcanzara su potencial, el valor bruto de la producci\u00f3n trepar\u00eda de los US$ 71.364 millones actuales a un rango de entre 87.646 y 100.359 millones, lo que implicar\u00eda m\u00e1s ingresos, empleo y dinamismo en la econom\u00eda.<\/p>\n<p>Esos valores se lograr\u00edan incrementando, respecto de 2012, entre 41 y 79% la producci\u00f3n de granos, de 22 a 52% la de carne bovina, de 15 a 40% la de carne aviar y de 22 a 58% la producci\u00f3n lechera.<\/p>\n<p>Tres presidenciables de la oposici\u00f3n escucharon esos n\u00fameros: el jefe de gobierno porte\u00f1o, Mauricio Macri; el diputado socialista Hermes Binner, y el ex vicepresidente de la Naci\u00f3n y actual diputado radical, Julio Cobos. Si bien no concurri\u00f3, otro presidenciable, Sergio Massa envi\u00f3 una delegaci\u00f3n integrada, entre otros, por el intendente de Olavarr\u00eda, Jos\u00e9 Eseverri. Massa se reunir\u00e1 hoy con la Mesa de Enlace. Pese a estar invitado, no estuvo el ministro de Agricultura, Carlos Casamiquela.<\/p>\n<p>Entre los pol\u00edticos tambi\u00e9n estuvieron el ex presidente Eduardo Duhalde, los diputados radicales Ricardo Alfons\u00edn y Ricardo Buryaile, Carlos Brown (Bloque FE), Omar Barchetta (Partido Socialista de Santa Fe), Patricia Bullrich (Uni\u00f3n por Todos), Sergio Bergman (Pro) y los senadores nacionales Alfredo De Angeli (Pro) y Fernando &#8220;Pino&#8221; Solanas (UNEN).<\/p>\n<p>Seg\u00fan observadores, la Mesa de Enlace reuni\u00f3 a un m\u00e1s diverso arco pol\u00edtico que el que logr\u00f3 la presidenta Cristina Kirchner en el acto de anteayer por los 30 a\u00f1os de la democracia.<\/p>\n<p>En tanto, del \u00e1mbito empresario estuvieron Jaime Campos, presidente de la Asociaci\u00f3n Empresaria Argentina (AEA), y tuvo asistencia casi perfecta el denominado Grupo de los 6. En rigor, adem\u00e1s del vicepresidente primero de la Uni\u00f3n Industrial Argentina (UIA) y hombre de Techint, Luis Betnaza, y de Jorge Brito, presidente de la Asociaci\u00f3n de Bancos Argentinos (Adeba), desde la organizaci\u00f3n consignaron a H\u00e9ctor Orlando (Bolsa de Comercio) y Julio Crivelli (C\u00e1mara Argentina de la Construcci\u00f3n). Vale recordar que la Sociedad Rural Argentina (SRA) integra la Mesa de Enlace y el G-6.<\/p>\n<p>Por otra parte, asistieron Diego P\u00e9rez Santisteban (C\u00e1mara de Importadores), Claudio Cesario (Asociaci\u00f3n de Bancos de la Argentina) y el presidente de Fiat, Cristiano Rattazzi, que lleg\u00f3 sobre el final. Tambi\u00e9n estuvieron en la presentaci\u00f3n Julio Saguier y Jos\u00e9 Claudio Escribano, por SA La Naci\u00f3n, y Jos\u00e9 Aranda (Grupo Clar\u00edn).<\/p>\n<p>En el documento se hizo hincapi\u00e9 en el potencial del sector. El t\u00e9cnico de CREA Ricardo Negri (h.) sostuvo que alcanzar el potencial hacia 2020 implicar\u00eda alimentar entre 15,5 y 18,3 veces la poblaci\u00f3n de la Argentina, contra el equivalente a 11 veces de la actualidad.<\/p>\n<p><i>Pedidos y apoyos<\/i><br \/>Pero para poder crecer se reclamaron reglas de juego claras. &#8220;Necesitamos rentabilidad para los productores, pero adem\u00e1s previsibilidad e institucionalidad&#8221;, dijo Rub\u00e9n Ferrero, presidente de Confederaciones Rurales Argentinas (CRA). &#8220;Hay que trabajar sobre la competitividad, el tipo de cambio, el tema retenciones y volver a tener un di\u00e1logo normal&#8221;, agreg\u00f3 Eduardo Buzzi, de Federaci\u00f3n Agraria Argentina (FAA).<\/p>\n<p>Luis Miguel Etchevehere (SRA) subray\u00f3 que el mundo le da a la Argentina &#8220;una segunda gran oportunidad en demanda de alimentos y energ\u00edas renovables&#8221;, y pidi\u00f3 al Gobierno: &#8220;Es el momento clave de sentarnos a hablar cara a cara&#8221;. Carlos Garetto (Coninagro), destac\u00f3 que el campo &#8220;necesita estar en la agenda pol\u00edtica&#8221; porque &#8220;viene a plantear un nuevo compromiso&#8221;.<\/p>\n<p>En tanto, los pol\u00edticos apoyaron al sector. &#8220;Al campo hay que dejarlo hacer lo que puede hacer&#8221;, expres\u00f3 Cobos. &#8220;Si le desatamos las manos al campo, el crecimiento puede ser exponencial&#8221;, a\u00f1adi\u00f3 Duhalde.<\/p>\n<p>Para Binner, en el sector hay &#8220;esp\u00edritu de mirar hacia adelante&#8221;. Finalmente, Ger\u00f3nimo Venegas, secretario del gremio de los trabajadores rurales, indic\u00f3 que &#8220;se necesitan pol\u00edticas de Estado para que se desarrolle ese potencial&#8221;.<\/p>\n<p><i>Un potencial que espera<\/i><br \/>157,7 Millones de toneladas<br \/>Es la proyecci\u00f3n oficial de cosecha de granos para 2020, pero hay estimaciones privadas de 124,1 millones de toneladas, contra los 100 millones actuales<\/p>\n<p>14.173 Millones de litros<br \/>Es uno de los c\u00e1lculos privado de producci\u00f3n de leche para 2020; el Gobierno prev\u00e9 18.300 millones<\/p>\n<p>.<br \/>Del editor: qu\u00e9 significa.<br \/>El dif\u00edcil escenario de estos d\u00edas despert\u00f3 en pol\u00edticos de la oposici\u00f3n el inter\u00e9s sobre la propuesta de la dirigencia agropecuaria.<\/p>\n<p>Fuente: La Naci\u00f3n, 12 de diciembre.<br \/><\/p>","protected":false},"excerpt":{"rendered":"<p>Seg\u00fan un informe, hacia 2020 el valor bruto de la producci\u00f3n podr\u00eda trepar a US$ 100.359 millones. Por Fernando Bertello. Como en los momentos de mayor ebullici\u00f3n del conflicto de 2008 con el Gobierno por las retenciones m\u00f3viles, la Mesa de Enlace de Entidades Agropecuarias volvi\u00f3 a instalarse en el centro de la escena y cosech\u00f3 un fuerte respaldo de un variado arco pol\u00edtico y empresario a su renovada estrategia para demostrar el potencial que tiene el campo si se cambian las pol\u00edticas de intervenci\u00f3n hacia el sector y se dan condiciones para su desarrollo. Fue ayer, en la presentaci\u00f3n de un trabajo que la Mesa de Enlace les encarg\u00f3 a los Consorcios Regionales de Experimentaci\u00f3n Agr\u00edcola (CREA), en colaboraci\u00f3n con la Asociaci\u00f3n Argentina de Productores en Siembra Directa (Aapresid), y que llega a n\u00fameros contundentes. Hacia 2020, si el sector alcanzara su potencial, el valor bruto de la producci\u00f3n trepar\u00eda de los US$ 71.364 millones actuales a un rango de entre 87.646 y 100.359 millones, lo que implicar\u00eda m\u00e1s ingresos, empleo y dinamismo en la econom\u00eda. Esos valores se lograr\u00edan incrementando, respecto de 2012, entre 41 y 79% la producci\u00f3n de granos, de 22 a 52% la de carne [&hellip;]<\/p>\n","protected":false},"author":2,"featured_media":2349,"comment_status":"closed","ping_status":"open","sticky":false,"template":"","format":"standard","meta":{"_acf_changed":false,"footnotes":""},"categories":[56],"tags":[],"class_list":["post-5863","post","type-post","status-publish","format-standard","has-post-thumbnail","hentry","category-infoganadero"],"acf":[],"yoast_head":"<!-- This site is optimized with the Yoast SEO plugin v27.4 - https:\/\/yoast.com\/product\/yoast-seo-wordpress\/ -->\n<title>Respaldo pol\u00edtico y empresario a un plan del campo para crecer. | Proagro<\/title>\n<meta name=\"robots\" content=\"index, follow, max-snippet:-1, max-image-preview:large, max-video-preview:-1\" \/>\n<link rel=\"canonical\" href=\"https:\/\/proagrolab.com.ar\/en\/respaldo-politico-y-empresario-a-un-plan-del-campo-para-crecer\/\" \/>\n<meta property=\"og:locale\" content=\"en_US\" \/>\n<meta property=\"og:type\" content=\"article\" \/>\n<meta property=\"og:title\" content=\"Respaldo pol\u00edtico y empresario a un plan del campo para crecer. | Proagro\" \/>\n<meta property=\"og:description\" content=\"Seg\u00fan un informe, hacia 2020 el valor bruto de la producci\u00f3n podr\u00eda trepar a US$ 100.359 millones. Por Fernando Bertello. Como en los momentos de mayor ebullici\u00f3n del conflicto de 2008 con el Gobierno por las retenciones m\u00f3viles, la Mesa de Enlace de Entidades Agropecuarias volvi\u00f3 a instalarse en el centro de la escena y cosech\u00f3 un fuerte respaldo de un variado arco pol\u00edtico y empresario a su renovada estrategia para demostrar el potencial que tiene el campo si se cambian las pol\u00edticas de intervenci\u00f3n hacia el sector y se dan condiciones para su desarrollo. Fue ayer, en la presentaci\u00f3n de un trabajo que la Mesa de Enlace les encarg\u00f3 a los Consorcios Regionales de Experimentaci\u00f3n Agr\u00edcola (CREA), en colaboraci\u00f3n con la Asociaci\u00f3n Argentina de Productores en Siembra Directa (Aapresid), y que llega a n\u00fameros contundentes. Hacia 2020, si el sector alcanzara su potencial, el valor bruto de la producci\u00f3n trepar\u00eda de los US$ 71.364 millones actuales a un rango de entre 87.646 y 100.359 millones, lo que implicar\u00eda m\u00e1s ingresos, empleo y dinamismo en la econom\u00eda. Esos valores se lograr\u00edan incrementando, respecto de 2012, entre 41 y 79% la producci\u00f3n de granos, de 22 a 52% la de carne [&hellip;]\" \/>\n<meta property=\"og:url\" content=\"https:\/\/proagrolab.com.ar\/respaldo-politico-y-empresario-a-un-plan-del-campo-para-crecer\/\" \/>\n<meta property=\"og:site_name\" content=\"Proagro\" \/>\n<meta property=\"article:publisher\" content=\"http:\/\/www.facebook.com\/proagrolab\" \/>\n<meta property=\"article:published_time\" content=\"2013-12-12T00:00:01+00:00\" \/>\n<meta property=\"og:image\" content=\"https:\/\/proagrolab.com.ar\/wp-content\/uploads\/2015\/01\/g_lboufek17__Mesa-de-enlace-2-2013.jpg\" \/>\n\t<meta property=\"og:image:width\" content=\"450\" \/>\n\t<meta property=\"og:image:height\" content=\"208\" \/>\n\t<meta property=\"og:image:type\" content=\"image\/jpeg\" \/>\n<meta name=\"author\" content=\"proagrolab\" \/>\n<meta name=\"twitter:card\" content=\"summary_large_image\" \/>\n<meta name=\"twitter:label1\" content=\"Written by\" \/>\n\t<meta name=\"twitter:data1\" content=\"proagrolab\" \/>\n\t<meta name=\"twitter:label2\" content=\"Est. reading time\" \/>\n\t<meta name=\"twitter:data2\" content=\"4 minutes\" \/>\n<script type=\"application\/ld+json\" class=\"yoast-schema-graph\">{\"@context\":\"https:\\\/\\\/schema.org\",\"@graph\":[{\"@type\":\"Article\",\"@id\":\"https:\\\/\\\/proagrolab.com.ar\\\/respaldo-politico-y-empresario-a-un-plan-del-campo-para-crecer\\\/#article\",\"isPartOf\":{\"@id\":\"https:\\\/\\\/proagrolab.com.ar\\\/respaldo-politico-y-empresario-a-un-plan-del-campo-para-crecer\\\/\"},\"author\":{\"name\":\"proagrolab\",\"@id\":\"https:\\\/\\\/proagrolab.com.ar\\\/#\\\/schema\\\/person\\\/38003ff90bf80381f71c7d922d207444\"},\"headline\":\"Respaldo pol\u00edtico y empresario a un plan del campo para crecer.\",\"datePublished\":\"2013-12-12T00:00:01+00:00\",\"mainEntityOfPage\":{\"@id\":\"https:\\\/\\\/proagrolab.com.ar\\\/respaldo-politico-y-empresario-a-un-plan-del-campo-para-crecer\\\/\"},\"wordCount\":885,\"publisher\":{\"@id\":\"https:\\\/\\\/proagrolab.com.ar\\\/#organization\"},\"image\":{\"@id\":\"https:\\\/\\\/proagrolab.com.ar\\\/respaldo-politico-y-empresario-a-un-plan-del-campo-para-crecer\\\/#primaryimage\"},\"thumbnailUrl\":\"https:\\\/\\\/proagrolab.com.ar\\\/wp-content\\\/uploads\\\/2015\\\/01\\\/g_lboufek17__Mesa-de-enlace-2-2013.jpg\",\"articleSection\":[\"News\"],\"inLanguage\":\"en-US\"},{\"@type\":\"WebPage\",\"@id\":\"https:\\\/\\\/proagrolab.com.ar\\\/respaldo-politico-y-empresario-a-un-plan-del-campo-para-crecer\\\/\",\"url\":\"https:\\\/\\\/proagrolab.com.ar\\\/respaldo-politico-y-empresario-a-un-plan-del-campo-para-crecer\\\/\",\"name\":\"Respaldo pol\u00edtico y empresario a un plan del campo para crecer. | Proagro\",\"isPartOf\":{\"@id\":\"https:\\\/\\\/proagrolab.com.ar\\\/#website\"},\"primaryImageOfPage\":{\"@id\":\"https:\\\/\\\/proagrolab.com.ar\\\/respaldo-politico-y-empresario-a-un-plan-del-campo-para-crecer\\\/#primaryimage\"},\"image\":{\"@id\":\"https:\\\/\\\/proagrolab.com.ar\\\/respaldo-politico-y-empresario-a-un-plan-del-campo-para-crecer\\\/#primaryimage\"},\"thumbnailUrl\":\"https:\\\/\\\/proagrolab.com.ar\\\/wp-content\\\/uploads\\\/2015\\\/01\\\/g_lboufek17__Mesa-de-enlace-2-2013.jpg\",\"datePublished\":\"2013-12-12T00:00:01+00:00\",\"breadcrumb\":{\"@id\":\"https:\\\/\\\/proagrolab.com.ar\\\/respaldo-politico-y-empresario-a-un-plan-del-campo-para-crecer\\\/#breadcrumb\"},\"inLanguage\":\"en-US\",\"potentialAction\":[{\"@type\":\"ReadAction\",\"target\":[\"https:\\\/\\\/proagrolab.com.ar\\\/respaldo-politico-y-empresario-a-un-plan-del-campo-para-crecer\\\/\"]}]},{\"@type\":\"ImageObject\",\"inLanguage\":\"en-US\",\"@id\":\"https:\\\/\\\/proagrolab.com.ar\\\/respaldo-politico-y-empresario-a-un-plan-del-campo-para-crecer\\\/#primaryimage\",\"url\":\"https:\\\/\\\/proagrolab.com.ar\\\/wp-content\\\/uploads\\\/2015\\\/01\\\/g_lboufek17__Mesa-de-enlace-2-2013.jpg\",\"contentUrl\":\"https:\\\/\\\/proagrolab.com.ar\\\/wp-content\\\/uploads\\\/2015\\\/01\\\/g_lboufek17__Mesa-de-enlace-2-2013.jpg\",\"width\":450,\"height\":208},{\"@type\":\"BreadcrumbList\",\"@id\":\"https:\\\/\\\/proagrolab.com.ar\\\/respaldo-politico-y-empresario-a-un-plan-del-campo-para-crecer\\\/#breadcrumb\",\"itemListElement\":[{\"@type\":\"ListItem\",\"position\":1,\"name\":\"Portada\",\"item\":\"https:\\\/\\\/proagrolab.com.ar\\\/\"},{\"@type\":\"ListItem\",\"position\":2,\"name\":\"Respaldo pol\u00edtico y empresario a un plan del campo para crecer.\"}]},{\"@type\":\"WebSite\",\"@id\":\"https:\\\/\\\/proagrolab.com.ar\\\/#website\",\"url\":\"https:\\\/\\\/proagrolab.com.ar\\\/\",\"name\":\"Proagro Laboratorio Veterinario\",\"description\":\"Veterinary laboratory\",\"publisher\":{\"@id\":\"https:\\\/\\\/proagrolab.com.ar\\\/#organization\"},\"potentialAction\":[{\"@type\":\"SearchAction\",\"target\":{\"@type\":\"EntryPoint\",\"urlTemplate\":\"https:\\\/\\\/proagrolab.com.ar\\\/?s={search_term_string}\"},\"query-input\":{\"@type\":\"PropertyValueSpecification\",\"valueRequired\":true,\"valueName\":\"search_term_string\"}}],\"inLanguage\":\"en-US\"},{\"@type\":\"Organization\",\"@id\":\"https:\\\/\\\/proagrolab.com.ar\\\/#organization\",\"name\":\"Proagro\",\"url\":\"https:\\\/\\\/proagrolab.com.ar\\\/\",\"logo\":{\"@type\":\"ImageObject\",\"inLanguage\":\"en-US\",\"@id\":\"https:\\\/\\\/proagrolab.com.ar\\\/#\\\/schema\\\/logo\\\/image\\\/\",\"url\":\"https:\\\/\\\/proagrolab.com.ar\\\/wp-content\\\/uploads\\\/2020\\\/04\\\/logo-retina.png\",\"contentUrl\":\"https:\\\/\\\/proagrolab.com.ar\\\/wp-content\\\/uploads\\\/2020\\\/04\\\/logo-retina.png\",\"width\":478,\"height\":120,\"caption\":\"Proagro\"},\"image\":{\"@id\":\"https:\\\/\\\/proagrolab.com.ar\\\/#\\\/schema\\\/logo\\\/image\\\/\"},\"sameAs\":[\"http:\\\/\\\/www.facebook.com\\\/proagrolab\",\"https:\\\/\\\/www.instagram.com\\\/proagrolab\\\/\",\"https:\\\/\\\/www.linkedin.com\\\/company\\\/laboratorio-proagro-s-a\\\/\"]},{\"@type\":\"Person\",\"@id\":\"https:\\\/\\\/proagrolab.com.ar\\\/#\\\/schema\\\/person\\\/38003ff90bf80381f71c7d922d207444\",\"name\":\"proagrolab\"}]}<\/script>\n<!-- \/ Yoast SEO plugin. -->","yoast_head_json":{"title":"Respaldo pol\u00edtico y empresario a un plan del campo para crecer. | Proagro","robots":{"index":"index","follow":"follow","max-snippet":"max-snippet:-1","max-image-preview":"max-image-preview:large","max-video-preview":"max-video-preview:-1"},"canonical":"https:\/\/proagrolab.com.ar\/en\/respaldo-politico-y-empresario-a-un-plan-del-campo-para-crecer\/","og_locale":"en_US","og_type":"article","og_title":"Respaldo pol\u00edtico y empresario a un plan del campo para crecer. | Proagro","og_description":"Seg\u00fan un informe, hacia 2020 el valor bruto de la producci\u00f3n podr\u00eda trepar a US$ 100.359 millones. Por Fernando Bertello. Como en los momentos de mayor ebullici\u00f3n del conflicto de 2008 con el Gobierno por las retenciones m\u00f3viles, la Mesa de Enlace de Entidades Agropecuarias volvi\u00f3 a instalarse en el centro de la escena y cosech\u00f3 un fuerte respaldo de un variado arco pol\u00edtico y empresario a su renovada estrategia para demostrar el potencial que tiene el campo si se cambian las pol\u00edticas de intervenci\u00f3n hacia el sector y se dan condiciones para su desarrollo. Fue ayer, en la presentaci\u00f3n de un trabajo que la Mesa de Enlace les encarg\u00f3 a los Consorcios Regionales de Experimentaci\u00f3n Agr\u00edcola (CREA), en colaboraci\u00f3n con la Asociaci\u00f3n Argentina de Productores en Siembra Directa (Aapresid), y que llega a n\u00fameros contundentes. Hacia 2020, si el sector alcanzara su potencial, el valor bruto de la producci\u00f3n trepar\u00eda de los US$ 71.364 millones actuales a un rango de entre 87.646 y 100.359 millones, lo que implicar\u00eda m\u00e1s ingresos, empleo y dinamismo en la econom\u00eda. Esos valores se lograr\u00edan incrementando, respecto de 2012, entre 41 y 79% la producci\u00f3n de granos, de 22 a 52% la de carne [&hellip;]","og_url":"https:\/\/proagrolab.com.ar\/respaldo-politico-y-empresario-a-un-plan-del-campo-para-crecer\/","og_site_name":"Proagro","article_publisher":"http:\/\/www.facebook.com\/proagrolab","article_published_time":"2013-12-12T00:00:01+00:00","og_image":[{"width":450,"height":208,"url":"https:\/\/proagrolab.com.ar\/wp-content\/uploads\/2015\/01\/g_lboufek17__Mesa-de-enlace-2-2013.jpg","type":"image\/jpeg"}],"author":"proagrolab","twitter_card":"summary_large_image","twitter_misc":{"Written by":"proagrolab","Est. reading time":"4 minutes"},"schema":{"@context":"https:\/\/schema.org","@graph":[{"@type":"Article","@id":"https:\/\/proagrolab.com.ar\/respaldo-politico-y-empresario-a-un-plan-del-campo-para-crecer\/#article","isPartOf":{"@id":"https:\/\/proagrolab.com.ar\/respaldo-politico-y-empresario-a-un-plan-del-campo-para-crecer\/"},"author":{"name":"proagrolab","@id":"https:\/\/proagrolab.com.ar\/#\/schema\/person\/38003ff90bf80381f71c7d922d207444"},"headline":"Respaldo pol\u00edtico y empresario a un plan del campo para crecer.","datePublished":"2013-12-12T00:00:01+00:00","mainEntityOfPage":{"@id":"https:\/\/proagrolab.com.ar\/respaldo-politico-y-empresario-a-un-plan-del-campo-para-crecer\/"},"wordCount":885,"publisher":{"@id":"https:\/\/proagrolab.com.ar\/#organization"},"image":{"@id":"https:\/\/proagrolab.com.ar\/respaldo-politico-y-empresario-a-un-plan-del-campo-para-crecer\/#primaryimage"},"thumbnailUrl":"https:\/\/proagrolab.com.ar\/wp-content\/uploads\/2015\/01\/g_lboufek17__Mesa-de-enlace-2-2013.jpg","articleSection":["News"],"inLanguage":"en-US"},{"@type":"WebPage","@id":"https:\/\/proagrolab.com.ar\/respaldo-politico-y-empresario-a-un-plan-del-campo-para-crecer\/","url":"https:\/\/proagrolab.com.ar\/respaldo-politico-y-empresario-a-un-plan-del-campo-para-crecer\/","name":"Respaldo pol\u00edtico y empresario a un plan del campo para crecer. | Proagro","isPartOf":{"@id":"https:\/\/proagrolab.com.ar\/#website"},"primaryImageOfPage":{"@id":"https:\/\/proagrolab.com.ar\/respaldo-politico-y-empresario-a-un-plan-del-campo-para-crecer\/#primaryimage"},"image":{"@id":"https:\/\/proagrolab.com.ar\/respaldo-politico-y-empresario-a-un-plan-del-campo-para-crecer\/#primaryimage"},"thumbnailUrl":"https:\/\/proagrolab.com.ar\/wp-content\/uploads\/2015\/01\/g_lboufek17__Mesa-de-enlace-2-2013.jpg","datePublished":"2013-12-12T00:00:01+00:00","breadcrumb":{"@id":"https:\/\/proagrolab.com.ar\/respaldo-politico-y-empresario-a-un-plan-del-campo-para-crecer\/#breadcrumb"},"inLanguage":"en-US","potentialAction":[{"@type":"ReadAction","target":["https:\/\/proagrolab.com.ar\/respaldo-politico-y-empresario-a-un-plan-del-campo-para-crecer\/"]}]},{"@type":"ImageObject","inLanguage":"en-US","@id":"https:\/\/proagrolab.com.ar\/respaldo-politico-y-empresario-a-un-plan-del-campo-para-crecer\/#primaryimage","url":"https:\/\/proagrolab.com.ar\/wp-content\/uploads\/2015\/01\/g_lboufek17__Mesa-de-enlace-2-2013.jpg","contentUrl":"https:\/\/proagrolab.com.ar\/wp-content\/uploads\/2015\/01\/g_lboufek17__Mesa-de-enlace-2-2013.jpg","width":450,"height":208},{"@type":"BreadcrumbList","@id":"https:\/\/proagrolab.com.ar\/respaldo-politico-y-empresario-a-un-plan-del-campo-para-crecer\/#breadcrumb","itemListElement":[{"@type":"ListItem","position":1,"name":"Portada","item":"https:\/\/proagrolab.com.ar\/"},{"@type":"ListItem","position":2,"name":"Respaldo pol\u00edtico y empresario a un plan del campo para crecer."}]},{"@type":"WebSite","@id":"https:\/\/proagrolab.com.ar\/#website","url":"https:\/\/proagrolab.com.ar\/","name":"Proagro Laboratorio Veterinario","description":"Veterinary laboratory","publisher":{"@id":"https:\/\/proagrolab.com.ar\/#organization"},"potentialAction":[{"@type":"SearchAction","target":{"@type":"EntryPoint","urlTemplate":"https:\/\/proagrolab.com.ar\/?s={search_term_string}"},"query-input":{"@type":"PropertyValueSpecification","valueRequired":true,"valueName":"search_term_string"}}],"inLanguage":"en-US"},{"@type":"Organization","@id":"https:\/\/proagrolab.com.ar\/#organization","name":"Proagro","url":"https:\/\/proagrolab.com.ar\/","logo":{"@type":"ImageObject","inLanguage":"en-US","@id":"https:\/\/proagrolab.com.ar\/#\/schema\/logo\/image\/","url":"https:\/\/proagrolab.com.ar\/wp-content\/uploads\/2020\/04\/logo-retina.png","contentUrl":"https:\/\/proagrolab.com.ar\/wp-content\/uploads\/2020\/04\/logo-retina.png","width":478,"height":120,"caption":"Proagro"},"image":{"@id":"https:\/\/proagrolab.com.ar\/#\/schema\/logo\/image\/"},"sameAs":["http:\/\/www.facebook.com\/proagrolab","https:\/\/www.instagram.com\/proagrolab\/","https:\/\/www.linkedin.com\/company\/laboratorio-proagro-s-a\/"]},{"@type":"Person","@id":"https:\/\/proagrolab.com.ar\/#\/schema\/person\/38003ff90bf80381f71c7d922d207444","name":"proagrolab"}]}},"_links":{"self":[{"href":"https:\/\/proagrolab.com.ar\/en\/wp-json\/wp\/v2\/posts\/5863","targetHints":{"allow":["GET"]}}],"collection":[{"href":"https:\/\/proagrolab.com.ar\/en\/wp-json\/wp\/v2\/posts"}],"about":[{"href":"https:\/\/proagrolab.com.ar\/en\/wp-json\/wp\/v2\/types\/post"}],"author":[{"embeddable":true,"href":"https:\/\/proagrolab.com.ar\/en\/wp-json\/wp\/v2\/users\/2"}],"replies":[{"embeddable":true,"href":"https:\/\/proagrolab.com.ar\/en\/wp-json\/wp\/v2\/comments?post=5863"}],"version-history":[{"count":0,"href":"https:\/\/proagrolab.com.ar\/en\/wp-json\/wp\/v2\/posts\/5863\/revisions"}],"wp:featuredmedia":[{"embeddable":true,"href":"https:\/\/proagrolab.com.ar\/en\/wp-json\/wp\/v2\/media\/2349"}],"wp:attachment":[{"href":"https:\/\/proagrolab.com.ar\/en\/wp-json\/wp\/v2\/media?parent=5863"}],"wp:term":[{"taxonomy":"category","embeddable":true,"href":"https:\/\/proagrolab.com.ar\/en\/wp-json\/wp\/v2\/categories?post=5863"},{"taxonomy":"post_tag","embeddable":true,"href":"https:\/\/proagrolab.com.ar\/en\/wp-json\/wp\/v2\/tags?post=5863"}],"curies":[{"name":"wp","href":"https:\/\/api.w.org\/{rel}","templated":true}]}}