{"id":5862,"date":"2013-12-10T00:00:01","date_gmt":"2013-12-10T00:00:01","guid":{"rendered":"https:\/\/proagrolab.com.ar\/en-noviembre-la-carne-bovina-uruguaya-registro-alza-de-06-en-exportaciones\/"},"modified":"2013-12-10T00:00:01","modified_gmt":"2013-12-10T00:00:01","slug":"en-noviembre-la-carne-bovina-uruguaya-registro-alza-de-06-en-exportaciones","status":"publish","type":"post","link":"https:\/\/proagrolab.com.ar\/en\/en-noviembre-la-carne-bovina-uruguaya-registro-alza-de-06-en-exportaciones\/","title":{"rendered":"En noviembre, la carne bovina uruguaya registr\u00f3 alza de 0,6% en exportaciones."},"content":{"rendered":"<p class=\"qtranxs-available-languages-message qtranxs-available-languages-message-en\"> <\/p><p>Los env\u00edos de carne bovina uruguaya subieron un 0,6% en noviembre ante el mismo mes del 2012 y los ingresos subieron un 0,2% en ese mismo per\u00edodo, inform\u00f3 el mi\u00e9rcoles el Gobierno.&nbsp;&nbsp;&nbsp; <\/p>\n<p>Las ventas de dicho producto alcanzaron 30.873 toneladas en noviembre, mientras que en lo que va de 2013 sumaron 324.939 toneladas, un 3,3% menos que en los primeros once meses del a\u00f1o anterior.&nbsp;&nbsp;&nbsp; <\/p>\n<p>Los principales clientes de Uruguay, que seg\u00fan el \u00faltimo censo rural dispone de 11,7 millones de vacunos, fueron Rusia, China, la Uni\u00f3n Europea, los pa\u00edses del Tratado de Libre Comercio de Am\u00e9rica del Norte (TLCAN), los socios del Mercosur e Israel. <\/p>\n<p>Los ingresos en noviembre fueron por US$ 121,8 millones, mientras que en el a\u00f1o sumaron US$ 1.222 millones, una cifra inferior en un 4,8% a la de enero-noviembre de 2012.&nbsp;&nbsp;&nbsp; <\/p>\n<p>El pa\u00eds faen\u00f3 en noviembre 165.411 cabezas de ganado, un 19% menos que en el mismo mes del a\u00f1o pasado. En el acumulado del a\u00f1o, la cifra alcanz\u00f3 a 1,82 millones de cabezas, un 3,3% menos en la comparaci\u00f3n interanual. <\/p>\n<p>Fuente: Carnetec,9 de diciembre.<br \/><\/p>","protected":false},"excerpt":{"rendered":"<p>Los env\u00edos de carne bovina uruguaya subieron un 0,6% en noviembre ante el mismo mes del 2012 y los ingresos subieron un 0,2% en ese mismo per\u00edodo, inform\u00f3 el mi\u00e9rcoles el Gobierno.&nbsp;&nbsp;&nbsp; Las ventas de dicho producto alcanzaron 30.873 toneladas en noviembre, mientras que en lo que va de 2013 sumaron 324.939 toneladas, un 3,3% menos que en los primeros once meses del a\u00f1o anterior.&nbsp;&nbsp;&nbsp; Los principales clientes de Uruguay, que seg\u00fan el \u00faltimo censo rural dispone de 11,7 millones de vacunos, fueron Rusia, China, la Uni\u00f3n Europea, los pa\u00edses del Tratado de Libre Comercio de Am\u00e9rica del Norte (TLCAN), los socios del Mercosur e Israel. Los ingresos en noviembre fueron por US$ 121,8 millones, mientras que en el a\u00f1o sumaron US$ 1.222 millones, una cifra inferior en un 4,8% a la de enero-noviembre de 2012.&nbsp;&nbsp;&nbsp; El pa\u00eds faen\u00f3 en noviembre 165.411 cabezas de ganado, un 19% menos que en el mismo mes del a\u00f1o pasado. En el acumulado del a\u00f1o, la cifra alcanz\u00f3 a 1,82 millones de cabezas, un 3,3% menos en la comparaci\u00f3n interanual. Fuente: Carnetec,9 de diciembre.<\/p>\n","protected":false},"author":2,"featured_media":2348,"comment_status":"closed","ping_status":"open","sticky":false,"template":"","format":"standard","meta":{"_acf_changed":false,"footnotes":""},"categories":[56],"tags":[],"class_list":["post-5862","post","type-post","status-publish","format-standard","has-post-thumbnail","hentry","category-infoganadero"],"acf":[],"yoast_head":"<!-- This site is optimized with the Yoast SEO plugin v27.4 - https:\/\/yoast.com\/product\/yoast-seo-wordpress\/ -->\n<title>En noviembre, la carne bovina uruguaya registr\u00f3 alza de 0,6% en exportaciones. | Proagro<\/title>\n<meta name=\"robots\" content=\"index, follow, max-snippet:-1, max-image-preview:large, max-video-preview:-1\" \/>\n<link rel=\"canonical\" href=\"https:\/\/proagrolab.com.ar\/en\/en-noviembre-la-carne-bovina-uruguaya-registro-alza-de-06-en-exportaciones\/\" \/>\n<meta property=\"og:locale\" content=\"en_US\" \/>\n<meta property=\"og:type\" content=\"article\" \/>\n<meta property=\"og:title\" content=\"En noviembre, la carne bovina uruguaya registr\u00f3 alza de 0,6% en exportaciones. | Proagro\" \/>\n<meta property=\"og:description\" content=\"Los env\u00edos de carne bovina uruguaya subieron un 0,6% en noviembre ante el mismo mes del 2012 y los ingresos subieron un 0,2% en ese mismo per\u00edodo, inform\u00f3 el mi\u00e9rcoles el Gobierno.&nbsp;&nbsp;&nbsp; Las ventas de dicho producto alcanzaron 30.873 toneladas en noviembre, mientras que en lo que va de 2013 sumaron 324.939 toneladas, un 3,3% menos que en los primeros once meses del a\u00f1o anterior.&nbsp;&nbsp;&nbsp; Los principales clientes de Uruguay, que seg\u00fan el \u00faltimo censo rural dispone de 11,7 millones de vacunos, fueron Rusia, China, la Uni\u00f3n Europea, los pa\u00edses del Tratado de Libre Comercio de Am\u00e9rica del Norte (TLCAN), los socios del Mercosur e Israel. Los ingresos en noviembre fueron por US$ 121,8 millones, mientras que en el a\u00f1o sumaron US$ 1.222 millones, una cifra inferior en un 4,8% a la de enero-noviembre de 2012.&nbsp;&nbsp;&nbsp; El pa\u00eds faen\u00f3 en noviembre 165.411 cabezas de ganado, un 19% menos que en el mismo mes del a\u00f1o pasado. En el acumulado del a\u00f1o, la cifra alcanz\u00f3 a 1,82 millones de cabezas, un 3,3% menos en la comparaci\u00f3n interanual. Fuente: Carnetec,9 de diciembre.\" \/>\n<meta property=\"og:url\" content=\"https:\/\/proagrolab.com.ar\/en-noviembre-la-carne-bovina-uruguaya-registro-alza-de-06-en-exportaciones\/\" \/>\n<meta property=\"og:site_name\" content=\"Proagro\" \/>\n<meta property=\"article:publisher\" content=\"http:\/\/www.facebook.com\/proagrolab\" \/>\n<meta property=\"article:published_time\" content=\"2013-12-10T00:00:01+00:00\" \/>\n<meta property=\"og:image\" content=\"https:\/\/proagrolab.com.ar\/wp-content\/uploads\/2015\/01\/g_kza5t9mvm__Frigor\u00edfico-2.jpg\" \/>\n\t<meta property=\"og:image:width\" content=\"1\" \/>\n\t<meta property=\"og:image:height\" content=\"1\" \/>\n\t<meta property=\"og:image:type\" content=\"image\/jpeg\" \/>\n<meta name=\"author\" content=\"proagrolab\" \/>\n<meta name=\"twitter:card\" content=\"summary_large_image\" \/>\n<meta name=\"twitter:label1\" content=\"Written by\" \/>\n\t<meta name=\"twitter:data1\" content=\"proagrolab\" \/>\n\t<meta name=\"twitter:label2\" content=\"Est. reading time\" \/>\n\t<meta name=\"twitter:data2\" content=\"1 minute\" \/>\n<script type=\"application\/ld+json\" class=\"yoast-schema-graph\">{\"@context\":\"https:\\\/\\\/schema.org\",\"@graph\":[{\"@type\":\"Article\",\"@id\":\"https:\\\/\\\/proagrolab.com.ar\\\/en-noviembre-la-carne-bovina-uruguaya-registro-alza-de-06-en-exportaciones\\\/#article\",\"isPartOf\":{\"@id\":\"https:\\\/\\\/proagrolab.com.ar\\\/en-noviembre-la-carne-bovina-uruguaya-registro-alza-de-06-en-exportaciones\\\/\"},\"author\":{\"name\":\"proagrolab\",\"@id\":\"https:\\\/\\\/proagrolab.com.ar\\\/#\\\/schema\\\/person\\\/38003ff90bf80381f71c7d922d207444\"},\"headline\":\"En noviembre, la carne bovina uruguaya registr\u00f3 alza de 0,6% en exportaciones.\",\"datePublished\":\"2013-12-10T00:00:01+00:00\",\"mainEntityOfPage\":{\"@id\":\"https:\\\/\\\/proagrolab.com.ar\\\/en-noviembre-la-carne-bovina-uruguaya-registro-alza-de-06-en-exportaciones\\\/\"},\"wordCount\":197,\"publisher\":{\"@id\":\"https:\\\/\\\/proagrolab.com.ar\\\/#organization\"},\"image\":{\"@id\":\"https:\\\/\\\/proagrolab.com.ar\\\/en-noviembre-la-carne-bovina-uruguaya-registro-alza-de-06-en-exportaciones\\\/#primaryimage\"},\"thumbnailUrl\":\"https:\\\/\\\/proagrolab.com.ar\\\/wp-content\\\/uploads\\\/2015\\\/01\\\/g_kza5t9mvm__Frigor\u00edfico-2.jpg\",\"articleSection\":[\"News\"],\"inLanguage\":\"en-US\"},{\"@type\":\"WebPage\",\"@id\":\"https:\\\/\\\/proagrolab.com.ar\\\/en-noviembre-la-carne-bovina-uruguaya-registro-alza-de-06-en-exportaciones\\\/\",\"url\":\"https:\\\/\\\/proagrolab.com.ar\\\/en-noviembre-la-carne-bovina-uruguaya-registro-alza-de-06-en-exportaciones\\\/\",\"name\":\"En noviembre, la carne bovina uruguaya registr\u00f3 alza de 0,6% en exportaciones. | Proagro\",\"isPartOf\":{\"@id\":\"https:\\\/\\\/proagrolab.com.ar\\\/#website\"},\"primaryImageOfPage\":{\"@id\":\"https:\\\/\\\/proagrolab.com.ar\\\/en-noviembre-la-carne-bovina-uruguaya-registro-alza-de-06-en-exportaciones\\\/#primaryimage\"},\"image\":{\"@id\":\"https:\\\/\\\/proagrolab.com.ar\\\/en-noviembre-la-carne-bovina-uruguaya-registro-alza-de-06-en-exportaciones\\\/#primaryimage\"},\"thumbnailUrl\":\"https:\\\/\\\/proagrolab.com.ar\\\/wp-content\\\/uploads\\\/2015\\\/01\\\/g_kza5t9mvm__Frigor\u00edfico-2.jpg\",\"datePublished\":\"2013-12-10T00:00:01+00:00\",\"breadcrumb\":{\"@id\":\"https:\\\/\\\/proagrolab.com.ar\\\/en-noviembre-la-carne-bovina-uruguaya-registro-alza-de-06-en-exportaciones\\\/#breadcrumb\"},\"inLanguage\":\"en-US\",\"potentialAction\":[{\"@type\":\"ReadAction\",\"target\":[\"https:\\\/\\\/proagrolab.com.ar\\\/en-noviembre-la-carne-bovina-uruguaya-registro-alza-de-06-en-exportaciones\\\/\"]}]},{\"@type\":\"ImageObject\",\"inLanguage\":\"en-US\",\"@id\":\"https:\\\/\\\/proagrolab.com.ar\\\/en-noviembre-la-carne-bovina-uruguaya-registro-alza-de-06-en-exportaciones\\\/#primaryimage\",\"url\":\"https:\\\/\\\/proagrolab.com.ar\\\/wp-content\\\/uploads\\\/2015\\\/01\\\/g_kza5t9mvm__Frigor\u00edfico-2.jpg\",\"contentUrl\":\"https:\\\/\\\/proagrolab.com.ar\\\/wp-content\\\/uploads\\\/2015\\\/01\\\/g_kza5t9mvm__Frigor\u00edfico-2.jpg\"},{\"@type\":\"BreadcrumbList\",\"@id\":\"https:\\\/\\\/proagrolab.com.ar\\\/en-noviembre-la-carne-bovina-uruguaya-registro-alza-de-06-en-exportaciones\\\/#breadcrumb\",\"itemListElement\":[{\"@type\":\"ListItem\",\"position\":1,\"name\":\"Portada\",\"item\":\"https:\\\/\\\/proagrolab.com.ar\\\/\"},{\"@type\":\"ListItem\",\"position\":2,\"name\":\"En noviembre, la carne bovina uruguaya registr\u00f3 alza de 0,6% en exportaciones.\"}]},{\"@type\":\"WebSite\",\"@id\":\"https:\\\/\\\/proagrolab.com.ar\\\/#website\",\"url\":\"https:\\\/\\\/proagrolab.com.ar\\\/\",\"name\":\"Proagro Laboratorio Veterinario\",\"description\":\"Veterinary laboratory\",\"publisher\":{\"@id\":\"https:\\\/\\\/proagrolab.com.ar\\\/#organization\"},\"potentialAction\":[{\"@type\":\"SearchAction\",\"target\":{\"@type\":\"EntryPoint\",\"urlTemplate\":\"https:\\\/\\\/proagrolab.com.ar\\\/?s={search_term_string}\"},\"query-input\":{\"@type\":\"PropertyValueSpecification\",\"valueRequired\":true,\"valueName\":\"search_term_string\"}}],\"inLanguage\":\"en-US\"},{\"@type\":\"Organization\",\"@id\":\"https:\\\/\\\/proagrolab.com.ar\\\/#organization\",\"name\":\"Proagro\",\"url\":\"https:\\\/\\\/proagrolab.com.ar\\\/\",\"logo\":{\"@type\":\"ImageObject\",\"inLanguage\":\"en-US\",\"@id\":\"https:\\\/\\\/proagrolab.com.ar\\\/#\\\/schema\\\/logo\\\/image\\\/\",\"url\":\"https:\\\/\\\/proagrolab.com.ar\\\/wp-content\\\/uploads\\\/2020\\\/04\\\/logo-retina.png\",\"contentUrl\":\"https:\\\/\\\/proagrolab.com.ar\\\/wp-content\\\/uploads\\\/2020\\\/04\\\/logo-retina.png\",\"width\":478,\"height\":120,\"caption\":\"Proagro\"},\"image\":{\"@id\":\"https:\\\/\\\/proagrolab.com.ar\\\/#\\\/schema\\\/logo\\\/image\\\/\"},\"sameAs\":[\"http:\\\/\\\/www.facebook.com\\\/proagrolab\",\"https:\\\/\\\/www.instagram.com\\\/proagrolab\\\/\",\"https:\\\/\\\/www.linkedin.com\\\/company\\\/laboratorio-proagro-s-a\\\/\"]},{\"@type\":\"Person\",\"@id\":\"https:\\\/\\\/proagrolab.com.ar\\\/#\\\/schema\\\/person\\\/38003ff90bf80381f71c7d922d207444\",\"name\":\"proagrolab\"}]}<\/script>\n<!-- \/ Yoast SEO plugin. -->","yoast_head_json":{"title":"En noviembre, la carne bovina uruguaya registr\u00f3 alza de 0,6% en exportaciones. | Proagro","robots":{"index":"index","follow":"follow","max-snippet":"max-snippet:-1","max-image-preview":"max-image-preview:large","max-video-preview":"max-video-preview:-1"},"canonical":"https:\/\/proagrolab.com.ar\/en\/en-noviembre-la-carne-bovina-uruguaya-registro-alza-de-06-en-exportaciones\/","og_locale":"en_US","og_type":"article","og_title":"En noviembre, la carne bovina uruguaya registr\u00f3 alza de 0,6% en exportaciones. | Proagro","og_description":"Los env\u00edos de carne bovina uruguaya subieron un 0,6% en noviembre ante el mismo mes del 2012 y los ingresos subieron un 0,2% en ese mismo per\u00edodo, inform\u00f3 el mi\u00e9rcoles el Gobierno.&nbsp;&nbsp;&nbsp; Las ventas de dicho producto alcanzaron 30.873 toneladas en noviembre, mientras que en lo que va de 2013 sumaron 324.939 toneladas, un 3,3% menos que en los primeros once meses del a\u00f1o anterior.&nbsp;&nbsp;&nbsp; Los principales clientes de Uruguay, que seg\u00fan el \u00faltimo censo rural dispone de 11,7 millones de vacunos, fueron Rusia, China, la Uni\u00f3n Europea, los pa\u00edses del Tratado de Libre Comercio de Am\u00e9rica del Norte (TLCAN), los socios del Mercosur e Israel. Los ingresos en noviembre fueron por US$ 121,8 millones, mientras que en el a\u00f1o sumaron US$ 1.222 millones, una cifra inferior en un 4,8% a la de enero-noviembre de 2012.&nbsp;&nbsp;&nbsp; El pa\u00eds faen\u00f3 en noviembre 165.411 cabezas de ganado, un 19% menos que en el mismo mes del a\u00f1o pasado. En el acumulado del a\u00f1o, la cifra alcanz\u00f3 a 1,82 millones de cabezas, un 3,3% menos en la comparaci\u00f3n interanual. Fuente: Carnetec,9 de diciembre.","og_url":"https:\/\/proagrolab.com.ar\/en-noviembre-la-carne-bovina-uruguaya-registro-alza-de-06-en-exportaciones\/","og_site_name":"Proagro","article_publisher":"http:\/\/www.facebook.com\/proagrolab","article_published_time":"2013-12-10T00:00:01+00:00","og_image":[{"url":"https:\/\/proagrolab.com.ar\/wp-content\/uploads\/2015\/01\/g_kza5t9mvm__Frigor\u00edfico-2.jpg","width":1,"height":1,"type":"image\/jpeg"}],"author":"proagrolab","twitter_card":"summary_large_image","twitter_misc":{"Written by":"proagrolab","Est. reading time":"1 minute"},"schema":{"@context":"https:\/\/schema.org","@graph":[{"@type":"Article","@id":"https:\/\/proagrolab.com.ar\/en-noviembre-la-carne-bovina-uruguaya-registro-alza-de-06-en-exportaciones\/#article","isPartOf":{"@id":"https:\/\/proagrolab.com.ar\/en-noviembre-la-carne-bovina-uruguaya-registro-alza-de-06-en-exportaciones\/"},"author":{"name":"proagrolab","@id":"https:\/\/proagrolab.com.ar\/#\/schema\/person\/38003ff90bf80381f71c7d922d207444"},"headline":"En noviembre, la carne bovina uruguaya registr\u00f3 alza de 0,6% en exportaciones.","datePublished":"2013-12-10T00:00:01+00:00","mainEntityOfPage":{"@id":"https:\/\/proagrolab.com.ar\/en-noviembre-la-carne-bovina-uruguaya-registro-alza-de-06-en-exportaciones\/"},"wordCount":197,"publisher":{"@id":"https:\/\/proagrolab.com.ar\/#organization"},"image":{"@id":"https:\/\/proagrolab.com.ar\/en-noviembre-la-carne-bovina-uruguaya-registro-alza-de-06-en-exportaciones\/#primaryimage"},"thumbnailUrl":"https:\/\/proagrolab.com.ar\/wp-content\/uploads\/2015\/01\/g_kza5t9mvm__Frigor\u00edfico-2.jpg","articleSection":["News"],"inLanguage":"en-US"},{"@type":"WebPage","@id":"https:\/\/proagrolab.com.ar\/en-noviembre-la-carne-bovina-uruguaya-registro-alza-de-06-en-exportaciones\/","url":"https:\/\/proagrolab.com.ar\/en-noviembre-la-carne-bovina-uruguaya-registro-alza-de-06-en-exportaciones\/","name":"En noviembre, la carne bovina uruguaya registr\u00f3 alza de 0,6% en exportaciones. | Proagro","isPartOf":{"@id":"https:\/\/proagrolab.com.ar\/#website"},"primaryImageOfPage":{"@id":"https:\/\/proagrolab.com.ar\/en-noviembre-la-carne-bovina-uruguaya-registro-alza-de-06-en-exportaciones\/#primaryimage"},"image":{"@id":"https:\/\/proagrolab.com.ar\/en-noviembre-la-carne-bovina-uruguaya-registro-alza-de-06-en-exportaciones\/#primaryimage"},"thumbnailUrl":"https:\/\/proagrolab.com.ar\/wp-content\/uploads\/2015\/01\/g_kza5t9mvm__Frigor\u00edfico-2.jpg","datePublished":"2013-12-10T00:00:01+00:00","breadcrumb":{"@id":"https:\/\/proagrolab.com.ar\/en-noviembre-la-carne-bovina-uruguaya-registro-alza-de-06-en-exportaciones\/#breadcrumb"},"inLanguage":"en-US","potentialAction":[{"@type":"ReadAction","target":["https:\/\/proagrolab.com.ar\/en-noviembre-la-carne-bovina-uruguaya-registro-alza-de-06-en-exportaciones\/"]}]},{"@type":"ImageObject","inLanguage":"en-US","@id":"https:\/\/proagrolab.com.ar\/en-noviembre-la-carne-bovina-uruguaya-registro-alza-de-06-en-exportaciones\/#primaryimage","url":"https:\/\/proagrolab.com.ar\/wp-content\/uploads\/2015\/01\/g_kza5t9mvm__Frigor\u00edfico-2.jpg","contentUrl":"https:\/\/proagrolab.com.ar\/wp-content\/uploads\/2015\/01\/g_kza5t9mvm__Frigor\u00edfico-2.jpg"},{"@type":"BreadcrumbList","@id":"https:\/\/proagrolab.com.ar\/en-noviembre-la-carne-bovina-uruguaya-registro-alza-de-06-en-exportaciones\/#breadcrumb","itemListElement":[{"@type":"ListItem","position":1,"name":"Portada","item":"https:\/\/proagrolab.com.ar\/"},{"@type":"ListItem","position":2,"name":"En noviembre, la carne bovina uruguaya registr\u00f3 alza de 0,6% en exportaciones."}]},{"@type":"WebSite","@id":"https:\/\/proagrolab.com.ar\/#website","url":"https:\/\/proagrolab.com.ar\/","name":"Proagro Laboratorio Veterinario","description":"Veterinary laboratory","publisher":{"@id":"https:\/\/proagrolab.com.ar\/#organization"},"potentialAction":[{"@type":"SearchAction","target":{"@type":"EntryPoint","urlTemplate":"https:\/\/proagrolab.com.ar\/?s={search_term_string}"},"query-input":{"@type":"PropertyValueSpecification","valueRequired":true,"valueName":"search_term_string"}}],"inLanguage":"en-US"},{"@type":"Organization","@id":"https:\/\/proagrolab.com.ar\/#organization","name":"Proagro","url":"https:\/\/proagrolab.com.ar\/","logo":{"@type":"ImageObject","inLanguage":"en-US","@id":"https:\/\/proagrolab.com.ar\/#\/schema\/logo\/image\/","url":"https:\/\/proagrolab.com.ar\/wp-content\/uploads\/2020\/04\/logo-retina.png","contentUrl":"https:\/\/proagrolab.com.ar\/wp-content\/uploads\/2020\/04\/logo-retina.png","width":478,"height":120,"caption":"Proagro"},"image":{"@id":"https:\/\/proagrolab.com.ar\/#\/schema\/logo\/image\/"},"sameAs":["http:\/\/www.facebook.com\/proagrolab","https:\/\/www.instagram.com\/proagrolab\/","https:\/\/www.linkedin.com\/company\/laboratorio-proagro-s-a\/"]},{"@type":"Person","@id":"https:\/\/proagrolab.com.ar\/#\/schema\/person\/38003ff90bf80381f71c7d922d207444","name":"proagrolab"}]}},"_links":{"self":[{"href":"https:\/\/proagrolab.com.ar\/en\/wp-json\/wp\/v2\/posts\/5862","targetHints":{"allow":["GET"]}}],"collection":[{"href":"https:\/\/proagrolab.com.ar\/en\/wp-json\/wp\/v2\/posts"}],"about":[{"href":"https:\/\/proagrolab.com.ar\/en\/wp-json\/wp\/v2\/types\/post"}],"author":[{"embeddable":true,"href":"https:\/\/proagrolab.com.ar\/en\/wp-json\/wp\/v2\/users\/2"}],"replies":[{"embeddable":true,"href":"https:\/\/proagrolab.com.ar\/en\/wp-json\/wp\/v2\/comments?post=5862"}],"version-history":[{"count":0,"href":"https:\/\/proagrolab.com.ar\/en\/wp-json\/wp\/v2\/posts\/5862\/revisions"}],"wp:featuredmedia":[{"embeddable":true,"href":"https:\/\/proagrolab.com.ar\/en\/wp-json\/wp\/v2\/media\/2348"}],"wp:attachment":[{"href":"https:\/\/proagrolab.com.ar\/en\/wp-json\/wp\/v2\/media?parent=5862"}],"wp:term":[{"taxonomy":"category","embeddable":true,"href":"https:\/\/proagrolab.com.ar\/en\/wp-json\/wp\/v2\/categories?post=5862"},{"taxonomy":"post_tag","embeddable":true,"href":"https:\/\/proagrolab.com.ar\/en\/wp-json\/wp\/v2\/tags?post=5862"}],"curies":[{"name":"wp","href":"https:\/\/api.w.org\/{rel}","templated":true}]}}