{"id":5861,"date":"2013-12-10T00:00:01","date_gmt":"2013-12-10T00:00:01","guid":{"rendered":"https:\/\/proagrolab.com.ar\/uruguay-vendera-carne-aberdeen-angus-certificada-a-la-union-europea\/"},"modified":"2013-12-10T00:00:01","modified_gmt":"2013-12-10T00:00:01","slug":"uruguay-vendera-carne-aberdeen-angus-certificada-a-la-union-europea","status":"publish","type":"post","link":"https:\/\/proagrolab.com.ar\/en\/uruguay-vendera-carne-aberdeen-angus-certificada-a-la-union-europea\/","title":{"rendered":"Uruguay vender\u00e1 carne Aberdeen Angus certificada a la Uni\u00f3n Europea."},"content":{"rendered":"<p class=\"qtranxs-available-languages-message qtranxs-available-languages-message-en\"> <\/p><p>Los criadorers uruguayos de la raza Aberdeen Angus podr\u00e1n ingresar a la Uni\u00f3n Europea con carnes identificadas con esa marca, seg\u00fan comunicaci\u00f3n recibida por el Instituto Nacional de Carnes (INAC).<\/p>\n<p>La UE inform\u00f3 haber aprobado dicho proceso de certificaci\u00f3n a solicitud de la mencionada sociedad.<\/p>\n<p>INAC cuenta con el reconocimiento de la UE como autoridad competente, para certificar atributos que agentes privados quieren resaltar en el etiquetado de la carne que se exporta a este destino, indica un comunicado de INAC.<\/p>\n<p>En tal sentido, la carne que cumpla con lo establecido en el pliego de condiciones aprobado por INAC y la Uni\u00f3n Europea, ahora podr\u00e1 ser etiquetada como &#8220;Carne Aberdeen Angus&#8221;, aportando as\u00ed un valor diferencial al producto. <\/p>\n<p>El pliego de condiciones indica que la carne adem\u00e1s de cumplir con los altos est\u00e1ndares de calidad de la Uni\u00f3n europea, debe provenir de novillos j\u00f3venes o vaquillonas con ascendencia Aberdeen Angus.<\/p>\n<p>Fuente: Carnetec,9 de diciembre.<br \/><\/p>","protected":false},"excerpt":{"rendered":"<p>Los criadorers uruguayos de la raza Aberdeen Angus podr\u00e1n ingresar a la Uni\u00f3n Europea con carnes identificadas con esa marca, seg\u00fan comunicaci\u00f3n recibida por el Instituto Nacional de Carnes (INAC). La UE inform\u00f3 haber aprobado dicho proceso de certificaci\u00f3n a solicitud de la mencionada sociedad. INAC cuenta con el reconocimiento de la UE como autoridad competente, para certificar atributos que agentes privados quieren resaltar en el etiquetado de la carne que se exporta a este destino, indica un comunicado de INAC. En tal sentido, la carne que cumpla con lo establecido en el pliego de condiciones aprobado por INAC y la Uni\u00f3n Europea, ahora podr\u00e1 ser etiquetada como &#8220;Carne Aberdeen Angus&#8221;, aportando as\u00ed un valor diferencial al producto. El pliego de condiciones indica que la carne adem\u00e1s de cumplir con los altos est\u00e1ndares de calidad de la Uni\u00f3n europea, debe provenir de novillos j\u00f3venes o vaquillonas con ascendencia Aberdeen Angus. Fuente: Carnetec,9 de diciembre.<\/p>\n","protected":false},"author":2,"featured_media":2347,"comment_status":"closed","ping_status":"open","sticky":false,"template":"","format":"standard","meta":{"_acf_changed":false,"footnotes":""},"categories":[56],"tags":[],"class_list":["post-5861","post","type-post","status-publish","format-standard","has-post-thumbnail","hentry","category-infoganadero"],"acf":[],"yoast_head":"<!-- This site is optimized with the Yoast SEO plugin v27.4 - https:\/\/yoast.com\/product\/yoast-seo-wordpress\/ -->\n<title>Uruguay vender\u00e1 carne Aberdeen Angus certificada a la Uni\u00f3n Europea. | Proagro<\/title>\n<meta name=\"robots\" content=\"index, follow, max-snippet:-1, max-image-preview:large, max-video-preview:-1\" \/>\n<link rel=\"canonical\" href=\"https:\/\/proagrolab.com.ar\/en\/uruguay-vendera-carne-aberdeen-angus-certificada-a-la-union-europea\/\" \/>\n<meta property=\"og:locale\" content=\"en_US\" \/>\n<meta property=\"og:type\" content=\"article\" \/>\n<meta property=\"og:title\" content=\"Uruguay vender\u00e1 carne Aberdeen Angus certificada a la Uni\u00f3n Europea. | Proagro\" \/>\n<meta property=\"og:description\" content=\"Los criadorers uruguayos de la raza Aberdeen Angus podr\u00e1n ingresar a la Uni\u00f3n Europea con carnes identificadas con esa marca, seg\u00fan comunicaci\u00f3n recibida por el Instituto Nacional de Carnes (INAC). La UE inform\u00f3 haber aprobado dicho proceso de certificaci\u00f3n a solicitud de la mencionada sociedad. INAC cuenta con el reconocimiento de la UE como autoridad competente, para certificar atributos que agentes privados quieren resaltar en el etiquetado de la carne que se exporta a este destino, indica un comunicado de INAC. En tal sentido, la carne que cumpla con lo establecido en el pliego de condiciones aprobado por INAC y la Uni\u00f3n Europea, ahora podr\u00e1 ser etiquetada como &#8220;Carne Aberdeen Angus&#8221;, aportando as\u00ed un valor diferencial al producto. El pliego de condiciones indica que la carne adem\u00e1s de cumplir con los altos est\u00e1ndares de calidad de la Uni\u00f3n europea, debe provenir de novillos j\u00f3venes o vaquillonas con ascendencia Aberdeen Angus. Fuente: Carnetec,9 de diciembre.\" \/>\n<meta property=\"og:url\" content=\"https:\/\/proagrolab.com.ar\/uruguay-vendera-carne-aberdeen-angus-certificada-a-la-union-europea\/\" \/>\n<meta property=\"og:site_name\" content=\"Proagro\" \/>\n<meta property=\"article:publisher\" content=\"http:\/\/www.facebook.com\/proagrolab\" \/>\n<meta property=\"article:published_time\" content=\"2013-12-10T00:00:01+00:00\" \/>\n<meta property=\"og:image\" content=\"https:\/\/proagrolab.com.ar\/wp-content\/uploads\/2015\/01\/g_l9d3iqn0f__Angus-negro-y-colorado.jpg\" \/>\n\t<meta property=\"og:image:width\" content=\"450\" \/>\n\t<meta property=\"og:image:height\" content=\"208\" \/>\n\t<meta property=\"og:image:type\" content=\"image\/jpeg\" \/>\n<meta name=\"author\" content=\"proagrolab\" \/>\n<meta name=\"twitter:card\" content=\"summary_large_image\" \/>\n<meta name=\"twitter:label1\" content=\"Written by\" \/>\n\t<meta name=\"twitter:data1\" content=\"proagrolab\" \/>\n\t<meta name=\"twitter:label2\" content=\"Est. reading time\" \/>\n\t<meta name=\"twitter:data2\" content=\"1 minute\" \/>\n<script type=\"application\/ld+json\" class=\"yoast-schema-graph\">{\"@context\":\"https:\\\/\\\/schema.org\",\"@graph\":[{\"@type\":\"Article\",\"@id\":\"https:\\\/\\\/proagrolab.com.ar\\\/uruguay-vendera-carne-aberdeen-angus-certificada-a-la-union-europea\\\/#article\",\"isPartOf\":{\"@id\":\"https:\\\/\\\/proagrolab.com.ar\\\/uruguay-vendera-carne-aberdeen-angus-certificada-a-la-union-europea\\\/\"},\"author\":{\"name\":\"proagrolab\",\"@id\":\"https:\\\/\\\/proagrolab.com.ar\\\/#\\\/schema\\\/person\\\/38003ff90bf80381f71c7d922d207444\"},\"headline\":\"Uruguay vender\u00e1 carne Aberdeen Angus certificada a la Uni\u00f3n Europea.\",\"datePublished\":\"2013-12-10T00:00:01+00:00\",\"mainEntityOfPage\":{\"@id\":\"https:\\\/\\\/proagrolab.com.ar\\\/uruguay-vendera-carne-aberdeen-angus-certificada-a-la-union-europea\\\/\"},\"wordCount\":175,\"publisher\":{\"@id\":\"https:\\\/\\\/proagrolab.com.ar\\\/#organization\"},\"image\":{\"@id\":\"https:\\\/\\\/proagrolab.com.ar\\\/uruguay-vendera-carne-aberdeen-angus-certificada-a-la-union-europea\\\/#primaryimage\"},\"thumbnailUrl\":\"https:\\\/\\\/proagrolab.com.ar\\\/wp-content\\\/uploads\\\/2015\\\/01\\\/g_l9d3iqn0f__Angus-negro-y-colorado.jpg\",\"articleSection\":[\"News\"],\"inLanguage\":\"en-US\"},{\"@type\":\"WebPage\",\"@id\":\"https:\\\/\\\/proagrolab.com.ar\\\/uruguay-vendera-carne-aberdeen-angus-certificada-a-la-union-europea\\\/\",\"url\":\"https:\\\/\\\/proagrolab.com.ar\\\/uruguay-vendera-carne-aberdeen-angus-certificada-a-la-union-europea\\\/\",\"name\":\"Uruguay vender\u00e1 carne Aberdeen Angus certificada a la Uni\u00f3n Europea. | Proagro\",\"isPartOf\":{\"@id\":\"https:\\\/\\\/proagrolab.com.ar\\\/#website\"},\"primaryImageOfPage\":{\"@id\":\"https:\\\/\\\/proagrolab.com.ar\\\/uruguay-vendera-carne-aberdeen-angus-certificada-a-la-union-europea\\\/#primaryimage\"},\"image\":{\"@id\":\"https:\\\/\\\/proagrolab.com.ar\\\/uruguay-vendera-carne-aberdeen-angus-certificada-a-la-union-europea\\\/#primaryimage\"},\"thumbnailUrl\":\"https:\\\/\\\/proagrolab.com.ar\\\/wp-content\\\/uploads\\\/2015\\\/01\\\/g_l9d3iqn0f__Angus-negro-y-colorado.jpg\",\"datePublished\":\"2013-12-10T00:00:01+00:00\",\"breadcrumb\":{\"@id\":\"https:\\\/\\\/proagrolab.com.ar\\\/uruguay-vendera-carne-aberdeen-angus-certificada-a-la-union-europea\\\/#breadcrumb\"},\"inLanguage\":\"en-US\",\"potentialAction\":[{\"@type\":\"ReadAction\",\"target\":[\"https:\\\/\\\/proagrolab.com.ar\\\/uruguay-vendera-carne-aberdeen-angus-certificada-a-la-union-europea\\\/\"]}]},{\"@type\":\"ImageObject\",\"inLanguage\":\"en-US\",\"@id\":\"https:\\\/\\\/proagrolab.com.ar\\\/uruguay-vendera-carne-aberdeen-angus-certificada-a-la-union-europea\\\/#primaryimage\",\"url\":\"https:\\\/\\\/proagrolab.com.ar\\\/wp-content\\\/uploads\\\/2015\\\/01\\\/g_l9d3iqn0f__Angus-negro-y-colorado.jpg\",\"contentUrl\":\"https:\\\/\\\/proagrolab.com.ar\\\/wp-content\\\/uploads\\\/2015\\\/01\\\/g_l9d3iqn0f__Angus-negro-y-colorado.jpg\",\"width\":450,\"height\":208},{\"@type\":\"BreadcrumbList\",\"@id\":\"https:\\\/\\\/proagrolab.com.ar\\\/uruguay-vendera-carne-aberdeen-angus-certificada-a-la-union-europea\\\/#breadcrumb\",\"itemListElement\":[{\"@type\":\"ListItem\",\"position\":1,\"name\":\"Portada\",\"item\":\"https:\\\/\\\/proagrolab.com.ar\\\/\"},{\"@type\":\"ListItem\",\"position\":2,\"name\":\"Uruguay vender\u00e1 carne Aberdeen Angus certificada a la Uni\u00f3n Europea.\"}]},{\"@type\":\"WebSite\",\"@id\":\"https:\\\/\\\/proagrolab.com.ar\\\/#website\",\"url\":\"https:\\\/\\\/proagrolab.com.ar\\\/\",\"name\":\"Proagro Laboratorio Veterinario\",\"description\":\"Veterinary laboratory\",\"publisher\":{\"@id\":\"https:\\\/\\\/proagrolab.com.ar\\\/#organization\"},\"potentialAction\":[{\"@type\":\"SearchAction\",\"target\":{\"@type\":\"EntryPoint\",\"urlTemplate\":\"https:\\\/\\\/proagrolab.com.ar\\\/?s={search_term_string}\"},\"query-input\":{\"@type\":\"PropertyValueSpecification\",\"valueRequired\":true,\"valueName\":\"search_term_string\"}}],\"inLanguage\":\"en-US\"},{\"@type\":\"Organization\",\"@id\":\"https:\\\/\\\/proagrolab.com.ar\\\/#organization\",\"name\":\"Proagro\",\"url\":\"https:\\\/\\\/proagrolab.com.ar\\\/\",\"logo\":{\"@type\":\"ImageObject\",\"inLanguage\":\"en-US\",\"@id\":\"https:\\\/\\\/proagrolab.com.ar\\\/#\\\/schema\\\/logo\\\/image\\\/\",\"url\":\"https:\\\/\\\/proagrolab.com.ar\\\/wp-content\\\/uploads\\\/2020\\\/04\\\/logo-retina.png\",\"contentUrl\":\"https:\\\/\\\/proagrolab.com.ar\\\/wp-content\\\/uploads\\\/2020\\\/04\\\/logo-retina.png\",\"width\":478,\"height\":120,\"caption\":\"Proagro\"},\"image\":{\"@id\":\"https:\\\/\\\/proagrolab.com.ar\\\/#\\\/schema\\\/logo\\\/image\\\/\"},\"sameAs\":[\"http:\\\/\\\/www.facebook.com\\\/proagrolab\",\"https:\\\/\\\/www.instagram.com\\\/proagrolab\\\/\",\"https:\\\/\\\/www.linkedin.com\\\/company\\\/laboratorio-proagro-s-a\\\/\"]},{\"@type\":\"Person\",\"@id\":\"https:\\\/\\\/proagrolab.com.ar\\\/#\\\/schema\\\/person\\\/38003ff90bf80381f71c7d922d207444\",\"name\":\"proagrolab\"}]}<\/script>\n<!-- \/ Yoast SEO plugin. -->","yoast_head_json":{"title":"Uruguay vender\u00e1 carne Aberdeen Angus certificada a la Uni\u00f3n Europea. | Proagro","robots":{"index":"index","follow":"follow","max-snippet":"max-snippet:-1","max-image-preview":"max-image-preview:large","max-video-preview":"max-video-preview:-1"},"canonical":"https:\/\/proagrolab.com.ar\/en\/uruguay-vendera-carne-aberdeen-angus-certificada-a-la-union-europea\/","og_locale":"en_US","og_type":"article","og_title":"Uruguay vender\u00e1 carne Aberdeen Angus certificada a la Uni\u00f3n Europea. | Proagro","og_description":"Los criadorers uruguayos de la raza Aberdeen Angus podr\u00e1n ingresar a la Uni\u00f3n Europea con carnes identificadas con esa marca, seg\u00fan comunicaci\u00f3n recibida por el Instituto Nacional de Carnes (INAC). La UE inform\u00f3 haber aprobado dicho proceso de certificaci\u00f3n a solicitud de la mencionada sociedad. INAC cuenta con el reconocimiento de la UE como autoridad competente, para certificar atributos que agentes privados quieren resaltar en el etiquetado de la carne que se exporta a este destino, indica un comunicado de INAC. En tal sentido, la carne que cumpla con lo establecido en el pliego de condiciones aprobado por INAC y la Uni\u00f3n Europea, ahora podr\u00e1 ser etiquetada como &#8220;Carne Aberdeen Angus&#8221;, aportando as\u00ed un valor diferencial al producto. El pliego de condiciones indica que la carne adem\u00e1s de cumplir con los altos est\u00e1ndares de calidad de la Uni\u00f3n europea, debe provenir de novillos j\u00f3venes o vaquillonas con ascendencia Aberdeen Angus. Fuente: Carnetec,9 de diciembre.","og_url":"https:\/\/proagrolab.com.ar\/uruguay-vendera-carne-aberdeen-angus-certificada-a-la-union-europea\/","og_site_name":"Proagro","article_publisher":"http:\/\/www.facebook.com\/proagrolab","article_published_time":"2013-12-10T00:00:01+00:00","og_image":[{"width":450,"height":208,"url":"https:\/\/proagrolab.com.ar\/wp-content\/uploads\/2015\/01\/g_l9d3iqn0f__Angus-negro-y-colorado.jpg","type":"image\/jpeg"}],"author":"proagrolab","twitter_card":"summary_large_image","twitter_misc":{"Written by":"proagrolab","Est. reading time":"1 minute"},"schema":{"@context":"https:\/\/schema.org","@graph":[{"@type":"Article","@id":"https:\/\/proagrolab.com.ar\/uruguay-vendera-carne-aberdeen-angus-certificada-a-la-union-europea\/#article","isPartOf":{"@id":"https:\/\/proagrolab.com.ar\/uruguay-vendera-carne-aberdeen-angus-certificada-a-la-union-europea\/"},"author":{"name":"proagrolab","@id":"https:\/\/proagrolab.com.ar\/#\/schema\/person\/38003ff90bf80381f71c7d922d207444"},"headline":"Uruguay vender\u00e1 carne Aberdeen Angus certificada a la Uni\u00f3n Europea.","datePublished":"2013-12-10T00:00:01+00:00","mainEntityOfPage":{"@id":"https:\/\/proagrolab.com.ar\/uruguay-vendera-carne-aberdeen-angus-certificada-a-la-union-europea\/"},"wordCount":175,"publisher":{"@id":"https:\/\/proagrolab.com.ar\/#organization"},"image":{"@id":"https:\/\/proagrolab.com.ar\/uruguay-vendera-carne-aberdeen-angus-certificada-a-la-union-europea\/#primaryimage"},"thumbnailUrl":"https:\/\/proagrolab.com.ar\/wp-content\/uploads\/2015\/01\/g_l9d3iqn0f__Angus-negro-y-colorado.jpg","articleSection":["News"],"inLanguage":"en-US"},{"@type":"WebPage","@id":"https:\/\/proagrolab.com.ar\/uruguay-vendera-carne-aberdeen-angus-certificada-a-la-union-europea\/","url":"https:\/\/proagrolab.com.ar\/uruguay-vendera-carne-aberdeen-angus-certificada-a-la-union-europea\/","name":"Uruguay vender\u00e1 carne Aberdeen Angus certificada a la Uni\u00f3n Europea. | Proagro","isPartOf":{"@id":"https:\/\/proagrolab.com.ar\/#website"},"primaryImageOfPage":{"@id":"https:\/\/proagrolab.com.ar\/uruguay-vendera-carne-aberdeen-angus-certificada-a-la-union-europea\/#primaryimage"},"image":{"@id":"https:\/\/proagrolab.com.ar\/uruguay-vendera-carne-aberdeen-angus-certificada-a-la-union-europea\/#primaryimage"},"thumbnailUrl":"https:\/\/proagrolab.com.ar\/wp-content\/uploads\/2015\/01\/g_l9d3iqn0f__Angus-negro-y-colorado.jpg","datePublished":"2013-12-10T00:00:01+00:00","breadcrumb":{"@id":"https:\/\/proagrolab.com.ar\/uruguay-vendera-carne-aberdeen-angus-certificada-a-la-union-europea\/#breadcrumb"},"inLanguage":"en-US","potentialAction":[{"@type":"ReadAction","target":["https:\/\/proagrolab.com.ar\/uruguay-vendera-carne-aberdeen-angus-certificada-a-la-union-europea\/"]}]},{"@type":"ImageObject","inLanguage":"en-US","@id":"https:\/\/proagrolab.com.ar\/uruguay-vendera-carne-aberdeen-angus-certificada-a-la-union-europea\/#primaryimage","url":"https:\/\/proagrolab.com.ar\/wp-content\/uploads\/2015\/01\/g_l9d3iqn0f__Angus-negro-y-colorado.jpg","contentUrl":"https:\/\/proagrolab.com.ar\/wp-content\/uploads\/2015\/01\/g_l9d3iqn0f__Angus-negro-y-colorado.jpg","width":450,"height":208},{"@type":"BreadcrumbList","@id":"https:\/\/proagrolab.com.ar\/uruguay-vendera-carne-aberdeen-angus-certificada-a-la-union-europea\/#breadcrumb","itemListElement":[{"@type":"ListItem","position":1,"name":"Portada","item":"https:\/\/proagrolab.com.ar\/"},{"@type":"ListItem","position":2,"name":"Uruguay vender\u00e1 carne Aberdeen Angus certificada a la Uni\u00f3n Europea."}]},{"@type":"WebSite","@id":"https:\/\/proagrolab.com.ar\/#website","url":"https:\/\/proagrolab.com.ar\/","name":"Proagro Laboratorio Veterinario","description":"Veterinary laboratory","publisher":{"@id":"https:\/\/proagrolab.com.ar\/#organization"},"potentialAction":[{"@type":"SearchAction","target":{"@type":"EntryPoint","urlTemplate":"https:\/\/proagrolab.com.ar\/?s={search_term_string}"},"query-input":{"@type":"PropertyValueSpecification","valueRequired":true,"valueName":"search_term_string"}}],"inLanguage":"en-US"},{"@type":"Organization","@id":"https:\/\/proagrolab.com.ar\/#organization","name":"Proagro","url":"https:\/\/proagrolab.com.ar\/","logo":{"@type":"ImageObject","inLanguage":"en-US","@id":"https:\/\/proagrolab.com.ar\/#\/schema\/logo\/image\/","url":"https:\/\/proagrolab.com.ar\/wp-content\/uploads\/2020\/04\/logo-retina.png","contentUrl":"https:\/\/proagrolab.com.ar\/wp-content\/uploads\/2020\/04\/logo-retina.png","width":478,"height":120,"caption":"Proagro"},"image":{"@id":"https:\/\/proagrolab.com.ar\/#\/schema\/logo\/image\/"},"sameAs":["http:\/\/www.facebook.com\/proagrolab","https:\/\/www.instagram.com\/proagrolab\/","https:\/\/www.linkedin.com\/company\/laboratorio-proagro-s-a\/"]},{"@type":"Person","@id":"https:\/\/proagrolab.com.ar\/#\/schema\/person\/38003ff90bf80381f71c7d922d207444","name":"proagrolab"}]}},"_links":{"self":[{"href":"https:\/\/proagrolab.com.ar\/en\/wp-json\/wp\/v2\/posts\/5861","targetHints":{"allow":["GET"]}}],"collection":[{"href":"https:\/\/proagrolab.com.ar\/en\/wp-json\/wp\/v2\/posts"}],"about":[{"href":"https:\/\/proagrolab.com.ar\/en\/wp-json\/wp\/v2\/types\/post"}],"author":[{"embeddable":true,"href":"https:\/\/proagrolab.com.ar\/en\/wp-json\/wp\/v2\/users\/2"}],"replies":[{"embeddable":true,"href":"https:\/\/proagrolab.com.ar\/en\/wp-json\/wp\/v2\/comments?post=5861"}],"version-history":[{"count":0,"href":"https:\/\/proagrolab.com.ar\/en\/wp-json\/wp\/v2\/posts\/5861\/revisions"}],"wp:featuredmedia":[{"embeddable":true,"href":"https:\/\/proagrolab.com.ar\/en\/wp-json\/wp\/v2\/media\/2347"}],"wp:attachment":[{"href":"https:\/\/proagrolab.com.ar\/en\/wp-json\/wp\/v2\/media?parent=5861"}],"wp:term":[{"taxonomy":"category","embeddable":true,"href":"https:\/\/proagrolab.com.ar\/en\/wp-json\/wp\/v2\/categories?post=5861"},{"taxonomy":"post_tag","embeddable":true,"href":"https:\/\/proagrolab.com.ar\/en\/wp-json\/wp\/v2\/tags?post=5861"}],"curies":[{"name":"wp","href":"https:\/\/api.w.org\/{rel}","templated":true}]}}