{"id":5860,"date":"2013-12-10T00:00:01","date_gmt":"2013-12-10T00:00:01","guid":{"rendered":"https:\/\/proagrolab.com.ar\/paraguay-buscara-apertura-del-mercado-chileno-para-exportaciones-de-carne-aviar\/"},"modified":"2013-12-10T00:00:01","modified_gmt":"2013-12-10T00:00:01","slug":"paraguay-buscara-apertura-del-mercado-chileno-para-exportaciones-de-carne-aviar","status":"publish","type":"post","link":"https:\/\/proagrolab.com.ar\/en\/paraguay-buscara-apertura-del-mercado-chileno-para-exportaciones-de-carne-aviar\/","title":{"rendered":"Paraguay buscar\u00e1 apertura del mercado chileno para exportaciones de carne aviar."},"content":{"rendered":"<p class=\"qtranxs-available-languages-message qtranxs-available-languages-message-en\"> <\/p><p>Llegar\u00e1 a Chile una misi\u00f3n paraguaya para conocer el sector av\u00edcola de ese pa\u00eds, lo que incluye intercambiar experiencias y transferencia tecnol\u00f3gicas con los productores locales y abrir ese mercado para la carne aviar. As\u00ed anunci\u00f3 la Embajada de la Rep\u00fablica del Paraguay en Chile.<\/p>\n<p>Se inform\u00f3 que ir\u00e1 una delegaci\u00f3n integrada por representantes de los sectores p\u00fablico y privado, conformada por funcionarios y t\u00e9cnicos del Ministerio de Agricultura y Ganader\u00eda, un representante de la Direcci\u00f3n de Comercio Exterior del Ministerio de Relaciones Exteriores y representantes de las firmas Kzero, Don Juan y Pechug\u00f3n.<\/p>\n<p>La agenda contempla reuni\u00f3n con las autoridades del Servicio Agr\u00edcola y Ganadero de Chile, con sus pares de la Asociaci\u00f3n de Productores Av\u00edcolas, con la Administraci\u00f3n de la Aduana de Los Andes y con la Presidencia de la Asociaci\u00f3n de Supermercados de Chile.<\/p>\n<p>Incluye adem\u00e1s visitar un establecimiento de producci\u00f3n industrial de carne aviar, a fin de que la delegaci\u00f3n pueda observar de la cr\u00eda y faenamiento en el pa\u00eds andino, as\u00ed como el proceso de certificaci\u00f3n de calidad a la que son sometidos los productos.<\/p>\n<p>Es la primera vez que este sector realizar\u00e1 un viaje, acompa\u00f1ado por autoridades ministeriales en una muestra de la alianza p\u00fablico-privada, para potenciar la producci\u00f3n local y auscultar nuevos mercados.<\/p>\n<p>Fuente: Carnetec,9 de diciembre.<br \/><\/p>","protected":false},"excerpt":{"rendered":"<p>Llegar\u00e1 a Chile una misi\u00f3n paraguaya para conocer el sector av\u00edcola de ese pa\u00eds, lo que incluye intercambiar experiencias y transferencia tecnol\u00f3gicas con los productores locales y abrir ese mercado para la carne aviar. As\u00ed anunci\u00f3 la Embajada de la Rep\u00fablica del Paraguay en Chile. Se inform\u00f3 que ir\u00e1 una delegaci\u00f3n integrada por representantes de los sectores p\u00fablico y privado, conformada por funcionarios y t\u00e9cnicos del Ministerio de Agricultura y Ganader\u00eda, un representante de la Direcci\u00f3n de Comercio Exterior del Ministerio de Relaciones Exteriores y representantes de las firmas Kzero, Don Juan y Pechug\u00f3n. La agenda contempla reuni\u00f3n con las autoridades del Servicio Agr\u00edcola y Ganadero de Chile, con sus pares de la Asociaci\u00f3n de Productores Av\u00edcolas, con la Administraci\u00f3n de la Aduana de Los Andes y con la Presidencia de la Asociaci\u00f3n de Supermercados de Chile. Incluye adem\u00e1s visitar un establecimiento de producci\u00f3n industrial de carne aviar, a fin de que la delegaci\u00f3n pueda observar de la cr\u00eda y faenamiento en el pa\u00eds andino, as\u00ed como el proceso de certificaci\u00f3n de calidad a la que son sometidos los productos. Es la primera vez que este sector realizar\u00e1 un viaje, acompa\u00f1ado por autoridades ministeriales en una muestra de la alianza [&hellip;]<\/p>\n","protected":false},"author":2,"featured_media":2346,"comment_status":"closed","ping_status":"open","sticky":false,"template":"","format":"standard","meta":{"_acf_changed":false,"footnotes":""},"categories":[56],"tags":[],"class_list":["post-5860","post","type-post","status-publish","format-standard","has-post-thumbnail","hentry","category-infoganadero"],"acf":[],"yoast_head":"<!-- This site is optimized with the Yoast SEO plugin v27.4 - https:\/\/yoast.com\/product\/yoast-seo-wordpress\/ -->\n<title>Paraguay buscar\u00e1 apertura del mercado chileno para exportaciones de carne aviar. | Proagro<\/title>\n<meta name=\"robots\" content=\"index, follow, max-snippet:-1, max-image-preview:large, max-video-preview:-1\" \/>\n<link rel=\"canonical\" href=\"https:\/\/proagrolab.com.ar\/en\/paraguay-buscara-apertura-del-mercado-chileno-para-exportaciones-de-carne-aviar\/\" \/>\n<meta property=\"og:locale\" content=\"en_US\" \/>\n<meta property=\"og:type\" content=\"article\" \/>\n<meta property=\"og:title\" content=\"Paraguay buscar\u00e1 apertura del mercado chileno para exportaciones de carne aviar. | Proagro\" \/>\n<meta property=\"og:description\" content=\"Llegar\u00e1 a Chile una misi\u00f3n paraguaya para conocer el sector av\u00edcola de ese pa\u00eds, lo que incluye intercambiar experiencias y transferencia tecnol\u00f3gicas con los productores locales y abrir ese mercado para la carne aviar. As\u00ed anunci\u00f3 la Embajada de la Rep\u00fablica del Paraguay en Chile. Se inform\u00f3 que ir\u00e1 una delegaci\u00f3n integrada por representantes de los sectores p\u00fablico y privado, conformada por funcionarios y t\u00e9cnicos del Ministerio de Agricultura y Ganader\u00eda, un representante de la Direcci\u00f3n de Comercio Exterior del Ministerio de Relaciones Exteriores y representantes de las firmas Kzero, Don Juan y Pechug\u00f3n. La agenda contempla reuni\u00f3n con las autoridades del Servicio Agr\u00edcola y Ganadero de Chile, con sus pares de la Asociaci\u00f3n de Productores Av\u00edcolas, con la Administraci\u00f3n de la Aduana de Los Andes y con la Presidencia de la Asociaci\u00f3n de Supermercados de Chile. Incluye adem\u00e1s visitar un establecimiento de producci\u00f3n industrial de carne aviar, a fin de que la delegaci\u00f3n pueda observar de la cr\u00eda y faenamiento en el pa\u00eds andino, as\u00ed como el proceso de certificaci\u00f3n de calidad a la que son sometidos los productos. Es la primera vez que este sector realizar\u00e1 un viaje, acompa\u00f1ado por autoridades ministeriales en una muestra de la alianza [&hellip;]\" \/>\n<meta property=\"og:url\" content=\"https:\/\/proagrolab.com.ar\/paraguay-buscara-apertura-del-mercado-chileno-para-exportaciones-de-carne-aviar\/\" \/>\n<meta property=\"og:site_name\" content=\"Proagro\" \/>\n<meta property=\"article:publisher\" content=\"http:\/\/www.facebook.com\/proagrolab\" \/>\n<meta property=\"article:published_time\" content=\"2013-12-10T00:00:01+00:00\" \/>\n<meta property=\"og:image\" content=\"https:\/\/proagrolab.com.ar\/wp-content\/uploads\/2015\/01\/g_srxozzepg__Aviar-3.jpg\" \/>\n\t<meta property=\"og:image:width\" content=\"450\" \/>\n\t<meta property=\"og:image:height\" content=\"208\" \/>\n\t<meta property=\"og:image:type\" content=\"image\/jpeg\" \/>\n<meta name=\"author\" content=\"proagrolab\" \/>\n<meta name=\"twitter:card\" content=\"summary_large_image\" \/>\n<meta name=\"twitter:label1\" content=\"Written by\" \/>\n\t<meta name=\"twitter:data1\" content=\"proagrolab\" \/>\n\t<meta name=\"twitter:label2\" content=\"Est. reading time\" \/>\n\t<meta name=\"twitter:data2\" content=\"1 minute\" \/>\n<script type=\"application\/ld+json\" class=\"yoast-schema-graph\">{\"@context\":\"https:\\\/\\\/schema.org\",\"@graph\":[{\"@type\":\"Article\",\"@id\":\"https:\\\/\\\/proagrolab.com.ar\\\/paraguay-buscara-apertura-del-mercado-chileno-para-exportaciones-de-carne-aviar\\\/#article\",\"isPartOf\":{\"@id\":\"https:\\\/\\\/proagrolab.com.ar\\\/paraguay-buscara-apertura-del-mercado-chileno-para-exportaciones-de-carne-aviar\\\/\"},\"author\":{\"name\":\"proagrolab\",\"@id\":\"https:\\\/\\\/proagrolab.com.ar\\\/#\\\/schema\\\/person\\\/38003ff90bf80381f71c7d922d207444\"},\"headline\":\"Paraguay buscar\u00e1 apertura del mercado chileno para exportaciones de carne aviar.\",\"datePublished\":\"2013-12-10T00:00:01+00:00\",\"mainEntityOfPage\":{\"@id\":\"https:\\\/\\\/proagrolab.com.ar\\\/paraguay-buscara-apertura-del-mercado-chileno-para-exportaciones-de-carne-aviar\\\/\"},\"wordCount\":251,\"publisher\":{\"@id\":\"https:\\\/\\\/proagrolab.com.ar\\\/#organization\"},\"image\":{\"@id\":\"https:\\\/\\\/proagrolab.com.ar\\\/paraguay-buscara-apertura-del-mercado-chileno-para-exportaciones-de-carne-aviar\\\/#primaryimage\"},\"thumbnailUrl\":\"https:\\\/\\\/proagrolab.com.ar\\\/wp-content\\\/uploads\\\/2015\\\/01\\\/g_srxozzepg__Aviar-3.jpg\",\"articleSection\":[\"News\"],\"inLanguage\":\"en-US\"},{\"@type\":\"WebPage\",\"@id\":\"https:\\\/\\\/proagrolab.com.ar\\\/paraguay-buscara-apertura-del-mercado-chileno-para-exportaciones-de-carne-aviar\\\/\",\"url\":\"https:\\\/\\\/proagrolab.com.ar\\\/paraguay-buscara-apertura-del-mercado-chileno-para-exportaciones-de-carne-aviar\\\/\",\"name\":\"Paraguay buscar\u00e1 apertura del mercado chileno para exportaciones de carne aviar. | Proagro\",\"isPartOf\":{\"@id\":\"https:\\\/\\\/proagrolab.com.ar\\\/#website\"},\"primaryImageOfPage\":{\"@id\":\"https:\\\/\\\/proagrolab.com.ar\\\/paraguay-buscara-apertura-del-mercado-chileno-para-exportaciones-de-carne-aviar\\\/#primaryimage\"},\"image\":{\"@id\":\"https:\\\/\\\/proagrolab.com.ar\\\/paraguay-buscara-apertura-del-mercado-chileno-para-exportaciones-de-carne-aviar\\\/#primaryimage\"},\"thumbnailUrl\":\"https:\\\/\\\/proagrolab.com.ar\\\/wp-content\\\/uploads\\\/2015\\\/01\\\/g_srxozzepg__Aviar-3.jpg\",\"datePublished\":\"2013-12-10T00:00:01+00:00\",\"breadcrumb\":{\"@id\":\"https:\\\/\\\/proagrolab.com.ar\\\/paraguay-buscara-apertura-del-mercado-chileno-para-exportaciones-de-carne-aviar\\\/#breadcrumb\"},\"inLanguage\":\"en-US\",\"potentialAction\":[{\"@type\":\"ReadAction\",\"target\":[\"https:\\\/\\\/proagrolab.com.ar\\\/paraguay-buscara-apertura-del-mercado-chileno-para-exportaciones-de-carne-aviar\\\/\"]}]},{\"@type\":\"ImageObject\",\"inLanguage\":\"en-US\",\"@id\":\"https:\\\/\\\/proagrolab.com.ar\\\/paraguay-buscara-apertura-del-mercado-chileno-para-exportaciones-de-carne-aviar\\\/#primaryimage\",\"url\":\"https:\\\/\\\/proagrolab.com.ar\\\/wp-content\\\/uploads\\\/2015\\\/01\\\/g_srxozzepg__Aviar-3.jpg\",\"contentUrl\":\"https:\\\/\\\/proagrolab.com.ar\\\/wp-content\\\/uploads\\\/2015\\\/01\\\/g_srxozzepg__Aviar-3.jpg\",\"width\":450,\"height\":208},{\"@type\":\"BreadcrumbList\",\"@id\":\"https:\\\/\\\/proagrolab.com.ar\\\/paraguay-buscara-apertura-del-mercado-chileno-para-exportaciones-de-carne-aviar\\\/#breadcrumb\",\"itemListElement\":[{\"@type\":\"ListItem\",\"position\":1,\"name\":\"Portada\",\"item\":\"https:\\\/\\\/proagrolab.com.ar\\\/\"},{\"@type\":\"ListItem\",\"position\":2,\"name\":\"Paraguay buscar\u00e1 apertura del mercado chileno para exportaciones de carne aviar.\"}]},{\"@type\":\"WebSite\",\"@id\":\"https:\\\/\\\/proagrolab.com.ar\\\/#website\",\"url\":\"https:\\\/\\\/proagrolab.com.ar\\\/\",\"name\":\"Proagro Laboratorio Veterinario\",\"description\":\"Veterinary laboratory\",\"publisher\":{\"@id\":\"https:\\\/\\\/proagrolab.com.ar\\\/#organization\"},\"potentialAction\":[{\"@type\":\"SearchAction\",\"target\":{\"@type\":\"EntryPoint\",\"urlTemplate\":\"https:\\\/\\\/proagrolab.com.ar\\\/?s={search_term_string}\"},\"query-input\":{\"@type\":\"PropertyValueSpecification\",\"valueRequired\":true,\"valueName\":\"search_term_string\"}}],\"inLanguage\":\"en-US\"},{\"@type\":\"Organization\",\"@id\":\"https:\\\/\\\/proagrolab.com.ar\\\/#organization\",\"name\":\"Proagro\",\"url\":\"https:\\\/\\\/proagrolab.com.ar\\\/\",\"logo\":{\"@type\":\"ImageObject\",\"inLanguage\":\"en-US\",\"@id\":\"https:\\\/\\\/proagrolab.com.ar\\\/#\\\/schema\\\/logo\\\/image\\\/\",\"url\":\"https:\\\/\\\/proagrolab.com.ar\\\/wp-content\\\/uploads\\\/2020\\\/04\\\/logo-retina.png\",\"contentUrl\":\"https:\\\/\\\/proagrolab.com.ar\\\/wp-content\\\/uploads\\\/2020\\\/04\\\/logo-retina.png\",\"width\":478,\"height\":120,\"caption\":\"Proagro\"},\"image\":{\"@id\":\"https:\\\/\\\/proagrolab.com.ar\\\/#\\\/schema\\\/logo\\\/image\\\/\"},\"sameAs\":[\"http:\\\/\\\/www.facebook.com\\\/proagrolab\",\"https:\\\/\\\/www.instagram.com\\\/proagrolab\\\/\",\"https:\\\/\\\/www.linkedin.com\\\/company\\\/laboratorio-proagro-s-a\\\/\"]},{\"@type\":\"Person\",\"@id\":\"https:\\\/\\\/proagrolab.com.ar\\\/#\\\/schema\\\/person\\\/38003ff90bf80381f71c7d922d207444\",\"name\":\"proagrolab\"}]}<\/script>\n<!-- \/ Yoast SEO plugin. -->","yoast_head_json":{"title":"Paraguay buscar\u00e1 apertura del mercado chileno para exportaciones de carne aviar. | Proagro","robots":{"index":"index","follow":"follow","max-snippet":"max-snippet:-1","max-image-preview":"max-image-preview:large","max-video-preview":"max-video-preview:-1"},"canonical":"https:\/\/proagrolab.com.ar\/en\/paraguay-buscara-apertura-del-mercado-chileno-para-exportaciones-de-carne-aviar\/","og_locale":"en_US","og_type":"article","og_title":"Paraguay buscar\u00e1 apertura del mercado chileno para exportaciones de carne aviar. | Proagro","og_description":"Llegar\u00e1 a Chile una misi\u00f3n paraguaya para conocer el sector av\u00edcola de ese pa\u00eds, lo que incluye intercambiar experiencias y transferencia tecnol\u00f3gicas con los productores locales y abrir ese mercado para la carne aviar. As\u00ed anunci\u00f3 la Embajada de la Rep\u00fablica del Paraguay en Chile. Se inform\u00f3 que ir\u00e1 una delegaci\u00f3n integrada por representantes de los sectores p\u00fablico y privado, conformada por funcionarios y t\u00e9cnicos del Ministerio de Agricultura y Ganader\u00eda, un representante de la Direcci\u00f3n de Comercio Exterior del Ministerio de Relaciones Exteriores y representantes de las firmas Kzero, Don Juan y Pechug\u00f3n. La agenda contempla reuni\u00f3n con las autoridades del Servicio Agr\u00edcola y Ganadero de Chile, con sus pares de la Asociaci\u00f3n de Productores Av\u00edcolas, con la Administraci\u00f3n de la Aduana de Los Andes y con la Presidencia de la Asociaci\u00f3n de Supermercados de Chile. Incluye adem\u00e1s visitar un establecimiento de producci\u00f3n industrial de carne aviar, a fin de que la delegaci\u00f3n pueda observar de la cr\u00eda y faenamiento en el pa\u00eds andino, as\u00ed como el proceso de certificaci\u00f3n de calidad a la que son sometidos los productos. Es la primera vez que este sector realizar\u00e1 un viaje, acompa\u00f1ado por autoridades ministeriales en una muestra de la alianza [&hellip;]","og_url":"https:\/\/proagrolab.com.ar\/paraguay-buscara-apertura-del-mercado-chileno-para-exportaciones-de-carne-aviar\/","og_site_name":"Proagro","article_publisher":"http:\/\/www.facebook.com\/proagrolab","article_published_time":"2013-12-10T00:00:01+00:00","og_image":[{"width":450,"height":208,"url":"https:\/\/proagrolab.com.ar\/wp-content\/uploads\/2015\/01\/g_srxozzepg__Aviar-3.jpg","type":"image\/jpeg"}],"author":"proagrolab","twitter_card":"summary_large_image","twitter_misc":{"Written by":"proagrolab","Est. reading time":"1 minute"},"schema":{"@context":"https:\/\/schema.org","@graph":[{"@type":"Article","@id":"https:\/\/proagrolab.com.ar\/paraguay-buscara-apertura-del-mercado-chileno-para-exportaciones-de-carne-aviar\/#article","isPartOf":{"@id":"https:\/\/proagrolab.com.ar\/paraguay-buscara-apertura-del-mercado-chileno-para-exportaciones-de-carne-aviar\/"},"author":{"name":"proagrolab","@id":"https:\/\/proagrolab.com.ar\/#\/schema\/person\/38003ff90bf80381f71c7d922d207444"},"headline":"Paraguay buscar\u00e1 apertura del mercado chileno para exportaciones de carne aviar.","datePublished":"2013-12-10T00:00:01+00:00","mainEntityOfPage":{"@id":"https:\/\/proagrolab.com.ar\/paraguay-buscara-apertura-del-mercado-chileno-para-exportaciones-de-carne-aviar\/"},"wordCount":251,"publisher":{"@id":"https:\/\/proagrolab.com.ar\/#organization"},"image":{"@id":"https:\/\/proagrolab.com.ar\/paraguay-buscara-apertura-del-mercado-chileno-para-exportaciones-de-carne-aviar\/#primaryimage"},"thumbnailUrl":"https:\/\/proagrolab.com.ar\/wp-content\/uploads\/2015\/01\/g_srxozzepg__Aviar-3.jpg","articleSection":["News"],"inLanguage":"en-US"},{"@type":"WebPage","@id":"https:\/\/proagrolab.com.ar\/paraguay-buscara-apertura-del-mercado-chileno-para-exportaciones-de-carne-aviar\/","url":"https:\/\/proagrolab.com.ar\/paraguay-buscara-apertura-del-mercado-chileno-para-exportaciones-de-carne-aviar\/","name":"Paraguay buscar\u00e1 apertura del mercado chileno para exportaciones de carne aviar. | Proagro","isPartOf":{"@id":"https:\/\/proagrolab.com.ar\/#website"},"primaryImageOfPage":{"@id":"https:\/\/proagrolab.com.ar\/paraguay-buscara-apertura-del-mercado-chileno-para-exportaciones-de-carne-aviar\/#primaryimage"},"image":{"@id":"https:\/\/proagrolab.com.ar\/paraguay-buscara-apertura-del-mercado-chileno-para-exportaciones-de-carne-aviar\/#primaryimage"},"thumbnailUrl":"https:\/\/proagrolab.com.ar\/wp-content\/uploads\/2015\/01\/g_srxozzepg__Aviar-3.jpg","datePublished":"2013-12-10T00:00:01+00:00","breadcrumb":{"@id":"https:\/\/proagrolab.com.ar\/paraguay-buscara-apertura-del-mercado-chileno-para-exportaciones-de-carne-aviar\/#breadcrumb"},"inLanguage":"en-US","potentialAction":[{"@type":"ReadAction","target":["https:\/\/proagrolab.com.ar\/paraguay-buscara-apertura-del-mercado-chileno-para-exportaciones-de-carne-aviar\/"]}]},{"@type":"ImageObject","inLanguage":"en-US","@id":"https:\/\/proagrolab.com.ar\/paraguay-buscara-apertura-del-mercado-chileno-para-exportaciones-de-carne-aviar\/#primaryimage","url":"https:\/\/proagrolab.com.ar\/wp-content\/uploads\/2015\/01\/g_srxozzepg__Aviar-3.jpg","contentUrl":"https:\/\/proagrolab.com.ar\/wp-content\/uploads\/2015\/01\/g_srxozzepg__Aviar-3.jpg","width":450,"height":208},{"@type":"BreadcrumbList","@id":"https:\/\/proagrolab.com.ar\/paraguay-buscara-apertura-del-mercado-chileno-para-exportaciones-de-carne-aviar\/#breadcrumb","itemListElement":[{"@type":"ListItem","position":1,"name":"Portada","item":"https:\/\/proagrolab.com.ar\/"},{"@type":"ListItem","position":2,"name":"Paraguay buscar\u00e1 apertura del mercado chileno para exportaciones de carne aviar."}]},{"@type":"WebSite","@id":"https:\/\/proagrolab.com.ar\/#website","url":"https:\/\/proagrolab.com.ar\/","name":"Proagro Laboratorio Veterinario","description":"Veterinary laboratory","publisher":{"@id":"https:\/\/proagrolab.com.ar\/#organization"},"potentialAction":[{"@type":"SearchAction","target":{"@type":"EntryPoint","urlTemplate":"https:\/\/proagrolab.com.ar\/?s={search_term_string}"},"query-input":{"@type":"PropertyValueSpecification","valueRequired":true,"valueName":"search_term_string"}}],"inLanguage":"en-US"},{"@type":"Organization","@id":"https:\/\/proagrolab.com.ar\/#organization","name":"Proagro","url":"https:\/\/proagrolab.com.ar\/","logo":{"@type":"ImageObject","inLanguage":"en-US","@id":"https:\/\/proagrolab.com.ar\/#\/schema\/logo\/image\/","url":"https:\/\/proagrolab.com.ar\/wp-content\/uploads\/2020\/04\/logo-retina.png","contentUrl":"https:\/\/proagrolab.com.ar\/wp-content\/uploads\/2020\/04\/logo-retina.png","width":478,"height":120,"caption":"Proagro"},"image":{"@id":"https:\/\/proagrolab.com.ar\/#\/schema\/logo\/image\/"},"sameAs":["http:\/\/www.facebook.com\/proagrolab","https:\/\/www.instagram.com\/proagrolab\/","https:\/\/www.linkedin.com\/company\/laboratorio-proagro-s-a\/"]},{"@type":"Person","@id":"https:\/\/proagrolab.com.ar\/#\/schema\/person\/38003ff90bf80381f71c7d922d207444","name":"proagrolab"}]}},"_links":{"self":[{"href":"https:\/\/proagrolab.com.ar\/en\/wp-json\/wp\/v2\/posts\/5860","targetHints":{"allow":["GET"]}}],"collection":[{"href":"https:\/\/proagrolab.com.ar\/en\/wp-json\/wp\/v2\/posts"}],"about":[{"href":"https:\/\/proagrolab.com.ar\/en\/wp-json\/wp\/v2\/types\/post"}],"author":[{"embeddable":true,"href":"https:\/\/proagrolab.com.ar\/en\/wp-json\/wp\/v2\/users\/2"}],"replies":[{"embeddable":true,"href":"https:\/\/proagrolab.com.ar\/en\/wp-json\/wp\/v2\/comments?post=5860"}],"version-history":[{"count":0,"href":"https:\/\/proagrolab.com.ar\/en\/wp-json\/wp\/v2\/posts\/5860\/revisions"}],"wp:featuredmedia":[{"embeddable":true,"href":"https:\/\/proagrolab.com.ar\/en\/wp-json\/wp\/v2\/media\/2346"}],"wp:attachment":[{"href":"https:\/\/proagrolab.com.ar\/en\/wp-json\/wp\/v2\/media?parent=5860"}],"wp:term":[{"taxonomy":"category","embeddable":true,"href":"https:\/\/proagrolab.com.ar\/en\/wp-json\/wp\/v2\/categories?post=5860"},{"taxonomy":"post_tag","embeddable":true,"href":"https:\/\/proagrolab.com.ar\/en\/wp-json\/wp\/v2\/tags?post=5860"}],"curies":[{"name":"wp","href":"https:\/\/api.w.org\/{rel}","templated":true}]}}