{"id":5858,"date":"2013-12-09T00:00:01","date_gmt":"2013-12-09T00:00:01","guid":{"rendered":"https:\/\/proagrolab.com.ar\/agricultura-quiere-revertir-un-aumento-de-retenciones\/"},"modified":"2013-12-09T00:00:01","modified_gmt":"2013-12-09T00:00:01","slug":"agricultura-quiere-revertir-un-aumento-de-retenciones","status":"publish","type":"post","link":"https:\/\/proagrolab.com.ar\/en\/agricultura-quiere-revertir-un-aumento-de-retenciones\/","title":{"rendered":"Agricultura quiere revertir un aumento de retenciones."},"content":{"rendered":"<p class=\"qtranxs-available-languages-message qtranxs-available-languages-message-en\"> <\/p><p>Afecta a empresas de alimentos balanceados, que fueron convocadas por Casamiquela; lo hab\u00eda impuesto Kicillof.<\/p>\n<p>Por Fernando Bertello.<\/p>\n<p>Sigilosamente, el Ministerio de Agricultura se apresta a intervenir para revertir en parte la suba de las retenciones a los alimentos balanceados para nutrici\u00f3n animal que llevan soja en su mezcla de ingredientes, una medida del ministro de Econom\u00eda, Axel Kicillof, que despert\u00f3 pol\u00e9mica porque afecta a decenas de pymes.<\/p>\n<p>Por decreto, el Gobierno aument\u00f3 de 5 a 32% los derechos de exportaci\u00f3n, afectando tanto a productos que no requieren una alta complejidad como a otros de alto valor que se realizan en plantas de alimentos balanceados. &#8220;El problema es que en el decreto no se hizo ninguna diferenciaci\u00f3n en la suba de las retenciones&#8221;, cont\u00f3 un empresario del sector.<\/p>\n<p>La medida fue ideada por el entonces secretario de Comercio Interior, Guillermo Moreno, luego de escuchar la queja de exportadores porque mientras por separado la harina de soja tributa 32% de retenciones, y el ma\u00edz, 20%, quienes hacen una mezcla de harina de soja en un 95% y ma\u00edz en 5% pagan s\u00f3lo 5%. La situaci\u00f3n se prestaba a aprovechamiento por parte de algunas empresas.<\/p>\n<p>Pese a que esta historia comenz\u00f3 con Moreno, fue Kicillof quien aval\u00f3 con su firma el aumento de las retenciones. Y el ministro tom\u00f3 en cuenta un dato: por ese diferencial de al\u00edcuotas en favor de las mezclas, el Estado se perdi\u00f3 US$ 120 millones de recaudaci\u00f3n en los primeros seis meses de 2013. En rigor, en medio del diferencial de retenciones, las exportaciones de mezclas volaron: pasaron de 500.000 toneladas en 2011 a m\u00e1s de un mill\u00f3n en los primeros seis meses de 2013. En plata son unos US$ 800 millones.<\/p>\n<p>Lo que no tuvo en cuenta el Gobierno fue que en su af\u00e1n por equilibrar las al\u00edcuotas afect\u00f3 a decenas de plantas de balanceados que usan m\u00e1s ingredientes para hacer productos de valor agregado. En este sentido, la C\u00e1mara Argentina de Empresas de Nutrici\u00f3n Animal (Caena) le envi\u00f3 una carta al ministro a la espera de una correcci\u00f3n de la norma. &#8220;En primer lugar deseamos expresar y dejar asentado nuestro rechazo a las mezclas de cereales conformadas por harina de soja y grano partido, u otros ingredientes que puedan ser separados con una simple zaranda. Para nosotros, las mezclas son el resultante de un proceso industrial, ya sea pelleteadas o en harina uniforme, a trav\u00e9s del cual a partir de distintos ingredientes se obtiene un producto resultante que impide a posteriori ser desagregado por cada uno de sus ingredientes iniciales&#8221;, dice un tramo la carta.<\/p>\n<p>No se sabe si Kicillof ley\u00f3 la carta. Pero, a horas de que el decreto se publicara, desde el Ministerio de Agricultura, cuyo titular, Carlos Casamiquela, no habr\u00eda sido consultado, se activaron llamadas a Caena para buscarle una soluci\u00f3n al tema. Agricultura convoc\u00f3 para hoy a una reuni\u00f3n a Caena.<\/p>\n<p>Fuente: La Naci\u00f3n, 9 de diciembre.<br \/><\/p>","protected":false},"excerpt":{"rendered":"<p>Afecta a empresas de alimentos balanceados, que fueron convocadas por Casamiquela; lo hab\u00eda impuesto Kicillof. Por Fernando Bertello. Sigilosamente, el Ministerio de Agricultura se apresta a intervenir para revertir en parte la suba de las retenciones a los alimentos balanceados para nutrici\u00f3n animal que llevan soja en su mezcla de ingredientes, una medida del ministro de Econom\u00eda, Axel Kicillof, que despert\u00f3 pol\u00e9mica porque afecta a decenas de pymes. Por decreto, el Gobierno aument\u00f3 de 5 a 32% los derechos de exportaci\u00f3n, afectando tanto a productos que no requieren una alta complejidad como a otros de alto valor que se realizan en plantas de alimentos balanceados. &#8220;El problema es que en el decreto no se hizo ninguna diferenciaci\u00f3n en la suba de las retenciones&#8221;, cont\u00f3 un empresario del sector. La medida fue ideada por el entonces secretario de Comercio Interior, Guillermo Moreno, luego de escuchar la queja de exportadores porque mientras por separado la harina de soja tributa 32% de retenciones, y el ma\u00edz, 20%, quienes hacen una mezcla de harina de soja en un 95% y ma\u00edz en 5% pagan s\u00f3lo 5%. La situaci\u00f3n se prestaba a aprovechamiento por parte de algunas empresas. Pese a que esta historia comenz\u00f3 con [&hellip;]<\/p>\n","protected":false},"author":2,"featured_media":2344,"comment_status":"closed","ping_status":"open","sticky":false,"template":"","format":"standard","meta":{"_acf_changed":false,"footnotes":""},"categories":[56],"tags":[],"class_list":["post-5858","post","type-post","status-publish","format-standard","has-post-thumbnail","hentry","category-infoganadero"],"acf":[],"yoast_head":"<!-- This site is optimized with the Yoast SEO plugin v27.4 - https:\/\/yoast.com\/product\/yoast-seo-wordpress\/ -->\n<title>Agricultura quiere revertir un aumento de retenciones. | Proagro<\/title>\n<meta name=\"robots\" content=\"index, follow, max-snippet:-1, max-image-preview:large, max-video-preview:-1\" \/>\n<link rel=\"canonical\" href=\"https:\/\/proagrolab.com.ar\/en\/agricultura-quiere-revertir-un-aumento-de-retenciones\/\" \/>\n<meta property=\"og:locale\" content=\"en_US\" \/>\n<meta property=\"og:type\" content=\"article\" \/>\n<meta property=\"og:title\" content=\"Agricultura quiere revertir un aumento de retenciones. | Proagro\" \/>\n<meta property=\"og:description\" content=\"Afecta a empresas de alimentos balanceados, que fueron convocadas por Casamiquela; lo hab\u00eda impuesto Kicillof. Por Fernando Bertello. Sigilosamente, el Ministerio de Agricultura se apresta a intervenir para revertir en parte la suba de las retenciones a los alimentos balanceados para nutrici\u00f3n animal que llevan soja en su mezcla de ingredientes, una medida del ministro de Econom\u00eda, Axel Kicillof, que despert\u00f3 pol\u00e9mica porque afecta a decenas de pymes. Por decreto, el Gobierno aument\u00f3 de 5 a 32% los derechos de exportaci\u00f3n, afectando tanto a productos que no requieren una alta complejidad como a otros de alto valor que se realizan en plantas de alimentos balanceados. &#8220;El problema es que en el decreto no se hizo ninguna diferenciaci\u00f3n en la suba de las retenciones&#8221;, cont\u00f3 un empresario del sector. La medida fue ideada por el entonces secretario de Comercio Interior, Guillermo Moreno, luego de escuchar la queja de exportadores porque mientras por separado la harina de soja tributa 32% de retenciones, y el ma\u00edz, 20%, quienes hacen una mezcla de harina de soja en un 95% y ma\u00edz en 5% pagan s\u00f3lo 5%. La situaci\u00f3n se prestaba a aprovechamiento por parte de algunas empresas. Pese a que esta historia comenz\u00f3 con [&hellip;]\" \/>\n<meta property=\"og:url\" content=\"https:\/\/proagrolab.com.ar\/agricultura-quiere-revertir-un-aumento-de-retenciones\/\" \/>\n<meta property=\"og:site_name\" content=\"Proagro\" \/>\n<meta property=\"article:publisher\" content=\"http:\/\/www.facebook.com\/proagrolab\" \/>\n<meta property=\"article:published_time\" content=\"2013-12-09T00:00:01+00:00\" \/>\n<meta property=\"og:image\" content=\"https:\/\/proagrolab.com.ar\/wp-content\/uploads\/2015\/01\/g_rbd3tvqqv__Feed-lot-5.jpg\" \/>\n\t<meta property=\"og:image:width\" content=\"450\" \/>\n\t<meta property=\"og:image:height\" content=\"208\" \/>\n\t<meta property=\"og:image:type\" content=\"image\/jpeg\" \/>\n<meta name=\"author\" content=\"proagrolab\" \/>\n<meta name=\"twitter:card\" content=\"summary_large_image\" \/>\n<meta name=\"twitter:label1\" content=\"Written by\" \/>\n\t<meta name=\"twitter:data1\" content=\"proagrolab\" \/>\n\t<meta name=\"twitter:label2\" content=\"Est. reading time\" \/>\n\t<meta name=\"twitter:data2\" content=\"2 minutes\" \/>\n<script type=\"application\/ld+json\" class=\"yoast-schema-graph\">{\"@context\":\"https:\\\/\\\/schema.org\",\"@graph\":[{\"@type\":\"Article\",\"@id\":\"https:\\\/\\\/proagrolab.com.ar\\\/agricultura-quiere-revertir-un-aumento-de-retenciones\\\/#article\",\"isPartOf\":{\"@id\":\"https:\\\/\\\/proagrolab.com.ar\\\/agricultura-quiere-revertir-un-aumento-de-retenciones\\\/\"},\"author\":{\"name\":\"proagrolab\",\"@id\":\"https:\\\/\\\/proagrolab.com.ar\\\/#\\\/schema\\\/person\\\/38003ff90bf80381f71c7d922d207444\"},\"headline\":\"Agricultura quiere revertir un aumento de retenciones.\",\"datePublished\":\"2013-12-09T00:00:01+00:00\",\"mainEntityOfPage\":{\"@id\":\"https:\\\/\\\/proagrolab.com.ar\\\/agricultura-quiere-revertir-un-aumento-de-retenciones\\\/\"},\"wordCount\":504,\"publisher\":{\"@id\":\"https:\\\/\\\/proagrolab.com.ar\\\/#organization\"},\"image\":{\"@id\":\"https:\\\/\\\/proagrolab.com.ar\\\/agricultura-quiere-revertir-un-aumento-de-retenciones\\\/#primaryimage\"},\"thumbnailUrl\":\"https:\\\/\\\/proagrolab.com.ar\\\/wp-content\\\/uploads\\\/2015\\\/01\\\/g_rbd3tvqqv__Feed-lot-5.jpg\",\"articleSection\":[\"News\"],\"inLanguage\":\"en-US\"},{\"@type\":\"WebPage\",\"@id\":\"https:\\\/\\\/proagrolab.com.ar\\\/agricultura-quiere-revertir-un-aumento-de-retenciones\\\/\",\"url\":\"https:\\\/\\\/proagrolab.com.ar\\\/agricultura-quiere-revertir-un-aumento-de-retenciones\\\/\",\"name\":\"Agricultura quiere revertir un aumento de retenciones. | Proagro\",\"isPartOf\":{\"@id\":\"https:\\\/\\\/proagrolab.com.ar\\\/#website\"},\"primaryImageOfPage\":{\"@id\":\"https:\\\/\\\/proagrolab.com.ar\\\/agricultura-quiere-revertir-un-aumento-de-retenciones\\\/#primaryimage\"},\"image\":{\"@id\":\"https:\\\/\\\/proagrolab.com.ar\\\/agricultura-quiere-revertir-un-aumento-de-retenciones\\\/#primaryimage\"},\"thumbnailUrl\":\"https:\\\/\\\/proagrolab.com.ar\\\/wp-content\\\/uploads\\\/2015\\\/01\\\/g_rbd3tvqqv__Feed-lot-5.jpg\",\"datePublished\":\"2013-12-09T00:00:01+00:00\",\"breadcrumb\":{\"@id\":\"https:\\\/\\\/proagrolab.com.ar\\\/agricultura-quiere-revertir-un-aumento-de-retenciones\\\/#breadcrumb\"},\"inLanguage\":\"en-US\",\"potentialAction\":[{\"@type\":\"ReadAction\",\"target\":[\"https:\\\/\\\/proagrolab.com.ar\\\/agricultura-quiere-revertir-un-aumento-de-retenciones\\\/\"]}]},{\"@type\":\"ImageObject\",\"inLanguage\":\"en-US\",\"@id\":\"https:\\\/\\\/proagrolab.com.ar\\\/agricultura-quiere-revertir-un-aumento-de-retenciones\\\/#primaryimage\",\"url\":\"https:\\\/\\\/proagrolab.com.ar\\\/wp-content\\\/uploads\\\/2015\\\/01\\\/g_rbd3tvqqv__Feed-lot-5.jpg\",\"contentUrl\":\"https:\\\/\\\/proagrolab.com.ar\\\/wp-content\\\/uploads\\\/2015\\\/01\\\/g_rbd3tvqqv__Feed-lot-5.jpg\",\"width\":450,\"height\":208},{\"@type\":\"BreadcrumbList\",\"@id\":\"https:\\\/\\\/proagrolab.com.ar\\\/agricultura-quiere-revertir-un-aumento-de-retenciones\\\/#breadcrumb\",\"itemListElement\":[{\"@type\":\"ListItem\",\"position\":1,\"name\":\"Portada\",\"item\":\"https:\\\/\\\/proagrolab.com.ar\\\/\"},{\"@type\":\"ListItem\",\"position\":2,\"name\":\"Agricultura quiere revertir un aumento de retenciones.\"}]},{\"@type\":\"WebSite\",\"@id\":\"https:\\\/\\\/proagrolab.com.ar\\\/#website\",\"url\":\"https:\\\/\\\/proagrolab.com.ar\\\/\",\"name\":\"Proagro Laboratorio Veterinario\",\"description\":\"Veterinary laboratory\",\"publisher\":{\"@id\":\"https:\\\/\\\/proagrolab.com.ar\\\/#organization\"},\"potentialAction\":[{\"@type\":\"SearchAction\",\"target\":{\"@type\":\"EntryPoint\",\"urlTemplate\":\"https:\\\/\\\/proagrolab.com.ar\\\/?s={search_term_string}\"},\"query-input\":{\"@type\":\"PropertyValueSpecification\",\"valueRequired\":true,\"valueName\":\"search_term_string\"}}],\"inLanguage\":\"en-US\"},{\"@type\":\"Organization\",\"@id\":\"https:\\\/\\\/proagrolab.com.ar\\\/#organization\",\"name\":\"Proagro\",\"url\":\"https:\\\/\\\/proagrolab.com.ar\\\/\",\"logo\":{\"@type\":\"ImageObject\",\"inLanguage\":\"en-US\",\"@id\":\"https:\\\/\\\/proagrolab.com.ar\\\/#\\\/schema\\\/logo\\\/image\\\/\",\"url\":\"https:\\\/\\\/proagrolab.com.ar\\\/wp-content\\\/uploads\\\/2020\\\/04\\\/logo-retina.png\",\"contentUrl\":\"https:\\\/\\\/proagrolab.com.ar\\\/wp-content\\\/uploads\\\/2020\\\/04\\\/logo-retina.png\",\"width\":478,\"height\":120,\"caption\":\"Proagro\"},\"image\":{\"@id\":\"https:\\\/\\\/proagrolab.com.ar\\\/#\\\/schema\\\/logo\\\/image\\\/\"},\"sameAs\":[\"http:\\\/\\\/www.facebook.com\\\/proagrolab\",\"https:\\\/\\\/www.instagram.com\\\/proagrolab\\\/\",\"https:\\\/\\\/www.linkedin.com\\\/company\\\/laboratorio-proagro-s-a\\\/\"]},{\"@type\":\"Person\",\"@id\":\"https:\\\/\\\/proagrolab.com.ar\\\/#\\\/schema\\\/person\\\/38003ff90bf80381f71c7d922d207444\",\"name\":\"proagrolab\"}]}<\/script>\n<!-- \/ Yoast SEO plugin. -->","yoast_head_json":{"title":"Agricultura quiere revertir un aumento de retenciones. | Proagro","robots":{"index":"index","follow":"follow","max-snippet":"max-snippet:-1","max-image-preview":"max-image-preview:large","max-video-preview":"max-video-preview:-1"},"canonical":"https:\/\/proagrolab.com.ar\/en\/agricultura-quiere-revertir-un-aumento-de-retenciones\/","og_locale":"en_US","og_type":"article","og_title":"Agricultura quiere revertir un aumento de retenciones. | Proagro","og_description":"Afecta a empresas de alimentos balanceados, que fueron convocadas por Casamiquela; lo hab\u00eda impuesto Kicillof. Por Fernando Bertello. Sigilosamente, el Ministerio de Agricultura se apresta a intervenir para revertir en parte la suba de las retenciones a los alimentos balanceados para nutrici\u00f3n animal que llevan soja en su mezcla de ingredientes, una medida del ministro de Econom\u00eda, Axel Kicillof, que despert\u00f3 pol\u00e9mica porque afecta a decenas de pymes. Por decreto, el Gobierno aument\u00f3 de 5 a 32% los derechos de exportaci\u00f3n, afectando tanto a productos que no requieren una alta complejidad como a otros de alto valor que se realizan en plantas de alimentos balanceados. &#8220;El problema es que en el decreto no se hizo ninguna diferenciaci\u00f3n en la suba de las retenciones&#8221;, cont\u00f3 un empresario del sector. La medida fue ideada por el entonces secretario de Comercio Interior, Guillermo Moreno, luego de escuchar la queja de exportadores porque mientras por separado la harina de soja tributa 32% de retenciones, y el ma\u00edz, 20%, quienes hacen una mezcla de harina de soja en un 95% y ma\u00edz en 5% pagan s\u00f3lo 5%. La situaci\u00f3n se prestaba a aprovechamiento por parte de algunas empresas. Pese a que esta historia comenz\u00f3 con [&hellip;]","og_url":"https:\/\/proagrolab.com.ar\/agricultura-quiere-revertir-un-aumento-de-retenciones\/","og_site_name":"Proagro","article_publisher":"http:\/\/www.facebook.com\/proagrolab","article_published_time":"2013-12-09T00:00:01+00:00","og_image":[{"width":450,"height":208,"url":"https:\/\/proagrolab.com.ar\/wp-content\/uploads\/2015\/01\/g_rbd3tvqqv__Feed-lot-5.jpg","type":"image\/jpeg"}],"author":"proagrolab","twitter_card":"summary_large_image","twitter_misc":{"Written by":"proagrolab","Est. reading time":"2 minutes"},"schema":{"@context":"https:\/\/schema.org","@graph":[{"@type":"Article","@id":"https:\/\/proagrolab.com.ar\/agricultura-quiere-revertir-un-aumento-de-retenciones\/#article","isPartOf":{"@id":"https:\/\/proagrolab.com.ar\/agricultura-quiere-revertir-un-aumento-de-retenciones\/"},"author":{"name":"proagrolab","@id":"https:\/\/proagrolab.com.ar\/#\/schema\/person\/38003ff90bf80381f71c7d922d207444"},"headline":"Agricultura quiere revertir un aumento de retenciones.","datePublished":"2013-12-09T00:00:01+00:00","mainEntityOfPage":{"@id":"https:\/\/proagrolab.com.ar\/agricultura-quiere-revertir-un-aumento-de-retenciones\/"},"wordCount":504,"publisher":{"@id":"https:\/\/proagrolab.com.ar\/#organization"},"image":{"@id":"https:\/\/proagrolab.com.ar\/agricultura-quiere-revertir-un-aumento-de-retenciones\/#primaryimage"},"thumbnailUrl":"https:\/\/proagrolab.com.ar\/wp-content\/uploads\/2015\/01\/g_rbd3tvqqv__Feed-lot-5.jpg","articleSection":["News"],"inLanguage":"en-US"},{"@type":"WebPage","@id":"https:\/\/proagrolab.com.ar\/agricultura-quiere-revertir-un-aumento-de-retenciones\/","url":"https:\/\/proagrolab.com.ar\/agricultura-quiere-revertir-un-aumento-de-retenciones\/","name":"Agricultura quiere revertir un aumento de retenciones. | Proagro","isPartOf":{"@id":"https:\/\/proagrolab.com.ar\/#website"},"primaryImageOfPage":{"@id":"https:\/\/proagrolab.com.ar\/agricultura-quiere-revertir-un-aumento-de-retenciones\/#primaryimage"},"image":{"@id":"https:\/\/proagrolab.com.ar\/agricultura-quiere-revertir-un-aumento-de-retenciones\/#primaryimage"},"thumbnailUrl":"https:\/\/proagrolab.com.ar\/wp-content\/uploads\/2015\/01\/g_rbd3tvqqv__Feed-lot-5.jpg","datePublished":"2013-12-09T00:00:01+00:00","breadcrumb":{"@id":"https:\/\/proagrolab.com.ar\/agricultura-quiere-revertir-un-aumento-de-retenciones\/#breadcrumb"},"inLanguage":"en-US","potentialAction":[{"@type":"ReadAction","target":["https:\/\/proagrolab.com.ar\/agricultura-quiere-revertir-un-aumento-de-retenciones\/"]}]},{"@type":"ImageObject","inLanguage":"en-US","@id":"https:\/\/proagrolab.com.ar\/agricultura-quiere-revertir-un-aumento-de-retenciones\/#primaryimage","url":"https:\/\/proagrolab.com.ar\/wp-content\/uploads\/2015\/01\/g_rbd3tvqqv__Feed-lot-5.jpg","contentUrl":"https:\/\/proagrolab.com.ar\/wp-content\/uploads\/2015\/01\/g_rbd3tvqqv__Feed-lot-5.jpg","width":450,"height":208},{"@type":"BreadcrumbList","@id":"https:\/\/proagrolab.com.ar\/agricultura-quiere-revertir-un-aumento-de-retenciones\/#breadcrumb","itemListElement":[{"@type":"ListItem","position":1,"name":"Portada","item":"https:\/\/proagrolab.com.ar\/"},{"@type":"ListItem","position":2,"name":"Agricultura quiere revertir un aumento de retenciones."}]},{"@type":"WebSite","@id":"https:\/\/proagrolab.com.ar\/#website","url":"https:\/\/proagrolab.com.ar\/","name":"Proagro Laboratorio Veterinario","description":"Veterinary laboratory","publisher":{"@id":"https:\/\/proagrolab.com.ar\/#organization"},"potentialAction":[{"@type":"SearchAction","target":{"@type":"EntryPoint","urlTemplate":"https:\/\/proagrolab.com.ar\/?s={search_term_string}"},"query-input":{"@type":"PropertyValueSpecification","valueRequired":true,"valueName":"search_term_string"}}],"inLanguage":"en-US"},{"@type":"Organization","@id":"https:\/\/proagrolab.com.ar\/#organization","name":"Proagro","url":"https:\/\/proagrolab.com.ar\/","logo":{"@type":"ImageObject","inLanguage":"en-US","@id":"https:\/\/proagrolab.com.ar\/#\/schema\/logo\/image\/","url":"https:\/\/proagrolab.com.ar\/wp-content\/uploads\/2020\/04\/logo-retina.png","contentUrl":"https:\/\/proagrolab.com.ar\/wp-content\/uploads\/2020\/04\/logo-retina.png","width":478,"height":120,"caption":"Proagro"},"image":{"@id":"https:\/\/proagrolab.com.ar\/#\/schema\/logo\/image\/"},"sameAs":["http:\/\/www.facebook.com\/proagrolab","https:\/\/www.instagram.com\/proagrolab\/","https:\/\/www.linkedin.com\/company\/laboratorio-proagro-s-a\/"]},{"@type":"Person","@id":"https:\/\/proagrolab.com.ar\/#\/schema\/person\/38003ff90bf80381f71c7d922d207444","name":"proagrolab"}]}},"_links":{"self":[{"href":"https:\/\/proagrolab.com.ar\/en\/wp-json\/wp\/v2\/posts\/5858","targetHints":{"allow":["GET"]}}],"collection":[{"href":"https:\/\/proagrolab.com.ar\/en\/wp-json\/wp\/v2\/posts"}],"about":[{"href":"https:\/\/proagrolab.com.ar\/en\/wp-json\/wp\/v2\/types\/post"}],"author":[{"embeddable":true,"href":"https:\/\/proagrolab.com.ar\/en\/wp-json\/wp\/v2\/users\/2"}],"replies":[{"embeddable":true,"href":"https:\/\/proagrolab.com.ar\/en\/wp-json\/wp\/v2\/comments?post=5858"}],"version-history":[{"count":0,"href":"https:\/\/proagrolab.com.ar\/en\/wp-json\/wp\/v2\/posts\/5858\/revisions"}],"wp:featuredmedia":[{"embeddable":true,"href":"https:\/\/proagrolab.com.ar\/en\/wp-json\/wp\/v2\/media\/2344"}],"wp:attachment":[{"href":"https:\/\/proagrolab.com.ar\/en\/wp-json\/wp\/v2\/media?parent=5858"}],"wp:term":[{"taxonomy":"category","embeddable":true,"href":"https:\/\/proagrolab.com.ar\/en\/wp-json\/wp\/v2\/categories?post=5858"},{"taxonomy":"post_tag","embeddable":true,"href":"https:\/\/proagrolab.com.ar\/en\/wp-json\/wp\/v2\/tags?post=5858"}],"curies":[{"name":"wp","href":"https:\/\/api.w.org\/{rel}","templated":true}]}}