{"id":5857,"date":"2013-12-06T00:00:01","date_gmt":"2013-12-06T00:00:01","guid":{"rendered":"https:\/\/proagrolab.com.ar\/la-recria-el-eslabon-perdido\/"},"modified":"2013-12-06T00:00:01","modified_gmt":"2013-12-06T00:00:01","slug":"la-recria-el-eslabon-perdido","status":"publish","type":"post","link":"https:\/\/proagrolab.com.ar\/en\/la-recria-el-eslabon-perdido\/","title":{"rendered":"La recr\u00eda, el eslab\u00f3n perdido."},"content":{"rendered":"<p class=\"qtranxs-available-languages-message qtranxs-available-languages-message-en\"> <\/p><p>Por Ignacio Iriarte.<\/p>\n<p>Nos estamos robando los clientes (ganaderos proveedores) entre nosotros, y muchos frigor\u00edficos ya est\u00e1n comprando a 400 \u00f3 500 kil\u00f3metros de sus plantas. Puede ser que esta sea una retenci\u00f3n estacional, a favor del excepcional estado de los campos y de los continuos trascendidos y rumores acerca de una inminente mejora en el tipo de cambio para la carne. Pero a nuestros compradores de hacienda les da la impresi\u00f3n que se lo transmiten al directorio, que hay muchos menos novillos que lo calculado\u0094.<\/p>\n<p>Seg\u00fan las estad\u00edsticas del Servicio Nacional de Sanidad y Calidad Agroalimentaria (Senasa), el stock ganadero en los \u00faltimos siete a\u00f1os cay\u00f3 12 por ciento, pero el n\u00famero de novillos \u0096hasta el 2012\u0096 cay\u00f3 43 por ciento.<\/p>\n<p>Seg\u00fan la visi\u00f3n de este exportador, la gente se cans\u00f3: hace agricultura o engorda a corral novillitos o terneros.<\/p>\n<p>\u0093Va a costar mucho que el invernador o ganadero de ciclo completo vuelva a hacer novillo pesado: el da\u00f1o causado es enorme y a veces nos parece que es irreversible. La demanda internacional est\u00e1, pero ahora que las ventas al exterior apenas est\u00e1n saliendo del subsuelo, nos encontramos con una oferta de novillos muy reducida, que limita seriamente los planes de faena y de ventas al exterior\u0094.<\/p>\n<p>Para los exportadores, las vaquillonas, los terneros y terneras, y novillitos con medias reses de menos de 120 kilos, pr\u00e1cticamente no cuentan. Sucede que el mercado internacional, pese a la fama de las carnes argentinas, no acepta cortes tan chicos.<\/p>\n<p>A nivel internacional, la demanda exige un m\u00ednimo de tama\u00f1o de corte. El problema es que en la ganader\u00eda argentina no existe casi la figura del recriador: el ganado en gran parte pasa directamente de la madre a los corrales de engorde y se termina para consumo con pesos de faena irrisorios.<\/p>\n<p>\u0093E ste a\u00f1o adem\u00e1s, tendremos una zafra de novillos provenientes de las Islas del Paran\u00e1 muy inferior a lo habitual, porque gran parte de la hacienda que all\u00ed estaba se vendi\u00f3 hace meses con la creciente, o fue al feedlot, y hoy ya ha sido faenada\u0094, coment\u00f3 el industrial.<\/p>\n<p>En el norte del pa\u00eds todav\u00eda se hace una buena cantidad de novillos pesados, pero en la zona pampeana es cada vez m\u00e1s dif\u00edcil encontrar un novillo con el peso m\u00ednimo para exportaci\u00f3n, especialmente si es mestizo.<\/p>\n<p>El Gobierno actual, o el que venga, si quiere mayores vol\u00famenes exportables deber\u00e1 estimular por todos los medios la recr\u00eda: no s\u00f3lo con buenos precios para el ganado \u0096la mejor se\u00f1al y la m\u00e1s universal\u0096 sino tambi\u00e9n con un plan integral que incluya cr\u00e9ditos blandos, deducciones impositivas y hasta cierto nivel de subsidios, como hicieron en su momento con el feedlot.<\/p>\n<p>\u0093En nuestra empresa somos esc\u00e9pticos, porque vemos que los sistemas productivos son r\u00edgidos, y que el avance de la agricultura es irreversible. Sobra capacidad de terminaci\u00f3n a corral, y podr\u00eda mejorarse mucho los \u00edndices de procreo, pero si no existe una decisi\u00f3n pol\u00edtica muy firme, luce dif\u00edcil que se haga un volumen importante de recr\u00eda\u0094, concluy\u00f3 el exportador. <\/p>\n<p>Fuente: La Voz del Interior, 6 de diciembre.<br \/><\/p>","protected":false},"excerpt":{"rendered":"<p>Por Ignacio Iriarte. Nos estamos robando los clientes (ganaderos proveedores) entre nosotros, y muchos frigor\u00edficos ya est\u00e1n comprando a 400 \u00f3 500 kil\u00f3metros de sus plantas. Puede ser que esta sea una retenci\u00f3n estacional, a favor del excepcional estado de los campos y de los continuos trascendidos y rumores acerca de una inminente mejora en el tipo de cambio para la carne. Pero a nuestros compradores de hacienda les da la impresi\u00f3n que se lo transmiten al directorio, que hay muchos menos novillos que lo calculado\u0094. Seg\u00fan las estad\u00edsticas del Servicio Nacional de Sanidad y Calidad Agroalimentaria (Senasa), el stock ganadero en los \u00faltimos siete a\u00f1os cay\u00f3 12 por ciento, pero el n\u00famero de novillos \u0096hasta el 2012\u0096 cay\u00f3 43 por ciento. Seg\u00fan la visi\u00f3n de este exportador, la gente se cans\u00f3: hace agricultura o engorda a corral novillitos o terneros. \u0093Va a costar mucho que el invernador o ganadero de ciclo completo vuelva a hacer novillo pesado: el da\u00f1o causado es enorme y a veces nos parece que es irreversible. La demanda internacional est\u00e1, pero ahora que las ventas al exterior apenas est\u00e1n saliendo del subsuelo, nos encontramos con una oferta de novillos muy reducida, que limita seriamente los [&hellip;]<\/p>\n","protected":false},"author":2,"featured_media":2343,"comment_status":"closed","ping_status":"open","sticky":false,"template":"","format":"standard","meta":{"_acf_changed":false,"footnotes":""},"categories":[56],"tags":[],"class_list":["post-5857","post","type-post","status-publish","format-standard","has-post-thumbnail","hentry","category-infoganadero"],"acf":[],"yoast_head":"<!-- This site is optimized with the Yoast SEO plugin v27.4 - https:\/\/yoast.com\/product\/yoast-seo-wordpress\/ -->\n<title>La recr\u00eda, el eslab\u00f3n perdido. | Proagro<\/title>\n<meta name=\"robots\" content=\"index, follow, max-snippet:-1, max-image-preview:large, max-video-preview:-1\" \/>\n<link rel=\"canonical\" href=\"https:\/\/proagrolab.com.ar\/en\/la-recria-el-eslabon-perdido\/\" \/>\n<meta property=\"og:locale\" content=\"en_US\" \/>\n<meta property=\"og:type\" content=\"article\" \/>\n<meta property=\"og:title\" content=\"La recr\u00eda, el eslab\u00f3n perdido. | Proagro\" \/>\n<meta property=\"og:description\" content=\"Por Ignacio Iriarte. Nos estamos robando los clientes (ganaderos proveedores) entre nosotros, y muchos frigor\u00edficos ya est\u00e1n comprando a 400 \u00f3 500 kil\u00f3metros de sus plantas. Puede ser que esta sea una retenci\u00f3n estacional, a favor del excepcional estado de los campos y de los continuos trascendidos y rumores acerca de una inminente mejora en el tipo de cambio para la carne. Pero a nuestros compradores de hacienda les da la impresi\u00f3n que se lo transmiten al directorio, que hay muchos menos novillos que lo calculado\u0094. Seg\u00fan las estad\u00edsticas del Servicio Nacional de Sanidad y Calidad Agroalimentaria (Senasa), el stock ganadero en los \u00faltimos siete a\u00f1os cay\u00f3 12 por ciento, pero el n\u00famero de novillos \u0096hasta el 2012\u0096 cay\u00f3 43 por ciento. Seg\u00fan la visi\u00f3n de este exportador, la gente se cans\u00f3: hace agricultura o engorda a corral novillitos o terneros. \u0093Va a costar mucho que el invernador o ganadero de ciclo completo vuelva a hacer novillo pesado: el da\u00f1o causado es enorme y a veces nos parece que es irreversible. La demanda internacional est\u00e1, pero ahora que las ventas al exterior apenas est\u00e1n saliendo del subsuelo, nos encontramos con una oferta de novillos muy reducida, que limita seriamente los [&hellip;]\" \/>\n<meta property=\"og:url\" content=\"https:\/\/proagrolab.com.ar\/la-recria-el-eslabon-perdido\/\" \/>\n<meta property=\"og:site_name\" content=\"Proagro\" \/>\n<meta property=\"article:publisher\" content=\"http:\/\/www.facebook.com\/proagrolab\" \/>\n<meta property=\"article:published_time\" content=\"2013-12-06T00:00:01+00:00\" \/>\n<meta property=\"og:image\" content=\"https:\/\/proagrolab.com.ar\/wp-content\/uploads\/2015\/01\/g_bxp0mihc2__Vacas-2.jpg\" \/>\n\t<meta property=\"og:image:width\" content=\"450\" \/>\n\t<meta property=\"og:image:height\" content=\"208\" \/>\n\t<meta property=\"og:image:type\" content=\"image\/jpeg\" \/>\n<meta name=\"author\" content=\"proagrolab\" \/>\n<meta name=\"twitter:card\" content=\"summary_large_image\" \/>\n<meta name=\"twitter:label1\" content=\"Written by\" \/>\n\t<meta name=\"twitter:data1\" content=\"proagrolab\" \/>\n\t<meta name=\"twitter:label2\" content=\"Est. reading time\" \/>\n\t<meta name=\"twitter:data2\" content=\"3 minutes\" \/>\n<script type=\"application\/ld+json\" class=\"yoast-schema-graph\">{\"@context\":\"https:\\\/\\\/schema.org\",\"@graph\":[{\"@type\":\"Article\",\"@id\":\"https:\\\/\\\/proagrolab.com.ar\\\/la-recria-el-eslabon-perdido\\\/#article\",\"isPartOf\":{\"@id\":\"https:\\\/\\\/proagrolab.com.ar\\\/la-recria-el-eslabon-perdido\\\/\"},\"author\":{\"name\":\"proagrolab\",\"@id\":\"https:\\\/\\\/proagrolab.com.ar\\\/#\\\/schema\\\/person\\\/38003ff90bf80381f71c7d922d207444\"},\"headline\":\"La recr\u00eda, el eslab\u00f3n perdido.\",\"datePublished\":\"2013-12-06T00:00:01+00:00\",\"mainEntityOfPage\":{\"@id\":\"https:\\\/\\\/proagrolab.com.ar\\\/la-recria-el-eslabon-perdido\\\/\"},\"wordCount\":552,\"publisher\":{\"@id\":\"https:\\\/\\\/proagrolab.com.ar\\\/#organization\"},\"image\":{\"@id\":\"https:\\\/\\\/proagrolab.com.ar\\\/la-recria-el-eslabon-perdido\\\/#primaryimage\"},\"thumbnailUrl\":\"https:\\\/\\\/proagrolab.com.ar\\\/wp-content\\\/uploads\\\/2015\\\/01\\\/g_bxp0mihc2__Vacas-2.jpg\",\"articleSection\":[\"News\"],\"inLanguage\":\"en-US\"},{\"@type\":\"WebPage\",\"@id\":\"https:\\\/\\\/proagrolab.com.ar\\\/la-recria-el-eslabon-perdido\\\/\",\"url\":\"https:\\\/\\\/proagrolab.com.ar\\\/la-recria-el-eslabon-perdido\\\/\",\"name\":\"La recr\u00eda, el eslab\u00f3n perdido. | Proagro\",\"isPartOf\":{\"@id\":\"https:\\\/\\\/proagrolab.com.ar\\\/#website\"},\"primaryImageOfPage\":{\"@id\":\"https:\\\/\\\/proagrolab.com.ar\\\/la-recria-el-eslabon-perdido\\\/#primaryimage\"},\"image\":{\"@id\":\"https:\\\/\\\/proagrolab.com.ar\\\/la-recria-el-eslabon-perdido\\\/#primaryimage\"},\"thumbnailUrl\":\"https:\\\/\\\/proagrolab.com.ar\\\/wp-content\\\/uploads\\\/2015\\\/01\\\/g_bxp0mihc2__Vacas-2.jpg\",\"datePublished\":\"2013-12-06T00:00:01+00:00\",\"breadcrumb\":{\"@id\":\"https:\\\/\\\/proagrolab.com.ar\\\/la-recria-el-eslabon-perdido\\\/#breadcrumb\"},\"inLanguage\":\"en-US\",\"potentialAction\":[{\"@type\":\"ReadAction\",\"target\":[\"https:\\\/\\\/proagrolab.com.ar\\\/la-recria-el-eslabon-perdido\\\/\"]}]},{\"@type\":\"ImageObject\",\"inLanguage\":\"en-US\",\"@id\":\"https:\\\/\\\/proagrolab.com.ar\\\/la-recria-el-eslabon-perdido\\\/#primaryimage\",\"url\":\"https:\\\/\\\/proagrolab.com.ar\\\/wp-content\\\/uploads\\\/2015\\\/01\\\/g_bxp0mihc2__Vacas-2.jpg\",\"contentUrl\":\"https:\\\/\\\/proagrolab.com.ar\\\/wp-content\\\/uploads\\\/2015\\\/01\\\/g_bxp0mihc2__Vacas-2.jpg\",\"width\":450,\"height\":208},{\"@type\":\"BreadcrumbList\",\"@id\":\"https:\\\/\\\/proagrolab.com.ar\\\/la-recria-el-eslabon-perdido\\\/#breadcrumb\",\"itemListElement\":[{\"@type\":\"ListItem\",\"position\":1,\"name\":\"Portada\",\"item\":\"https:\\\/\\\/proagrolab.com.ar\\\/\"},{\"@type\":\"ListItem\",\"position\":2,\"name\":\"La recr\u00eda, el eslab\u00f3n perdido.\"}]},{\"@type\":\"WebSite\",\"@id\":\"https:\\\/\\\/proagrolab.com.ar\\\/#website\",\"url\":\"https:\\\/\\\/proagrolab.com.ar\\\/\",\"name\":\"Proagro Laboratorio Veterinario\",\"description\":\"Veterinary laboratory\",\"publisher\":{\"@id\":\"https:\\\/\\\/proagrolab.com.ar\\\/#organization\"},\"potentialAction\":[{\"@type\":\"SearchAction\",\"target\":{\"@type\":\"EntryPoint\",\"urlTemplate\":\"https:\\\/\\\/proagrolab.com.ar\\\/?s={search_term_string}\"},\"query-input\":{\"@type\":\"PropertyValueSpecification\",\"valueRequired\":true,\"valueName\":\"search_term_string\"}}],\"inLanguage\":\"en-US\"},{\"@type\":\"Organization\",\"@id\":\"https:\\\/\\\/proagrolab.com.ar\\\/#organization\",\"name\":\"Proagro\",\"url\":\"https:\\\/\\\/proagrolab.com.ar\\\/\",\"logo\":{\"@type\":\"ImageObject\",\"inLanguage\":\"en-US\",\"@id\":\"https:\\\/\\\/proagrolab.com.ar\\\/#\\\/schema\\\/logo\\\/image\\\/\",\"url\":\"https:\\\/\\\/proagrolab.com.ar\\\/wp-content\\\/uploads\\\/2020\\\/04\\\/logo-retina.png\",\"contentUrl\":\"https:\\\/\\\/proagrolab.com.ar\\\/wp-content\\\/uploads\\\/2020\\\/04\\\/logo-retina.png\",\"width\":478,\"height\":120,\"caption\":\"Proagro\"},\"image\":{\"@id\":\"https:\\\/\\\/proagrolab.com.ar\\\/#\\\/schema\\\/logo\\\/image\\\/\"},\"sameAs\":[\"http:\\\/\\\/www.facebook.com\\\/proagrolab\",\"https:\\\/\\\/www.instagram.com\\\/proagrolab\\\/\",\"https:\\\/\\\/www.linkedin.com\\\/company\\\/laboratorio-proagro-s-a\\\/\"]},{\"@type\":\"Person\",\"@id\":\"https:\\\/\\\/proagrolab.com.ar\\\/#\\\/schema\\\/person\\\/38003ff90bf80381f71c7d922d207444\",\"name\":\"proagrolab\"}]}<\/script>\n<!-- \/ Yoast SEO plugin. -->","yoast_head_json":{"title":"La recr\u00eda, el eslab\u00f3n perdido. | Proagro","robots":{"index":"index","follow":"follow","max-snippet":"max-snippet:-1","max-image-preview":"max-image-preview:large","max-video-preview":"max-video-preview:-1"},"canonical":"https:\/\/proagrolab.com.ar\/en\/la-recria-el-eslabon-perdido\/","og_locale":"en_US","og_type":"article","og_title":"La recr\u00eda, el eslab\u00f3n perdido. | Proagro","og_description":"Por Ignacio Iriarte. Nos estamos robando los clientes (ganaderos proveedores) entre nosotros, y muchos frigor\u00edficos ya est\u00e1n comprando a 400 \u00f3 500 kil\u00f3metros de sus plantas. Puede ser que esta sea una retenci\u00f3n estacional, a favor del excepcional estado de los campos y de los continuos trascendidos y rumores acerca de una inminente mejora en el tipo de cambio para la carne. Pero a nuestros compradores de hacienda les da la impresi\u00f3n que se lo transmiten al directorio, que hay muchos menos novillos que lo calculado\u0094. Seg\u00fan las estad\u00edsticas del Servicio Nacional de Sanidad y Calidad Agroalimentaria (Senasa), el stock ganadero en los \u00faltimos siete a\u00f1os cay\u00f3 12 por ciento, pero el n\u00famero de novillos \u0096hasta el 2012\u0096 cay\u00f3 43 por ciento. Seg\u00fan la visi\u00f3n de este exportador, la gente se cans\u00f3: hace agricultura o engorda a corral novillitos o terneros. \u0093Va a costar mucho que el invernador o ganadero de ciclo completo vuelva a hacer novillo pesado: el da\u00f1o causado es enorme y a veces nos parece que es irreversible. La demanda internacional est\u00e1, pero ahora que las ventas al exterior apenas est\u00e1n saliendo del subsuelo, nos encontramos con una oferta de novillos muy reducida, que limita seriamente los [&hellip;]","og_url":"https:\/\/proagrolab.com.ar\/la-recria-el-eslabon-perdido\/","og_site_name":"Proagro","article_publisher":"http:\/\/www.facebook.com\/proagrolab","article_published_time":"2013-12-06T00:00:01+00:00","og_image":[{"width":450,"height":208,"url":"https:\/\/proagrolab.com.ar\/wp-content\/uploads\/2015\/01\/g_bxp0mihc2__Vacas-2.jpg","type":"image\/jpeg"}],"author":"proagrolab","twitter_card":"summary_large_image","twitter_misc":{"Written by":"proagrolab","Est. reading time":"3 minutes"},"schema":{"@context":"https:\/\/schema.org","@graph":[{"@type":"Article","@id":"https:\/\/proagrolab.com.ar\/la-recria-el-eslabon-perdido\/#article","isPartOf":{"@id":"https:\/\/proagrolab.com.ar\/la-recria-el-eslabon-perdido\/"},"author":{"name":"proagrolab","@id":"https:\/\/proagrolab.com.ar\/#\/schema\/person\/38003ff90bf80381f71c7d922d207444"},"headline":"La recr\u00eda, el eslab\u00f3n perdido.","datePublished":"2013-12-06T00:00:01+00:00","mainEntityOfPage":{"@id":"https:\/\/proagrolab.com.ar\/la-recria-el-eslabon-perdido\/"},"wordCount":552,"publisher":{"@id":"https:\/\/proagrolab.com.ar\/#organization"},"image":{"@id":"https:\/\/proagrolab.com.ar\/la-recria-el-eslabon-perdido\/#primaryimage"},"thumbnailUrl":"https:\/\/proagrolab.com.ar\/wp-content\/uploads\/2015\/01\/g_bxp0mihc2__Vacas-2.jpg","articleSection":["News"],"inLanguage":"en-US"},{"@type":"WebPage","@id":"https:\/\/proagrolab.com.ar\/la-recria-el-eslabon-perdido\/","url":"https:\/\/proagrolab.com.ar\/la-recria-el-eslabon-perdido\/","name":"La recr\u00eda, el eslab\u00f3n perdido. | Proagro","isPartOf":{"@id":"https:\/\/proagrolab.com.ar\/#website"},"primaryImageOfPage":{"@id":"https:\/\/proagrolab.com.ar\/la-recria-el-eslabon-perdido\/#primaryimage"},"image":{"@id":"https:\/\/proagrolab.com.ar\/la-recria-el-eslabon-perdido\/#primaryimage"},"thumbnailUrl":"https:\/\/proagrolab.com.ar\/wp-content\/uploads\/2015\/01\/g_bxp0mihc2__Vacas-2.jpg","datePublished":"2013-12-06T00:00:01+00:00","breadcrumb":{"@id":"https:\/\/proagrolab.com.ar\/la-recria-el-eslabon-perdido\/#breadcrumb"},"inLanguage":"en-US","potentialAction":[{"@type":"ReadAction","target":["https:\/\/proagrolab.com.ar\/la-recria-el-eslabon-perdido\/"]}]},{"@type":"ImageObject","inLanguage":"en-US","@id":"https:\/\/proagrolab.com.ar\/la-recria-el-eslabon-perdido\/#primaryimage","url":"https:\/\/proagrolab.com.ar\/wp-content\/uploads\/2015\/01\/g_bxp0mihc2__Vacas-2.jpg","contentUrl":"https:\/\/proagrolab.com.ar\/wp-content\/uploads\/2015\/01\/g_bxp0mihc2__Vacas-2.jpg","width":450,"height":208},{"@type":"BreadcrumbList","@id":"https:\/\/proagrolab.com.ar\/la-recria-el-eslabon-perdido\/#breadcrumb","itemListElement":[{"@type":"ListItem","position":1,"name":"Portada","item":"https:\/\/proagrolab.com.ar\/"},{"@type":"ListItem","position":2,"name":"La recr\u00eda, el eslab\u00f3n perdido."}]},{"@type":"WebSite","@id":"https:\/\/proagrolab.com.ar\/#website","url":"https:\/\/proagrolab.com.ar\/","name":"Proagro Laboratorio Veterinario","description":"Veterinary laboratory","publisher":{"@id":"https:\/\/proagrolab.com.ar\/#organization"},"potentialAction":[{"@type":"SearchAction","target":{"@type":"EntryPoint","urlTemplate":"https:\/\/proagrolab.com.ar\/?s={search_term_string}"},"query-input":{"@type":"PropertyValueSpecification","valueRequired":true,"valueName":"search_term_string"}}],"inLanguage":"en-US"},{"@type":"Organization","@id":"https:\/\/proagrolab.com.ar\/#organization","name":"Proagro","url":"https:\/\/proagrolab.com.ar\/","logo":{"@type":"ImageObject","inLanguage":"en-US","@id":"https:\/\/proagrolab.com.ar\/#\/schema\/logo\/image\/","url":"https:\/\/proagrolab.com.ar\/wp-content\/uploads\/2020\/04\/logo-retina.png","contentUrl":"https:\/\/proagrolab.com.ar\/wp-content\/uploads\/2020\/04\/logo-retina.png","width":478,"height":120,"caption":"Proagro"},"image":{"@id":"https:\/\/proagrolab.com.ar\/#\/schema\/logo\/image\/"},"sameAs":["http:\/\/www.facebook.com\/proagrolab","https:\/\/www.instagram.com\/proagrolab\/","https:\/\/www.linkedin.com\/company\/laboratorio-proagro-s-a\/"]},{"@type":"Person","@id":"https:\/\/proagrolab.com.ar\/#\/schema\/person\/38003ff90bf80381f71c7d922d207444","name":"proagrolab"}]}},"_links":{"self":[{"href":"https:\/\/proagrolab.com.ar\/en\/wp-json\/wp\/v2\/posts\/5857","targetHints":{"allow":["GET"]}}],"collection":[{"href":"https:\/\/proagrolab.com.ar\/en\/wp-json\/wp\/v2\/posts"}],"about":[{"href":"https:\/\/proagrolab.com.ar\/en\/wp-json\/wp\/v2\/types\/post"}],"author":[{"embeddable":true,"href":"https:\/\/proagrolab.com.ar\/en\/wp-json\/wp\/v2\/users\/2"}],"replies":[{"embeddable":true,"href":"https:\/\/proagrolab.com.ar\/en\/wp-json\/wp\/v2\/comments?post=5857"}],"version-history":[{"count":0,"href":"https:\/\/proagrolab.com.ar\/en\/wp-json\/wp\/v2\/posts\/5857\/revisions"}],"wp:featuredmedia":[{"embeddable":true,"href":"https:\/\/proagrolab.com.ar\/en\/wp-json\/wp\/v2\/media\/2343"}],"wp:attachment":[{"href":"https:\/\/proagrolab.com.ar\/en\/wp-json\/wp\/v2\/media?parent=5857"}],"wp:term":[{"taxonomy":"category","embeddable":true,"href":"https:\/\/proagrolab.com.ar\/en\/wp-json\/wp\/v2\/categories?post=5857"},{"taxonomy":"post_tag","embeddable":true,"href":"https:\/\/proagrolab.com.ar\/en\/wp-json\/wp\/v2\/tags?post=5857"}],"curies":[{"name":"wp","href":"https:\/\/api.w.org\/{rel}","templated":true}]}}