{"id":5853,"date":"2013-12-05T00:00:01","date_gmt":"2013-12-05T00:00:01","guid":{"rendered":"https:\/\/proagrolab.com.ar\/gremio-pecuario-afirma-que-la-carne-natural-de-paraguay-sera-marca-internacional\/"},"modified":"2013-12-05T00:00:01","modified_gmt":"2013-12-05T00:00:01","slug":"gremio-pecuario-afirma-que-la-carne-natural-de-paraguay-sera-marca-internacional","status":"publish","type":"post","link":"https:\/\/proagrolab.com.ar\/en\/gremio-pecuario-afirma-que-la-carne-natural-de-paraguay-sera-marca-internacional\/","title":{"rendered":"Gremio pecuario afirma que la carne natural de Paraguay ser\u00e1 marca internacional."},"content":{"rendered":"<p class=\"qtranxs-available-languages-message qtranxs-available-languages-message-en\"> <\/p><p>Uno de los desaf\u00edos que se propone la Asociaci\u00f3n Rural del Paraguay (ARP), en el periodo 2014-2016, es instalar como una marca internacional la &#8220;Carne Natural del Paraguay&#8221;, seg\u00fan el Dr. Germ\u00e1n Ruiz, presidente del gremio pecuario.<\/p>\n<p>El manifest\u00f3 que el pa\u00eds posee un ventajoso sistema de producci\u00f3n netamente a pasto y es un producto que demandan los mercados m\u00e1s exigentes de la prote\u00edna animal.<\/p>\n<p>Seg\u00fan LaNacion.com.py, la ARP inici\u00f3 el a\u00f1o pasado una campa\u00f1a para promover el producto a nivel mundial, que se extendi\u00f3 a Rusia, Chile, y Alemania.<\/p>\n<p>Entre el 2014 y el 2016, a fin de realizar este objetivo, la ARP realizar\u00e1 misiones a Per\u00fa, Estados Unidos, China, Rusia, Venezuela, entre otros, inform\u00f3 el Dr. Ruiz.<\/p>\n<p>Cabe decir que Paraguay se proyecta hacia los mercados premium, tras haber logrado la certificaci\u00f3n de pa\u00eds libre de fiebre aftosa concedida por la Organizaci\u00f3n Mundial de Sanidad Animal (OIE).<\/p>\n<p>Una vez que se habilite de nuevo el mercado de la Uni\u00f3n Europea para la carne bovina paraguaya, previsto para el primer semestre del 2014, se negociar\u00e1 la venta de tres categor\u00edas del producto a dicho destino: la carne org\u00e1nica, la natural, y la de feed lot (engorde intensivo), inform\u00f3 el mandatario.<\/p>\n<p>Fuente: Carnetec, 5 de diciembre.<br \/><\/p>","protected":false},"excerpt":{"rendered":"<p>Uno de los desaf\u00edos que se propone la Asociaci\u00f3n Rural del Paraguay (ARP), en el periodo 2014-2016, es instalar como una marca internacional la &#8220;Carne Natural del Paraguay&#8221;, seg\u00fan el Dr. Germ\u00e1n Ruiz, presidente del gremio pecuario. El manifest\u00f3 que el pa\u00eds posee un ventajoso sistema de producci\u00f3n netamente a pasto y es un producto que demandan los mercados m\u00e1s exigentes de la prote\u00edna animal. Seg\u00fan LaNacion.com.py, la ARP inici\u00f3 el a\u00f1o pasado una campa\u00f1a para promover el producto a nivel mundial, que se extendi\u00f3 a Rusia, Chile, y Alemania. Entre el 2014 y el 2016, a fin de realizar este objetivo, la ARP realizar\u00e1 misiones a Per\u00fa, Estados Unidos, China, Rusia, Venezuela, entre otros, inform\u00f3 el Dr. Ruiz. Cabe decir que Paraguay se proyecta hacia los mercados premium, tras haber logrado la certificaci\u00f3n de pa\u00eds libre de fiebre aftosa concedida por la Organizaci\u00f3n Mundial de Sanidad Animal (OIE). Una vez que se habilite de nuevo el mercado de la Uni\u00f3n Europea para la carne bovina paraguaya, previsto para el primer semestre del 2014, se negociar\u00e1 la venta de tres categor\u00edas del producto a dicho destino: la carne org\u00e1nica, la natural, y la de feed lot (engorde intensivo), inform\u00f3 el [&hellip;]<\/p>\n","protected":false},"author":2,"featured_media":2339,"comment_status":"closed","ping_status":"open","sticky":false,"template":"","format":"standard","meta":{"_acf_changed":false,"footnotes":""},"categories":[56],"tags":[],"class_list":["post-5853","post","type-post","status-publish","format-standard","has-post-thumbnail","hentry","category-infoganadero"],"acf":[],"yoast_head":"<!-- This site is optimized with the Yoast SEO plugin v27.4 - https:\/\/yoast.com\/product\/yoast-seo-wordpress\/ -->\n<title>Gremio pecuario afirma que la carne natural de Paraguay ser\u00e1 marca internacional. | Proagro<\/title>\n<meta name=\"robots\" content=\"index, follow, max-snippet:-1, max-image-preview:large, max-video-preview:-1\" \/>\n<link rel=\"canonical\" href=\"https:\/\/proagrolab.com.ar\/en\/gremio-pecuario-afirma-que-la-carne-natural-de-paraguay-sera-marca-internacional\/\" \/>\n<meta property=\"og:locale\" content=\"en_US\" \/>\n<meta property=\"og:type\" content=\"article\" \/>\n<meta property=\"og:title\" content=\"Gremio pecuario afirma que la carne natural de Paraguay ser\u00e1 marca internacional. | Proagro\" \/>\n<meta property=\"og:description\" content=\"Uno de los desaf\u00edos que se propone la Asociaci\u00f3n Rural del Paraguay (ARP), en el periodo 2014-2016, es instalar como una marca internacional la &#8220;Carne Natural del Paraguay&#8221;, seg\u00fan el Dr. Germ\u00e1n Ruiz, presidente del gremio pecuario. El manifest\u00f3 que el pa\u00eds posee un ventajoso sistema de producci\u00f3n netamente a pasto y es un producto que demandan los mercados m\u00e1s exigentes de la prote\u00edna animal. Seg\u00fan LaNacion.com.py, la ARP inici\u00f3 el a\u00f1o pasado una campa\u00f1a para promover el producto a nivel mundial, que se extendi\u00f3 a Rusia, Chile, y Alemania. Entre el 2014 y el 2016, a fin de realizar este objetivo, la ARP realizar\u00e1 misiones a Per\u00fa, Estados Unidos, China, Rusia, Venezuela, entre otros, inform\u00f3 el Dr. Ruiz. Cabe decir que Paraguay se proyecta hacia los mercados premium, tras haber logrado la certificaci\u00f3n de pa\u00eds libre de fiebre aftosa concedida por la Organizaci\u00f3n Mundial de Sanidad Animal (OIE). Una vez que se habilite de nuevo el mercado de la Uni\u00f3n Europea para la carne bovina paraguaya, previsto para el primer semestre del 2014, se negociar\u00e1 la venta de tres categor\u00edas del producto a dicho destino: la carne org\u00e1nica, la natural, y la de feed lot (engorde intensivo), inform\u00f3 el [&hellip;]\" \/>\n<meta property=\"og:url\" content=\"https:\/\/proagrolab.com.ar\/gremio-pecuario-afirma-que-la-carne-natural-de-paraguay-sera-marca-internacional\/\" \/>\n<meta property=\"og:site_name\" content=\"Proagro\" \/>\n<meta property=\"article:publisher\" content=\"http:\/\/www.facebook.com\/proagrolab\" \/>\n<meta property=\"article:published_time\" content=\"2013-12-05T00:00:01+00:00\" \/>\n<meta property=\"og:image\" content=\"https:\/\/proagrolab.com.ar\/wp-content\/uploads\/2015\/01\/g_nbsvh2h5v__Frigor\u00edfico-4.jpg\" \/>\n\t<meta property=\"og:image:width\" content=\"1\" \/>\n\t<meta property=\"og:image:height\" content=\"1\" \/>\n\t<meta property=\"og:image:type\" content=\"image\/jpeg\" \/>\n<meta name=\"author\" content=\"proagrolab\" \/>\n<meta name=\"twitter:card\" content=\"summary_large_image\" \/>\n<meta name=\"twitter:label1\" content=\"Written by\" \/>\n\t<meta name=\"twitter:data1\" content=\"proagrolab\" \/>\n\t<meta name=\"twitter:label2\" content=\"Est. reading time\" \/>\n\t<meta name=\"twitter:data2\" content=\"1 minute\" \/>\n<script type=\"application\/ld+json\" class=\"yoast-schema-graph\">{\"@context\":\"https:\\\/\\\/schema.org\",\"@graph\":[{\"@type\":\"Article\",\"@id\":\"https:\\\/\\\/proagrolab.com.ar\\\/gremio-pecuario-afirma-que-la-carne-natural-de-paraguay-sera-marca-internacional\\\/#article\",\"isPartOf\":{\"@id\":\"https:\\\/\\\/proagrolab.com.ar\\\/gremio-pecuario-afirma-que-la-carne-natural-de-paraguay-sera-marca-internacional\\\/\"},\"author\":{\"name\":\"proagrolab\",\"@id\":\"https:\\\/\\\/proagrolab.com.ar\\\/#\\\/schema\\\/person\\\/38003ff90bf80381f71c7d922d207444\"},\"headline\":\"Gremio pecuario afirma que la carne natural de Paraguay ser\u00e1 marca internacional.\",\"datePublished\":\"2013-12-05T00:00:01+00:00\",\"mainEntityOfPage\":{\"@id\":\"https:\\\/\\\/proagrolab.com.ar\\\/gremio-pecuario-afirma-que-la-carne-natural-de-paraguay-sera-marca-internacional\\\/\"},\"wordCount\":233,\"publisher\":{\"@id\":\"https:\\\/\\\/proagrolab.com.ar\\\/#organization\"},\"image\":{\"@id\":\"https:\\\/\\\/proagrolab.com.ar\\\/gremio-pecuario-afirma-que-la-carne-natural-de-paraguay-sera-marca-internacional\\\/#primaryimage\"},\"thumbnailUrl\":\"https:\\\/\\\/proagrolab.com.ar\\\/wp-content\\\/uploads\\\/2015\\\/01\\\/g_nbsvh2h5v__Frigor\u00edfico-4.jpg\",\"articleSection\":[\"News\"],\"inLanguage\":\"en-US\"},{\"@type\":\"WebPage\",\"@id\":\"https:\\\/\\\/proagrolab.com.ar\\\/gremio-pecuario-afirma-que-la-carne-natural-de-paraguay-sera-marca-internacional\\\/\",\"url\":\"https:\\\/\\\/proagrolab.com.ar\\\/gremio-pecuario-afirma-que-la-carne-natural-de-paraguay-sera-marca-internacional\\\/\",\"name\":\"Gremio pecuario afirma que la carne natural de Paraguay ser\u00e1 marca internacional. | Proagro\",\"isPartOf\":{\"@id\":\"https:\\\/\\\/proagrolab.com.ar\\\/#website\"},\"primaryImageOfPage\":{\"@id\":\"https:\\\/\\\/proagrolab.com.ar\\\/gremio-pecuario-afirma-que-la-carne-natural-de-paraguay-sera-marca-internacional\\\/#primaryimage\"},\"image\":{\"@id\":\"https:\\\/\\\/proagrolab.com.ar\\\/gremio-pecuario-afirma-que-la-carne-natural-de-paraguay-sera-marca-internacional\\\/#primaryimage\"},\"thumbnailUrl\":\"https:\\\/\\\/proagrolab.com.ar\\\/wp-content\\\/uploads\\\/2015\\\/01\\\/g_nbsvh2h5v__Frigor\u00edfico-4.jpg\",\"datePublished\":\"2013-12-05T00:00:01+00:00\",\"breadcrumb\":{\"@id\":\"https:\\\/\\\/proagrolab.com.ar\\\/gremio-pecuario-afirma-que-la-carne-natural-de-paraguay-sera-marca-internacional\\\/#breadcrumb\"},\"inLanguage\":\"en-US\",\"potentialAction\":[{\"@type\":\"ReadAction\",\"target\":[\"https:\\\/\\\/proagrolab.com.ar\\\/gremio-pecuario-afirma-que-la-carne-natural-de-paraguay-sera-marca-internacional\\\/\"]}]},{\"@type\":\"ImageObject\",\"inLanguage\":\"en-US\",\"@id\":\"https:\\\/\\\/proagrolab.com.ar\\\/gremio-pecuario-afirma-que-la-carne-natural-de-paraguay-sera-marca-internacional\\\/#primaryimage\",\"url\":\"https:\\\/\\\/proagrolab.com.ar\\\/wp-content\\\/uploads\\\/2015\\\/01\\\/g_nbsvh2h5v__Frigor\u00edfico-4.jpg\",\"contentUrl\":\"https:\\\/\\\/proagrolab.com.ar\\\/wp-content\\\/uploads\\\/2015\\\/01\\\/g_nbsvh2h5v__Frigor\u00edfico-4.jpg\"},{\"@type\":\"BreadcrumbList\",\"@id\":\"https:\\\/\\\/proagrolab.com.ar\\\/gremio-pecuario-afirma-que-la-carne-natural-de-paraguay-sera-marca-internacional\\\/#breadcrumb\",\"itemListElement\":[{\"@type\":\"ListItem\",\"position\":1,\"name\":\"Portada\",\"item\":\"https:\\\/\\\/proagrolab.com.ar\\\/\"},{\"@type\":\"ListItem\",\"position\":2,\"name\":\"Gremio pecuario afirma que la carne natural de Paraguay ser\u00e1 marca internacional.\"}]},{\"@type\":\"WebSite\",\"@id\":\"https:\\\/\\\/proagrolab.com.ar\\\/#website\",\"url\":\"https:\\\/\\\/proagrolab.com.ar\\\/\",\"name\":\"Proagro Laboratorio Veterinario\",\"description\":\"Veterinary laboratory\",\"publisher\":{\"@id\":\"https:\\\/\\\/proagrolab.com.ar\\\/#organization\"},\"potentialAction\":[{\"@type\":\"SearchAction\",\"target\":{\"@type\":\"EntryPoint\",\"urlTemplate\":\"https:\\\/\\\/proagrolab.com.ar\\\/?s={search_term_string}\"},\"query-input\":{\"@type\":\"PropertyValueSpecification\",\"valueRequired\":true,\"valueName\":\"search_term_string\"}}],\"inLanguage\":\"en-US\"},{\"@type\":\"Organization\",\"@id\":\"https:\\\/\\\/proagrolab.com.ar\\\/#organization\",\"name\":\"Proagro\",\"url\":\"https:\\\/\\\/proagrolab.com.ar\\\/\",\"logo\":{\"@type\":\"ImageObject\",\"inLanguage\":\"en-US\",\"@id\":\"https:\\\/\\\/proagrolab.com.ar\\\/#\\\/schema\\\/logo\\\/image\\\/\",\"url\":\"https:\\\/\\\/proagrolab.com.ar\\\/wp-content\\\/uploads\\\/2020\\\/04\\\/logo-retina.png\",\"contentUrl\":\"https:\\\/\\\/proagrolab.com.ar\\\/wp-content\\\/uploads\\\/2020\\\/04\\\/logo-retina.png\",\"width\":478,\"height\":120,\"caption\":\"Proagro\"},\"image\":{\"@id\":\"https:\\\/\\\/proagrolab.com.ar\\\/#\\\/schema\\\/logo\\\/image\\\/\"},\"sameAs\":[\"http:\\\/\\\/www.facebook.com\\\/proagrolab\",\"https:\\\/\\\/www.instagram.com\\\/proagrolab\\\/\",\"https:\\\/\\\/www.linkedin.com\\\/company\\\/laboratorio-proagro-s-a\\\/\"]},{\"@type\":\"Person\",\"@id\":\"https:\\\/\\\/proagrolab.com.ar\\\/#\\\/schema\\\/person\\\/38003ff90bf80381f71c7d922d207444\",\"name\":\"proagrolab\"}]}<\/script>\n<!-- \/ Yoast SEO plugin. -->","yoast_head_json":{"title":"Gremio pecuario afirma que la carne natural de Paraguay ser\u00e1 marca internacional. | Proagro","robots":{"index":"index","follow":"follow","max-snippet":"max-snippet:-1","max-image-preview":"max-image-preview:large","max-video-preview":"max-video-preview:-1"},"canonical":"https:\/\/proagrolab.com.ar\/en\/gremio-pecuario-afirma-que-la-carne-natural-de-paraguay-sera-marca-internacional\/","og_locale":"en_US","og_type":"article","og_title":"Gremio pecuario afirma que la carne natural de Paraguay ser\u00e1 marca internacional. | Proagro","og_description":"Uno de los desaf\u00edos que se propone la Asociaci\u00f3n Rural del Paraguay (ARP), en el periodo 2014-2016, es instalar como una marca internacional la &#8220;Carne Natural del Paraguay&#8221;, seg\u00fan el Dr. Germ\u00e1n Ruiz, presidente del gremio pecuario. El manifest\u00f3 que el pa\u00eds posee un ventajoso sistema de producci\u00f3n netamente a pasto y es un producto que demandan los mercados m\u00e1s exigentes de la prote\u00edna animal. Seg\u00fan LaNacion.com.py, la ARP inici\u00f3 el a\u00f1o pasado una campa\u00f1a para promover el producto a nivel mundial, que se extendi\u00f3 a Rusia, Chile, y Alemania. Entre el 2014 y el 2016, a fin de realizar este objetivo, la ARP realizar\u00e1 misiones a Per\u00fa, Estados Unidos, China, Rusia, Venezuela, entre otros, inform\u00f3 el Dr. Ruiz. Cabe decir que Paraguay se proyecta hacia los mercados premium, tras haber logrado la certificaci\u00f3n de pa\u00eds libre de fiebre aftosa concedida por la Organizaci\u00f3n Mundial de Sanidad Animal (OIE). Una vez que se habilite de nuevo el mercado de la Uni\u00f3n Europea para la carne bovina paraguaya, previsto para el primer semestre del 2014, se negociar\u00e1 la venta de tres categor\u00edas del producto a dicho destino: la carne org\u00e1nica, la natural, y la de feed lot (engorde intensivo), inform\u00f3 el [&hellip;]","og_url":"https:\/\/proagrolab.com.ar\/gremio-pecuario-afirma-que-la-carne-natural-de-paraguay-sera-marca-internacional\/","og_site_name":"Proagro","article_publisher":"http:\/\/www.facebook.com\/proagrolab","article_published_time":"2013-12-05T00:00:01+00:00","og_image":[{"url":"https:\/\/proagrolab.com.ar\/wp-content\/uploads\/2015\/01\/g_nbsvh2h5v__Frigor\u00edfico-4.jpg","width":1,"height":1,"type":"image\/jpeg"}],"author":"proagrolab","twitter_card":"summary_large_image","twitter_misc":{"Written by":"proagrolab","Est. reading time":"1 minute"},"schema":{"@context":"https:\/\/schema.org","@graph":[{"@type":"Article","@id":"https:\/\/proagrolab.com.ar\/gremio-pecuario-afirma-que-la-carne-natural-de-paraguay-sera-marca-internacional\/#article","isPartOf":{"@id":"https:\/\/proagrolab.com.ar\/gremio-pecuario-afirma-que-la-carne-natural-de-paraguay-sera-marca-internacional\/"},"author":{"name":"proagrolab","@id":"https:\/\/proagrolab.com.ar\/#\/schema\/person\/38003ff90bf80381f71c7d922d207444"},"headline":"Gremio pecuario afirma que la carne natural de Paraguay ser\u00e1 marca internacional.","datePublished":"2013-12-05T00:00:01+00:00","mainEntityOfPage":{"@id":"https:\/\/proagrolab.com.ar\/gremio-pecuario-afirma-que-la-carne-natural-de-paraguay-sera-marca-internacional\/"},"wordCount":233,"publisher":{"@id":"https:\/\/proagrolab.com.ar\/#organization"},"image":{"@id":"https:\/\/proagrolab.com.ar\/gremio-pecuario-afirma-que-la-carne-natural-de-paraguay-sera-marca-internacional\/#primaryimage"},"thumbnailUrl":"https:\/\/proagrolab.com.ar\/wp-content\/uploads\/2015\/01\/g_nbsvh2h5v__Frigor\u00edfico-4.jpg","articleSection":["News"],"inLanguage":"en-US"},{"@type":"WebPage","@id":"https:\/\/proagrolab.com.ar\/gremio-pecuario-afirma-que-la-carne-natural-de-paraguay-sera-marca-internacional\/","url":"https:\/\/proagrolab.com.ar\/gremio-pecuario-afirma-que-la-carne-natural-de-paraguay-sera-marca-internacional\/","name":"Gremio pecuario afirma que la carne natural de Paraguay ser\u00e1 marca internacional. | Proagro","isPartOf":{"@id":"https:\/\/proagrolab.com.ar\/#website"},"primaryImageOfPage":{"@id":"https:\/\/proagrolab.com.ar\/gremio-pecuario-afirma-que-la-carne-natural-de-paraguay-sera-marca-internacional\/#primaryimage"},"image":{"@id":"https:\/\/proagrolab.com.ar\/gremio-pecuario-afirma-que-la-carne-natural-de-paraguay-sera-marca-internacional\/#primaryimage"},"thumbnailUrl":"https:\/\/proagrolab.com.ar\/wp-content\/uploads\/2015\/01\/g_nbsvh2h5v__Frigor\u00edfico-4.jpg","datePublished":"2013-12-05T00:00:01+00:00","breadcrumb":{"@id":"https:\/\/proagrolab.com.ar\/gremio-pecuario-afirma-que-la-carne-natural-de-paraguay-sera-marca-internacional\/#breadcrumb"},"inLanguage":"en-US","potentialAction":[{"@type":"ReadAction","target":["https:\/\/proagrolab.com.ar\/gremio-pecuario-afirma-que-la-carne-natural-de-paraguay-sera-marca-internacional\/"]}]},{"@type":"ImageObject","inLanguage":"en-US","@id":"https:\/\/proagrolab.com.ar\/gremio-pecuario-afirma-que-la-carne-natural-de-paraguay-sera-marca-internacional\/#primaryimage","url":"https:\/\/proagrolab.com.ar\/wp-content\/uploads\/2015\/01\/g_nbsvh2h5v__Frigor\u00edfico-4.jpg","contentUrl":"https:\/\/proagrolab.com.ar\/wp-content\/uploads\/2015\/01\/g_nbsvh2h5v__Frigor\u00edfico-4.jpg"},{"@type":"BreadcrumbList","@id":"https:\/\/proagrolab.com.ar\/gremio-pecuario-afirma-que-la-carne-natural-de-paraguay-sera-marca-internacional\/#breadcrumb","itemListElement":[{"@type":"ListItem","position":1,"name":"Portada","item":"https:\/\/proagrolab.com.ar\/"},{"@type":"ListItem","position":2,"name":"Gremio pecuario afirma que la carne natural de Paraguay ser\u00e1 marca internacional."}]},{"@type":"WebSite","@id":"https:\/\/proagrolab.com.ar\/#website","url":"https:\/\/proagrolab.com.ar\/","name":"Proagro Laboratorio Veterinario","description":"Veterinary laboratory","publisher":{"@id":"https:\/\/proagrolab.com.ar\/#organization"},"potentialAction":[{"@type":"SearchAction","target":{"@type":"EntryPoint","urlTemplate":"https:\/\/proagrolab.com.ar\/?s={search_term_string}"},"query-input":{"@type":"PropertyValueSpecification","valueRequired":true,"valueName":"search_term_string"}}],"inLanguage":"en-US"},{"@type":"Organization","@id":"https:\/\/proagrolab.com.ar\/#organization","name":"Proagro","url":"https:\/\/proagrolab.com.ar\/","logo":{"@type":"ImageObject","inLanguage":"en-US","@id":"https:\/\/proagrolab.com.ar\/#\/schema\/logo\/image\/","url":"https:\/\/proagrolab.com.ar\/wp-content\/uploads\/2020\/04\/logo-retina.png","contentUrl":"https:\/\/proagrolab.com.ar\/wp-content\/uploads\/2020\/04\/logo-retina.png","width":478,"height":120,"caption":"Proagro"},"image":{"@id":"https:\/\/proagrolab.com.ar\/#\/schema\/logo\/image\/"},"sameAs":["http:\/\/www.facebook.com\/proagrolab","https:\/\/www.instagram.com\/proagrolab\/","https:\/\/www.linkedin.com\/company\/laboratorio-proagro-s-a\/"]},{"@type":"Person","@id":"https:\/\/proagrolab.com.ar\/#\/schema\/person\/38003ff90bf80381f71c7d922d207444","name":"proagrolab"}]}},"_links":{"self":[{"href":"https:\/\/proagrolab.com.ar\/en\/wp-json\/wp\/v2\/posts\/5853","targetHints":{"allow":["GET"]}}],"collection":[{"href":"https:\/\/proagrolab.com.ar\/en\/wp-json\/wp\/v2\/posts"}],"about":[{"href":"https:\/\/proagrolab.com.ar\/en\/wp-json\/wp\/v2\/types\/post"}],"author":[{"embeddable":true,"href":"https:\/\/proagrolab.com.ar\/en\/wp-json\/wp\/v2\/users\/2"}],"replies":[{"embeddable":true,"href":"https:\/\/proagrolab.com.ar\/en\/wp-json\/wp\/v2\/comments?post=5853"}],"version-history":[{"count":0,"href":"https:\/\/proagrolab.com.ar\/en\/wp-json\/wp\/v2\/posts\/5853\/revisions"}],"wp:featuredmedia":[{"embeddable":true,"href":"https:\/\/proagrolab.com.ar\/en\/wp-json\/wp\/v2\/media\/2339"}],"wp:attachment":[{"href":"https:\/\/proagrolab.com.ar\/en\/wp-json\/wp\/v2\/media?parent=5853"}],"wp:term":[{"taxonomy":"category","embeddable":true,"href":"https:\/\/proagrolab.com.ar\/en\/wp-json\/wp\/v2\/categories?post=5853"},{"taxonomy":"post_tag","embeddable":true,"href":"https:\/\/proagrolab.com.ar\/en\/wp-json\/wp\/v2\/tags?post=5853"}],"curies":[{"name":"wp","href":"https:\/\/api.w.org\/{rel}","templated":true}]}}