{"id":5851,"date":"2013-12-04T00:00:01","date_gmt":"2013-12-04T00:00:01","guid":{"rendered":"https:\/\/proagrolab.com.ar\/capitanich-le-prometio-al-campo-que-el-gobierno-volvera-a-recibirlo\/"},"modified":"2013-12-04T00:00:01","modified_gmt":"2013-12-04T00:00:01","slug":"capitanich-le-prometio-al-campo-que-el-gobierno-volvera-a-recibirlo","status":"publish","type":"post","link":"https:\/\/proagrolab.com.ar\/en\/capitanich-le-prometio-al-campo-que-el-gobierno-volvera-a-recibirlo\/","title":{"rendered":"Capitanich le prometi\u00f3 al campo que el Gobierno volver\u00e1 a recibirlo."},"content":{"rendered":"<p class=\"qtranxs-available-languages-message qtranxs-available-languages-message-en\"> <\/p><p>Tras dos a\u00f1os sin contactos fue interceptado por Buzzi y Etchevehere en la conferencia de la UIA; les dedic\u00f3 cinco minutos y acept\u00f3 organizar una pr\u00f3xima reuni\u00f3n.<\/p>\n<p>Por Pablo Fern\u00e1ndez Blanco.<\/p>\n<p>El sal\u00f3n VIP de la 19a. Conferencia Industrial estaba invadido por un calor sofocante. No fue suficiente, sin embargo, para amedrentar a Luis Etchevehere, presidente de la Sociedad Rural, y a Eduardo Buzzi, su par de Federaci\u00f3n Agraria, que minutos despu\u00e9s de las 12 montaron guardia frente a la puerta. Ten\u00edan un objetivo declarado: toparse con el jefe de Gabinete, Jorge Capitanich, orador del cierre de la jornada en el hotel Sofitel de Los Cardales, para intentar un di\u00e1logo entre el campo y el Gobierno, que no los atiende.<\/p>\n<p>Etchevehere y Buzzi mostraban un nerviosismo de adolescente a punto de hablarle a una chica. Mientras apretaban un pu\u00f1ado de papeles que quer\u00edan darle al jefe de ministros, a cada uno de los que les preguntaban le respond\u00edan, un poco en broma y otro poco en serio, que estaban dispuestos a hacer un piquete. Toda su estrategia se ech\u00f3 por tierra de un solo empuj\u00f3n cuando los custodios de Capitanich obligaron a despejar la puerta por la que entrar\u00eda el jefe de Gabinete.<\/p>\n<p>Los hombres del campo volvieron a la carga tras el discurso del chaque\u00f1o. &#8220;Coqui, Coqui&#8221;, grit\u00f3 Buzzi. Conoc\u00eda a Capitanich desde el gobierno de Eduardo Duhalde. El jefe de Gabinete fren\u00f3, acept\u00f3 el di\u00e1logo e invit\u00f3 a ambos a pasar a un peque\u00f1o cuarto improvisado en el VIP.<\/p>\n<p>El encuentro no super\u00f3 los cinco minutos, lo suficiente para generar por lo menos dos paradojas: Etchevehere y Buzzi hab\u00edan logrado que un funcionario p\u00fablico los atendiera luego de 23 meses sin di\u00e1logo entre el campo y el Gobierno. La \u00faltima reuni\u00f3n hab\u00eda sido en enero de 2012, cuando el entonces ministro de Agricultura, Norberto Yauhar, recibi\u00f3 a la Mesa de Enlace.<\/p>\n<p>El ef\u00edmero c\u00f3nclave tambi\u00e9n puso sobre la mesa una realidad dif\u00edcil de explicar: uno de los sectores m\u00e1s din\u00e1micos de la econom\u00eda hab\u00eda podido establecer un contacto ef\u00edmero con el nuevo hombre fuerte del Gobierno en conferencia dedicada exclusivamente a la industria.<\/p>\n<p>Caf\u00e9 mediante, los ruralistas le comentaron a Capitanich que le hab\u00edan mandado al nuevo ministro de Agricultura una carta que, hasta el momento, no hab\u00eda tenido respuesta. Les respondi\u00f3 sin vueltas. Les dijo que le dieran &#8220;tiempo&#8221;, que estaba buscando la manera de reabrir el di\u00e1logo con ese sector y que entre sus prioridades figuraba una convocatoria al campo. &#8220;Estamos trabajando con un nuevo paradigma. Lo estamos implementando&#8221;, les dijo, y les pidi\u00f3 que, si as\u00ed lo consideraban, siguieran siendo cr\u00edticos: &#8220;Hagan lo que tengan que hacer.&#8221; En ning\u00fan momento se refiri\u00f3 a la liquidaci\u00f3n de la cosecha o al ingreso de divisas. Se fue con la invitaci\u00f3n a participar en un encuentro que, con una amplia convocatoria, organiza el campo. Etchevehere y Buzzi no pudieron ocultar la sonrisa y el buen humor.<\/p>\n<p>Ante los industriales, Capitanich pareci\u00f3 tomar apuntes del manual de los empresarios. Por lo menos \u00e9sa fue la sensaci\u00f3n que qued\u00f3 en el ambiente. Record\u00f3 que el Gobierno hab\u00eda iniciado la &#8220;resoluci\u00f3n de los juicios ante el Ciadi&#8221;; sostuvo que el plan de financiamiento de la Argentina para los pr\u00f3ximos a\u00f1os contempla &#8220;la llegada de 3000 millones de d\u00f3lares del Banco Mundial&#8221;; avis\u00f3 que est\u00e1n disponibles recursos del Banco Interamericano de Desarrollo (BID), el Banco de Desarrollo de Am\u00e9rica latina (conocido como &#8220;CAF&#8221;) y el brasile\u00f1o Bndes.<\/p>\n<p>Mencion\u00f3 el acuerdo con Repsol por la expropiaci\u00f3n del 51% de las acciones en la petrolera YPF y confirm\u00f3, una vez m\u00e1s y sin disimulos, que el Gobierno busca un acuerdo con el Club de Par\u00eds. &#8220;Apuntamos a procesos de normalizaci\u00f3n del sistema de financiamiento.&#8221;<\/p>\n<p>M\u00fasica afinada para el o\u00eddo empresarial. Eduardo Eurnekian, due\u00f1o de Corporaci\u00f3n Am\u00e9rica, no ahorr\u00f3 elogios. &#8220;El discurso fue brillante. Marca un cambio comunicacional entre el Gobierno y la sociedad&#8221;, sostuvo. Destac\u00f3 la nueva vocaci\u00f3n oficial por &#8220;acercarse al mercado de capital y financiero para atender obras de infraestructura&#8221;.<\/p>\n<p>Gabriel Romero, concesionario de Ferrov\u00edas y la Hidrov\u00eda, emple\u00f3 el mismo adjetivo: &#8220;Brillante discurso&#8221;. Y Jos\u00e9 Urtubey, presidente de Celulosa, celebr\u00f3 que Capitanich les dio importancia a &#8220;la necesidad de conectividad en el interior, y a las econom\u00edas regionales. Se not\u00f3 una apertura al mundo&#8221;.<\/p>\n<p>El presidente de la C\u00e1mara Argentina de la Construcci\u00f3n, Gustavo Weiss, entendi\u00f3 que Capitanich &#8220;puso sobre la mesa los temas sobre los que hay que hablar&#8221;, dado que solucionar el frente externo es &#8220;fundamental para que las empresas privadas obtengan financiamiento&#8221;.<\/p>\n<p>Incluso Kevin Sullivan, encargado de negocios de la embajada de EE.UU. -hoy es la mayor autoridad de esa dependencia diplom\u00e1tica-, esboz\u00f3 una mirada positiva. Marc\u00f3 como se\u00f1ales positivas el intento de acuerdo con Repsol y la soluci\u00f3n de conflictos ante el Ciadi. Tambi\u00e9n vaticin\u00f3 que &#8220;el convenio de Chevron con YPF abre posibilidades al ingreso de otras compa\u00f1\u00edas&#8221;.<\/p>\n<p>Fuente: La Naci\u00f3n, 4 de diciembre.<br \/><\/p>","protected":false},"excerpt":{"rendered":"<p>Tras dos a\u00f1os sin contactos fue interceptado por Buzzi y Etchevehere en la conferencia de la UIA; les dedic\u00f3 cinco minutos y acept\u00f3 organizar una pr\u00f3xima reuni\u00f3n. Por Pablo Fern\u00e1ndez Blanco. El sal\u00f3n VIP de la 19a. Conferencia Industrial estaba invadido por un calor sofocante. No fue suficiente, sin embargo, para amedrentar a Luis Etchevehere, presidente de la Sociedad Rural, y a Eduardo Buzzi, su par de Federaci\u00f3n Agraria, que minutos despu\u00e9s de las 12 montaron guardia frente a la puerta. Ten\u00edan un objetivo declarado: toparse con el jefe de Gabinete, Jorge Capitanich, orador del cierre de la jornada en el hotel Sofitel de Los Cardales, para intentar un di\u00e1logo entre el campo y el Gobierno, que no los atiende. Etchevehere y Buzzi mostraban un nerviosismo de adolescente a punto de hablarle a una chica. Mientras apretaban un pu\u00f1ado de papeles que quer\u00edan darle al jefe de ministros, a cada uno de los que les preguntaban le respond\u00edan, un poco en broma y otro poco en serio, que estaban dispuestos a hacer un piquete. Toda su estrategia se ech\u00f3 por tierra de un solo empuj\u00f3n cuando los custodios de Capitanich obligaron a despejar la puerta por la que entrar\u00eda el [&hellip;]<\/p>\n","protected":false},"author":2,"featured_media":2337,"comment_status":"closed","ping_status":"open","sticky":false,"template":"","format":"standard","meta":{"_acf_changed":false,"footnotes":""},"categories":[56],"tags":[],"class_list":["post-5851","post","type-post","status-publish","format-standard","has-post-thumbnail","hentry","category-infoganadero"],"acf":[],"yoast_head":"<!-- This site is optimized with the Yoast SEO plugin v27.4 - https:\/\/yoast.com\/product\/yoast-seo-wordpress\/ -->\n<title>Capitanich le prometi\u00f3 al campo que el Gobierno volver\u00e1 a recibirlo. | Proagro<\/title>\n<meta name=\"robots\" content=\"index, follow, max-snippet:-1, max-image-preview:large, max-video-preview:-1\" \/>\n<link rel=\"canonical\" href=\"https:\/\/proagrolab.com.ar\/en\/capitanich-le-prometio-al-campo-que-el-gobierno-volvera-a-recibirlo\/\" \/>\n<meta property=\"og:locale\" content=\"en_US\" \/>\n<meta property=\"og:type\" content=\"article\" \/>\n<meta property=\"og:title\" content=\"Capitanich le prometi\u00f3 al campo que el Gobierno volver\u00e1 a recibirlo. | Proagro\" \/>\n<meta property=\"og:description\" content=\"Tras dos a\u00f1os sin contactos fue interceptado por Buzzi y Etchevehere en la conferencia de la UIA; les dedic\u00f3 cinco minutos y acept\u00f3 organizar una pr\u00f3xima reuni\u00f3n. Por Pablo Fern\u00e1ndez Blanco. El sal\u00f3n VIP de la 19a. Conferencia Industrial estaba invadido por un calor sofocante. No fue suficiente, sin embargo, para amedrentar a Luis Etchevehere, presidente de la Sociedad Rural, y a Eduardo Buzzi, su par de Federaci\u00f3n Agraria, que minutos despu\u00e9s de las 12 montaron guardia frente a la puerta. Ten\u00edan un objetivo declarado: toparse con el jefe de Gabinete, Jorge Capitanich, orador del cierre de la jornada en el hotel Sofitel de Los Cardales, para intentar un di\u00e1logo entre el campo y el Gobierno, que no los atiende. Etchevehere y Buzzi mostraban un nerviosismo de adolescente a punto de hablarle a una chica. Mientras apretaban un pu\u00f1ado de papeles que quer\u00edan darle al jefe de ministros, a cada uno de los que les preguntaban le respond\u00edan, un poco en broma y otro poco en serio, que estaban dispuestos a hacer un piquete. Toda su estrategia se ech\u00f3 por tierra de un solo empuj\u00f3n cuando los custodios de Capitanich obligaron a despejar la puerta por la que entrar\u00eda el [&hellip;]\" \/>\n<meta property=\"og:url\" content=\"https:\/\/proagrolab.com.ar\/capitanich-le-prometio-al-campo-que-el-gobierno-volvera-a-recibirlo\/\" \/>\n<meta property=\"og:site_name\" content=\"Proagro\" \/>\n<meta property=\"article:publisher\" content=\"http:\/\/www.facebook.com\/proagrolab\" \/>\n<meta property=\"article:published_time\" content=\"2013-12-04T00:00:01+00:00\" \/>\n<meta property=\"og:image\" content=\"https:\/\/proagrolab.com.ar\/wp-content\/uploads\/2015\/01\/g_auuy1oymg__Buzzi-2.jpg\" \/>\n\t<meta property=\"og:image:width\" content=\"450\" \/>\n\t<meta property=\"og:image:height\" content=\"208\" \/>\n\t<meta property=\"og:image:type\" content=\"image\/jpeg\" \/>\n<meta name=\"author\" content=\"proagrolab\" \/>\n<meta name=\"twitter:card\" content=\"summary_large_image\" \/>\n<meta name=\"twitter:label1\" content=\"Written by\" \/>\n\t<meta name=\"twitter:data1\" content=\"proagrolab\" \/>\n\t<meta name=\"twitter:label2\" content=\"Est. reading time\" \/>\n\t<meta name=\"twitter:data2\" content=\"4 minutes\" \/>\n<script type=\"application\/ld+json\" class=\"yoast-schema-graph\">{\"@context\":\"https:\\\/\\\/schema.org\",\"@graph\":[{\"@type\":\"Article\",\"@id\":\"https:\\\/\\\/proagrolab.com.ar\\\/capitanich-le-prometio-al-campo-que-el-gobierno-volvera-a-recibirlo\\\/#article\",\"isPartOf\":{\"@id\":\"https:\\\/\\\/proagrolab.com.ar\\\/capitanich-le-prometio-al-campo-que-el-gobierno-volvera-a-recibirlo\\\/\"},\"author\":{\"name\":\"proagrolab\",\"@id\":\"https:\\\/\\\/proagrolab.com.ar\\\/#\\\/schema\\\/person\\\/38003ff90bf80381f71c7d922d207444\"},\"headline\":\"Capitanich le prometi\u00f3 al campo que el Gobierno volver\u00e1 a recibirlo.\",\"datePublished\":\"2013-12-04T00:00:01+00:00\",\"mainEntityOfPage\":{\"@id\":\"https:\\\/\\\/proagrolab.com.ar\\\/capitanich-le-prometio-al-campo-que-el-gobierno-volvera-a-recibirlo\\\/\"},\"wordCount\":893,\"publisher\":{\"@id\":\"https:\\\/\\\/proagrolab.com.ar\\\/#organization\"},\"image\":{\"@id\":\"https:\\\/\\\/proagrolab.com.ar\\\/capitanich-le-prometio-al-campo-que-el-gobierno-volvera-a-recibirlo\\\/#primaryimage\"},\"thumbnailUrl\":\"https:\\\/\\\/proagrolab.com.ar\\\/wp-content\\\/uploads\\\/2015\\\/01\\\/g_auuy1oymg__Buzzi-2.jpg\",\"articleSection\":[\"News\"],\"inLanguage\":\"en-US\"},{\"@type\":\"WebPage\",\"@id\":\"https:\\\/\\\/proagrolab.com.ar\\\/capitanich-le-prometio-al-campo-que-el-gobierno-volvera-a-recibirlo\\\/\",\"url\":\"https:\\\/\\\/proagrolab.com.ar\\\/capitanich-le-prometio-al-campo-que-el-gobierno-volvera-a-recibirlo\\\/\",\"name\":\"Capitanich le prometi\u00f3 al campo que el Gobierno volver\u00e1 a recibirlo. | Proagro\",\"isPartOf\":{\"@id\":\"https:\\\/\\\/proagrolab.com.ar\\\/#website\"},\"primaryImageOfPage\":{\"@id\":\"https:\\\/\\\/proagrolab.com.ar\\\/capitanich-le-prometio-al-campo-que-el-gobierno-volvera-a-recibirlo\\\/#primaryimage\"},\"image\":{\"@id\":\"https:\\\/\\\/proagrolab.com.ar\\\/capitanich-le-prometio-al-campo-que-el-gobierno-volvera-a-recibirlo\\\/#primaryimage\"},\"thumbnailUrl\":\"https:\\\/\\\/proagrolab.com.ar\\\/wp-content\\\/uploads\\\/2015\\\/01\\\/g_auuy1oymg__Buzzi-2.jpg\",\"datePublished\":\"2013-12-04T00:00:01+00:00\",\"breadcrumb\":{\"@id\":\"https:\\\/\\\/proagrolab.com.ar\\\/capitanich-le-prometio-al-campo-que-el-gobierno-volvera-a-recibirlo\\\/#breadcrumb\"},\"inLanguage\":\"en-US\",\"potentialAction\":[{\"@type\":\"ReadAction\",\"target\":[\"https:\\\/\\\/proagrolab.com.ar\\\/capitanich-le-prometio-al-campo-que-el-gobierno-volvera-a-recibirlo\\\/\"]}]},{\"@type\":\"ImageObject\",\"inLanguage\":\"en-US\",\"@id\":\"https:\\\/\\\/proagrolab.com.ar\\\/capitanich-le-prometio-al-campo-que-el-gobierno-volvera-a-recibirlo\\\/#primaryimage\",\"url\":\"https:\\\/\\\/proagrolab.com.ar\\\/wp-content\\\/uploads\\\/2015\\\/01\\\/g_auuy1oymg__Buzzi-2.jpg\",\"contentUrl\":\"https:\\\/\\\/proagrolab.com.ar\\\/wp-content\\\/uploads\\\/2015\\\/01\\\/g_auuy1oymg__Buzzi-2.jpg\",\"width\":450,\"height\":208},{\"@type\":\"BreadcrumbList\",\"@id\":\"https:\\\/\\\/proagrolab.com.ar\\\/capitanich-le-prometio-al-campo-que-el-gobierno-volvera-a-recibirlo\\\/#breadcrumb\",\"itemListElement\":[{\"@type\":\"ListItem\",\"position\":1,\"name\":\"Portada\",\"item\":\"https:\\\/\\\/proagrolab.com.ar\\\/\"},{\"@type\":\"ListItem\",\"position\":2,\"name\":\"Capitanich le prometi\u00f3 al campo que el Gobierno volver\u00e1 a recibirlo.\"}]},{\"@type\":\"WebSite\",\"@id\":\"https:\\\/\\\/proagrolab.com.ar\\\/#website\",\"url\":\"https:\\\/\\\/proagrolab.com.ar\\\/\",\"name\":\"Proagro Laboratorio Veterinario\",\"description\":\"Veterinary laboratory\",\"publisher\":{\"@id\":\"https:\\\/\\\/proagrolab.com.ar\\\/#organization\"},\"potentialAction\":[{\"@type\":\"SearchAction\",\"target\":{\"@type\":\"EntryPoint\",\"urlTemplate\":\"https:\\\/\\\/proagrolab.com.ar\\\/?s={search_term_string}\"},\"query-input\":{\"@type\":\"PropertyValueSpecification\",\"valueRequired\":true,\"valueName\":\"search_term_string\"}}],\"inLanguage\":\"en-US\"},{\"@type\":\"Organization\",\"@id\":\"https:\\\/\\\/proagrolab.com.ar\\\/#organization\",\"name\":\"Proagro\",\"url\":\"https:\\\/\\\/proagrolab.com.ar\\\/\",\"logo\":{\"@type\":\"ImageObject\",\"inLanguage\":\"en-US\",\"@id\":\"https:\\\/\\\/proagrolab.com.ar\\\/#\\\/schema\\\/logo\\\/image\\\/\",\"url\":\"https:\\\/\\\/proagrolab.com.ar\\\/wp-content\\\/uploads\\\/2020\\\/04\\\/logo-retina.png\",\"contentUrl\":\"https:\\\/\\\/proagrolab.com.ar\\\/wp-content\\\/uploads\\\/2020\\\/04\\\/logo-retina.png\",\"width\":478,\"height\":120,\"caption\":\"Proagro\"},\"image\":{\"@id\":\"https:\\\/\\\/proagrolab.com.ar\\\/#\\\/schema\\\/logo\\\/image\\\/\"},\"sameAs\":[\"http:\\\/\\\/www.facebook.com\\\/proagrolab\",\"https:\\\/\\\/www.instagram.com\\\/proagrolab\\\/\",\"https:\\\/\\\/www.linkedin.com\\\/company\\\/laboratorio-proagro-s-a\\\/\"]},{\"@type\":\"Person\",\"@id\":\"https:\\\/\\\/proagrolab.com.ar\\\/#\\\/schema\\\/person\\\/38003ff90bf80381f71c7d922d207444\",\"name\":\"proagrolab\"}]}<\/script>\n<!-- \/ Yoast SEO plugin. -->","yoast_head_json":{"title":"Capitanich le prometi\u00f3 al campo que el Gobierno volver\u00e1 a recibirlo. | Proagro","robots":{"index":"index","follow":"follow","max-snippet":"max-snippet:-1","max-image-preview":"max-image-preview:large","max-video-preview":"max-video-preview:-1"},"canonical":"https:\/\/proagrolab.com.ar\/en\/capitanich-le-prometio-al-campo-que-el-gobierno-volvera-a-recibirlo\/","og_locale":"en_US","og_type":"article","og_title":"Capitanich le prometi\u00f3 al campo que el Gobierno volver\u00e1 a recibirlo. | Proagro","og_description":"Tras dos a\u00f1os sin contactos fue interceptado por Buzzi y Etchevehere en la conferencia de la UIA; les dedic\u00f3 cinco minutos y acept\u00f3 organizar una pr\u00f3xima reuni\u00f3n. Por Pablo Fern\u00e1ndez Blanco. El sal\u00f3n VIP de la 19a. Conferencia Industrial estaba invadido por un calor sofocante. No fue suficiente, sin embargo, para amedrentar a Luis Etchevehere, presidente de la Sociedad Rural, y a Eduardo Buzzi, su par de Federaci\u00f3n Agraria, que minutos despu\u00e9s de las 12 montaron guardia frente a la puerta. Ten\u00edan un objetivo declarado: toparse con el jefe de Gabinete, Jorge Capitanich, orador del cierre de la jornada en el hotel Sofitel de Los Cardales, para intentar un di\u00e1logo entre el campo y el Gobierno, que no los atiende. Etchevehere y Buzzi mostraban un nerviosismo de adolescente a punto de hablarle a una chica. Mientras apretaban un pu\u00f1ado de papeles que quer\u00edan darle al jefe de ministros, a cada uno de los que les preguntaban le respond\u00edan, un poco en broma y otro poco en serio, que estaban dispuestos a hacer un piquete. Toda su estrategia se ech\u00f3 por tierra de un solo empuj\u00f3n cuando los custodios de Capitanich obligaron a despejar la puerta por la que entrar\u00eda el [&hellip;]","og_url":"https:\/\/proagrolab.com.ar\/capitanich-le-prometio-al-campo-que-el-gobierno-volvera-a-recibirlo\/","og_site_name":"Proagro","article_publisher":"http:\/\/www.facebook.com\/proagrolab","article_published_time":"2013-12-04T00:00:01+00:00","og_image":[{"width":450,"height":208,"url":"https:\/\/proagrolab.com.ar\/wp-content\/uploads\/2015\/01\/g_auuy1oymg__Buzzi-2.jpg","type":"image\/jpeg"}],"author":"proagrolab","twitter_card":"summary_large_image","twitter_misc":{"Written by":"proagrolab","Est. reading time":"4 minutes"},"schema":{"@context":"https:\/\/schema.org","@graph":[{"@type":"Article","@id":"https:\/\/proagrolab.com.ar\/capitanich-le-prometio-al-campo-que-el-gobierno-volvera-a-recibirlo\/#article","isPartOf":{"@id":"https:\/\/proagrolab.com.ar\/capitanich-le-prometio-al-campo-que-el-gobierno-volvera-a-recibirlo\/"},"author":{"name":"proagrolab","@id":"https:\/\/proagrolab.com.ar\/#\/schema\/person\/38003ff90bf80381f71c7d922d207444"},"headline":"Capitanich le prometi\u00f3 al campo que el Gobierno volver\u00e1 a recibirlo.","datePublished":"2013-12-04T00:00:01+00:00","mainEntityOfPage":{"@id":"https:\/\/proagrolab.com.ar\/capitanich-le-prometio-al-campo-que-el-gobierno-volvera-a-recibirlo\/"},"wordCount":893,"publisher":{"@id":"https:\/\/proagrolab.com.ar\/#organization"},"image":{"@id":"https:\/\/proagrolab.com.ar\/capitanich-le-prometio-al-campo-que-el-gobierno-volvera-a-recibirlo\/#primaryimage"},"thumbnailUrl":"https:\/\/proagrolab.com.ar\/wp-content\/uploads\/2015\/01\/g_auuy1oymg__Buzzi-2.jpg","articleSection":["News"],"inLanguage":"en-US"},{"@type":"WebPage","@id":"https:\/\/proagrolab.com.ar\/capitanich-le-prometio-al-campo-que-el-gobierno-volvera-a-recibirlo\/","url":"https:\/\/proagrolab.com.ar\/capitanich-le-prometio-al-campo-que-el-gobierno-volvera-a-recibirlo\/","name":"Capitanich le prometi\u00f3 al campo que el Gobierno volver\u00e1 a recibirlo. | Proagro","isPartOf":{"@id":"https:\/\/proagrolab.com.ar\/#website"},"primaryImageOfPage":{"@id":"https:\/\/proagrolab.com.ar\/capitanich-le-prometio-al-campo-que-el-gobierno-volvera-a-recibirlo\/#primaryimage"},"image":{"@id":"https:\/\/proagrolab.com.ar\/capitanich-le-prometio-al-campo-que-el-gobierno-volvera-a-recibirlo\/#primaryimage"},"thumbnailUrl":"https:\/\/proagrolab.com.ar\/wp-content\/uploads\/2015\/01\/g_auuy1oymg__Buzzi-2.jpg","datePublished":"2013-12-04T00:00:01+00:00","breadcrumb":{"@id":"https:\/\/proagrolab.com.ar\/capitanich-le-prometio-al-campo-que-el-gobierno-volvera-a-recibirlo\/#breadcrumb"},"inLanguage":"en-US","potentialAction":[{"@type":"ReadAction","target":["https:\/\/proagrolab.com.ar\/capitanich-le-prometio-al-campo-que-el-gobierno-volvera-a-recibirlo\/"]}]},{"@type":"ImageObject","inLanguage":"en-US","@id":"https:\/\/proagrolab.com.ar\/capitanich-le-prometio-al-campo-que-el-gobierno-volvera-a-recibirlo\/#primaryimage","url":"https:\/\/proagrolab.com.ar\/wp-content\/uploads\/2015\/01\/g_auuy1oymg__Buzzi-2.jpg","contentUrl":"https:\/\/proagrolab.com.ar\/wp-content\/uploads\/2015\/01\/g_auuy1oymg__Buzzi-2.jpg","width":450,"height":208},{"@type":"BreadcrumbList","@id":"https:\/\/proagrolab.com.ar\/capitanich-le-prometio-al-campo-que-el-gobierno-volvera-a-recibirlo\/#breadcrumb","itemListElement":[{"@type":"ListItem","position":1,"name":"Portada","item":"https:\/\/proagrolab.com.ar\/"},{"@type":"ListItem","position":2,"name":"Capitanich le prometi\u00f3 al campo que el Gobierno volver\u00e1 a recibirlo."}]},{"@type":"WebSite","@id":"https:\/\/proagrolab.com.ar\/#website","url":"https:\/\/proagrolab.com.ar\/","name":"Proagro Laboratorio Veterinario","description":"Veterinary laboratory","publisher":{"@id":"https:\/\/proagrolab.com.ar\/#organization"},"potentialAction":[{"@type":"SearchAction","target":{"@type":"EntryPoint","urlTemplate":"https:\/\/proagrolab.com.ar\/?s={search_term_string}"},"query-input":{"@type":"PropertyValueSpecification","valueRequired":true,"valueName":"search_term_string"}}],"inLanguage":"en-US"},{"@type":"Organization","@id":"https:\/\/proagrolab.com.ar\/#organization","name":"Proagro","url":"https:\/\/proagrolab.com.ar\/","logo":{"@type":"ImageObject","inLanguage":"en-US","@id":"https:\/\/proagrolab.com.ar\/#\/schema\/logo\/image\/","url":"https:\/\/proagrolab.com.ar\/wp-content\/uploads\/2020\/04\/logo-retina.png","contentUrl":"https:\/\/proagrolab.com.ar\/wp-content\/uploads\/2020\/04\/logo-retina.png","width":478,"height":120,"caption":"Proagro"},"image":{"@id":"https:\/\/proagrolab.com.ar\/#\/schema\/logo\/image\/"},"sameAs":["http:\/\/www.facebook.com\/proagrolab","https:\/\/www.instagram.com\/proagrolab\/","https:\/\/www.linkedin.com\/company\/laboratorio-proagro-s-a\/"]},{"@type":"Person","@id":"https:\/\/proagrolab.com.ar\/#\/schema\/person\/38003ff90bf80381f71c7d922d207444","name":"proagrolab"}]}},"_links":{"self":[{"href":"https:\/\/proagrolab.com.ar\/en\/wp-json\/wp\/v2\/posts\/5851","targetHints":{"allow":["GET"]}}],"collection":[{"href":"https:\/\/proagrolab.com.ar\/en\/wp-json\/wp\/v2\/posts"}],"about":[{"href":"https:\/\/proagrolab.com.ar\/en\/wp-json\/wp\/v2\/types\/post"}],"author":[{"embeddable":true,"href":"https:\/\/proagrolab.com.ar\/en\/wp-json\/wp\/v2\/users\/2"}],"replies":[{"embeddable":true,"href":"https:\/\/proagrolab.com.ar\/en\/wp-json\/wp\/v2\/comments?post=5851"}],"version-history":[{"count":0,"href":"https:\/\/proagrolab.com.ar\/en\/wp-json\/wp\/v2\/posts\/5851\/revisions"}],"wp:featuredmedia":[{"embeddable":true,"href":"https:\/\/proagrolab.com.ar\/en\/wp-json\/wp\/v2\/media\/2337"}],"wp:attachment":[{"href":"https:\/\/proagrolab.com.ar\/en\/wp-json\/wp\/v2\/media?parent=5851"}],"wp:term":[{"taxonomy":"category","embeddable":true,"href":"https:\/\/proagrolab.com.ar\/en\/wp-json\/wp\/v2\/categories?post=5851"},{"taxonomy":"post_tag","embeddable":true,"href":"https:\/\/proagrolab.com.ar\/en\/wp-json\/wp\/v2\/tags?post=5851"}],"curies":[{"name":"wp","href":"https:\/\/api.w.org\/{rel}","templated":true}]}}