{"id":5850,"date":"2013-12-03T00:00:01","date_gmt":"2013-12-03T00:00:01","guid":{"rendered":"https:\/\/proagrolab.com.ar\/hacia-un-brasil-libre-de-aftosa\/"},"modified":"2013-12-03T00:00:01","modified_gmt":"2013-12-03T00:00:01","slug":"hacia-un-brasil-libre-de-aftosa","status":"publish","type":"post","link":"https:\/\/proagrolab.com.ar\/en\/hacia-un-brasil-libre-de-aftosa\/","title":{"rendered":"Hacia un Brasil libre de aftosa"},"content":{"rendered":"<p class=\"qtranxs-available-languages-message qtranxs-available-languages-message-en\"> <\/p><p>Ocho estados brasile\u00f1os podr\u00e1n recibir la certificaci\u00f3n de libre de aftosa en mayo de 2014, lo que llevar\u00e1 a un total de 23 estados con ese estatus. A esto se agrega el hecho de que Santa Catarina es libre de aftosa sin vacunaci\u00f3n desde 2007.<\/p>\n<p>De acuerdo a lo informado por el Ministerio de Ganader\u00eda, a fines de octubre se envi\u00f3 a la OIE la documentaci\u00f3n correspondiente para que el m\u00e1ximo organismo sanitario internacional reconozca el nuevo estatus de los estados de Alagoas, Pernambuco, Paraiba, Rio Grande do Norte, Cear\u00e1, Piau\u00ed y Maranhao y Rio Grande del Norte, adem\u00e1s de parte de Par\u00e1, todos ellos ubicados al Nordeste de Brasil.<\/p>\n<p>\u0093Cuando est\u00e9n certificados, el 78% del territorio nacional ser\u00e1 libre de aftosa, lo que implica el 99% del reba\u00f1o nacional (unos de 205 millones de cabezas). Esto posibilitar\u00e1 la apertura de nuevos mercados\u0094, inform\u00f3 el Ministerio.<\/p>\n<p>La meta de Brasil es conseguir la certificaci\u00f3n de pa\u00eds libre de aftosa en 2015 para lo cual est\u00e1n trabajando en los estados amaz\u00f3nicos de Amap\u00e1, Roraima y una parte de Amazonas.<\/p>\n<p>Fuente: Valor Carne, 2 de diciembre.<br \/><\/p>","protected":false},"excerpt":{"rendered":"<p>Ocho estados brasile\u00f1os podr\u00e1n recibir la certificaci\u00f3n de libre de aftosa en mayo de 2014, lo que llevar\u00e1 a un total de 23 estados con ese estatus. A esto se agrega el hecho de que Santa Catarina es libre de aftosa sin vacunaci\u00f3n desde 2007. De acuerdo a lo informado por el Ministerio de Ganader\u00eda, a fines de octubre se envi\u00f3 a la OIE la documentaci\u00f3n correspondiente para que el m\u00e1ximo organismo sanitario internacional reconozca el nuevo estatus de los estados de Alagoas, Pernambuco, Paraiba, Rio Grande do Norte, Cear\u00e1, Piau\u00ed y Maranhao y Rio Grande del Norte, adem\u00e1s de parte de Par\u00e1, todos ellos ubicados al Nordeste de Brasil. \u0093Cuando est\u00e9n certificados, el 78% del territorio nacional ser\u00e1 libre de aftosa, lo que implica el 99% del reba\u00f1o nacional (unos de 205 millones de cabezas). Esto posibilitar\u00e1 la apertura de nuevos mercados\u0094, inform\u00f3 el Ministerio. La meta de Brasil es conseguir la certificaci\u00f3n de pa\u00eds libre de aftosa en 2015 para lo cual est\u00e1n trabajando en los estados amaz\u00f3nicos de Amap\u00e1, Roraima y una parte de Amazonas. Fuente: Valor Carne, 2 de diciembre.<\/p>\n","protected":false},"author":2,"featured_media":2336,"comment_status":"closed","ping_status":"open","sticky":false,"template":"","format":"standard","meta":{"_acf_changed":false,"footnotes":""},"categories":[56],"tags":[],"class_list":["post-5850","post","type-post","status-publish","format-standard","has-post-thumbnail","hentry","category-infoganadero"],"acf":[],"yoast_head":"<!-- This site is optimized with the Yoast SEO plugin v27.4 - https:\/\/yoast.com\/product\/yoast-seo-wordpress\/ -->\n<title>Hacia un Brasil libre de aftosa | Proagro<\/title>\n<meta name=\"robots\" content=\"index, follow, max-snippet:-1, max-image-preview:large, max-video-preview:-1\" \/>\n<link rel=\"canonical\" href=\"https:\/\/proagrolab.com.ar\/en\/hacia-un-brasil-libre-de-aftosa\/\" \/>\n<meta property=\"og:locale\" content=\"en_US\" \/>\n<meta property=\"og:type\" content=\"article\" \/>\n<meta property=\"og:title\" content=\"Hacia un Brasil libre de aftosa | Proagro\" \/>\n<meta property=\"og:description\" content=\"Ocho estados brasile\u00f1os podr\u00e1n recibir la certificaci\u00f3n de libre de aftosa en mayo de 2014, lo que llevar\u00e1 a un total de 23 estados con ese estatus. A esto se agrega el hecho de que Santa Catarina es libre de aftosa sin vacunaci\u00f3n desde 2007. De acuerdo a lo informado por el Ministerio de Ganader\u00eda, a fines de octubre se envi\u00f3 a la OIE la documentaci\u00f3n correspondiente para que el m\u00e1ximo organismo sanitario internacional reconozca el nuevo estatus de los estados de Alagoas, Pernambuco, Paraiba, Rio Grande do Norte, Cear\u00e1, Piau\u00ed y Maranhao y Rio Grande del Norte, adem\u00e1s de parte de Par\u00e1, todos ellos ubicados al Nordeste de Brasil. \u0093Cuando est\u00e9n certificados, el 78% del territorio nacional ser\u00e1 libre de aftosa, lo que implica el 99% del reba\u00f1o nacional (unos de 205 millones de cabezas). Esto posibilitar\u00e1 la apertura de nuevos mercados\u0094, inform\u00f3 el Ministerio. La meta de Brasil es conseguir la certificaci\u00f3n de pa\u00eds libre de aftosa en 2015 para lo cual est\u00e1n trabajando en los estados amaz\u00f3nicos de Amap\u00e1, Roraima y una parte de Amazonas. Fuente: Valor Carne, 2 de diciembre.\" \/>\n<meta property=\"og:url\" content=\"https:\/\/proagrolab.com.ar\/hacia-un-brasil-libre-de-aftosa\/\" \/>\n<meta property=\"og:site_name\" content=\"Proagro\" \/>\n<meta property=\"article:publisher\" content=\"http:\/\/www.facebook.com\/proagrolab\" \/>\n<meta property=\"article:published_time\" content=\"2013-12-03T00:00:01+00:00\" \/>\n<meta property=\"og:image\" content=\"https:\/\/proagrolab.com.ar\/wp-content\/uploads\/2015\/01\/g_b4743mueg__Vacunaci\u00f3n-9.jpg\" \/>\n\t<meta property=\"og:image:width\" content=\"1\" \/>\n\t<meta property=\"og:image:height\" content=\"1\" \/>\n\t<meta property=\"og:image:type\" content=\"image\/jpeg\" \/>\n<meta name=\"author\" content=\"proagrolab\" \/>\n<meta name=\"twitter:card\" content=\"summary_large_image\" \/>\n<meta name=\"twitter:label1\" content=\"Written by\" \/>\n\t<meta name=\"twitter:data1\" content=\"proagrolab\" \/>\n\t<meta name=\"twitter:label2\" content=\"Est. reading time\" \/>\n\t<meta name=\"twitter:data2\" content=\"1 minute\" \/>\n<script type=\"application\/ld+json\" class=\"yoast-schema-graph\">{\"@context\":\"https:\\\/\\\/schema.org\",\"@graph\":[{\"@type\":\"Article\",\"@id\":\"https:\\\/\\\/proagrolab.com.ar\\\/hacia-un-brasil-libre-de-aftosa\\\/#article\",\"isPartOf\":{\"@id\":\"https:\\\/\\\/proagrolab.com.ar\\\/hacia-un-brasil-libre-de-aftosa\\\/\"},\"author\":{\"name\":\"proagrolab\",\"@id\":\"https:\\\/\\\/proagrolab.com.ar\\\/#\\\/schema\\\/person\\\/38003ff90bf80381f71c7d922d207444\"},\"headline\":\"Hacia un Brasil libre de aftosa\",\"datePublished\":\"2013-12-03T00:00:01+00:00\",\"mainEntityOfPage\":{\"@id\":\"https:\\\/\\\/proagrolab.com.ar\\\/hacia-un-brasil-libre-de-aftosa\\\/\"},\"wordCount\":196,\"publisher\":{\"@id\":\"https:\\\/\\\/proagrolab.com.ar\\\/#organization\"},\"image\":{\"@id\":\"https:\\\/\\\/proagrolab.com.ar\\\/hacia-un-brasil-libre-de-aftosa\\\/#primaryimage\"},\"thumbnailUrl\":\"https:\\\/\\\/proagrolab.com.ar\\\/wp-content\\\/uploads\\\/2015\\\/01\\\/g_b4743mueg__Vacunaci\u00f3n-9.jpg\",\"articleSection\":[\"News\"],\"inLanguage\":\"en-US\"},{\"@type\":\"WebPage\",\"@id\":\"https:\\\/\\\/proagrolab.com.ar\\\/hacia-un-brasil-libre-de-aftosa\\\/\",\"url\":\"https:\\\/\\\/proagrolab.com.ar\\\/hacia-un-brasil-libre-de-aftosa\\\/\",\"name\":\"Hacia un Brasil libre de aftosa | Proagro\",\"isPartOf\":{\"@id\":\"https:\\\/\\\/proagrolab.com.ar\\\/#website\"},\"primaryImageOfPage\":{\"@id\":\"https:\\\/\\\/proagrolab.com.ar\\\/hacia-un-brasil-libre-de-aftosa\\\/#primaryimage\"},\"image\":{\"@id\":\"https:\\\/\\\/proagrolab.com.ar\\\/hacia-un-brasil-libre-de-aftosa\\\/#primaryimage\"},\"thumbnailUrl\":\"https:\\\/\\\/proagrolab.com.ar\\\/wp-content\\\/uploads\\\/2015\\\/01\\\/g_b4743mueg__Vacunaci\u00f3n-9.jpg\",\"datePublished\":\"2013-12-03T00:00:01+00:00\",\"breadcrumb\":{\"@id\":\"https:\\\/\\\/proagrolab.com.ar\\\/hacia-un-brasil-libre-de-aftosa\\\/#breadcrumb\"},\"inLanguage\":\"en-US\",\"potentialAction\":[{\"@type\":\"ReadAction\",\"target\":[\"https:\\\/\\\/proagrolab.com.ar\\\/hacia-un-brasil-libre-de-aftosa\\\/\"]}]},{\"@type\":\"ImageObject\",\"inLanguage\":\"en-US\",\"@id\":\"https:\\\/\\\/proagrolab.com.ar\\\/hacia-un-brasil-libre-de-aftosa\\\/#primaryimage\",\"url\":\"https:\\\/\\\/proagrolab.com.ar\\\/wp-content\\\/uploads\\\/2015\\\/01\\\/g_b4743mueg__Vacunaci\u00f3n-9.jpg\",\"contentUrl\":\"https:\\\/\\\/proagrolab.com.ar\\\/wp-content\\\/uploads\\\/2015\\\/01\\\/g_b4743mueg__Vacunaci\u00f3n-9.jpg\"},{\"@type\":\"BreadcrumbList\",\"@id\":\"https:\\\/\\\/proagrolab.com.ar\\\/hacia-un-brasil-libre-de-aftosa\\\/#breadcrumb\",\"itemListElement\":[{\"@type\":\"ListItem\",\"position\":1,\"name\":\"Portada\",\"item\":\"https:\\\/\\\/proagrolab.com.ar\\\/\"},{\"@type\":\"ListItem\",\"position\":2,\"name\":\"Hacia un Brasil libre de aftosa\"}]},{\"@type\":\"WebSite\",\"@id\":\"https:\\\/\\\/proagrolab.com.ar\\\/#website\",\"url\":\"https:\\\/\\\/proagrolab.com.ar\\\/\",\"name\":\"Proagro Laboratorio Veterinario\",\"description\":\"Veterinary laboratory\",\"publisher\":{\"@id\":\"https:\\\/\\\/proagrolab.com.ar\\\/#organization\"},\"potentialAction\":[{\"@type\":\"SearchAction\",\"target\":{\"@type\":\"EntryPoint\",\"urlTemplate\":\"https:\\\/\\\/proagrolab.com.ar\\\/?s={search_term_string}\"},\"query-input\":{\"@type\":\"PropertyValueSpecification\",\"valueRequired\":true,\"valueName\":\"search_term_string\"}}],\"inLanguage\":\"en-US\"},{\"@type\":\"Organization\",\"@id\":\"https:\\\/\\\/proagrolab.com.ar\\\/#organization\",\"name\":\"Proagro\",\"url\":\"https:\\\/\\\/proagrolab.com.ar\\\/\",\"logo\":{\"@type\":\"ImageObject\",\"inLanguage\":\"en-US\",\"@id\":\"https:\\\/\\\/proagrolab.com.ar\\\/#\\\/schema\\\/logo\\\/image\\\/\",\"url\":\"https:\\\/\\\/proagrolab.com.ar\\\/wp-content\\\/uploads\\\/2020\\\/04\\\/logo-retina.png\",\"contentUrl\":\"https:\\\/\\\/proagrolab.com.ar\\\/wp-content\\\/uploads\\\/2020\\\/04\\\/logo-retina.png\",\"width\":478,\"height\":120,\"caption\":\"Proagro\"},\"image\":{\"@id\":\"https:\\\/\\\/proagrolab.com.ar\\\/#\\\/schema\\\/logo\\\/image\\\/\"},\"sameAs\":[\"http:\\\/\\\/www.facebook.com\\\/proagrolab\",\"https:\\\/\\\/www.instagram.com\\\/proagrolab\\\/\",\"https:\\\/\\\/www.linkedin.com\\\/company\\\/laboratorio-proagro-s-a\\\/\"]},{\"@type\":\"Person\",\"@id\":\"https:\\\/\\\/proagrolab.com.ar\\\/#\\\/schema\\\/person\\\/38003ff90bf80381f71c7d922d207444\",\"name\":\"proagrolab\"}]}<\/script>\n<!-- \/ Yoast SEO plugin. -->","yoast_head_json":{"title":"Hacia un Brasil libre de aftosa | Proagro","robots":{"index":"index","follow":"follow","max-snippet":"max-snippet:-1","max-image-preview":"max-image-preview:large","max-video-preview":"max-video-preview:-1"},"canonical":"https:\/\/proagrolab.com.ar\/en\/hacia-un-brasil-libre-de-aftosa\/","og_locale":"en_US","og_type":"article","og_title":"Hacia un Brasil libre de aftosa | Proagro","og_description":"Ocho estados brasile\u00f1os podr\u00e1n recibir la certificaci\u00f3n de libre de aftosa en mayo de 2014, lo que llevar\u00e1 a un total de 23 estados con ese estatus. A esto se agrega el hecho de que Santa Catarina es libre de aftosa sin vacunaci\u00f3n desde 2007. De acuerdo a lo informado por el Ministerio de Ganader\u00eda, a fines de octubre se envi\u00f3 a la OIE la documentaci\u00f3n correspondiente para que el m\u00e1ximo organismo sanitario internacional reconozca el nuevo estatus de los estados de Alagoas, Pernambuco, Paraiba, Rio Grande do Norte, Cear\u00e1, Piau\u00ed y Maranhao y Rio Grande del Norte, adem\u00e1s de parte de Par\u00e1, todos ellos ubicados al Nordeste de Brasil. \u0093Cuando est\u00e9n certificados, el 78% del territorio nacional ser\u00e1 libre de aftosa, lo que implica el 99% del reba\u00f1o nacional (unos de 205 millones de cabezas). Esto posibilitar\u00e1 la apertura de nuevos mercados\u0094, inform\u00f3 el Ministerio. La meta de Brasil es conseguir la certificaci\u00f3n de pa\u00eds libre de aftosa en 2015 para lo cual est\u00e1n trabajando en los estados amaz\u00f3nicos de Amap\u00e1, Roraima y una parte de Amazonas. Fuente: Valor Carne, 2 de diciembre.","og_url":"https:\/\/proagrolab.com.ar\/hacia-un-brasil-libre-de-aftosa\/","og_site_name":"Proagro","article_publisher":"http:\/\/www.facebook.com\/proagrolab","article_published_time":"2013-12-03T00:00:01+00:00","og_image":[{"url":"https:\/\/proagrolab.com.ar\/wp-content\/uploads\/2015\/01\/g_b4743mueg__Vacunaci\u00f3n-9.jpg","width":1,"height":1,"type":"image\/jpeg"}],"author":"proagrolab","twitter_card":"summary_large_image","twitter_misc":{"Written by":"proagrolab","Est. reading time":"1 minute"},"schema":{"@context":"https:\/\/schema.org","@graph":[{"@type":"Article","@id":"https:\/\/proagrolab.com.ar\/hacia-un-brasil-libre-de-aftosa\/#article","isPartOf":{"@id":"https:\/\/proagrolab.com.ar\/hacia-un-brasil-libre-de-aftosa\/"},"author":{"name":"proagrolab","@id":"https:\/\/proagrolab.com.ar\/#\/schema\/person\/38003ff90bf80381f71c7d922d207444"},"headline":"Hacia un Brasil libre de aftosa","datePublished":"2013-12-03T00:00:01+00:00","mainEntityOfPage":{"@id":"https:\/\/proagrolab.com.ar\/hacia-un-brasil-libre-de-aftosa\/"},"wordCount":196,"publisher":{"@id":"https:\/\/proagrolab.com.ar\/#organization"},"image":{"@id":"https:\/\/proagrolab.com.ar\/hacia-un-brasil-libre-de-aftosa\/#primaryimage"},"thumbnailUrl":"https:\/\/proagrolab.com.ar\/wp-content\/uploads\/2015\/01\/g_b4743mueg__Vacunaci\u00f3n-9.jpg","articleSection":["News"],"inLanguage":"en-US"},{"@type":"WebPage","@id":"https:\/\/proagrolab.com.ar\/hacia-un-brasil-libre-de-aftosa\/","url":"https:\/\/proagrolab.com.ar\/hacia-un-brasil-libre-de-aftosa\/","name":"Hacia un Brasil libre de aftosa | Proagro","isPartOf":{"@id":"https:\/\/proagrolab.com.ar\/#website"},"primaryImageOfPage":{"@id":"https:\/\/proagrolab.com.ar\/hacia-un-brasil-libre-de-aftosa\/#primaryimage"},"image":{"@id":"https:\/\/proagrolab.com.ar\/hacia-un-brasil-libre-de-aftosa\/#primaryimage"},"thumbnailUrl":"https:\/\/proagrolab.com.ar\/wp-content\/uploads\/2015\/01\/g_b4743mueg__Vacunaci\u00f3n-9.jpg","datePublished":"2013-12-03T00:00:01+00:00","breadcrumb":{"@id":"https:\/\/proagrolab.com.ar\/hacia-un-brasil-libre-de-aftosa\/#breadcrumb"},"inLanguage":"en-US","potentialAction":[{"@type":"ReadAction","target":["https:\/\/proagrolab.com.ar\/hacia-un-brasil-libre-de-aftosa\/"]}]},{"@type":"ImageObject","inLanguage":"en-US","@id":"https:\/\/proagrolab.com.ar\/hacia-un-brasil-libre-de-aftosa\/#primaryimage","url":"https:\/\/proagrolab.com.ar\/wp-content\/uploads\/2015\/01\/g_b4743mueg__Vacunaci\u00f3n-9.jpg","contentUrl":"https:\/\/proagrolab.com.ar\/wp-content\/uploads\/2015\/01\/g_b4743mueg__Vacunaci\u00f3n-9.jpg"},{"@type":"BreadcrumbList","@id":"https:\/\/proagrolab.com.ar\/hacia-un-brasil-libre-de-aftosa\/#breadcrumb","itemListElement":[{"@type":"ListItem","position":1,"name":"Portada","item":"https:\/\/proagrolab.com.ar\/"},{"@type":"ListItem","position":2,"name":"Hacia un Brasil libre de aftosa"}]},{"@type":"WebSite","@id":"https:\/\/proagrolab.com.ar\/#website","url":"https:\/\/proagrolab.com.ar\/","name":"Proagro Laboratorio Veterinario","description":"Veterinary laboratory","publisher":{"@id":"https:\/\/proagrolab.com.ar\/#organization"},"potentialAction":[{"@type":"SearchAction","target":{"@type":"EntryPoint","urlTemplate":"https:\/\/proagrolab.com.ar\/?s={search_term_string}"},"query-input":{"@type":"PropertyValueSpecification","valueRequired":true,"valueName":"search_term_string"}}],"inLanguage":"en-US"},{"@type":"Organization","@id":"https:\/\/proagrolab.com.ar\/#organization","name":"Proagro","url":"https:\/\/proagrolab.com.ar\/","logo":{"@type":"ImageObject","inLanguage":"en-US","@id":"https:\/\/proagrolab.com.ar\/#\/schema\/logo\/image\/","url":"https:\/\/proagrolab.com.ar\/wp-content\/uploads\/2020\/04\/logo-retina.png","contentUrl":"https:\/\/proagrolab.com.ar\/wp-content\/uploads\/2020\/04\/logo-retina.png","width":478,"height":120,"caption":"Proagro"},"image":{"@id":"https:\/\/proagrolab.com.ar\/#\/schema\/logo\/image\/"},"sameAs":["http:\/\/www.facebook.com\/proagrolab","https:\/\/www.instagram.com\/proagrolab\/","https:\/\/www.linkedin.com\/company\/laboratorio-proagro-s-a\/"]},{"@type":"Person","@id":"https:\/\/proagrolab.com.ar\/#\/schema\/person\/38003ff90bf80381f71c7d922d207444","name":"proagrolab"}]}},"_links":{"self":[{"href":"https:\/\/proagrolab.com.ar\/en\/wp-json\/wp\/v2\/posts\/5850","targetHints":{"allow":["GET"]}}],"collection":[{"href":"https:\/\/proagrolab.com.ar\/en\/wp-json\/wp\/v2\/posts"}],"about":[{"href":"https:\/\/proagrolab.com.ar\/en\/wp-json\/wp\/v2\/types\/post"}],"author":[{"embeddable":true,"href":"https:\/\/proagrolab.com.ar\/en\/wp-json\/wp\/v2\/users\/2"}],"replies":[{"embeddable":true,"href":"https:\/\/proagrolab.com.ar\/en\/wp-json\/wp\/v2\/comments?post=5850"}],"version-history":[{"count":0,"href":"https:\/\/proagrolab.com.ar\/en\/wp-json\/wp\/v2\/posts\/5850\/revisions"}],"wp:featuredmedia":[{"embeddable":true,"href":"https:\/\/proagrolab.com.ar\/en\/wp-json\/wp\/v2\/media\/2336"}],"wp:attachment":[{"href":"https:\/\/proagrolab.com.ar\/en\/wp-json\/wp\/v2\/media?parent=5850"}],"wp:term":[{"taxonomy":"category","embeddable":true,"href":"https:\/\/proagrolab.com.ar\/en\/wp-json\/wp\/v2\/categories?post=5850"},{"taxonomy":"post_tag","embeddable":true,"href":"https:\/\/proagrolab.com.ar\/en\/wp-json\/wp\/v2\/tags?post=5850"}],"curies":[{"name":"wp","href":"https:\/\/api.w.org\/{rel}","templated":true}]}}