{"id":5849,"date":"2013-12-03T00:00:01","date_gmt":"2013-12-03T00:00:01","guid":{"rendered":"https:\/\/proagrolab.com.ar\/la-genetica-del-norte-frente-a-los-desafios-del-mercado\/"},"modified":"2013-12-03T00:00:01","modified_gmt":"2013-12-03T00:00:01","slug":"la-genetica-del-norte-frente-a-los-desafios-del-mercado","status":"publish","type":"post","link":"https:\/\/proagrolab.com.ar\/en\/la-genetica-del-norte-frente-a-los-desafios-del-mercado\/","title":{"rendered":"La gen\u00e9tica del Norte frente a los desaf\u00edos del mercado."},"content":{"rendered":"<p class=\"qtranxs-available-languages-message qtranxs-available-languages-message-en\"> <\/p><p>Los avances de las razas sint\u00e9ticas han posibilitado a los ganaderos de punta maximizar la eficiencia en ambientes rigurosos, produciendo carnes de alta calidad como en la zona pampeana. La importancia de que estas herramientas derramen beneficios entre los productores tradicionales, seg\u00fan el m\u00e9dico veterinario Diego Gran\u00e9.<\/p>\n<p>En las \u00faltimas d\u00e9cadas, las razas sint\u00e9ticas tomaron gran protagonismo en el Norte por su fortaleza en ambientes rigurosos. \u0093Las razas Brangus y Braford lideraron la mejora gen\u00e9tica atendiendo las necesidades de adaptaci\u00f3n a la zona y las demandas del mercado. Los t\u00e9cnicos trabajamos con esa visi\u00f3n y el progreso ya se derram\u00f3 entre los productores de punta, que cr\u00edan, recr\u00edan y terminan con destino a faena\u0094, dijo a Valor Carne Diego Gran\u00e9, asesor en gen\u00e9tica de importantes caba\u00f1as y empresas ganaderas, y miembro de la Comisi\u00f3n t\u00e9cnica de Brangus y Braford.<\/p>\n<p>Seg\u00fan el especialista, estos productores apuntan a tener rodeos que les permitan manejarse con soltura ante los cambios de los mercados, que no son pocos, y poder decidir sobre la marcha si producen para consumo o exportaci\u00f3n.<\/p>\n<p>\u0093Lo importante es que el biotipo de la vaca, que es la f\u00e1brica de terneros, sea funcional, de tama\u00f1o moderado y con una buena plasticidad. As\u00ed, en funci\u00f3n de la coyuntura, se puede programar la recr\u00eda para terminar un animal m\u00e1s liviano o m\u00e1s pesado, sin necesidad de cambiar el biotipo del vientre\u0094, indic\u00f3. Y agreg\u00f3 que \u0093una condici\u00f3n sine qua non es que las vacas sean eficientes en ambientes rigurosos y permitan producir un ternero por a\u00f1o\u0094.<\/p>\n<p>Otro aspecto en el que se trabaj\u00f3 mucho es en la eficiencia de conversi\u00f3n. Si bien se han expandido ampliamente las pasturas megat\u00e9rmicas, los animales comen un gran volumen de pastos naturales de regular calidad. Por eso, \u0093desde la gen\u00e9tica buscamos que sean eficientes en transformar esos pastos en carne y que logren una buena conformaci\u00f3n y terminaci\u00f3n\u0094, explic\u00f3.<\/p>\n<p>En ese sentido, los t\u00e9cnicos toman en cuenta que una de las limitantes m\u00e1s importantes del Norte es el aspecto nutricional. \u0093Lograr que la vaca se engrase es algo que cuesta, a diferencia de la regi\u00f3n central, ya que la categor\u00eda no se suplementa y tiene que mantenerse todo el a\u00f1o a campo. Si se engrasa f\u00e1cilmente en el verano entra al invierno con buena condici\u00f3n corporal. Si en cambio llega muy justa, despu\u00e9s de parir es m\u00e1s dif\u00edcil que mejore su condici\u00f3n y se vuelva a pre\u00f1ar\u0094, plante\u00f3 Gran\u00e9. De ah\u00ed, que los biotipos de avanzada son de engrasamiento precoz, \u0093lo que achic\u00f3 los tiempos de engorde y mejor\u00f3 la rentabilidad del negocio\u0094, sostuvo.<\/p>\n<p>Tambi\u00e9n se avanz\u00f3 mucho en la precocidad sexual, se acortaron los tiempos para entrar al primer servicio, que hoy se puede hacer a los 18 meses, tal como ocurre con las razas brit\u00e1nicas.<\/p>\n<p>En s\u00edntesis, los asesores de las caba\u00f1as utilizan criterios de selecci\u00f3n que apuntan a la adaptaci\u00f3n, fertilidad, precocidad, conformaci\u00f3n carnicera, o sea, todo lo que hace a la funcionalidad del animal para alcanzar la mayor eficiencia y calidad de carne. \u0093As\u00ed, tanto las razas Brangus y Braford se est\u00e1n consolidando cada vez m\u00e1s\u0094, asegur\u00f3.<\/p>\n<p>Hoy, con esta base gen\u00e9tica, sumado a un buen manejo nutricional, los ganaderos del NEA y del NOA pueden terminar sus animales temprano con un buen peso, obteniendo carnes de alta calidad como en la zona pampeana.<\/p>\n<p><i>Los retos<\/i><br \/>Gran\u00e9 est\u00e1 convencido de que \u0093el gran desaf\u00edo para que la ganader\u00eda del Norte exprese todo su potencial, es que los productores tradicionales apliquen tecnolog\u00edas que les permitan&nbsp; acercarse a los de punta, incluyendo la gen\u00e9tica de avanzada. De este modo, la regi\u00f3n podr\u00eda autoabastecerse de carne y exportar\u0094.<\/p>\n<p>Adem\u00e1s, la Argentina est\u00e1 muy bien posicionada internacionalmente en materia de gen\u00e9tica. \u0093Les hemos vendido mucho a pa\u00edses vecinos y, a partir de las l\u00edneas argentinas, ellos han desarrollado su propia gen\u00e9tica\u0094, detall\u00f3 Gran\u00e9, quien tambi\u00e9n es jurado en Palermo y otras exposiciones nacionales e internacionales de Brasil, Uruguay y Bolivia.<\/p>\n<p>Sin embargo, se\u00f1al\u00f3 que \u0093hoy, la exportaci\u00f3n de reproductores en pie es engorrosa y est\u00e1 afectada por el tipo de cambio de igual modo que la de la carne. La venta de embriones y pajuelas de semen congelado es m\u00e1s \u00e1gil. De cualquier modo, la Argentina tiene todo para diferenciarse como proveedor de gen\u00e9tica\u0094.<\/p>\n<p>Lo destacable, es que a pesar de la situaci\u00f3n del mercado de la carne vacuna, el productor de punta contin\u00faa interesado en mejorar su rodeo, sigue invirtiendo. \u0093La idea es aprovechar el estancamiento del negocio c\u00e1rnico para quedarse con lo mejor del rodeo. Por ejemplo, al no ser el mejor momento para salir a vender una ternera de calidad, es preferible guardarla, hacer una mayor presi\u00f3n de selecci\u00f3n y capitalizarse en gen\u00e9tica. As\u00ed, los empresarios&nbsp; mejoran su rodeo y, al mismo tiempo, se posicionan para cuando se pueda salir a exportar\u0094, finaliz\u00f3.<\/p>\n<p>Fuente: Valor Carne, 2 de diciembre.<br \/><\/p>","protected":false},"excerpt":{"rendered":"<p>Los avances de las razas sint\u00e9ticas han posibilitado a los ganaderos de punta maximizar la eficiencia en ambientes rigurosos, produciendo carnes de alta calidad como en la zona pampeana. La importancia de que estas herramientas derramen beneficios entre los productores tradicionales, seg\u00fan el m\u00e9dico veterinario Diego Gran\u00e9. En las \u00faltimas d\u00e9cadas, las razas sint\u00e9ticas tomaron gran protagonismo en el Norte por su fortaleza en ambientes rigurosos. \u0093Las razas Brangus y Braford lideraron la mejora gen\u00e9tica atendiendo las necesidades de adaptaci\u00f3n a la zona y las demandas del mercado. Los t\u00e9cnicos trabajamos con esa visi\u00f3n y el progreso ya se derram\u00f3 entre los productores de punta, que cr\u00edan, recr\u00edan y terminan con destino a faena\u0094, dijo a Valor Carne Diego Gran\u00e9, asesor en gen\u00e9tica de importantes caba\u00f1as y empresas ganaderas, y miembro de la Comisi\u00f3n t\u00e9cnica de Brangus y Braford. Seg\u00fan el especialista, estos productores apuntan a tener rodeos que les permitan manejarse con soltura ante los cambios de los mercados, que no son pocos, y poder decidir sobre la marcha si producen para consumo o exportaci\u00f3n. \u0093Lo importante es que el biotipo de la vaca, que es la f\u00e1brica de terneros, sea funcional, de tama\u00f1o moderado y con una buena [&hellip;]<\/p>\n","protected":false},"author":2,"featured_media":2335,"comment_status":"closed","ping_status":"open","sticky":false,"template":"","format":"standard","meta":{"_acf_changed":false,"footnotes":""},"categories":[56],"tags":[],"class_list":["post-5849","post","type-post","status-publish","format-standard","has-post-thumbnail","hentry","category-infoganadero"],"acf":[],"yoast_head":"<!-- This site is optimized with the Yoast SEO plugin v27.4 - https:\/\/yoast.com\/product\/yoast-seo-wordpress\/ -->\n<title>La gen\u00e9tica del Norte frente a los desaf\u00edos del mercado. | Proagro<\/title>\n<meta name=\"robots\" content=\"index, follow, max-snippet:-1, max-image-preview:large, max-video-preview:-1\" \/>\n<link rel=\"canonical\" href=\"https:\/\/proagrolab.com.ar\/en\/la-genetica-del-norte-frente-a-los-desafios-del-mercado\/\" \/>\n<meta property=\"og:locale\" content=\"en_US\" \/>\n<meta property=\"og:type\" content=\"article\" \/>\n<meta property=\"og:title\" content=\"La gen\u00e9tica del Norte frente a los desaf\u00edos del mercado. | Proagro\" \/>\n<meta property=\"og:description\" content=\"Los avances de las razas sint\u00e9ticas han posibilitado a los ganaderos de punta maximizar la eficiencia en ambientes rigurosos, produciendo carnes de alta calidad como en la zona pampeana. La importancia de que estas herramientas derramen beneficios entre los productores tradicionales, seg\u00fan el m\u00e9dico veterinario Diego Gran\u00e9. En las \u00faltimas d\u00e9cadas, las razas sint\u00e9ticas tomaron gran protagonismo en el Norte por su fortaleza en ambientes rigurosos. \u0093Las razas Brangus y Braford lideraron la mejora gen\u00e9tica atendiendo las necesidades de adaptaci\u00f3n a la zona y las demandas del mercado. Los t\u00e9cnicos trabajamos con esa visi\u00f3n y el progreso ya se derram\u00f3 entre los productores de punta, que cr\u00edan, recr\u00edan y terminan con destino a faena\u0094, dijo a Valor Carne Diego Gran\u00e9, asesor en gen\u00e9tica de importantes caba\u00f1as y empresas ganaderas, y miembro de la Comisi\u00f3n t\u00e9cnica de Brangus y Braford. Seg\u00fan el especialista, estos productores apuntan a tener rodeos que les permitan manejarse con soltura ante los cambios de los mercados, que no son pocos, y poder decidir sobre la marcha si producen para consumo o exportaci\u00f3n. \u0093Lo importante es que el biotipo de la vaca, que es la f\u00e1brica de terneros, sea funcional, de tama\u00f1o moderado y con una buena [&hellip;]\" \/>\n<meta property=\"og:url\" content=\"https:\/\/proagrolab.com.ar\/la-genetica-del-norte-frente-a-los-desafios-del-mercado\/\" \/>\n<meta property=\"og:site_name\" content=\"Proagro\" \/>\n<meta property=\"article:publisher\" content=\"http:\/\/www.facebook.com\/proagrolab\" \/>\n<meta property=\"article:published_time\" content=\"2013-12-03T00:00:01+00:00\" \/>\n<meta property=\"og:image\" content=\"https:\/\/proagrolab.com.ar\/wp-content\/uploads\/2015\/01\/g_yzjt42tmo__Braford-3.jpg\" \/>\n\t<meta property=\"og:image:width\" content=\"450\" \/>\n\t<meta property=\"og:image:height\" content=\"208\" \/>\n\t<meta property=\"og:image:type\" content=\"image\/jpeg\" \/>\n<meta name=\"author\" content=\"proagrolab\" \/>\n<meta name=\"twitter:card\" content=\"summary_large_image\" \/>\n<meta name=\"twitter:label1\" content=\"Written by\" \/>\n\t<meta name=\"twitter:data1\" content=\"proagrolab\" \/>\n\t<meta name=\"twitter:label2\" content=\"Est. reading time\" \/>\n\t<meta name=\"twitter:data2\" content=\"4 minutes\" \/>\n<script type=\"application\/ld+json\" class=\"yoast-schema-graph\">{\"@context\":\"https:\\\/\\\/schema.org\",\"@graph\":[{\"@type\":\"Article\",\"@id\":\"https:\\\/\\\/proagrolab.com.ar\\\/la-genetica-del-norte-frente-a-los-desafios-del-mercado\\\/#article\",\"isPartOf\":{\"@id\":\"https:\\\/\\\/proagrolab.com.ar\\\/la-genetica-del-norte-frente-a-los-desafios-del-mercado\\\/\"},\"author\":{\"name\":\"proagrolab\",\"@id\":\"https:\\\/\\\/proagrolab.com.ar\\\/#\\\/schema\\\/person\\\/38003ff90bf80381f71c7d922d207444\"},\"headline\":\"La gen\u00e9tica del Norte frente a los desaf\u00edos del mercado.\",\"datePublished\":\"2013-12-03T00:00:01+00:00\",\"mainEntityOfPage\":{\"@id\":\"https:\\\/\\\/proagrolab.com.ar\\\/la-genetica-del-norte-frente-a-los-desafios-del-mercado\\\/\"},\"wordCount\":892,\"publisher\":{\"@id\":\"https:\\\/\\\/proagrolab.com.ar\\\/#organization\"},\"image\":{\"@id\":\"https:\\\/\\\/proagrolab.com.ar\\\/la-genetica-del-norte-frente-a-los-desafios-del-mercado\\\/#primaryimage\"},\"thumbnailUrl\":\"https:\\\/\\\/proagrolab.com.ar\\\/wp-content\\\/uploads\\\/2015\\\/01\\\/g_yzjt42tmo__Braford-3.jpg\",\"articleSection\":[\"News\"],\"inLanguage\":\"en-US\"},{\"@type\":\"WebPage\",\"@id\":\"https:\\\/\\\/proagrolab.com.ar\\\/la-genetica-del-norte-frente-a-los-desafios-del-mercado\\\/\",\"url\":\"https:\\\/\\\/proagrolab.com.ar\\\/la-genetica-del-norte-frente-a-los-desafios-del-mercado\\\/\",\"name\":\"La gen\u00e9tica del Norte frente a los desaf\u00edos del mercado. | Proagro\",\"isPartOf\":{\"@id\":\"https:\\\/\\\/proagrolab.com.ar\\\/#website\"},\"primaryImageOfPage\":{\"@id\":\"https:\\\/\\\/proagrolab.com.ar\\\/la-genetica-del-norte-frente-a-los-desafios-del-mercado\\\/#primaryimage\"},\"image\":{\"@id\":\"https:\\\/\\\/proagrolab.com.ar\\\/la-genetica-del-norte-frente-a-los-desafios-del-mercado\\\/#primaryimage\"},\"thumbnailUrl\":\"https:\\\/\\\/proagrolab.com.ar\\\/wp-content\\\/uploads\\\/2015\\\/01\\\/g_yzjt42tmo__Braford-3.jpg\",\"datePublished\":\"2013-12-03T00:00:01+00:00\",\"breadcrumb\":{\"@id\":\"https:\\\/\\\/proagrolab.com.ar\\\/la-genetica-del-norte-frente-a-los-desafios-del-mercado\\\/#breadcrumb\"},\"inLanguage\":\"en-US\",\"potentialAction\":[{\"@type\":\"ReadAction\",\"target\":[\"https:\\\/\\\/proagrolab.com.ar\\\/la-genetica-del-norte-frente-a-los-desafios-del-mercado\\\/\"]}]},{\"@type\":\"ImageObject\",\"inLanguage\":\"en-US\",\"@id\":\"https:\\\/\\\/proagrolab.com.ar\\\/la-genetica-del-norte-frente-a-los-desafios-del-mercado\\\/#primaryimage\",\"url\":\"https:\\\/\\\/proagrolab.com.ar\\\/wp-content\\\/uploads\\\/2015\\\/01\\\/g_yzjt42tmo__Braford-3.jpg\",\"contentUrl\":\"https:\\\/\\\/proagrolab.com.ar\\\/wp-content\\\/uploads\\\/2015\\\/01\\\/g_yzjt42tmo__Braford-3.jpg\",\"width\":450,\"height\":208},{\"@type\":\"BreadcrumbList\",\"@id\":\"https:\\\/\\\/proagrolab.com.ar\\\/la-genetica-del-norte-frente-a-los-desafios-del-mercado\\\/#breadcrumb\",\"itemListElement\":[{\"@type\":\"ListItem\",\"position\":1,\"name\":\"Portada\",\"item\":\"https:\\\/\\\/proagrolab.com.ar\\\/\"},{\"@type\":\"ListItem\",\"position\":2,\"name\":\"La gen\u00e9tica del Norte frente a los desaf\u00edos del mercado.\"}]},{\"@type\":\"WebSite\",\"@id\":\"https:\\\/\\\/proagrolab.com.ar\\\/#website\",\"url\":\"https:\\\/\\\/proagrolab.com.ar\\\/\",\"name\":\"Proagro Laboratorio Veterinario\",\"description\":\"Veterinary laboratory\",\"publisher\":{\"@id\":\"https:\\\/\\\/proagrolab.com.ar\\\/#organization\"},\"potentialAction\":[{\"@type\":\"SearchAction\",\"target\":{\"@type\":\"EntryPoint\",\"urlTemplate\":\"https:\\\/\\\/proagrolab.com.ar\\\/?s={search_term_string}\"},\"query-input\":{\"@type\":\"PropertyValueSpecification\",\"valueRequired\":true,\"valueName\":\"search_term_string\"}}],\"inLanguage\":\"en-US\"},{\"@type\":\"Organization\",\"@id\":\"https:\\\/\\\/proagrolab.com.ar\\\/#organization\",\"name\":\"Proagro\",\"url\":\"https:\\\/\\\/proagrolab.com.ar\\\/\",\"logo\":{\"@type\":\"ImageObject\",\"inLanguage\":\"en-US\",\"@id\":\"https:\\\/\\\/proagrolab.com.ar\\\/#\\\/schema\\\/logo\\\/image\\\/\",\"url\":\"https:\\\/\\\/proagrolab.com.ar\\\/wp-content\\\/uploads\\\/2020\\\/04\\\/logo-retina.png\",\"contentUrl\":\"https:\\\/\\\/proagrolab.com.ar\\\/wp-content\\\/uploads\\\/2020\\\/04\\\/logo-retina.png\",\"width\":478,\"height\":120,\"caption\":\"Proagro\"},\"image\":{\"@id\":\"https:\\\/\\\/proagrolab.com.ar\\\/#\\\/schema\\\/logo\\\/image\\\/\"},\"sameAs\":[\"http:\\\/\\\/www.facebook.com\\\/proagrolab\",\"https:\\\/\\\/www.instagram.com\\\/proagrolab\\\/\",\"https:\\\/\\\/www.linkedin.com\\\/company\\\/laboratorio-proagro-s-a\\\/\"]},{\"@type\":\"Person\",\"@id\":\"https:\\\/\\\/proagrolab.com.ar\\\/#\\\/schema\\\/person\\\/38003ff90bf80381f71c7d922d207444\",\"name\":\"proagrolab\"}]}<\/script>\n<!-- \/ Yoast SEO plugin. -->","yoast_head_json":{"title":"La gen\u00e9tica del Norte frente a los desaf\u00edos del mercado. | Proagro","robots":{"index":"index","follow":"follow","max-snippet":"max-snippet:-1","max-image-preview":"max-image-preview:large","max-video-preview":"max-video-preview:-1"},"canonical":"https:\/\/proagrolab.com.ar\/en\/la-genetica-del-norte-frente-a-los-desafios-del-mercado\/","og_locale":"en_US","og_type":"article","og_title":"La gen\u00e9tica del Norte frente a los desaf\u00edos del mercado. | Proagro","og_description":"Los avances de las razas sint\u00e9ticas han posibilitado a los ganaderos de punta maximizar la eficiencia en ambientes rigurosos, produciendo carnes de alta calidad como en la zona pampeana. La importancia de que estas herramientas derramen beneficios entre los productores tradicionales, seg\u00fan el m\u00e9dico veterinario Diego Gran\u00e9. En las \u00faltimas d\u00e9cadas, las razas sint\u00e9ticas tomaron gran protagonismo en el Norte por su fortaleza en ambientes rigurosos. \u0093Las razas Brangus y Braford lideraron la mejora gen\u00e9tica atendiendo las necesidades de adaptaci\u00f3n a la zona y las demandas del mercado. Los t\u00e9cnicos trabajamos con esa visi\u00f3n y el progreso ya se derram\u00f3 entre los productores de punta, que cr\u00edan, recr\u00edan y terminan con destino a faena\u0094, dijo a Valor Carne Diego Gran\u00e9, asesor en gen\u00e9tica de importantes caba\u00f1as y empresas ganaderas, y miembro de la Comisi\u00f3n t\u00e9cnica de Brangus y Braford. Seg\u00fan el especialista, estos productores apuntan a tener rodeos que les permitan manejarse con soltura ante los cambios de los mercados, que no son pocos, y poder decidir sobre la marcha si producen para consumo o exportaci\u00f3n. \u0093Lo importante es que el biotipo de la vaca, que es la f\u00e1brica de terneros, sea funcional, de tama\u00f1o moderado y con una buena [&hellip;]","og_url":"https:\/\/proagrolab.com.ar\/la-genetica-del-norte-frente-a-los-desafios-del-mercado\/","og_site_name":"Proagro","article_publisher":"http:\/\/www.facebook.com\/proagrolab","article_published_time":"2013-12-03T00:00:01+00:00","og_image":[{"width":450,"height":208,"url":"https:\/\/proagrolab.com.ar\/wp-content\/uploads\/2015\/01\/g_yzjt42tmo__Braford-3.jpg","type":"image\/jpeg"}],"author":"proagrolab","twitter_card":"summary_large_image","twitter_misc":{"Written by":"proagrolab","Est. reading time":"4 minutes"},"schema":{"@context":"https:\/\/schema.org","@graph":[{"@type":"Article","@id":"https:\/\/proagrolab.com.ar\/la-genetica-del-norte-frente-a-los-desafios-del-mercado\/#article","isPartOf":{"@id":"https:\/\/proagrolab.com.ar\/la-genetica-del-norte-frente-a-los-desafios-del-mercado\/"},"author":{"name":"proagrolab","@id":"https:\/\/proagrolab.com.ar\/#\/schema\/person\/38003ff90bf80381f71c7d922d207444"},"headline":"La gen\u00e9tica del Norte frente a los desaf\u00edos del mercado.","datePublished":"2013-12-03T00:00:01+00:00","mainEntityOfPage":{"@id":"https:\/\/proagrolab.com.ar\/la-genetica-del-norte-frente-a-los-desafios-del-mercado\/"},"wordCount":892,"publisher":{"@id":"https:\/\/proagrolab.com.ar\/#organization"},"image":{"@id":"https:\/\/proagrolab.com.ar\/la-genetica-del-norte-frente-a-los-desafios-del-mercado\/#primaryimage"},"thumbnailUrl":"https:\/\/proagrolab.com.ar\/wp-content\/uploads\/2015\/01\/g_yzjt42tmo__Braford-3.jpg","articleSection":["News"],"inLanguage":"en-US"},{"@type":"WebPage","@id":"https:\/\/proagrolab.com.ar\/la-genetica-del-norte-frente-a-los-desafios-del-mercado\/","url":"https:\/\/proagrolab.com.ar\/la-genetica-del-norte-frente-a-los-desafios-del-mercado\/","name":"La gen\u00e9tica del Norte frente a los desaf\u00edos del mercado. | Proagro","isPartOf":{"@id":"https:\/\/proagrolab.com.ar\/#website"},"primaryImageOfPage":{"@id":"https:\/\/proagrolab.com.ar\/la-genetica-del-norte-frente-a-los-desafios-del-mercado\/#primaryimage"},"image":{"@id":"https:\/\/proagrolab.com.ar\/la-genetica-del-norte-frente-a-los-desafios-del-mercado\/#primaryimage"},"thumbnailUrl":"https:\/\/proagrolab.com.ar\/wp-content\/uploads\/2015\/01\/g_yzjt42tmo__Braford-3.jpg","datePublished":"2013-12-03T00:00:01+00:00","breadcrumb":{"@id":"https:\/\/proagrolab.com.ar\/la-genetica-del-norte-frente-a-los-desafios-del-mercado\/#breadcrumb"},"inLanguage":"en-US","potentialAction":[{"@type":"ReadAction","target":["https:\/\/proagrolab.com.ar\/la-genetica-del-norte-frente-a-los-desafios-del-mercado\/"]}]},{"@type":"ImageObject","inLanguage":"en-US","@id":"https:\/\/proagrolab.com.ar\/la-genetica-del-norte-frente-a-los-desafios-del-mercado\/#primaryimage","url":"https:\/\/proagrolab.com.ar\/wp-content\/uploads\/2015\/01\/g_yzjt42tmo__Braford-3.jpg","contentUrl":"https:\/\/proagrolab.com.ar\/wp-content\/uploads\/2015\/01\/g_yzjt42tmo__Braford-3.jpg","width":450,"height":208},{"@type":"BreadcrumbList","@id":"https:\/\/proagrolab.com.ar\/la-genetica-del-norte-frente-a-los-desafios-del-mercado\/#breadcrumb","itemListElement":[{"@type":"ListItem","position":1,"name":"Portada","item":"https:\/\/proagrolab.com.ar\/"},{"@type":"ListItem","position":2,"name":"La gen\u00e9tica del Norte frente a los desaf\u00edos del mercado."}]},{"@type":"WebSite","@id":"https:\/\/proagrolab.com.ar\/#website","url":"https:\/\/proagrolab.com.ar\/","name":"Proagro Laboratorio Veterinario","description":"Veterinary laboratory","publisher":{"@id":"https:\/\/proagrolab.com.ar\/#organization"},"potentialAction":[{"@type":"SearchAction","target":{"@type":"EntryPoint","urlTemplate":"https:\/\/proagrolab.com.ar\/?s={search_term_string}"},"query-input":{"@type":"PropertyValueSpecification","valueRequired":true,"valueName":"search_term_string"}}],"inLanguage":"en-US"},{"@type":"Organization","@id":"https:\/\/proagrolab.com.ar\/#organization","name":"Proagro","url":"https:\/\/proagrolab.com.ar\/","logo":{"@type":"ImageObject","inLanguage":"en-US","@id":"https:\/\/proagrolab.com.ar\/#\/schema\/logo\/image\/","url":"https:\/\/proagrolab.com.ar\/wp-content\/uploads\/2020\/04\/logo-retina.png","contentUrl":"https:\/\/proagrolab.com.ar\/wp-content\/uploads\/2020\/04\/logo-retina.png","width":478,"height":120,"caption":"Proagro"},"image":{"@id":"https:\/\/proagrolab.com.ar\/#\/schema\/logo\/image\/"},"sameAs":["http:\/\/www.facebook.com\/proagrolab","https:\/\/www.instagram.com\/proagrolab\/","https:\/\/www.linkedin.com\/company\/laboratorio-proagro-s-a\/"]},{"@type":"Person","@id":"https:\/\/proagrolab.com.ar\/#\/schema\/person\/38003ff90bf80381f71c7d922d207444","name":"proagrolab"}]}},"_links":{"self":[{"href":"https:\/\/proagrolab.com.ar\/en\/wp-json\/wp\/v2\/posts\/5849","targetHints":{"allow":["GET"]}}],"collection":[{"href":"https:\/\/proagrolab.com.ar\/en\/wp-json\/wp\/v2\/posts"}],"about":[{"href":"https:\/\/proagrolab.com.ar\/en\/wp-json\/wp\/v2\/types\/post"}],"author":[{"embeddable":true,"href":"https:\/\/proagrolab.com.ar\/en\/wp-json\/wp\/v2\/users\/2"}],"replies":[{"embeddable":true,"href":"https:\/\/proagrolab.com.ar\/en\/wp-json\/wp\/v2\/comments?post=5849"}],"version-history":[{"count":0,"href":"https:\/\/proagrolab.com.ar\/en\/wp-json\/wp\/v2\/posts\/5849\/revisions"}],"wp:featuredmedia":[{"embeddable":true,"href":"https:\/\/proagrolab.com.ar\/en\/wp-json\/wp\/v2\/media\/2335"}],"wp:attachment":[{"href":"https:\/\/proagrolab.com.ar\/en\/wp-json\/wp\/v2\/media?parent=5849"}],"wp:term":[{"taxonomy":"category","embeddable":true,"href":"https:\/\/proagrolab.com.ar\/en\/wp-json\/wp\/v2\/categories?post=5849"},{"taxonomy":"post_tag","embeddable":true,"href":"https:\/\/proagrolab.com.ar\/en\/wp-json\/wp\/v2\/tags?post=5849"}],"curies":[{"name":"wp","href":"https:\/\/api.w.org\/{rel}","templated":true}]}}