{"id":5845,"date":"2013-12-02T00:00:01","date_gmt":"2013-12-02T00:00:01","guid":{"rendered":"https:\/\/proagrolab.com.ar\/piden-tamberos-que-se-quede-un-funcionario\/"},"modified":"2013-12-02T00:00:01","modified_gmt":"2013-12-02T00:00:01","slug":"piden-tamberos-que-se-quede-un-funcionario","status":"publish","type":"post","link":"https:\/\/proagrolab.com.ar\/en\/piden-tamberos-que-se-quede-un-funcionario\/","title":{"rendered":"Piden tamberos que se quede un funcionario."},"content":{"rendered":"<p class=\"qtranxs-available-languages-message qtranxs-available-languages-message-en\"> <\/p><p>Por el reclamo de un grupo de productores K, Videla seguir\u00e1 en Lecher\u00eda.<\/p>\n<p>Por Fernando Bertello.<\/p>\n<p>Arturo Jorge Videla, ex productor lechero de Villa Mar\u00eda y subsecretario de Lecher\u00eda desde que, en 2009, se cre\u00f3 el Ministerio de Agricultura, logr\u00f3 el milagro: el viernes pasado, tras la llegada del nuevo ministro Carlos Casamiquela, estaba fuera de esa cartera, pero, repentinamente, despu\u00e9s se confirm\u00f3 su continuidad.<\/p>\n<p>Despedido en 2005 de la Subsecretar\u00eda de Ganader\u00eda de C\u00f3rdoba, con Jos\u00e9 Manuel de la Sota en la gobernaci\u00f3n, cuando estall\u00f3 un esc\u00e1ndalo por un cr\u00e9dito del Banco de C\u00f3rdoba que en ese momento supuestamente no ten\u00eda saldado, Videla lleg\u00f3 al Ministerio de Agricultura en 2009 con el ministro Juli\u00e1n Dom\u00ednguez. Ya en el cargo, trab\u00f3 un estrecho v\u00ednculo con un grupo de dirigentes tamberos de las provincias de C\u00f3rdoba, Santa Fe, La Pampa y Santiago del Estero cercanos al Gobierno y conocidos en el sector como los tamberos K.<\/p>\n<p>Precisamente de ese grupo surgi\u00f3 una especie de &#8220;operativo clamor&#8221; para que Videla no se fuera de Agricultura. Los dirigentes enviaron cartas a la presidenta Cristina Kirchner, al ministro Casamiquela y al jefe de Gabinete, Jorge Capitanich, para elogiar a Videla. El funcionario se recost\u00f3 en esos tamberos mientras tuvo fricciones con los de las entidades gremiales que integran la Comisi\u00f3n de Enlace.<\/p>\n<p>Por otra parte, Videla se relacion\u00f3 con cooperativas lecheras a las que incorpor\u00f3 a programas de cuantiosos cr\u00e9ditos y subsidios.<\/p>\n<p>&#8220;Nos hicimos eco del trabajo que viene haciendo la Subsecretar\u00eda, si bien falta avanzar m\u00e1s. Acompa\u00f1amos la gesti\u00f3n [de Videla] y \u00e9se fue el motivo de la carta. Nuestra intenci\u00f3n es que la misma gente contin\u00fae con el trabajo&#8221;, dijo a LA NACION Diego Manavella, presidente de la C\u00e1mara de Productores Lecheros de C\u00f3rdoba.<\/p>\n<p>Ning\u00fan otro funcionario de Agricultura de anteriores gestiones recibi\u00f3 semejante espaldarazo para continuar en su cargo. &#8220;Creemos que es necesario que ese espacio contin\u00fae&#8221;, recalc\u00f3 Manavella, que adem\u00e1s cont\u00f3 que las cartas llevaron las firmas de las c\u00e1maras de Santa Fe, C\u00f3rdoba, La Pampa, Santiago del Estero &#8220;y de una mesa de productores de Entre R\u00edos en formaci\u00f3n&#8221;.<\/p>\n<p>La historia de buena sinton\u00eda de los tamberos K con el Gobierno viene de 2008, en medio del conflicto por las retenciones m\u00f3viles. Un grupo de C\u00f3rdoba y Santa Fe visit\u00f3 en ese momento a la Presidenta en Olivos y avanz\u00f3 en un acuerdo por el precio de la leche. Entre los asistentes estaba Roberto Socin, funcionario en el \u00e1rea de Videla.<\/p>\n<p>Seg\u00fan trascendi\u00f3, el subsecretario de Lecher\u00eda cosech\u00f3 otro respaldo clave para seguir en su puesto. Se trata de Eliseo Monti, director nacional del Instituto Nacional de Tecnolog\u00eda Agropecuaria (INTA) y hombre de confianza de Casamiquela. Cuentan que Monti intercedi\u00f3 ante el ministro para mantener a Videla porque el funcionario trabaj\u00f3 junto a ese organismo en temas lecheros.<\/p>\n<p>Activo militante en la red Twitter, donde habla del ex presidente N\u00e9stor Kirchner como &#8220;Presidente Militante&#8221; y de Cristina Kirchner como &#8220;Presidenta Coraje&#8221;, Videla tambi\u00e9n tiene sinton\u00eda con el renunciado secretario de Comercio Interior, Guillermo Moreno..<\/p>\n<p>Fuente: La Naci\u00f3n, 2 de diciembre.<br \/><\/p>","protected":false},"excerpt":{"rendered":"<p>Por el reclamo de un grupo de productores K, Videla seguir\u00e1 en Lecher\u00eda. Por Fernando Bertello. Arturo Jorge Videla, ex productor lechero de Villa Mar\u00eda y subsecretario de Lecher\u00eda desde que, en 2009, se cre\u00f3 el Ministerio de Agricultura, logr\u00f3 el milagro: el viernes pasado, tras la llegada del nuevo ministro Carlos Casamiquela, estaba fuera de esa cartera, pero, repentinamente, despu\u00e9s se confirm\u00f3 su continuidad. Despedido en 2005 de la Subsecretar\u00eda de Ganader\u00eda de C\u00f3rdoba, con Jos\u00e9 Manuel de la Sota en la gobernaci\u00f3n, cuando estall\u00f3 un esc\u00e1ndalo por un cr\u00e9dito del Banco de C\u00f3rdoba que en ese momento supuestamente no ten\u00eda saldado, Videla lleg\u00f3 al Ministerio de Agricultura en 2009 con el ministro Juli\u00e1n Dom\u00ednguez. Ya en el cargo, trab\u00f3 un estrecho v\u00ednculo con un grupo de dirigentes tamberos de las provincias de C\u00f3rdoba, Santa Fe, La Pampa y Santiago del Estero cercanos al Gobierno y conocidos en el sector como los tamberos K. Precisamente de ese grupo surgi\u00f3 una especie de &#8220;operativo clamor&#8221; para que Videla no se fuera de Agricultura. Los dirigentes enviaron cartas a la presidenta Cristina Kirchner, al ministro Casamiquela y al jefe de Gabinete, Jorge Capitanich, para elogiar a Videla. El funcionario se recost\u00f3 [&hellip;]<\/p>\n","protected":false},"author":2,"featured_media":2331,"comment_status":"closed","ping_status":"open","sticky":false,"template":"","format":"standard","meta":{"_acf_changed":false,"footnotes":""},"categories":[56],"tags":[],"class_list":["post-5845","post","type-post","status-publish","format-standard","has-post-thumbnail","hentry","category-infoganadero"],"acf":[],"yoast_head":"<!-- This site is optimized with the Yoast SEO plugin v27.4 - https:\/\/yoast.com\/product\/yoast-seo-wordpress\/ -->\n<title>Piden tamberos que se quede un funcionario. | Proagro<\/title>\n<meta name=\"robots\" content=\"index, follow, max-snippet:-1, max-image-preview:large, max-video-preview:-1\" \/>\n<link rel=\"canonical\" href=\"https:\/\/proagrolab.com.ar\/en\/piden-tamberos-que-se-quede-un-funcionario\/\" \/>\n<meta property=\"og:locale\" content=\"en_US\" \/>\n<meta property=\"og:type\" content=\"article\" \/>\n<meta property=\"og:title\" content=\"Piden tamberos que se quede un funcionario. | Proagro\" \/>\n<meta property=\"og:description\" content=\"Por el reclamo de un grupo de productores K, Videla seguir\u00e1 en Lecher\u00eda. Por Fernando Bertello. Arturo Jorge Videla, ex productor lechero de Villa Mar\u00eda y subsecretario de Lecher\u00eda desde que, en 2009, se cre\u00f3 el Ministerio de Agricultura, logr\u00f3 el milagro: el viernes pasado, tras la llegada del nuevo ministro Carlos Casamiquela, estaba fuera de esa cartera, pero, repentinamente, despu\u00e9s se confirm\u00f3 su continuidad. Despedido en 2005 de la Subsecretar\u00eda de Ganader\u00eda de C\u00f3rdoba, con Jos\u00e9 Manuel de la Sota en la gobernaci\u00f3n, cuando estall\u00f3 un esc\u00e1ndalo por un cr\u00e9dito del Banco de C\u00f3rdoba que en ese momento supuestamente no ten\u00eda saldado, Videla lleg\u00f3 al Ministerio de Agricultura en 2009 con el ministro Juli\u00e1n Dom\u00ednguez. Ya en el cargo, trab\u00f3 un estrecho v\u00ednculo con un grupo de dirigentes tamberos de las provincias de C\u00f3rdoba, Santa Fe, La Pampa y Santiago del Estero cercanos al Gobierno y conocidos en el sector como los tamberos K. Precisamente de ese grupo surgi\u00f3 una especie de &#8220;operativo clamor&#8221; para que Videla no se fuera de Agricultura. Los dirigentes enviaron cartas a la presidenta Cristina Kirchner, al ministro Casamiquela y al jefe de Gabinete, Jorge Capitanich, para elogiar a Videla. El funcionario se recost\u00f3 [&hellip;]\" \/>\n<meta property=\"og:url\" content=\"https:\/\/proagrolab.com.ar\/piden-tamberos-que-se-quede-un-funcionario\/\" \/>\n<meta property=\"og:site_name\" content=\"Proagro\" \/>\n<meta property=\"article:publisher\" content=\"http:\/\/www.facebook.com\/proagrolab\" \/>\n<meta property=\"article:published_time\" content=\"2013-12-02T00:00:01+00:00\" \/>\n<meta property=\"og:image\" content=\"https:\/\/proagrolab.com.ar\/wp-content\/uploads\/2015\/01\/g_rmv6dc8lf__Videla.jpg\" \/>\n\t<meta property=\"og:image:width\" content=\"450\" \/>\n\t<meta property=\"og:image:height\" content=\"208\" \/>\n\t<meta property=\"og:image:type\" content=\"image\/jpeg\" \/>\n<meta name=\"author\" content=\"proagrolab\" \/>\n<meta name=\"twitter:card\" content=\"summary_large_image\" \/>\n<meta name=\"twitter:label1\" content=\"Written by\" \/>\n\t<meta name=\"twitter:data1\" content=\"proagrolab\" \/>\n\t<meta name=\"twitter:label2\" content=\"Est. reading time\" \/>\n\t<meta name=\"twitter:data2\" content=\"3 minutes\" \/>\n<script type=\"application\/ld+json\" class=\"yoast-schema-graph\">{\"@context\":\"https:\\\/\\\/schema.org\",\"@graph\":[{\"@type\":\"Article\",\"@id\":\"https:\\\/\\\/proagrolab.com.ar\\\/piden-tamberos-que-se-quede-un-funcionario\\\/#article\",\"isPartOf\":{\"@id\":\"https:\\\/\\\/proagrolab.com.ar\\\/piden-tamberos-que-se-quede-un-funcionario\\\/\"},\"author\":{\"name\":\"proagrolab\",\"@id\":\"https:\\\/\\\/proagrolab.com.ar\\\/#\\\/schema\\\/person\\\/38003ff90bf80381f71c7d922d207444\"},\"headline\":\"Piden tamberos que se quede un funcionario.\",\"datePublished\":\"2013-12-02T00:00:01+00:00\",\"mainEntityOfPage\":{\"@id\":\"https:\\\/\\\/proagrolab.com.ar\\\/piden-tamberos-que-se-quede-un-funcionario\\\/\"},\"wordCount\":556,\"publisher\":{\"@id\":\"https:\\\/\\\/proagrolab.com.ar\\\/#organization\"},\"image\":{\"@id\":\"https:\\\/\\\/proagrolab.com.ar\\\/piden-tamberos-que-se-quede-un-funcionario\\\/#primaryimage\"},\"thumbnailUrl\":\"https:\\\/\\\/proagrolab.com.ar\\\/wp-content\\\/uploads\\\/2015\\\/01\\\/g_rmv6dc8lf__Videla.jpg\",\"articleSection\":[\"News\"],\"inLanguage\":\"en-US\"},{\"@type\":\"WebPage\",\"@id\":\"https:\\\/\\\/proagrolab.com.ar\\\/piden-tamberos-que-se-quede-un-funcionario\\\/\",\"url\":\"https:\\\/\\\/proagrolab.com.ar\\\/piden-tamberos-que-se-quede-un-funcionario\\\/\",\"name\":\"Piden tamberos que se quede un funcionario. | Proagro\",\"isPartOf\":{\"@id\":\"https:\\\/\\\/proagrolab.com.ar\\\/#website\"},\"primaryImageOfPage\":{\"@id\":\"https:\\\/\\\/proagrolab.com.ar\\\/piden-tamberos-que-se-quede-un-funcionario\\\/#primaryimage\"},\"image\":{\"@id\":\"https:\\\/\\\/proagrolab.com.ar\\\/piden-tamberos-que-se-quede-un-funcionario\\\/#primaryimage\"},\"thumbnailUrl\":\"https:\\\/\\\/proagrolab.com.ar\\\/wp-content\\\/uploads\\\/2015\\\/01\\\/g_rmv6dc8lf__Videla.jpg\",\"datePublished\":\"2013-12-02T00:00:01+00:00\",\"breadcrumb\":{\"@id\":\"https:\\\/\\\/proagrolab.com.ar\\\/piden-tamberos-que-se-quede-un-funcionario\\\/#breadcrumb\"},\"inLanguage\":\"en-US\",\"potentialAction\":[{\"@type\":\"ReadAction\",\"target\":[\"https:\\\/\\\/proagrolab.com.ar\\\/piden-tamberos-que-se-quede-un-funcionario\\\/\"]}]},{\"@type\":\"ImageObject\",\"inLanguage\":\"en-US\",\"@id\":\"https:\\\/\\\/proagrolab.com.ar\\\/piden-tamberos-que-se-quede-un-funcionario\\\/#primaryimage\",\"url\":\"https:\\\/\\\/proagrolab.com.ar\\\/wp-content\\\/uploads\\\/2015\\\/01\\\/g_rmv6dc8lf__Videla.jpg\",\"contentUrl\":\"https:\\\/\\\/proagrolab.com.ar\\\/wp-content\\\/uploads\\\/2015\\\/01\\\/g_rmv6dc8lf__Videla.jpg\",\"width\":450,\"height\":208},{\"@type\":\"BreadcrumbList\",\"@id\":\"https:\\\/\\\/proagrolab.com.ar\\\/piden-tamberos-que-se-quede-un-funcionario\\\/#breadcrumb\",\"itemListElement\":[{\"@type\":\"ListItem\",\"position\":1,\"name\":\"Portada\",\"item\":\"https:\\\/\\\/proagrolab.com.ar\\\/\"},{\"@type\":\"ListItem\",\"position\":2,\"name\":\"Piden tamberos que se quede un funcionario.\"}]},{\"@type\":\"WebSite\",\"@id\":\"https:\\\/\\\/proagrolab.com.ar\\\/#website\",\"url\":\"https:\\\/\\\/proagrolab.com.ar\\\/\",\"name\":\"Proagro Laboratorio Veterinario\",\"description\":\"Veterinary laboratory\",\"publisher\":{\"@id\":\"https:\\\/\\\/proagrolab.com.ar\\\/#organization\"},\"potentialAction\":[{\"@type\":\"SearchAction\",\"target\":{\"@type\":\"EntryPoint\",\"urlTemplate\":\"https:\\\/\\\/proagrolab.com.ar\\\/?s={search_term_string}\"},\"query-input\":{\"@type\":\"PropertyValueSpecification\",\"valueRequired\":true,\"valueName\":\"search_term_string\"}}],\"inLanguage\":\"en-US\"},{\"@type\":\"Organization\",\"@id\":\"https:\\\/\\\/proagrolab.com.ar\\\/#organization\",\"name\":\"Proagro\",\"url\":\"https:\\\/\\\/proagrolab.com.ar\\\/\",\"logo\":{\"@type\":\"ImageObject\",\"inLanguage\":\"en-US\",\"@id\":\"https:\\\/\\\/proagrolab.com.ar\\\/#\\\/schema\\\/logo\\\/image\\\/\",\"url\":\"https:\\\/\\\/proagrolab.com.ar\\\/wp-content\\\/uploads\\\/2020\\\/04\\\/logo-retina.png\",\"contentUrl\":\"https:\\\/\\\/proagrolab.com.ar\\\/wp-content\\\/uploads\\\/2020\\\/04\\\/logo-retina.png\",\"width\":478,\"height\":120,\"caption\":\"Proagro\"},\"image\":{\"@id\":\"https:\\\/\\\/proagrolab.com.ar\\\/#\\\/schema\\\/logo\\\/image\\\/\"},\"sameAs\":[\"http:\\\/\\\/www.facebook.com\\\/proagrolab\",\"https:\\\/\\\/www.instagram.com\\\/proagrolab\\\/\",\"https:\\\/\\\/www.linkedin.com\\\/company\\\/laboratorio-proagro-s-a\\\/\"]},{\"@type\":\"Person\",\"@id\":\"https:\\\/\\\/proagrolab.com.ar\\\/#\\\/schema\\\/person\\\/38003ff90bf80381f71c7d922d207444\",\"name\":\"proagrolab\"}]}<\/script>\n<!-- \/ Yoast SEO plugin. -->","yoast_head_json":{"title":"Piden tamberos que se quede un funcionario. | Proagro","robots":{"index":"index","follow":"follow","max-snippet":"max-snippet:-1","max-image-preview":"max-image-preview:large","max-video-preview":"max-video-preview:-1"},"canonical":"https:\/\/proagrolab.com.ar\/en\/piden-tamberos-que-se-quede-un-funcionario\/","og_locale":"en_US","og_type":"article","og_title":"Piden tamberos que se quede un funcionario. | Proagro","og_description":"Por el reclamo de un grupo de productores K, Videla seguir\u00e1 en Lecher\u00eda. Por Fernando Bertello. Arturo Jorge Videla, ex productor lechero de Villa Mar\u00eda y subsecretario de Lecher\u00eda desde que, en 2009, se cre\u00f3 el Ministerio de Agricultura, logr\u00f3 el milagro: el viernes pasado, tras la llegada del nuevo ministro Carlos Casamiquela, estaba fuera de esa cartera, pero, repentinamente, despu\u00e9s se confirm\u00f3 su continuidad. Despedido en 2005 de la Subsecretar\u00eda de Ganader\u00eda de C\u00f3rdoba, con Jos\u00e9 Manuel de la Sota en la gobernaci\u00f3n, cuando estall\u00f3 un esc\u00e1ndalo por un cr\u00e9dito del Banco de C\u00f3rdoba que en ese momento supuestamente no ten\u00eda saldado, Videla lleg\u00f3 al Ministerio de Agricultura en 2009 con el ministro Juli\u00e1n Dom\u00ednguez. Ya en el cargo, trab\u00f3 un estrecho v\u00ednculo con un grupo de dirigentes tamberos de las provincias de C\u00f3rdoba, Santa Fe, La Pampa y Santiago del Estero cercanos al Gobierno y conocidos en el sector como los tamberos K. Precisamente de ese grupo surgi\u00f3 una especie de &#8220;operativo clamor&#8221; para que Videla no se fuera de Agricultura. Los dirigentes enviaron cartas a la presidenta Cristina Kirchner, al ministro Casamiquela y al jefe de Gabinete, Jorge Capitanich, para elogiar a Videla. El funcionario se recost\u00f3 [&hellip;]","og_url":"https:\/\/proagrolab.com.ar\/piden-tamberos-que-se-quede-un-funcionario\/","og_site_name":"Proagro","article_publisher":"http:\/\/www.facebook.com\/proagrolab","article_published_time":"2013-12-02T00:00:01+00:00","og_image":[{"width":450,"height":208,"url":"https:\/\/proagrolab.com.ar\/wp-content\/uploads\/2015\/01\/g_rmv6dc8lf__Videla.jpg","type":"image\/jpeg"}],"author":"proagrolab","twitter_card":"summary_large_image","twitter_misc":{"Written by":"proagrolab","Est. reading time":"3 minutes"},"schema":{"@context":"https:\/\/schema.org","@graph":[{"@type":"Article","@id":"https:\/\/proagrolab.com.ar\/piden-tamberos-que-se-quede-un-funcionario\/#article","isPartOf":{"@id":"https:\/\/proagrolab.com.ar\/piden-tamberos-que-se-quede-un-funcionario\/"},"author":{"name":"proagrolab","@id":"https:\/\/proagrolab.com.ar\/#\/schema\/person\/38003ff90bf80381f71c7d922d207444"},"headline":"Piden tamberos que se quede un funcionario.","datePublished":"2013-12-02T00:00:01+00:00","mainEntityOfPage":{"@id":"https:\/\/proagrolab.com.ar\/piden-tamberos-que-se-quede-un-funcionario\/"},"wordCount":556,"publisher":{"@id":"https:\/\/proagrolab.com.ar\/#organization"},"image":{"@id":"https:\/\/proagrolab.com.ar\/piden-tamberos-que-se-quede-un-funcionario\/#primaryimage"},"thumbnailUrl":"https:\/\/proagrolab.com.ar\/wp-content\/uploads\/2015\/01\/g_rmv6dc8lf__Videla.jpg","articleSection":["News"],"inLanguage":"en-US"},{"@type":"WebPage","@id":"https:\/\/proagrolab.com.ar\/piden-tamberos-que-se-quede-un-funcionario\/","url":"https:\/\/proagrolab.com.ar\/piden-tamberos-que-se-quede-un-funcionario\/","name":"Piden tamberos que se quede un funcionario. | Proagro","isPartOf":{"@id":"https:\/\/proagrolab.com.ar\/#website"},"primaryImageOfPage":{"@id":"https:\/\/proagrolab.com.ar\/piden-tamberos-que-se-quede-un-funcionario\/#primaryimage"},"image":{"@id":"https:\/\/proagrolab.com.ar\/piden-tamberos-que-se-quede-un-funcionario\/#primaryimage"},"thumbnailUrl":"https:\/\/proagrolab.com.ar\/wp-content\/uploads\/2015\/01\/g_rmv6dc8lf__Videla.jpg","datePublished":"2013-12-02T00:00:01+00:00","breadcrumb":{"@id":"https:\/\/proagrolab.com.ar\/piden-tamberos-que-se-quede-un-funcionario\/#breadcrumb"},"inLanguage":"en-US","potentialAction":[{"@type":"ReadAction","target":["https:\/\/proagrolab.com.ar\/piden-tamberos-que-se-quede-un-funcionario\/"]}]},{"@type":"ImageObject","inLanguage":"en-US","@id":"https:\/\/proagrolab.com.ar\/piden-tamberos-que-se-quede-un-funcionario\/#primaryimage","url":"https:\/\/proagrolab.com.ar\/wp-content\/uploads\/2015\/01\/g_rmv6dc8lf__Videla.jpg","contentUrl":"https:\/\/proagrolab.com.ar\/wp-content\/uploads\/2015\/01\/g_rmv6dc8lf__Videla.jpg","width":450,"height":208},{"@type":"BreadcrumbList","@id":"https:\/\/proagrolab.com.ar\/piden-tamberos-que-se-quede-un-funcionario\/#breadcrumb","itemListElement":[{"@type":"ListItem","position":1,"name":"Portada","item":"https:\/\/proagrolab.com.ar\/"},{"@type":"ListItem","position":2,"name":"Piden tamberos que se quede un funcionario."}]},{"@type":"WebSite","@id":"https:\/\/proagrolab.com.ar\/#website","url":"https:\/\/proagrolab.com.ar\/","name":"Proagro Laboratorio Veterinario","description":"Veterinary laboratory","publisher":{"@id":"https:\/\/proagrolab.com.ar\/#organization"},"potentialAction":[{"@type":"SearchAction","target":{"@type":"EntryPoint","urlTemplate":"https:\/\/proagrolab.com.ar\/?s={search_term_string}"},"query-input":{"@type":"PropertyValueSpecification","valueRequired":true,"valueName":"search_term_string"}}],"inLanguage":"en-US"},{"@type":"Organization","@id":"https:\/\/proagrolab.com.ar\/#organization","name":"Proagro","url":"https:\/\/proagrolab.com.ar\/","logo":{"@type":"ImageObject","inLanguage":"en-US","@id":"https:\/\/proagrolab.com.ar\/#\/schema\/logo\/image\/","url":"https:\/\/proagrolab.com.ar\/wp-content\/uploads\/2020\/04\/logo-retina.png","contentUrl":"https:\/\/proagrolab.com.ar\/wp-content\/uploads\/2020\/04\/logo-retina.png","width":478,"height":120,"caption":"Proagro"},"image":{"@id":"https:\/\/proagrolab.com.ar\/#\/schema\/logo\/image\/"},"sameAs":["http:\/\/www.facebook.com\/proagrolab","https:\/\/www.instagram.com\/proagrolab\/","https:\/\/www.linkedin.com\/company\/laboratorio-proagro-s-a\/"]},{"@type":"Person","@id":"https:\/\/proagrolab.com.ar\/#\/schema\/person\/38003ff90bf80381f71c7d922d207444","name":"proagrolab"}]}},"_links":{"self":[{"href":"https:\/\/proagrolab.com.ar\/en\/wp-json\/wp\/v2\/posts\/5845","targetHints":{"allow":["GET"]}}],"collection":[{"href":"https:\/\/proagrolab.com.ar\/en\/wp-json\/wp\/v2\/posts"}],"about":[{"href":"https:\/\/proagrolab.com.ar\/en\/wp-json\/wp\/v2\/types\/post"}],"author":[{"embeddable":true,"href":"https:\/\/proagrolab.com.ar\/en\/wp-json\/wp\/v2\/users\/2"}],"replies":[{"embeddable":true,"href":"https:\/\/proagrolab.com.ar\/en\/wp-json\/wp\/v2\/comments?post=5845"}],"version-history":[{"count":0,"href":"https:\/\/proagrolab.com.ar\/en\/wp-json\/wp\/v2\/posts\/5845\/revisions"}],"wp:featuredmedia":[{"embeddable":true,"href":"https:\/\/proagrolab.com.ar\/en\/wp-json\/wp\/v2\/media\/2331"}],"wp:attachment":[{"href":"https:\/\/proagrolab.com.ar\/en\/wp-json\/wp\/v2\/media?parent=5845"}],"wp:term":[{"taxonomy":"category","embeddable":true,"href":"https:\/\/proagrolab.com.ar\/en\/wp-json\/wp\/v2\/categories?post=5845"},{"taxonomy":"post_tag","embeddable":true,"href":"https:\/\/proagrolab.com.ar\/en\/wp-json\/wp\/v2\/tags?post=5845"}],"curies":[{"name":"wp","href":"https:\/\/api.w.org\/{rel}","templated":true}]}}