{"id":5843,"date":"2013-11-29T00:00:01","date_gmt":"2013-11-29T00:00:01","guid":{"rendered":"https:\/\/proagrolab.com.ar\/videla-seguira-al-frente-de-la-subsecretaria-de-lecheria\/"},"modified":"2013-11-29T00:00:01","modified_gmt":"2013-11-29T00:00:01","slug":"videla-seguira-al-frente-de-la-subsecretaria-de-lecheria","status":"publish","type":"post","link":"https:\/\/proagrolab.com.ar\/en\/videla-seguira-al-frente-de-la-subsecretaria-de-lecheria\/","title":{"rendered":"Videla seguir\u00e1 al frente de la Subsecretar\u00eda de Lecher\u00eda."},"content":{"rendered":"<p class=\"qtranxs-available-languages-message qtranxs-available-languages-message-en\"> <\/p><p>El flamante ministro de Agricultura present\u00f3 este jueves a sus colaboradores, entre los que hay caras renovadas y exfuncionarios.<\/p>\n<p>El nuevo ministro de Agricultura, Ganader\u00eda y Pesca, Carlos Casamiquela, present\u00f3 este jueves a sus nuevos colaboradores, durante un acto en la sede de la cartera agropecuaria. Entre ellos, hay caras renovadas y exfuncionarios que participaron de la administraci\u00f3n del saliente Norberto Yahuar. La Subsecretar\u00eda de Lecher\u00eda seguir\u00e1 a cargo de Arturo Jorge Videla, mientras que la Secretaria de Desarrollo Rural y Agricultura Familiar continuar\u00e1 en su cargo de Carla Campos Bilbao, por decisi\u00f3n de la presidente Cristina Fern\u00e1ndez de Kirchner.<\/p>\n<p>El caso de Arturo Jorge Videla es conocido: est\u00e1 al frente de la Subsecretar\u00eda de Lecher\u00eda desde su creaci\u00f3n y mantiene muy buena relaci\u00f3n de gesti\u00f3n con las C\u00e1maras Lecheras. Su trabajo siempre tuvo como eje el apoyo a los peque\u00f1os y medianos productores, el cooperativismo y el Agregado de Valor en Origen, ejes impulsados por la Presidenta misma.<\/p>\n<p>Durante el acto, desarrollado en el Microcine de la cartera, el ministro present\u00f3 tambi\u00e9n a Roberto Gabriel Delgado como secretario de Agricultura y a Javier Rodr\u00edguez como secretario de Coordinaci\u00f3n Pol\u00edtica-Institucional y Emergencia Agropecuaria. En tanto anunci\u00f3 que Carla Campos Bilbao se mantendr\u00e1 al frente de la Secretar\u00eda de Desarrollo Rural y Agricultura Familiar. Casamiquela anunci\u00f3, adem\u00e1s, la designaci\u00f3n de H\u00e9ctor Espina como jefe de Gabinete, de quien destac\u00f3 su experiencia como secretario Legal y T\u00e9cnico en los \u00faltimos dos a\u00f1os en el INTA.<\/p>\n<p>El ministro tambi\u00e9n destac\u00f3 los cambios dispuestos en el SENASA, donde Diana Guill\u00e9n -a quien defini\u00f3 como &#8220;una militante&#8221;-, asumir\u00e1 la conducci\u00f3n de la dependencia oficial. Por otra parte, la Subsecretar\u00eda de Ganader\u00eda ser\u00e1 ocupada por Jorge Dillon, que fue director nacional de Sanidad Animal del SENASA hasta la llegada de Marcelo Miguez. Adem\u00e1s, se confirm\u00f3 la continuidad de Oscar Sol\u00eds al frente de la Subsecretar\u00eda de Agregado de Valor y de Marcelo Yasky en la Subsecretar\u00eda de Agricultura.<\/p>\n<p>Casamiquela adelant\u00f3 que el lunes pr\u00f3ximo se reunir\u00e1 con los secretarios de Agricultura de todas las provincias para analizar formas de trabajo y objetivos, entre los que se\u00f1al\u00f3 la &#8220;rehabilitaci\u00f3n del plan agroalimentario 2020 que ya es de mediano plazo y aspira a una producci\u00f3n de 160 millones de toneladas de granos, y pensar en la Argentina de 2030&#8243;. El funcionario dijo que la idea es tener &#8220;un modelo donde empecemos a ser proveedores de g\u00f3ndolas de supermercados&#8221; y que en el mundo que viene &#8220;Argentina se posiciona excelentemente bien porque es una de las principales reservas de prote\u00ednas del mundo&#8221;. Adem\u00e1s, remarc\u00f3 que &#8220;hay una decisi\u00f3n pol\u00edtica de mirar con mucha atenci\u00f3n al sector de agricultura familiar, que hoy tiene 250.000 productores que son capaces de producir el 20 por ciento del producto bruto agropecuario&#8221;. Acerca de las entidades del campo y otros sectores relacionados con el sector, dijo que tiene &#8220;muchos pedidos de audiencia&#8221; y explic\u00f3 que &#8220;vamos a trabajar en funci\u00f3n de las econom\u00edas regionales y en funci\u00f3n de una mirada sobre las cadenas de valor; en todos esos procesos de an\u00e1lisis y discusi\u00f3n va a participar la dirigencia gremial que est\u00e9 vinculada&#8221;. Adem\u00e1s subray\u00f3 la necesidad de &#8220;revisar los m\u00e9todos de comercializaci\u00f3n y sistemas administrativos&#8221; de la producci\u00f3n agropecuaria. El ministro agreg\u00f3 que &#8220;todos dicen que hay precios atrasados y sin embargo se sigue creciendo, seguimos teniendo buena superficie de cultivo, y se va a batir nuevamente el r\u00e9cord de siembra y producci\u00f3n de soja; hay dificultades en algunas cuestiones pero est\u00e1n muy vinculadas al desarrollo productivo y comercial de algunas cadenas espec\u00edficas&#8221;.<\/p>\n<p>&#8220;Vamos a trabajar por m\u00e1s producci\u00f3n, por mayor garant\u00eda del consumo en la mesa de todos los argentinos, por favorecer los saldos exportables y por tener dos cuidados especiales: las dos puntas de la cadena, los consumidores y los productores&#8221;, concluy\u00f3 Casamiquela.<\/p>\n<p>Fuente: Infortambo, 29 de noviembre.<br \/><\/p>","protected":false},"excerpt":{"rendered":"<p>El flamante ministro de Agricultura present\u00f3 este jueves a sus colaboradores, entre los que hay caras renovadas y exfuncionarios. El nuevo ministro de Agricultura, Ganader\u00eda y Pesca, Carlos Casamiquela, present\u00f3 este jueves a sus nuevos colaboradores, durante un acto en la sede de la cartera agropecuaria. Entre ellos, hay caras renovadas y exfuncionarios que participaron de la administraci\u00f3n del saliente Norberto Yahuar. La Subsecretar\u00eda de Lecher\u00eda seguir\u00e1 a cargo de Arturo Jorge Videla, mientras que la Secretaria de Desarrollo Rural y Agricultura Familiar continuar\u00e1 en su cargo de Carla Campos Bilbao, por decisi\u00f3n de la presidente Cristina Fern\u00e1ndez de Kirchner. El caso de Arturo Jorge Videla es conocido: est\u00e1 al frente de la Subsecretar\u00eda de Lecher\u00eda desde su creaci\u00f3n y mantiene muy buena relaci\u00f3n de gesti\u00f3n con las C\u00e1maras Lecheras. Su trabajo siempre tuvo como eje el apoyo a los peque\u00f1os y medianos productores, el cooperativismo y el Agregado de Valor en Origen, ejes impulsados por la Presidenta misma. Durante el acto, desarrollado en el Microcine de la cartera, el ministro present\u00f3 tambi\u00e9n a Roberto Gabriel Delgado como secretario de Agricultura y a Javier Rodr\u00edguez como secretario de Coordinaci\u00f3n Pol\u00edtica-Institucional y Emergencia Agropecuaria. En tanto anunci\u00f3 que Carla Campos Bilbao [&hellip;]<\/p>\n","protected":false},"author":2,"featured_media":2329,"comment_status":"closed","ping_status":"open","sticky":false,"template":"","format":"standard","meta":{"_acf_changed":false,"footnotes":""},"categories":[56],"tags":[],"class_list":["post-5843","post","type-post","status-publish","format-standard","has-post-thumbnail","hentry","category-infoganadero"],"acf":[],"yoast_head":"<!-- This site is optimized with the Yoast SEO plugin v27.4 - https:\/\/yoast.com\/product\/yoast-seo-wordpress\/ -->\n<title>Videla seguir\u00e1 al frente de la Subsecretar\u00eda de Lecher\u00eda. | Proagro<\/title>\n<meta name=\"robots\" content=\"index, follow, max-snippet:-1, max-image-preview:large, max-video-preview:-1\" \/>\n<link rel=\"canonical\" href=\"https:\/\/proagrolab.com.ar\/en\/videla-seguira-al-frente-de-la-subsecretaria-de-lecheria\/\" \/>\n<meta property=\"og:locale\" content=\"en_US\" \/>\n<meta property=\"og:type\" content=\"article\" \/>\n<meta property=\"og:title\" content=\"Videla seguir\u00e1 al frente de la Subsecretar\u00eda de Lecher\u00eda. | Proagro\" \/>\n<meta property=\"og:description\" content=\"El flamante ministro de Agricultura present\u00f3 este jueves a sus colaboradores, entre los que hay caras renovadas y exfuncionarios. El nuevo ministro de Agricultura, Ganader\u00eda y Pesca, Carlos Casamiquela, present\u00f3 este jueves a sus nuevos colaboradores, durante un acto en la sede de la cartera agropecuaria. Entre ellos, hay caras renovadas y exfuncionarios que participaron de la administraci\u00f3n del saliente Norberto Yahuar. La Subsecretar\u00eda de Lecher\u00eda seguir\u00e1 a cargo de Arturo Jorge Videla, mientras que la Secretaria de Desarrollo Rural y Agricultura Familiar continuar\u00e1 en su cargo de Carla Campos Bilbao, por decisi\u00f3n de la presidente Cristina Fern\u00e1ndez de Kirchner. El caso de Arturo Jorge Videla es conocido: est\u00e1 al frente de la Subsecretar\u00eda de Lecher\u00eda desde su creaci\u00f3n y mantiene muy buena relaci\u00f3n de gesti\u00f3n con las C\u00e1maras Lecheras. Su trabajo siempre tuvo como eje el apoyo a los peque\u00f1os y medianos productores, el cooperativismo y el Agregado de Valor en Origen, ejes impulsados por la Presidenta misma. Durante el acto, desarrollado en el Microcine de la cartera, el ministro present\u00f3 tambi\u00e9n a Roberto Gabriel Delgado como secretario de Agricultura y a Javier Rodr\u00edguez como secretario de Coordinaci\u00f3n Pol\u00edtica-Institucional y Emergencia Agropecuaria. En tanto anunci\u00f3 que Carla Campos Bilbao [&hellip;]\" \/>\n<meta property=\"og:url\" content=\"https:\/\/proagrolab.com.ar\/videla-seguira-al-frente-de-la-subsecretaria-de-lecheria\/\" \/>\n<meta property=\"og:site_name\" content=\"Proagro\" \/>\n<meta property=\"article:publisher\" content=\"http:\/\/www.facebook.com\/proagrolab\" \/>\n<meta property=\"article:published_time\" content=\"2013-11-29T00:00:01+00:00\" \/>\n<meta property=\"og:image\" content=\"https:\/\/proagrolab.com.ar\/wp-content\/uploads\/2015\/01\/g_czy7tj6zr__Videla-2.jpg\" \/>\n\t<meta property=\"og:image:width\" content=\"450\" \/>\n\t<meta property=\"og:image:height\" content=\"208\" \/>\n\t<meta property=\"og:image:type\" content=\"image\/jpeg\" \/>\n<meta name=\"author\" content=\"proagrolab\" \/>\n<meta name=\"twitter:card\" content=\"summary_large_image\" \/>\n<meta name=\"twitter:label1\" content=\"Written by\" \/>\n\t<meta name=\"twitter:data1\" content=\"proagrolab\" \/>\n\t<meta name=\"twitter:label2\" content=\"Est. reading time\" \/>\n\t<meta name=\"twitter:data2\" content=\"3 minutes\" \/>\n<script type=\"application\/ld+json\" class=\"yoast-schema-graph\">{\"@context\":\"https:\\\/\\\/schema.org\",\"@graph\":[{\"@type\":\"Article\",\"@id\":\"https:\\\/\\\/proagrolab.com.ar\\\/videla-seguira-al-frente-de-la-subsecretaria-de-lecheria\\\/#article\",\"isPartOf\":{\"@id\":\"https:\\\/\\\/proagrolab.com.ar\\\/videla-seguira-al-frente-de-la-subsecretaria-de-lecheria\\\/\"},\"author\":{\"name\":\"proagrolab\",\"@id\":\"https:\\\/\\\/proagrolab.com.ar\\\/#\\\/schema\\\/person\\\/38003ff90bf80381f71c7d922d207444\"},\"headline\":\"Videla seguir\u00e1 al frente de la Subsecretar\u00eda de Lecher\u00eda.\",\"datePublished\":\"2013-11-29T00:00:01+00:00\",\"mainEntityOfPage\":{\"@id\":\"https:\\\/\\\/proagrolab.com.ar\\\/videla-seguira-al-frente-de-la-subsecretaria-de-lecheria\\\/\"},\"wordCount\":700,\"publisher\":{\"@id\":\"https:\\\/\\\/proagrolab.com.ar\\\/#organization\"},\"image\":{\"@id\":\"https:\\\/\\\/proagrolab.com.ar\\\/videla-seguira-al-frente-de-la-subsecretaria-de-lecheria\\\/#primaryimage\"},\"thumbnailUrl\":\"https:\\\/\\\/proagrolab.com.ar\\\/wp-content\\\/uploads\\\/2015\\\/01\\\/g_czy7tj6zr__Videla-2.jpg\",\"articleSection\":[\"News\"],\"inLanguage\":\"en-US\"},{\"@type\":\"WebPage\",\"@id\":\"https:\\\/\\\/proagrolab.com.ar\\\/videla-seguira-al-frente-de-la-subsecretaria-de-lecheria\\\/\",\"url\":\"https:\\\/\\\/proagrolab.com.ar\\\/videla-seguira-al-frente-de-la-subsecretaria-de-lecheria\\\/\",\"name\":\"Videla seguir\u00e1 al frente de la Subsecretar\u00eda de Lecher\u00eda. | Proagro\",\"isPartOf\":{\"@id\":\"https:\\\/\\\/proagrolab.com.ar\\\/#website\"},\"primaryImageOfPage\":{\"@id\":\"https:\\\/\\\/proagrolab.com.ar\\\/videla-seguira-al-frente-de-la-subsecretaria-de-lecheria\\\/#primaryimage\"},\"image\":{\"@id\":\"https:\\\/\\\/proagrolab.com.ar\\\/videla-seguira-al-frente-de-la-subsecretaria-de-lecheria\\\/#primaryimage\"},\"thumbnailUrl\":\"https:\\\/\\\/proagrolab.com.ar\\\/wp-content\\\/uploads\\\/2015\\\/01\\\/g_czy7tj6zr__Videla-2.jpg\",\"datePublished\":\"2013-11-29T00:00:01+00:00\",\"breadcrumb\":{\"@id\":\"https:\\\/\\\/proagrolab.com.ar\\\/videla-seguira-al-frente-de-la-subsecretaria-de-lecheria\\\/#breadcrumb\"},\"inLanguage\":\"en-US\",\"potentialAction\":[{\"@type\":\"ReadAction\",\"target\":[\"https:\\\/\\\/proagrolab.com.ar\\\/videla-seguira-al-frente-de-la-subsecretaria-de-lecheria\\\/\"]}]},{\"@type\":\"ImageObject\",\"inLanguage\":\"en-US\",\"@id\":\"https:\\\/\\\/proagrolab.com.ar\\\/videla-seguira-al-frente-de-la-subsecretaria-de-lecheria\\\/#primaryimage\",\"url\":\"https:\\\/\\\/proagrolab.com.ar\\\/wp-content\\\/uploads\\\/2015\\\/01\\\/g_czy7tj6zr__Videla-2.jpg\",\"contentUrl\":\"https:\\\/\\\/proagrolab.com.ar\\\/wp-content\\\/uploads\\\/2015\\\/01\\\/g_czy7tj6zr__Videla-2.jpg\",\"width\":450,\"height\":208},{\"@type\":\"BreadcrumbList\",\"@id\":\"https:\\\/\\\/proagrolab.com.ar\\\/videla-seguira-al-frente-de-la-subsecretaria-de-lecheria\\\/#breadcrumb\",\"itemListElement\":[{\"@type\":\"ListItem\",\"position\":1,\"name\":\"Portada\",\"item\":\"https:\\\/\\\/proagrolab.com.ar\\\/\"},{\"@type\":\"ListItem\",\"position\":2,\"name\":\"Videla seguir\u00e1 al frente de la Subsecretar\u00eda de Lecher\u00eda.\"}]},{\"@type\":\"WebSite\",\"@id\":\"https:\\\/\\\/proagrolab.com.ar\\\/#website\",\"url\":\"https:\\\/\\\/proagrolab.com.ar\\\/\",\"name\":\"Proagro Laboratorio Veterinario\",\"description\":\"Veterinary laboratory\",\"publisher\":{\"@id\":\"https:\\\/\\\/proagrolab.com.ar\\\/#organization\"},\"potentialAction\":[{\"@type\":\"SearchAction\",\"target\":{\"@type\":\"EntryPoint\",\"urlTemplate\":\"https:\\\/\\\/proagrolab.com.ar\\\/?s={search_term_string}\"},\"query-input\":{\"@type\":\"PropertyValueSpecification\",\"valueRequired\":true,\"valueName\":\"search_term_string\"}}],\"inLanguage\":\"en-US\"},{\"@type\":\"Organization\",\"@id\":\"https:\\\/\\\/proagrolab.com.ar\\\/#organization\",\"name\":\"Proagro\",\"url\":\"https:\\\/\\\/proagrolab.com.ar\\\/\",\"logo\":{\"@type\":\"ImageObject\",\"inLanguage\":\"en-US\",\"@id\":\"https:\\\/\\\/proagrolab.com.ar\\\/#\\\/schema\\\/logo\\\/image\\\/\",\"url\":\"https:\\\/\\\/proagrolab.com.ar\\\/wp-content\\\/uploads\\\/2020\\\/04\\\/logo-retina.png\",\"contentUrl\":\"https:\\\/\\\/proagrolab.com.ar\\\/wp-content\\\/uploads\\\/2020\\\/04\\\/logo-retina.png\",\"width\":478,\"height\":120,\"caption\":\"Proagro\"},\"image\":{\"@id\":\"https:\\\/\\\/proagrolab.com.ar\\\/#\\\/schema\\\/logo\\\/image\\\/\"},\"sameAs\":[\"http:\\\/\\\/www.facebook.com\\\/proagrolab\",\"https:\\\/\\\/www.instagram.com\\\/proagrolab\\\/\",\"https:\\\/\\\/www.linkedin.com\\\/company\\\/laboratorio-proagro-s-a\\\/\"]},{\"@type\":\"Person\",\"@id\":\"https:\\\/\\\/proagrolab.com.ar\\\/#\\\/schema\\\/person\\\/38003ff90bf80381f71c7d922d207444\",\"name\":\"proagrolab\"}]}<\/script>\n<!-- \/ Yoast SEO plugin. -->","yoast_head_json":{"title":"Videla seguir\u00e1 al frente de la Subsecretar\u00eda de Lecher\u00eda. | Proagro","robots":{"index":"index","follow":"follow","max-snippet":"max-snippet:-1","max-image-preview":"max-image-preview:large","max-video-preview":"max-video-preview:-1"},"canonical":"https:\/\/proagrolab.com.ar\/en\/videla-seguira-al-frente-de-la-subsecretaria-de-lecheria\/","og_locale":"en_US","og_type":"article","og_title":"Videla seguir\u00e1 al frente de la Subsecretar\u00eda de Lecher\u00eda. | Proagro","og_description":"El flamante ministro de Agricultura present\u00f3 este jueves a sus colaboradores, entre los que hay caras renovadas y exfuncionarios. El nuevo ministro de Agricultura, Ganader\u00eda y Pesca, Carlos Casamiquela, present\u00f3 este jueves a sus nuevos colaboradores, durante un acto en la sede de la cartera agropecuaria. Entre ellos, hay caras renovadas y exfuncionarios que participaron de la administraci\u00f3n del saliente Norberto Yahuar. La Subsecretar\u00eda de Lecher\u00eda seguir\u00e1 a cargo de Arturo Jorge Videla, mientras que la Secretaria de Desarrollo Rural y Agricultura Familiar continuar\u00e1 en su cargo de Carla Campos Bilbao, por decisi\u00f3n de la presidente Cristina Fern\u00e1ndez de Kirchner. El caso de Arturo Jorge Videla es conocido: est\u00e1 al frente de la Subsecretar\u00eda de Lecher\u00eda desde su creaci\u00f3n y mantiene muy buena relaci\u00f3n de gesti\u00f3n con las C\u00e1maras Lecheras. Su trabajo siempre tuvo como eje el apoyo a los peque\u00f1os y medianos productores, el cooperativismo y el Agregado de Valor en Origen, ejes impulsados por la Presidenta misma. Durante el acto, desarrollado en el Microcine de la cartera, el ministro present\u00f3 tambi\u00e9n a Roberto Gabriel Delgado como secretario de Agricultura y a Javier Rodr\u00edguez como secretario de Coordinaci\u00f3n Pol\u00edtica-Institucional y Emergencia Agropecuaria. En tanto anunci\u00f3 que Carla Campos Bilbao [&hellip;]","og_url":"https:\/\/proagrolab.com.ar\/videla-seguira-al-frente-de-la-subsecretaria-de-lecheria\/","og_site_name":"Proagro","article_publisher":"http:\/\/www.facebook.com\/proagrolab","article_published_time":"2013-11-29T00:00:01+00:00","og_image":[{"width":450,"height":208,"url":"https:\/\/proagrolab.com.ar\/wp-content\/uploads\/2015\/01\/g_czy7tj6zr__Videla-2.jpg","type":"image\/jpeg"}],"author":"proagrolab","twitter_card":"summary_large_image","twitter_misc":{"Written by":"proagrolab","Est. reading time":"3 minutes"},"schema":{"@context":"https:\/\/schema.org","@graph":[{"@type":"Article","@id":"https:\/\/proagrolab.com.ar\/videla-seguira-al-frente-de-la-subsecretaria-de-lecheria\/#article","isPartOf":{"@id":"https:\/\/proagrolab.com.ar\/videla-seguira-al-frente-de-la-subsecretaria-de-lecheria\/"},"author":{"name":"proagrolab","@id":"https:\/\/proagrolab.com.ar\/#\/schema\/person\/38003ff90bf80381f71c7d922d207444"},"headline":"Videla seguir\u00e1 al frente de la Subsecretar\u00eda de Lecher\u00eda.","datePublished":"2013-11-29T00:00:01+00:00","mainEntityOfPage":{"@id":"https:\/\/proagrolab.com.ar\/videla-seguira-al-frente-de-la-subsecretaria-de-lecheria\/"},"wordCount":700,"publisher":{"@id":"https:\/\/proagrolab.com.ar\/#organization"},"image":{"@id":"https:\/\/proagrolab.com.ar\/videla-seguira-al-frente-de-la-subsecretaria-de-lecheria\/#primaryimage"},"thumbnailUrl":"https:\/\/proagrolab.com.ar\/wp-content\/uploads\/2015\/01\/g_czy7tj6zr__Videla-2.jpg","articleSection":["News"],"inLanguage":"en-US"},{"@type":"WebPage","@id":"https:\/\/proagrolab.com.ar\/videla-seguira-al-frente-de-la-subsecretaria-de-lecheria\/","url":"https:\/\/proagrolab.com.ar\/videla-seguira-al-frente-de-la-subsecretaria-de-lecheria\/","name":"Videla seguir\u00e1 al frente de la Subsecretar\u00eda de Lecher\u00eda. | Proagro","isPartOf":{"@id":"https:\/\/proagrolab.com.ar\/#website"},"primaryImageOfPage":{"@id":"https:\/\/proagrolab.com.ar\/videla-seguira-al-frente-de-la-subsecretaria-de-lecheria\/#primaryimage"},"image":{"@id":"https:\/\/proagrolab.com.ar\/videla-seguira-al-frente-de-la-subsecretaria-de-lecheria\/#primaryimage"},"thumbnailUrl":"https:\/\/proagrolab.com.ar\/wp-content\/uploads\/2015\/01\/g_czy7tj6zr__Videla-2.jpg","datePublished":"2013-11-29T00:00:01+00:00","breadcrumb":{"@id":"https:\/\/proagrolab.com.ar\/videla-seguira-al-frente-de-la-subsecretaria-de-lecheria\/#breadcrumb"},"inLanguage":"en-US","potentialAction":[{"@type":"ReadAction","target":["https:\/\/proagrolab.com.ar\/videla-seguira-al-frente-de-la-subsecretaria-de-lecheria\/"]}]},{"@type":"ImageObject","inLanguage":"en-US","@id":"https:\/\/proagrolab.com.ar\/videla-seguira-al-frente-de-la-subsecretaria-de-lecheria\/#primaryimage","url":"https:\/\/proagrolab.com.ar\/wp-content\/uploads\/2015\/01\/g_czy7tj6zr__Videla-2.jpg","contentUrl":"https:\/\/proagrolab.com.ar\/wp-content\/uploads\/2015\/01\/g_czy7tj6zr__Videla-2.jpg","width":450,"height":208},{"@type":"BreadcrumbList","@id":"https:\/\/proagrolab.com.ar\/videla-seguira-al-frente-de-la-subsecretaria-de-lecheria\/#breadcrumb","itemListElement":[{"@type":"ListItem","position":1,"name":"Portada","item":"https:\/\/proagrolab.com.ar\/"},{"@type":"ListItem","position":2,"name":"Videla seguir\u00e1 al frente de la Subsecretar\u00eda de Lecher\u00eda."}]},{"@type":"WebSite","@id":"https:\/\/proagrolab.com.ar\/#website","url":"https:\/\/proagrolab.com.ar\/","name":"Proagro Laboratorio Veterinario","description":"Veterinary laboratory","publisher":{"@id":"https:\/\/proagrolab.com.ar\/#organization"},"potentialAction":[{"@type":"SearchAction","target":{"@type":"EntryPoint","urlTemplate":"https:\/\/proagrolab.com.ar\/?s={search_term_string}"},"query-input":{"@type":"PropertyValueSpecification","valueRequired":true,"valueName":"search_term_string"}}],"inLanguage":"en-US"},{"@type":"Organization","@id":"https:\/\/proagrolab.com.ar\/#organization","name":"Proagro","url":"https:\/\/proagrolab.com.ar\/","logo":{"@type":"ImageObject","inLanguage":"en-US","@id":"https:\/\/proagrolab.com.ar\/#\/schema\/logo\/image\/","url":"https:\/\/proagrolab.com.ar\/wp-content\/uploads\/2020\/04\/logo-retina.png","contentUrl":"https:\/\/proagrolab.com.ar\/wp-content\/uploads\/2020\/04\/logo-retina.png","width":478,"height":120,"caption":"Proagro"},"image":{"@id":"https:\/\/proagrolab.com.ar\/#\/schema\/logo\/image\/"},"sameAs":["http:\/\/www.facebook.com\/proagrolab","https:\/\/www.instagram.com\/proagrolab\/","https:\/\/www.linkedin.com\/company\/laboratorio-proagro-s-a\/"]},{"@type":"Person","@id":"https:\/\/proagrolab.com.ar\/#\/schema\/person\/38003ff90bf80381f71c7d922d207444","name":"proagrolab"}]}},"_links":{"self":[{"href":"https:\/\/proagrolab.com.ar\/en\/wp-json\/wp\/v2\/posts\/5843","targetHints":{"allow":["GET"]}}],"collection":[{"href":"https:\/\/proagrolab.com.ar\/en\/wp-json\/wp\/v2\/posts"}],"about":[{"href":"https:\/\/proagrolab.com.ar\/en\/wp-json\/wp\/v2\/types\/post"}],"author":[{"embeddable":true,"href":"https:\/\/proagrolab.com.ar\/en\/wp-json\/wp\/v2\/users\/2"}],"replies":[{"embeddable":true,"href":"https:\/\/proagrolab.com.ar\/en\/wp-json\/wp\/v2\/comments?post=5843"}],"version-history":[{"count":0,"href":"https:\/\/proagrolab.com.ar\/en\/wp-json\/wp\/v2\/posts\/5843\/revisions"}],"wp:featuredmedia":[{"embeddable":true,"href":"https:\/\/proagrolab.com.ar\/en\/wp-json\/wp\/v2\/media\/2329"}],"wp:attachment":[{"href":"https:\/\/proagrolab.com.ar\/en\/wp-json\/wp\/v2\/media?parent=5843"}],"wp:term":[{"taxonomy":"category","embeddable":true,"href":"https:\/\/proagrolab.com.ar\/en\/wp-json\/wp\/v2\/categories?post=5843"},{"taxonomy":"post_tag","embeddable":true,"href":"https:\/\/proagrolab.com.ar\/en\/wp-json\/wp\/v2\/tags?post=5843"}],"curies":[{"name":"wp","href":"https:\/\/api.w.org\/{rel}","templated":true}]}}