{"id":5842,"date":"2013-11-29T00:00:01","date_gmt":"2013-11-29T00:00:01","guid":{"rendered":"https:\/\/proagrolab.com.ar\/la-demanda-todo-lo-puede\/"},"modified":"2013-11-29T00:00:01","modified_gmt":"2013-11-29T00:00:01","slug":"la-demanda-todo-lo-puede","status":"publish","type":"post","link":"https:\/\/proagrolab.com.ar\/en\/la-demanda-todo-lo-puede\/","title":{"rendered":"La demanda todo lo puede."},"content":{"rendered":"<p class=\"qtranxs-available-languages-message qtranxs-available-languages-message-en\"> <\/p><p>Por Ignacio Iriarte.<\/p>\n<p>La suba de la hacienda en las \u00faltimas semanas puede atribuirse m\u00e1s al consumo interno que a una recuperaci\u00f3n de la exportaci\u00f3n. Durante el mes pasado, China se convirti\u00f3 en el segundo destino para la carne argentina detr\u00e1s de Rusia.<\/p>\n<p>A pesar de la alt\u00edsima oferta ganadera \u0096en octubre fue la m\u00e1s elevada de los \u00faltimos 46 meses, el mercado viene absorbiendo bien esta primer etapa de recuperaci\u00f3n de los precios ganaderos que, a esta altura en forma acumulada, puede estimarse entre 15 y 20 por ciento desde principios de mes.<\/p>\n<p>Parte del incremento ha sido absorbido por los intermediarios, pero la mayor parte ha sido trasladado al p\u00fablico. Toda la cadena de la carne ven\u00eda trabajando con m\u00e1rgenes generosos, y ahora ha debido absorber parte del aumento, que se esperaba reci\u00e9n para enero, pero que a partir de circunstancias clim\u00e1ticas extremas (lluvias abundantes y generalizadas) se ha desencadenado anticipadamente.<\/p>\n<p>La ca\u00edda puntual de oferta, oblig\u00f3 a la demanda a utilizar la \u0093reserva de poder de compra\u0094 que ten\u00eda hace ya varias semanas, reserva que obedec\u00eda a diferentes motivos: primero; el visible atraso experimentado en los \u00faltimos tres a\u00f1os por el precio de la hacienda (25 por ciento hasta octubre) y de la carne (55 por ciento) frente a una inflaci\u00f3n del 91 por ciento y frente a los aumentos salariales del 95 por ciento en el mismo per\u00edodo. Ha contribuido a la percepci\u00f3n general de que la carne vacuna est\u00e1 \u0093barata\u0094 el notable aumento experimentado en los farin\u00e1ceos (harina, pastas, pan, facturas, bizcochos, pizza, etc.) y los l\u00e1cteos de 2011 a la fecha.<\/p>\n<p>Un segundo factor que refuerza la demanda es el espectacular aumento en el precio del cuero a nivel internacional, que ya acumula una suba del 50 por ciento en el \u00faltimo a\u00f1o, fen\u00f3meno potenciado por una devaluaci\u00f3n del peso del orden del 25 por ciento en el mismo per\u00edodo.<\/p>\n<p>A nivel local, el precio del cuero salado ha subido un 65 por ciento desde fines de agosto. La reciente valorizaci\u00f3n del cuero supone una inyecci\u00f3n de por lo menos 100 millones de pesos mensuales a todo el negocio de la carne, monto que estar\u00eda llegando a matarifes y frigor\u00edficos y les permite mejorar su poder de compra en el mercado de hacienda en pie. La suba del valor del cuero estimula el poder adquisitivo tanto de los exportadores como de los consumeros.<\/p>\n<p>El tercer factor a tener en cuenta ser\u00eda la mayor actividad de la exportaci\u00f3n.<\/p>\n<p><i>Env\u00edos, en baja<\/i><br \/>Hasta hace unas semanas la mayor\u00eda de los operadores pensaba que la mayor actividad exportadora hab\u00eda tenido mucho que ver con la suba del precio de la hacienda, pero los datos de embarques de octubre indicar\u00edan lo contrario.<\/p>\n<p>Durante el mes pasado, la faena de carne vacuna habr\u00eda sido de 265 mil toneladas; si a este volumen se le deduce las 15 mil toneladas exportadas ese mes (20 por ciento menos que en septiembre), el consumo aparente se ubicar\u00eda en un nivel de 70-72 kilos per c\u00e1pita , el m\u00e1s alto desde mediados del 2009, cuando est\u00e1bamos en pleno proceso de liquidaci\u00f3n.<\/p>\n<p>Estos datos de faena y exportaci\u00f3n de octubre, revelar\u00edan, entonces, que la suba de las \u00faltimas semanas puede atribuirse m\u00e1s a la fuerza de la demanda interna que a la recuperaci\u00f3n de la demanda exportadora, como se pens\u00f3 en un primer momento.<\/p>\n<p>En noviembre habr\u00edan seguido cayendo los embarques al exterior, debido a la escasez de novillos y a la suba de precios de esta categor\u00eda, que es de un 25-27 por ciento acumulado en menos de dos meses.<\/p>\n<p>China ya fue en octubre el segundo destino de las carnes argentinas, s\u00f3lo superado por Rusia.<\/p>\n<p>Fuente: La Voz del Interior, 29 d noviembre.<br \/><\/p>","protected":false},"excerpt":{"rendered":"<p>Por Ignacio Iriarte. La suba de la hacienda en las \u00faltimas semanas puede atribuirse m\u00e1s al consumo interno que a una recuperaci\u00f3n de la exportaci\u00f3n. Durante el mes pasado, China se convirti\u00f3 en el segundo destino para la carne argentina detr\u00e1s de Rusia. A pesar de la alt\u00edsima oferta ganadera \u0096en octubre fue la m\u00e1s elevada de los \u00faltimos 46 meses, el mercado viene absorbiendo bien esta primer etapa de recuperaci\u00f3n de los precios ganaderos que, a esta altura en forma acumulada, puede estimarse entre 15 y 20 por ciento desde principios de mes. Parte del incremento ha sido absorbido por los intermediarios, pero la mayor parte ha sido trasladado al p\u00fablico. Toda la cadena de la carne ven\u00eda trabajando con m\u00e1rgenes generosos, y ahora ha debido absorber parte del aumento, que se esperaba reci\u00e9n para enero, pero que a partir de circunstancias clim\u00e1ticas extremas (lluvias abundantes y generalizadas) se ha desencadenado anticipadamente. La ca\u00edda puntual de oferta, oblig\u00f3 a la demanda a utilizar la \u0093reserva de poder de compra\u0094 que ten\u00eda hace ya varias semanas, reserva que obedec\u00eda a diferentes motivos: primero; el visible atraso experimentado en los \u00faltimos tres a\u00f1os por el precio de la hacienda (25 por [&hellip;]<\/p>\n","protected":false},"author":2,"featured_media":2328,"comment_status":"closed","ping_status":"open","sticky":false,"template":"","format":"standard","meta":{"_acf_changed":false,"footnotes":""},"categories":[56],"tags":[],"class_list":["post-5842","post","type-post","status-publish","format-standard","has-post-thumbnail","hentry","category-infoganadero"],"acf":[],"yoast_head":"<!-- This site is optimized with the Yoast SEO plugin v27.4 - https:\/\/yoast.com\/product\/yoast-seo-wordpress\/ -->\n<title>La demanda todo lo puede. | Proagro<\/title>\n<meta name=\"robots\" content=\"index, follow, max-snippet:-1, max-image-preview:large, max-video-preview:-1\" \/>\n<link rel=\"canonical\" href=\"https:\/\/proagrolab.com.ar\/en\/la-demanda-todo-lo-puede\/\" \/>\n<meta property=\"og:locale\" content=\"en_US\" \/>\n<meta property=\"og:type\" content=\"article\" \/>\n<meta property=\"og:title\" content=\"La demanda todo lo puede. | Proagro\" \/>\n<meta property=\"og:description\" content=\"Por Ignacio Iriarte. La suba de la hacienda en las \u00faltimas semanas puede atribuirse m\u00e1s al consumo interno que a una recuperaci\u00f3n de la exportaci\u00f3n. Durante el mes pasado, China se convirti\u00f3 en el segundo destino para la carne argentina detr\u00e1s de Rusia. A pesar de la alt\u00edsima oferta ganadera \u0096en octubre fue la m\u00e1s elevada de los \u00faltimos 46 meses, el mercado viene absorbiendo bien esta primer etapa de recuperaci\u00f3n de los precios ganaderos que, a esta altura en forma acumulada, puede estimarse entre 15 y 20 por ciento desde principios de mes. Parte del incremento ha sido absorbido por los intermediarios, pero la mayor parte ha sido trasladado al p\u00fablico. Toda la cadena de la carne ven\u00eda trabajando con m\u00e1rgenes generosos, y ahora ha debido absorber parte del aumento, que se esperaba reci\u00e9n para enero, pero que a partir de circunstancias clim\u00e1ticas extremas (lluvias abundantes y generalizadas) se ha desencadenado anticipadamente. La ca\u00edda puntual de oferta, oblig\u00f3 a la demanda a utilizar la \u0093reserva de poder de compra\u0094 que ten\u00eda hace ya varias semanas, reserva que obedec\u00eda a diferentes motivos: primero; el visible atraso experimentado en los \u00faltimos tres a\u00f1os por el precio de la hacienda (25 por [&hellip;]\" \/>\n<meta property=\"og:url\" content=\"https:\/\/proagrolab.com.ar\/la-demanda-todo-lo-puede\/\" \/>\n<meta property=\"og:site_name\" content=\"Proagro\" \/>\n<meta property=\"article:publisher\" content=\"http:\/\/www.facebook.com\/proagrolab\" \/>\n<meta property=\"article:published_time\" content=\"2013-11-29T00:00:01+00:00\" \/>\n<meta property=\"og:image\" content=\"https:\/\/proagrolab.com.ar\/wp-content\/uploads\/2015\/01\/g_vcgkyxu4r__Vacas-4.jpg\" \/>\n\t<meta property=\"og:image:width\" content=\"450\" \/>\n\t<meta property=\"og:image:height\" content=\"208\" \/>\n\t<meta property=\"og:image:type\" content=\"image\/jpeg\" \/>\n<meta name=\"author\" content=\"proagrolab\" \/>\n<meta name=\"twitter:card\" content=\"summary_large_image\" \/>\n<meta name=\"twitter:label1\" content=\"Written by\" \/>\n\t<meta name=\"twitter:data1\" content=\"proagrolab\" \/>\n\t<meta name=\"twitter:label2\" content=\"Est. reading time\" \/>\n\t<meta name=\"twitter:data2\" content=\"3 minutes\" \/>\n<script type=\"application\/ld+json\" class=\"yoast-schema-graph\">{\"@context\":\"https:\\\/\\\/schema.org\",\"@graph\":[{\"@type\":\"Article\",\"@id\":\"https:\\\/\\\/proagrolab.com.ar\\\/la-demanda-todo-lo-puede\\\/#article\",\"isPartOf\":{\"@id\":\"https:\\\/\\\/proagrolab.com.ar\\\/la-demanda-todo-lo-puede\\\/\"},\"author\":{\"name\":\"proagrolab\",\"@id\":\"https:\\\/\\\/proagrolab.com.ar\\\/#\\\/schema\\\/person\\\/38003ff90bf80381f71c7d922d207444\"},\"headline\":\"La demanda todo lo puede.\",\"datePublished\":\"2013-11-29T00:00:01+00:00\",\"mainEntityOfPage\":{\"@id\":\"https:\\\/\\\/proagrolab.com.ar\\\/la-demanda-todo-lo-puede\\\/\"},\"wordCount\":656,\"publisher\":{\"@id\":\"https:\\\/\\\/proagrolab.com.ar\\\/#organization\"},\"image\":{\"@id\":\"https:\\\/\\\/proagrolab.com.ar\\\/la-demanda-todo-lo-puede\\\/#primaryimage\"},\"thumbnailUrl\":\"https:\\\/\\\/proagrolab.com.ar\\\/wp-content\\\/uploads\\\/2015\\\/01\\\/g_vcgkyxu4r__Vacas-4.jpg\",\"articleSection\":[\"News\"],\"inLanguage\":\"en-US\"},{\"@type\":\"WebPage\",\"@id\":\"https:\\\/\\\/proagrolab.com.ar\\\/la-demanda-todo-lo-puede\\\/\",\"url\":\"https:\\\/\\\/proagrolab.com.ar\\\/la-demanda-todo-lo-puede\\\/\",\"name\":\"La demanda todo lo puede. | Proagro\",\"isPartOf\":{\"@id\":\"https:\\\/\\\/proagrolab.com.ar\\\/#website\"},\"primaryImageOfPage\":{\"@id\":\"https:\\\/\\\/proagrolab.com.ar\\\/la-demanda-todo-lo-puede\\\/#primaryimage\"},\"image\":{\"@id\":\"https:\\\/\\\/proagrolab.com.ar\\\/la-demanda-todo-lo-puede\\\/#primaryimage\"},\"thumbnailUrl\":\"https:\\\/\\\/proagrolab.com.ar\\\/wp-content\\\/uploads\\\/2015\\\/01\\\/g_vcgkyxu4r__Vacas-4.jpg\",\"datePublished\":\"2013-11-29T00:00:01+00:00\",\"breadcrumb\":{\"@id\":\"https:\\\/\\\/proagrolab.com.ar\\\/la-demanda-todo-lo-puede\\\/#breadcrumb\"},\"inLanguage\":\"en-US\",\"potentialAction\":[{\"@type\":\"ReadAction\",\"target\":[\"https:\\\/\\\/proagrolab.com.ar\\\/la-demanda-todo-lo-puede\\\/\"]}]},{\"@type\":\"ImageObject\",\"inLanguage\":\"en-US\",\"@id\":\"https:\\\/\\\/proagrolab.com.ar\\\/la-demanda-todo-lo-puede\\\/#primaryimage\",\"url\":\"https:\\\/\\\/proagrolab.com.ar\\\/wp-content\\\/uploads\\\/2015\\\/01\\\/g_vcgkyxu4r__Vacas-4.jpg\",\"contentUrl\":\"https:\\\/\\\/proagrolab.com.ar\\\/wp-content\\\/uploads\\\/2015\\\/01\\\/g_vcgkyxu4r__Vacas-4.jpg\",\"width\":450,\"height\":208},{\"@type\":\"BreadcrumbList\",\"@id\":\"https:\\\/\\\/proagrolab.com.ar\\\/la-demanda-todo-lo-puede\\\/#breadcrumb\",\"itemListElement\":[{\"@type\":\"ListItem\",\"position\":1,\"name\":\"Portada\",\"item\":\"https:\\\/\\\/proagrolab.com.ar\\\/\"},{\"@type\":\"ListItem\",\"position\":2,\"name\":\"La demanda todo lo puede.\"}]},{\"@type\":\"WebSite\",\"@id\":\"https:\\\/\\\/proagrolab.com.ar\\\/#website\",\"url\":\"https:\\\/\\\/proagrolab.com.ar\\\/\",\"name\":\"Proagro Laboratorio Veterinario\",\"description\":\"Veterinary laboratory\",\"publisher\":{\"@id\":\"https:\\\/\\\/proagrolab.com.ar\\\/#organization\"},\"potentialAction\":[{\"@type\":\"SearchAction\",\"target\":{\"@type\":\"EntryPoint\",\"urlTemplate\":\"https:\\\/\\\/proagrolab.com.ar\\\/?s={search_term_string}\"},\"query-input\":{\"@type\":\"PropertyValueSpecification\",\"valueRequired\":true,\"valueName\":\"search_term_string\"}}],\"inLanguage\":\"en-US\"},{\"@type\":\"Organization\",\"@id\":\"https:\\\/\\\/proagrolab.com.ar\\\/#organization\",\"name\":\"Proagro\",\"url\":\"https:\\\/\\\/proagrolab.com.ar\\\/\",\"logo\":{\"@type\":\"ImageObject\",\"inLanguage\":\"en-US\",\"@id\":\"https:\\\/\\\/proagrolab.com.ar\\\/#\\\/schema\\\/logo\\\/image\\\/\",\"url\":\"https:\\\/\\\/proagrolab.com.ar\\\/wp-content\\\/uploads\\\/2020\\\/04\\\/logo-retina.png\",\"contentUrl\":\"https:\\\/\\\/proagrolab.com.ar\\\/wp-content\\\/uploads\\\/2020\\\/04\\\/logo-retina.png\",\"width\":478,\"height\":120,\"caption\":\"Proagro\"},\"image\":{\"@id\":\"https:\\\/\\\/proagrolab.com.ar\\\/#\\\/schema\\\/logo\\\/image\\\/\"},\"sameAs\":[\"http:\\\/\\\/www.facebook.com\\\/proagrolab\",\"https:\\\/\\\/www.instagram.com\\\/proagrolab\\\/\",\"https:\\\/\\\/www.linkedin.com\\\/company\\\/laboratorio-proagro-s-a\\\/\"]},{\"@type\":\"Person\",\"@id\":\"https:\\\/\\\/proagrolab.com.ar\\\/#\\\/schema\\\/person\\\/38003ff90bf80381f71c7d922d207444\",\"name\":\"proagrolab\"}]}<\/script>\n<!-- \/ Yoast SEO plugin. -->","yoast_head_json":{"title":"La demanda todo lo puede. | Proagro","robots":{"index":"index","follow":"follow","max-snippet":"max-snippet:-1","max-image-preview":"max-image-preview:large","max-video-preview":"max-video-preview:-1"},"canonical":"https:\/\/proagrolab.com.ar\/en\/la-demanda-todo-lo-puede\/","og_locale":"en_US","og_type":"article","og_title":"La demanda todo lo puede. | Proagro","og_description":"Por Ignacio Iriarte. La suba de la hacienda en las \u00faltimas semanas puede atribuirse m\u00e1s al consumo interno que a una recuperaci\u00f3n de la exportaci\u00f3n. Durante el mes pasado, China se convirti\u00f3 en el segundo destino para la carne argentina detr\u00e1s de Rusia. A pesar de la alt\u00edsima oferta ganadera \u0096en octubre fue la m\u00e1s elevada de los \u00faltimos 46 meses, el mercado viene absorbiendo bien esta primer etapa de recuperaci\u00f3n de los precios ganaderos que, a esta altura en forma acumulada, puede estimarse entre 15 y 20 por ciento desde principios de mes. Parte del incremento ha sido absorbido por los intermediarios, pero la mayor parte ha sido trasladado al p\u00fablico. Toda la cadena de la carne ven\u00eda trabajando con m\u00e1rgenes generosos, y ahora ha debido absorber parte del aumento, que se esperaba reci\u00e9n para enero, pero que a partir de circunstancias clim\u00e1ticas extremas (lluvias abundantes y generalizadas) se ha desencadenado anticipadamente. La ca\u00edda puntual de oferta, oblig\u00f3 a la demanda a utilizar la \u0093reserva de poder de compra\u0094 que ten\u00eda hace ya varias semanas, reserva que obedec\u00eda a diferentes motivos: primero; el visible atraso experimentado en los \u00faltimos tres a\u00f1os por el precio de la hacienda (25 por [&hellip;]","og_url":"https:\/\/proagrolab.com.ar\/la-demanda-todo-lo-puede\/","og_site_name":"Proagro","article_publisher":"http:\/\/www.facebook.com\/proagrolab","article_published_time":"2013-11-29T00:00:01+00:00","og_image":[{"width":450,"height":208,"url":"https:\/\/proagrolab.com.ar\/wp-content\/uploads\/2015\/01\/g_vcgkyxu4r__Vacas-4.jpg","type":"image\/jpeg"}],"author":"proagrolab","twitter_card":"summary_large_image","twitter_misc":{"Written by":"proagrolab","Est. reading time":"3 minutes"},"schema":{"@context":"https:\/\/schema.org","@graph":[{"@type":"Article","@id":"https:\/\/proagrolab.com.ar\/la-demanda-todo-lo-puede\/#article","isPartOf":{"@id":"https:\/\/proagrolab.com.ar\/la-demanda-todo-lo-puede\/"},"author":{"name":"proagrolab","@id":"https:\/\/proagrolab.com.ar\/#\/schema\/person\/38003ff90bf80381f71c7d922d207444"},"headline":"La demanda todo lo puede.","datePublished":"2013-11-29T00:00:01+00:00","mainEntityOfPage":{"@id":"https:\/\/proagrolab.com.ar\/la-demanda-todo-lo-puede\/"},"wordCount":656,"publisher":{"@id":"https:\/\/proagrolab.com.ar\/#organization"},"image":{"@id":"https:\/\/proagrolab.com.ar\/la-demanda-todo-lo-puede\/#primaryimage"},"thumbnailUrl":"https:\/\/proagrolab.com.ar\/wp-content\/uploads\/2015\/01\/g_vcgkyxu4r__Vacas-4.jpg","articleSection":["News"],"inLanguage":"en-US"},{"@type":"WebPage","@id":"https:\/\/proagrolab.com.ar\/la-demanda-todo-lo-puede\/","url":"https:\/\/proagrolab.com.ar\/la-demanda-todo-lo-puede\/","name":"La demanda todo lo puede. | Proagro","isPartOf":{"@id":"https:\/\/proagrolab.com.ar\/#website"},"primaryImageOfPage":{"@id":"https:\/\/proagrolab.com.ar\/la-demanda-todo-lo-puede\/#primaryimage"},"image":{"@id":"https:\/\/proagrolab.com.ar\/la-demanda-todo-lo-puede\/#primaryimage"},"thumbnailUrl":"https:\/\/proagrolab.com.ar\/wp-content\/uploads\/2015\/01\/g_vcgkyxu4r__Vacas-4.jpg","datePublished":"2013-11-29T00:00:01+00:00","breadcrumb":{"@id":"https:\/\/proagrolab.com.ar\/la-demanda-todo-lo-puede\/#breadcrumb"},"inLanguage":"en-US","potentialAction":[{"@type":"ReadAction","target":["https:\/\/proagrolab.com.ar\/la-demanda-todo-lo-puede\/"]}]},{"@type":"ImageObject","inLanguage":"en-US","@id":"https:\/\/proagrolab.com.ar\/la-demanda-todo-lo-puede\/#primaryimage","url":"https:\/\/proagrolab.com.ar\/wp-content\/uploads\/2015\/01\/g_vcgkyxu4r__Vacas-4.jpg","contentUrl":"https:\/\/proagrolab.com.ar\/wp-content\/uploads\/2015\/01\/g_vcgkyxu4r__Vacas-4.jpg","width":450,"height":208},{"@type":"BreadcrumbList","@id":"https:\/\/proagrolab.com.ar\/la-demanda-todo-lo-puede\/#breadcrumb","itemListElement":[{"@type":"ListItem","position":1,"name":"Portada","item":"https:\/\/proagrolab.com.ar\/"},{"@type":"ListItem","position":2,"name":"La demanda todo lo puede."}]},{"@type":"WebSite","@id":"https:\/\/proagrolab.com.ar\/#website","url":"https:\/\/proagrolab.com.ar\/","name":"Proagro Laboratorio Veterinario","description":"Veterinary laboratory","publisher":{"@id":"https:\/\/proagrolab.com.ar\/#organization"},"potentialAction":[{"@type":"SearchAction","target":{"@type":"EntryPoint","urlTemplate":"https:\/\/proagrolab.com.ar\/?s={search_term_string}"},"query-input":{"@type":"PropertyValueSpecification","valueRequired":true,"valueName":"search_term_string"}}],"inLanguage":"en-US"},{"@type":"Organization","@id":"https:\/\/proagrolab.com.ar\/#organization","name":"Proagro","url":"https:\/\/proagrolab.com.ar\/","logo":{"@type":"ImageObject","inLanguage":"en-US","@id":"https:\/\/proagrolab.com.ar\/#\/schema\/logo\/image\/","url":"https:\/\/proagrolab.com.ar\/wp-content\/uploads\/2020\/04\/logo-retina.png","contentUrl":"https:\/\/proagrolab.com.ar\/wp-content\/uploads\/2020\/04\/logo-retina.png","width":478,"height":120,"caption":"Proagro"},"image":{"@id":"https:\/\/proagrolab.com.ar\/#\/schema\/logo\/image\/"},"sameAs":["http:\/\/www.facebook.com\/proagrolab","https:\/\/www.instagram.com\/proagrolab\/","https:\/\/www.linkedin.com\/company\/laboratorio-proagro-s-a\/"]},{"@type":"Person","@id":"https:\/\/proagrolab.com.ar\/#\/schema\/person\/38003ff90bf80381f71c7d922d207444","name":"proagrolab"}]}},"_links":{"self":[{"href":"https:\/\/proagrolab.com.ar\/en\/wp-json\/wp\/v2\/posts\/5842","targetHints":{"allow":["GET"]}}],"collection":[{"href":"https:\/\/proagrolab.com.ar\/en\/wp-json\/wp\/v2\/posts"}],"about":[{"href":"https:\/\/proagrolab.com.ar\/en\/wp-json\/wp\/v2\/types\/post"}],"author":[{"embeddable":true,"href":"https:\/\/proagrolab.com.ar\/en\/wp-json\/wp\/v2\/users\/2"}],"replies":[{"embeddable":true,"href":"https:\/\/proagrolab.com.ar\/en\/wp-json\/wp\/v2\/comments?post=5842"}],"version-history":[{"count":0,"href":"https:\/\/proagrolab.com.ar\/en\/wp-json\/wp\/v2\/posts\/5842\/revisions"}],"wp:featuredmedia":[{"embeddable":true,"href":"https:\/\/proagrolab.com.ar\/en\/wp-json\/wp\/v2\/media\/2328"}],"wp:attachment":[{"href":"https:\/\/proagrolab.com.ar\/en\/wp-json\/wp\/v2\/media?parent=5842"}],"wp:term":[{"taxonomy":"category","embeddable":true,"href":"https:\/\/proagrolab.com.ar\/en\/wp-json\/wp\/v2\/categories?post=5842"},{"taxonomy":"post_tag","embeddable":true,"href":"https:\/\/proagrolab.com.ar\/en\/wp-json\/wp\/v2\/tags?post=5842"}],"curies":[{"name":"wp","href":"https:\/\/api.w.org\/{rel}","templated":true}]}}