{"id":5839,"date":"2013-11-29T00:00:01","date_gmt":"2013-11-29T00:00:01","guid":{"rendered":"https:\/\/proagrolab.com.ar\/se-fue-subieron-y-bajaria-el-stock\/"},"modified":"2013-11-29T00:00:01","modified_gmt":"2013-11-29T00:00:01","slug":"se-fue-subieron-y-bajaria-el-stock","status":"publish","type":"post","link":"https:\/\/proagrolab.com.ar\/en\/se-fue-subieron-y-bajaria-el-stock\/","title":{"rendered":"Se fue, subieron y bajar\u00eda el stock."},"content":{"rendered":"<p class=\"qtranxs-available-languages-message qtranxs-available-languages-message-en\"> <\/p><p>Por Juan Llauro.<\/p>\n<p>Creo que no vale la pena puntualizar todas las acciones que nos llevaron a perder 10 millones de cabezas, a que cerraran m\u00e1s de 100 plantas faenadoras dejando sin trabajo a unos 16000 trabajadores de la carne y a que muchos ganaderos se hayan fundido. No fue solo \u00e9l, pero era la cara visible.<\/p>\n<p>Todav\u00eda no hay pistas de lo que har\u00e1n las nuevas autoridades con respecto al sector. \u00bfQue pasara con la barata, los roes, los encajes y las retenciones? Por ahora son inc\u00f3gnitas sin revelar.<\/p>\n<p>Dejando de lado los movimientos pol\u00edticos, el mercado repunto hace unas semanas, reacomodando precios que hace m\u00e1s de dos a\u00f1os estaban congelados.<\/p>\n<p>Los precios del gordo mejoraron en forma importante, actuando bajo una demanda sostenida y por un repunte de unos tres meses en el volumen de las exportaciones. Los novillos pesados trazados est\u00e1n hoy en valores cercanos a $23 la carne (unos $13 el kilo vivo), mientras que las vacas tambi\u00e9n trazadas rondan los $19 la carne (unos $10 por kilo vivo). Son aumentos de alrededor del 20% en lo que va del mes. Es un aumento importante como para ayudar a acomodar algo los ingresos con los costos, los cuales no pararon de subir.<\/p>\n<p>La inc\u00f3gnita con los precios de la hacienda para faena es si se adelant\u00f3 la suba esperada para el verano o solo es un reacomodamiento de precios.<\/p>\n<p>Parecer\u00eda que igualmente en febrero se dar\u00eda otro repunte de los precios del gordo, debido a que en esa \u00e9poca es cuando baja la oferta de hacienda terminada, principalmente porque los feed lots tienen poco encerrado.<\/p>\n<p>La invernada tuvo un pico con la suba del gordo con valores para el macho de $15 a $16. Fue un repunte de alrededor del 25%. Importante y en una \u00e9poca con poca oferta.<\/p>\n<p>La inc\u00f3gnita es que pasara en plena zafra con la invernada. Si el gordo se sostiene o mejora, ayudara a mantener los valores. Tambi\u00e9n hay que estar atentos al precio del ma\u00edz. Si los precios del mismo est\u00e1n firmes, es poder de compra que pierden los feed lots para pagar la invernada. A ma\u00edz caro, ternero barato.<\/p>\n<p>Hay una discusi\u00f3n sobre si estamos o no en un periodo de liquidaci\u00f3n. Las faenas de hembras son altas, pero es dif\u00edcil confirmar si hay liquidaci\u00f3n. Seg\u00fan un estimaciones de N\u00e9stor Roulet, este a\u00f1o terminar\u00edamos en 50.000.000 de cabezas, un mill\u00f3n menos que a fines del 2012.<\/p>\n<p>Un dato preocupante es que cada vez hay menor cantidad de novillos en el stock. Esto se da porque aumenta la cantidad de terneros machos que van a faena con pesos de 320 a 360 kilos. Esto es consecuencia l\u00f3gica de haber desalentado las exportaciones.<\/p>\n<p>La cr\u00eda siempre es la m\u00e1s reacia a acompa\u00f1ar los movimientos de precios, pero el reacomodamiento llego. Por poner un ejemplo las vacas cut paridas se pagaban $3500 vaca con ternero y actualmente rondan los $4800. Una suba de m\u00e1s del 35%. Es un aumento importante, que complica en estos momentos a los que quieren reponer o comprar para bajar ganancias.<\/p>\n<p>Fuente: Agrositio, 29 de noviembre.<br \/><\/p>","protected":false},"excerpt":{"rendered":"<p>Por Juan Llauro. Creo que no vale la pena puntualizar todas las acciones que nos llevaron a perder 10 millones de cabezas, a que cerraran m\u00e1s de 100 plantas faenadoras dejando sin trabajo a unos 16000 trabajadores de la carne y a que muchos ganaderos se hayan fundido. No fue solo \u00e9l, pero era la cara visible. Todav\u00eda no hay pistas de lo que har\u00e1n las nuevas autoridades con respecto al sector. \u00bfQue pasara con la barata, los roes, los encajes y las retenciones? Por ahora son inc\u00f3gnitas sin revelar. Dejando de lado los movimientos pol\u00edticos, el mercado repunto hace unas semanas, reacomodando precios que hace m\u00e1s de dos a\u00f1os estaban congelados. Los precios del gordo mejoraron en forma importante, actuando bajo una demanda sostenida y por un repunte de unos tres meses en el volumen de las exportaciones. Los novillos pesados trazados est\u00e1n hoy en valores cercanos a $23 la carne (unos $13 el kilo vivo), mientras que las vacas tambi\u00e9n trazadas rondan los $19 la carne (unos $10 por kilo vivo). Son aumentos de alrededor del 20% en lo que va del mes. Es un aumento importante como para ayudar a acomodar algo los ingresos con los costos, [&hellip;]<\/p>\n","protected":false},"author":2,"featured_media":2325,"comment_status":"closed","ping_status":"open","sticky":false,"template":"","format":"standard","meta":{"_acf_changed":false,"footnotes":""},"categories":[56],"tags":[],"class_list":["post-5839","post","type-post","status-publish","format-standard","has-post-thumbnail","hentry","category-infoganadero"],"acf":[],"yoast_head":"<!-- This site is optimized with the Yoast SEO plugin v27.4 - https:\/\/yoast.com\/product\/yoast-seo-wordpress\/ -->\n<title>Se fue, subieron y bajar\u00eda el stock. | Proagro<\/title>\n<meta name=\"robots\" content=\"index, follow, max-snippet:-1, max-image-preview:large, max-video-preview:-1\" \/>\n<link rel=\"canonical\" href=\"https:\/\/proagrolab.com.ar\/en\/se-fue-subieron-y-bajaria-el-stock\/\" \/>\n<meta property=\"og:locale\" content=\"en_US\" \/>\n<meta property=\"og:type\" content=\"article\" \/>\n<meta property=\"og:title\" content=\"Se fue, subieron y bajar\u00eda el stock. | Proagro\" \/>\n<meta property=\"og:description\" content=\"Por Juan Llauro. Creo que no vale la pena puntualizar todas las acciones que nos llevaron a perder 10 millones de cabezas, a que cerraran m\u00e1s de 100 plantas faenadoras dejando sin trabajo a unos 16000 trabajadores de la carne y a que muchos ganaderos se hayan fundido. No fue solo \u00e9l, pero era la cara visible. Todav\u00eda no hay pistas de lo que har\u00e1n las nuevas autoridades con respecto al sector. \u00bfQue pasara con la barata, los roes, los encajes y las retenciones? Por ahora son inc\u00f3gnitas sin revelar. Dejando de lado los movimientos pol\u00edticos, el mercado repunto hace unas semanas, reacomodando precios que hace m\u00e1s de dos a\u00f1os estaban congelados. Los precios del gordo mejoraron en forma importante, actuando bajo una demanda sostenida y por un repunte de unos tres meses en el volumen de las exportaciones. Los novillos pesados trazados est\u00e1n hoy en valores cercanos a $23 la carne (unos $13 el kilo vivo), mientras que las vacas tambi\u00e9n trazadas rondan los $19 la carne (unos $10 por kilo vivo). Son aumentos de alrededor del 20% en lo que va del mes. Es un aumento importante como para ayudar a acomodar algo los ingresos con los costos, [&hellip;]\" \/>\n<meta property=\"og:url\" content=\"https:\/\/proagrolab.com.ar\/se-fue-subieron-y-bajaria-el-stock\/\" \/>\n<meta property=\"og:site_name\" content=\"Proagro\" \/>\n<meta property=\"article:publisher\" content=\"http:\/\/www.facebook.com\/proagrolab\" \/>\n<meta property=\"article:published_time\" content=\"2013-11-29T00:00:01+00:00\" \/>\n<meta property=\"og:image\" content=\"https:\/\/proagrolab.com.ar\/wp-content\/uploads\/2015\/01\/g_rkm0tsfyg__Vacas-12.jpg\" \/>\n\t<meta property=\"og:image:width\" content=\"450\" \/>\n\t<meta property=\"og:image:height\" content=\"208\" \/>\n\t<meta property=\"og:image:type\" content=\"image\/jpeg\" \/>\n<meta name=\"author\" content=\"proagrolab\" \/>\n<meta name=\"twitter:card\" content=\"summary_large_image\" \/>\n<meta name=\"twitter:label1\" content=\"Written by\" \/>\n\t<meta name=\"twitter:data1\" content=\"proagrolab\" \/>\n\t<meta name=\"twitter:label2\" content=\"Est. reading time\" \/>\n\t<meta name=\"twitter:data2\" content=\"3 minutes\" \/>\n<script type=\"application\/ld+json\" class=\"yoast-schema-graph\">{\"@context\":\"https:\\\/\\\/schema.org\",\"@graph\":[{\"@type\":\"Article\",\"@id\":\"https:\\\/\\\/proagrolab.com.ar\\\/se-fue-subieron-y-bajaria-el-stock\\\/#article\",\"isPartOf\":{\"@id\":\"https:\\\/\\\/proagrolab.com.ar\\\/se-fue-subieron-y-bajaria-el-stock\\\/\"},\"author\":{\"name\":\"proagrolab\",\"@id\":\"https:\\\/\\\/proagrolab.com.ar\\\/#\\\/schema\\\/person\\\/38003ff90bf80381f71c7d922d207444\"},\"headline\":\"Se fue, subieron y bajar\u00eda el stock.\",\"datePublished\":\"2013-11-29T00:00:01+00:00\",\"mainEntityOfPage\":{\"@id\":\"https:\\\/\\\/proagrolab.com.ar\\\/se-fue-subieron-y-bajaria-el-stock\\\/\"},\"wordCount\":538,\"publisher\":{\"@id\":\"https:\\\/\\\/proagrolab.com.ar\\\/#organization\"},\"image\":{\"@id\":\"https:\\\/\\\/proagrolab.com.ar\\\/se-fue-subieron-y-bajaria-el-stock\\\/#primaryimage\"},\"thumbnailUrl\":\"https:\\\/\\\/proagrolab.com.ar\\\/wp-content\\\/uploads\\\/2015\\\/01\\\/g_rkm0tsfyg__Vacas-12.jpg\",\"articleSection\":[\"News\"],\"inLanguage\":\"en-US\"},{\"@type\":\"WebPage\",\"@id\":\"https:\\\/\\\/proagrolab.com.ar\\\/se-fue-subieron-y-bajaria-el-stock\\\/\",\"url\":\"https:\\\/\\\/proagrolab.com.ar\\\/se-fue-subieron-y-bajaria-el-stock\\\/\",\"name\":\"Se fue, subieron y bajar\u00eda el stock. | Proagro\",\"isPartOf\":{\"@id\":\"https:\\\/\\\/proagrolab.com.ar\\\/#website\"},\"primaryImageOfPage\":{\"@id\":\"https:\\\/\\\/proagrolab.com.ar\\\/se-fue-subieron-y-bajaria-el-stock\\\/#primaryimage\"},\"image\":{\"@id\":\"https:\\\/\\\/proagrolab.com.ar\\\/se-fue-subieron-y-bajaria-el-stock\\\/#primaryimage\"},\"thumbnailUrl\":\"https:\\\/\\\/proagrolab.com.ar\\\/wp-content\\\/uploads\\\/2015\\\/01\\\/g_rkm0tsfyg__Vacas-12.jpg\",\"datePublished\":\"2013-11-29T00:00:01+00:00\",\"breadcrumb\":{\"@id\":\"https:\\\/\\\/proagrolab.com.ar\\\/se-fue-subieron-y-bajaria-el-stock\\\/#breadcrumb\"},\"inLanguage\":\"en-US\",\"potentialAction\":[{\"@type\":\"ReadAction\",\"target\":[\"https:\\\/\\\/proagrolab.com.ar\\\/se-fue-subieron-y-bajaria-el-stock\\\/\"]}]},{\"@type\":\"ImageObject\",\"inLanguage\":\"en-US\",\"@id\":\"https:\\\/\\\/proagrolab.com.ar\\\/se-fue-subieron-y-bajaria-el-stock\\\/#primaryimage\",\"url\":\"https:\\\/\\\/proagrolab.com.ar\\\/wp-content\\\/uploads\\\/2015\\\/01\\\/g_rkm0tsfyg__Vacas-12.jpg\",\"contentUrl\":\"https:\\\/\\\/proagrolab.com.ar\\\/wp-content\\\/uploads\\\/2015\\\/01\\\/g_rkm0tsfyg__Vacas-12.jpg\",\"width\":450,\"height\":208},{\"@type\":\"BreadcrumbList\",\"@id\":\"https:\\\/\\\/proagrolab.com.ar\\\/se-fue-subieron-y-bajaria-el-stock\\\/#breadcrumb\",\"itemListElement\":[{\"@type\":\"ListItem\",\"position\":1,\"name\":\"Portada\",\"item\":\"https:\\\/\\\/proagrolab.com.ar\\\/\"},{\"@type\":\"ListItem\",\"position\":2,\"name\":\"Se fue, subieron y bajar\u00eda el stock.\"}]},{\"@type\":\"WebSite\",\"@id\":\"https:\\\/\\\/proagrolab.com.ar\\\/#website\",\"url\":\"https:\\\/\\\/proagrolab.com.ar\\\/\",\"name\":\"Proagro Laboratorio Veterinario\",\"description\":\"Veterinary laboratory\",\"publisher\":{\"@id\":\"https:\\\/\\\/proagrolab.com.ar\\\/#organization\"},\"potentialAction\":[{\"@type\":\"SearchAction\",\"target\":{\"@type\":\"EntryPoint\",\"urlTemplate\":\"https:\\\/\\\/proagrolab.com.ar\\\/?s={search_term_string}\"},\"query-input\":{\"@type\":\"PropertyValueSpecification\",\"valueRequired\":true,\"valueName\":\"search_term_string\"}}],\"inLanguage\":\"en-US\"},{\"@type\":\"Organization\",\"@id\":\"https:\\\/\\\/proagrolab.com.ar\\\/#organization\",\"name\":\"Proagro\",\"url\":\"https:\\\/\\\/proagrolab.com.ar\\\/\",\"logo\":{\"@type\":\"ImageObject\",\"inLanguage\":\"en-US\",\"@id\":\"https:\\\/\\\/proagrolab.com.ar\\\/#\\\/schema\\\/logo\\\/image\\\/\",\"url\":\"https:\\\/\\\/proagrolab.com.ar\\\/wp-content\\\/uploads\\\/2020\\\/04\\\/logo-retina.png\",\"contentUrl\":\"https:\\\/\\\/proagrolab.com.ar\\\/wp-content\\\/uploads\\\/2020\\\/04\\\/logo-retina.png\",\"width\":478,\"height\":120,\"caption\":\"Proagro\"},\"image\":{\"@id\":\"https:\\\/\\\/proagrolab.com.ar\\\/#\\\/schema\\\/logo\\\/image\\\/\"},\"sameAs\":[\"http:\\\/\\\/www.facebook.com\\\/proagrolab\",\"https:\\\/\\\/www.instagram.com\\\/proagrolab\\\/\",\"https:\\\/\\\/www.linkedin.com\\\/company\\\/laboratorio-proagro-s-a\\\/\"]},{\"@type\":\"Person\",\"@id\":\"https:\\\/\\\/proagrolab.com.ar\\\/#\\\/schema\\\/person\\\/38003ff90bf80381f71c7d922d207444\",\"name\":\"proagrolab\"}]}<\/script>\n<!-- \/ Yoast SEO plugin. -->","yoast_head_json":{"title":"Se fue, subieron y bajar\u00eda el stock. | Proagro","robots":{"index":"index","follow":"follow","max-snippet":"max-snippet:-1","max-image-preview":"max-image-preview:large","max-video-preview":"max-video-preview:-1"},"canonical":"https:\/\/proagrolab.com.ar\/en\/se-fue-subieron-y-bajaria-el-stock\/","og_locale":"en_US","og_type":"article","og_title":"Se fue, subieron y bajar\u00eda el stock. | Proagro","og_description":"Por Juan Llauro. Creo que no vale la pena puntualizar todas las acciones que nos llevaron a perder 10 millones de cabezas, a que cerraran m\u00e1s de 100 plantas faenadoras dejando sin trabajo a unos 16000 trabajadores de la carne y a que muchos ganaderos se hayan fundido. No fue solo \u00e9l, pero era la cara visible. Todav\u00eda no hay pistas de lo que har\u00e1n las nuevas autoridades con respecto al sector. \u00bfQue pasara con la barata, los roes, los encajes y las retenciones? Por ahora son inc\u00f3gnitas sin revelar. Dejando de lado los movimientos pol\u00edticos, el mercado repunto hace unas semanas, reacomodando precios que hace m\u00e1s de dos a\u00f1os estaban congelados. Los precios del gordo mejoraron en forma importante, actuando bajo una demanda sostenida y por un repunte de unos tres meses en el volumen de las exportaciones. Los novillos pesados trazados est\u00e1n hoy en valores cercanos a $23 la carne (unos $13 el kilo vivo), mientras que las vacas tambi\u00e9n trazadas rondan los $19 la carne (unos $10 por kilo vivo). Son aumentos de alrededor del 20% en lo que va del mes. Es un aumento importante como para ayudar a acomodar algo los ingresos con los costos, [&hellip;]","og_url":"https:\/\/proagrolab.com.ar\/se-fue-subieron-y-bajaria-el-stock\/","og_site_name":"Proagro","article_publisher":"http:\/\/www.facebook.com\/proagrolab","article_published_time":"2013-11-29T00:00:01+00:00","og_image":[{"width":450,"height":208,"url":"https:\/\/proagrolab.com.ar\/wp-content\/uploads\/2015\/01\/g_rkm0tsfyg__Vacas-12.jpg","type":"image\/jpeg"}],"author":"proagrolab","twitter_card":"summary_large_image","twitter_misc":{"Written by":"proagrolab","Est. reading time":"3 minutes"},"schema":{"@context":"https:\/\/schema.org","@graph":[{"@type":"Article","@id":"https:\/\/proagrolab.com.ar\/se-fue-subieron-y-bajaria-el-stock\/#article","isPartOf":{"@id":"https:\/\/proagrolab.com.ar\/se-fue-subieron-y-bajaria-el-stock\/"},"author":{"name":"proagrolab","@id":"https:\/\/proagrolab.com.ar\/#\/schema\/person\/38003ff90bf80381f71c7d922d207444"},"headline":"Se fue, subieron y bajar\u00eda el stock.","datePublished":"2013-11-29T00:00:01+00:00","mainEntityOfPage":{"@id":"https:\/\/proagrolab.com.ar\/se-fue-subieron-y-bajaria-el-stock\/"},"wordCount":538,"publisher":{"@id":"https:\/\/proagrolab.com.ar\/#organization"},"image":{"@id":"https:\/\/proagrolab.com.ar\/se-fue-subieron-y-bajaria-el-stock\/#primaryimage"},"thumbnailUrl":"https:\/\/proagrolab.com.ar\/wp-content\/uploads\/2015\/01\/g_rkm0tsfyg__Vacas-12.jpg","articleSection":["News"],"inLanguage":"en-US"},{"@type":"WebPage","@id":"https:\/\/proagrolab.com.ar\/se-fue-subieron-y-bajaria-el-stock\/","url":"https:\/\/proagrolab.com.ar\/se-fue-subieron-y-bajaria-el-stock\/","name":"Se fue, subieron y bajar\u00eda el stock. | Proagro","isPartOf":{"@id":"https:\/\/proagrolab.com.ar\/#website"},"primaryImageOfPage":{"@id":"https:\/\/proagrolab.com.ar\/se-fue-subieron-y-bajaria-el-stock\/#primaryimage"},"image":{"@id":"https:\/\/proagrolab.com.ar\/se-fue-subieron-y-bajaria-el-stock\/#primaryimage"},"thumbnailUrl":"https:\/\/proagrolab.com.ar\/wp-content\/uploads\/2015\/01\/g_rkm0tsfyg__Vacas-12.jpg","datePublished":"2013-11-29T00:00:01+00:00","breadcrumb":{"@id":"https:\/\/proagrolab.com.ar\/se-fue-subieron-y-bajaria-el-stock\/#breadcrumb"},"inLanguage":"en-US","potentialAction":[{"@type":"ReadAction","target":["https:\/\/proagrolab.com.ar\/se-fue-subieron-y-bajaria-el-stock\/"]}]},{"@type":"ImageObject","inLanguage":"en-US","@id":"https:\/\/proagrolab.com.ar\/se-fue-subieron-y-bajaria-el-stock\/#primaryimage","url":"https:\/\/proagrolab.com.ar\/wp-content\/uploads\/2015\/01\/g_rkm0tsfyg__Vacas-12.jpg","contentUrl":"https:\/\/proagrolab.com.ar\/wp-content\/uploads\/2015\/01\/g_rkm0tsfyg__Vacas-12.jpg","width":450,"height":208},{"@type":"BreadcrumbList","@id":"https:\/\/proagrolab.com.ar\/se-fue-subieron-y-bajaria-el-stock\/#breadcrumb","itemListElement":[{"@type":"ListItem","position":1,"name":"Portada","item":"https:\/\/proagrolab.com.ar\/"},{"@type":"ListItem","position":2,"name":"Se fue, subieron y bajar\u00eda el stock."}]},{"@type":"WebSite","@id":"https:\/\/proagrolab.com.ar\/#website","url":"https:\/\/proagrolab.com.ar\/","name":"Proagro Laboratorio Veterinario","description":"Veterinary laboratory","publisher":{"@id":"https:\/\/proagrolab.com.ar\/#organization"},"potentialAction":[{"@type":"SearchAction","target":{"@type":"EntryPoint","urlTemplate":"https:\/\/proagrolab.com.ar\/?s={search_term_string}"},"query-input":{"@type":"PropertyValueSpecification","valueRequired":true,"valueName":"search_term_string"}}],"inLanguage":"en-US"},{"@type":"Organization","@id":"https:\/\/proagrolab.com.ar\/#organization","name":"Proagro","url":"https:\/\/proagrolab.com.ar\/","logo":{"@type":"ImageObject","inLanguage":"en-US","@id":"https:\/\/proagrolab.com.ar\/#\/schema\/logo\/image\/","url":"https:\/\/proagrolab.com.ar\/wp-content\/uploads\/2020\/04\/logo-retina.png","contentUrl":"https:\/\/proagrolab.com.ar\/wp-content\/uploads\/2020\/04\/logo-retina.png","width":478,"height":120,"caption":"Proagro"},"image":{"@id":"https:\/\/proagrolab.com.ar\/#\/schema\/logo\/image\/"},"sameAs":["http:\/\/www.facebook.com\/proagrolab","https:\/\/www.instagram.com\/proagrolab\/","https:\/\/www.linkedin.com\/company\/laboratorio-proagro-s-a\/"]},{"@type":"Person","@id":"https:\/\/proagrolab.com.ar\/#\/schema\/person\/38003ff90bf80381f71c7d922d207444","name":"proagrolab"}]}},"_links":{"self":[{"href":"https:\/\/proagrolab.com.ar\/en\/wp-json\/wp\/v2\/posts\/5839","targetHints":{"allow":["GET"]}}],"collection":[{"href":"https:\/\/proagrolab.com.ar\/en\/wp-json\/wp\/v2\/posts"}],"about":[{"href":"https:\/\/proagrolab.com.ar\/en\/wp-json\/wp\/v2\/types\/post"}],"author":[{"embeddable":true,"href":"https:\/\/proagrolab.com.ar\/en\/wp-json\/wp\/v2\/users\/2"}],"replies":[{"embeddable":true,"href":"https:\/\/proagrolab.com.ar\/en\/wp-json\/wp\/v2\/comments?post=5839"}],"version-history":[{"count":0,"href":"https:\/\/proagrolab.com.ar\/en\/wp-json\/wp\/v2\/posts\/5839\/revisions"}],"wp:featuredmedia":[{"embeddable":true,"href":"https:\/\/proagrolab.com.ar\/en\/wp-json\/wp\/v2\/media\/2325"}],"wp:attachment":[{"href":"https:\/\/proagrolab.com.ar\/en\/wp-json\/wp\/v2\/media?parent=5839"}],"wp:term":[{"taxonomy":"category","embeddable":true,"href":"https:\/\/proagrolab.com.ar\/en\/wp-json\/wp\/v2\/categories?post=5839"},{"taxonomy":"post_tag","embeddable":true,"href":"https:\/\/proagrolab.com.ar\/en\/wp-json\/wp\/v2\/tags?post=5839"}],"curies":[{"name":"wp","href":"https:\/\/api.w.org\/{rel}","templated":true}]}}