{"id":5838,"date":"2013-11-29T00:00:01","date_gmt":"2013-11-29T00:00:01","guid":{"rendered":"https:\/\/proagrolab.com.ar\/no-cambiaran-la-politica-para-el-agro\/"},"modified":"2013-11-29T00:00:01","modified_gmt":"2013-11-29T00:00:01","slug":"no-cambiaran-la-politica-para-el-agro","status":"publish","type":"post","link":"https:\/\/proagrolab.com.ar\/en\/no-cambiaran-la-politica-para-el-agro\/","title":{"rendered":"No cambiar\u00e1n la pol\u00edtica para el agro."},"content":{"rendered":"<p class=\"qtranxs-available-languages-message qtranxs-available-languages-message-en\"> <\/p><p>El nuevo ministro Casamiquela dijo que se &#8220;revisar\u00e1&#8221; el sistema de control al sector, pero no habl\u00f3 de su eliminaci\u00f3n; le rest\u00f3 representatividad a la Comisi\u00f3n de Enlace.<\/p>\n<p>Por Fernando Bertello.<\/p>\n<p>El flamante ministro de Agricultura, Carlos Casamiquela, no prev\u00e9 realizar grandes cambios en la pol\u00edtica hacia el campo. Ayer, durante la puesta en funciones de su equipo junto con su par de Econom\u00eda, Axel Kicillof, Casamiquela no dio ning\u00fan indicio de que el Gobierno pretenda avanzar en la eliminaci\u00f3n del sistema que hoy traba la comercializaci\u00f3n y la exportaci\u00f3n de los productos del sector, como en los cultivos de trigo y ma\u00edz, fuertemente cuestionado por la Comisi\u00f3n de Enlace. S\u00f3lo dijo que se &#8220;revisar\u00e1n&#8221; los Registros de Operaciones de Exportaci\u00f3n (ROE), la herramienta de control que dificulta el comercio, para &#8220;mejorarlos&#8221;, pero no habl\u00f3 de eliminarlos.<\/p>\n<p>Adem\u00e1s, respecto de la Comisi\u00f3n de Enlace, que la semana pasada le pidi\u00f3 una audiencia, si bien no rechaz\u00f3 que quiera dialogar con esta agrupaci\u00f3n, como hab\u00eda trascendido de algunas versiones, no fue expl\u00edcito en cuanto a cu\u00e1ndo la recibir\u00e1, pero adem\u00e1s expres\u00f3 que no representa a todos los productores.<\/p>\n<p>&#8220;Voy a trabajar por cadenas y por territorios. As\u00ed que toda la dirigencia que est\u00e9 vinculada al sector por cadenas o por territorios va a tener el espacio totalmente asegurado para dialogar con nosotros&#8221;, se\u00f1al\u00f3 Casamiquela a Radio Am\u00e9rica.<\/p>\n<p>Cuando fue consultado sobre si la cuesti\u00f3n del di\u00e1logo pasaba &#8220;solamente por la Mesa de Enlace&#8221;, el ministro de Agricultura fue ambiguo: &#8220;No, absolutamente no. La Mesa de Enlace no tiene el grado de representaci\u00f3n total de todos los productores del pa\u00eds. Y nosotros sabemos que queremos trabajar con todos los productores que est\u00e1n involucrados en los procesos de desarrollo y transformaci\u00f3n en los territorios, en las econom\u00edas regionales, vamos a trabajar con todos los dirigentes del sector&#8221;.<\/p>\n<p>Luego de estas declaraciones, cerca del funcionario buscaron bajarles el tono y se\u00f1alaron que la referencia a &#8220;todos&#8221; inclu\u00eda a la Comisi\u00f3n de Enlace. No obstante, no habr\u00eda encuentro en lo inmediato. La ambivalencia le vali\u00f3 una cr\u00edtica de Rub\u00e9n Ferrero, presidente de Confederaciones Rurales Argentinas (CRA). Ferrero calific\u00f3 de &#8220;lamentable&#8221; si eventualmente el ministro no dialogara con la Comisi\u00f3n de Enlace.<\/p>\n<p><i>Sorpresa en trigo<\/i><br \/>En cuanto a los ROE, el funcionario pretende &#8220;revisar&#8221; pero no eliminar ese mecanismo. &#8220;Tenemos una visi\u00f3n de que hay que revisar eso para ver si se puede mejorar y favorecer los mecanismos, que no signifiquen una traba al proceso de comercializaci\u00f3n&#8221;, indic\u00f3.<\/p>\n<p>Una muestra de que continuar\u00eda ese sistema de control que manej\u00f3 el renunciado secretario de Comercio Interior, Guillermo Moreno, es que el propio Moreno les dijo a los molinos harineros que le pas\u00f3 a su reemplazante, Augusto Costa, el tema comercial. As\u00ed, las cuestiones de la comercializaci\u00f3n se seguir\u00e1n decidiendo primero en Comercio Interior, \u00e1rea que controla Kicillof, antes que en Agricultura.<\/p>\n<p>Casamiquela dio tambi\u00e9n una sorpresa con el trigo. Expres\u00f3 que la cosecha rondar\u00eda los 8,5 millones de toneladas. Es una cifra m\u00e1s baja incluso que la de 8,8 millones que el ex ministro Norberto Yauhar difundi\u00f3, hasta que despu\u00e9s decidi\u00f3 anularla.<\/p>\n<p>Ante la estimaci\u00f3n de Casamiquela, ayer hab\u00eda zozobra entre los exportadores. Sucede que si se producen 8,5 millones, el consumo se lleva 7 millones y hay que recuperar el stock guardando 1,5 millones de toneladas. Ergo, no quedar\u00e1 saldo exportable. &#8220;Si esa producci\u00f3n se cumple, no vamos a exportar nada&#8221;, dijo un operador. En contraposici\u00f3n con la informaci\u00f3n oficial, la Bolsa de Cereales de Buenos Aires espera 10,35 millones de toneladas.<\/p>\n<p>Fuente: La Naci\u00f3n, 29 de noviembre.<br \/><\/p>","protected":false},"excerpt":{"rendered":"<p>El nuevo ministro Casamiquela dijo que se &#8220;revisar\u00e1&#8221; el sistema de control al sector, pero no habl\u00f3 de su eliminaci\u00f3n; le rest\u00f3 representatividad a la Comisi\u00f3n de Enlace. Por Fernando Bertello. El flamante ministro de Agricultura, Carlos Casamiquela, no prev\u00e9 realizar grandes cambios en la pol\u00edtica hacia el campo. Ayer, durante la puesta en funciones de su equipo junto con su par de Econom\u00eda, Axel Kicillof, Casamiquela no dio ning\u00fan indicio de que el Gobierno pretenda avanzar en la eliminaci\u00f3n del sistema que hoy traba la comercializaci\u00f3n y la exportaci\u00f3n de los productos del sector, como en los cultivos de trigo y ma\u00edz, fuertemente cuestionado por la Comisi\u00f3n de Enlace. S\u00f3lo dijo que se &#8220;revisar\u00e1n&#8221; los Registros de Operaciones de Exportaci\u00f3n (ROE), la herramienta de control que dificulta el comercio, para &#8220;mejorarlos&#8221;, pero no habl\u00f3 de eliminarlos. Adem\u00e1s, respecto de la Comisi\u00f3n de Enlace, que la semana pasada le pidi\u00f3 una audiencia, si bien no rechaz\u00f3 que quiera dialogar con esta agrupaci\u00f3n, como hab\u00eda trascendido de algunas versiones, no fue expl\u00edcito en cuanto a cu\u00e1ndo la recibir\u00e1, pero adem\u00e1s expres\u00f3 que no representa a todos los productores. &#8220;Voy a trabajar por cadenas y por territorios. As\u00ed que toda la dirigencia [&hellip;]<\/p>\n","protected":false},"author":2,"featured_media":2324,"comment_status":"closed","ping_status":"open","sticky":false,"template":"","format":"standard","meta":{"_acf_changed":false,"footnotes":""},"categories":[56],"tags":[],"class_list":["post-5838","post","type-post","status-publish","format-standard","has-post-thumbnail","hentry","category-infoganadero"],"acf":[],"yoast_head":"<!-- This site is optimized with the Yoast SEO plugin v27.4 - https:\/\/yoast.com\/product\/yoast-seo-wordpress\/ -->\n<title>No cambiar\u00e1n la pol\u00edtica para el agro. | Proagro<\/title>\n<meta name=\"robots\" content=\"index, follow, max-snippet:-1, max-image-preview:large, max-video-preview:-1\" \/>\n<link rel=\"canonical\" href=\"https:\/\/proagrolab.com.ar\/en\/no-cambiaran-la-politica-para-el-agro\/\" \/>\n<meta property=\"og:locale\" content=\"en_US\" \/>\n<meta property=\"og:type\" content=\"article\" \/>\n<meta property=\"og:title\" content=\"No cambiar\u00e1n la pol\u00edtica para el agro. | Proagro\" \/>\n<meta property=\"og:description\" content=\"El nuevo ministro Casamiquela dijo que se &#8220;revisar\u00e1&#8221; el sistema de control al sector, pero no habl\u00f3 de su eliminaci\u00f3n; le rest\u00f3 representatividad a la Comisi\u00f3n de Enlace. Por Fernando Bertello. El flamante ministro de Agricultura, Carlos Casamiquela, no prev\u00e9 realizar grandes cambios en la pol\u00edtica hacia el campo. Ayer, durante la puesta en funciones de su equipo junto con su par de Econom\u00eda, Axel Kicillof, Casamiquela no dio ning\u00fan indicio de que el Gobierno pretenda avanzar en la eliminaci\u00f3n del sistema que hoy traba la comercializaci\u00f3n y la exportaci\u00f3n de los productos del sector, como en los cultivos de trigo y ma\u00edz, fuertemente cuestionado por la Comisi\u00f3n de Enlace. S\u00f3lo dijo que se &#8220;revisar\u00e1n&#8221; los Registros de Operaciones de Exportaci\u00f3n (ROE), la herramienta de control que dificulta el comercio, para &#8220;mejorarlos&#8221;, pero no habl\u00f3 de eliminarlos. Adem\u00e1s, respecto de la Comisi\u00f3n de Enlace, que la semana pasada le pidi\u00f3 una audiencia, si bien no rechaz\u00f3 que quiera dialogar con esta agrupaci\u00f3n, como hab\u00eda trascendido de algunas versiones, no fue expl\u00edcito en cuanto a cu\u00e1ndo la recibir\u00e1, pero adem\u00e1s expres\u00f3 que no representa a todos los productores. &#8220;Voy a trabajar por cadenas y por territorios. As\u00ed que toda la dirigencia [&hellip;]\" \/>\n<meta property=\"og:url\" content=\"https:\/\/proagrolab.com.ar\/no-cambiaran-la-politica-para-el-agro\/\" \/>\n<meta property=\"og:site_name\" content=\"Proagro\" \/>\n<meta property=\"article:publisher\" content=\"http:\/\/www.facebook.com\/proagrolab\" \/>\n<meta property=\"article:published_time\" content=\"2013-11-29T00:00:01+00:00\" \/>\n<meta property=\"og:image\" content=\"https:\/\/proagrolab.com.ar\/wp-content\/uploads\/2015\/01\/g_qdg7pw01k__Casamiquela-2.jpg\" \/>\n\t<meta property=\"og:image:width\" content=\"450\" \/>\n\t<meta property=\"og:image:height\" content=\"208\" \/>\n\t<meta property=\"og:image:type\" content=\"image\/jpeg\" \/>\n<meta name=\"author\" content=\"proagrolab\" \/>\n<meta name=\"twitter:card\" content=\"summary_large_image\" \/>\n<meta name=\"twitter:label1\" content=\"Written by\" \/>\n\t<meta name=\"twitter:data1\" content=\"proagrolab\" \/>\n\t<meta name=\"twitter:label2\" content=\"Est. reading time\" \/>\n\t<meta name=\"twitter:data2\" content=\"3 minutes\" \/>\n<script type=\"application\/ld+json\" class=\"yoast-schema-graph\">{\"@context\":\"https:\\\/\\\/schema.org\",\"@graph\":[{\"@type\":\"Article\",\"@id\":\"https:\\\/\\\/proagrolab.com.ar\\\/no-cambiaran-la-politica-para-el-agro\\\/#article\",\"isPartOf\":{\"@id\":\"https:\\\/\\\/proagrolab.com.ar\\\/no-cambiaran-la-politica-para-el-agro\\\/\"},\"author\":{\"name\":\"proagrolab\",\"@id\":\"https:\\\/\\\/proagrolab.com.ar\\\/#\\\/schema\\\/person\\\/38003ff90bf80381f71c7d922d207444\"},\"headline\":\"No cambiar\u00e1n la pol\u00edtica para el agro.\",\"datePublished\":\"2013-11-29T00:00:01+00:00\",\"mainEntityOfPage\":{\"@id\":\"https:\\\/\\\/proagrolab.com.ar\\\/no-cambiaran-la-politica-para-el-agro\\\/\"},\"wordCount\":645,\"publisher\":{\"@id\":\"https:\\\/\\\/proagrolab.com.ar\\\/#organization\"},\"image\":{\"@id\":\"https:\\\/\\\/proagrolab.com.ar\\\/no-cambiaran-la-politica-para-el-agro\\\/#primaryimage\"},\"thumbnailUrl\":\"https:\\\/\\\/proagrolab.com.ar\\\/wp-content\\\/uploads\\\/2015\\\/01\\\/g_qdg7pw01k__Casamiquela-2.jpg\",\"articleSection\":[\"News\"],\"inLanguage\":\"en-US\"},{\"@type\":\"WebPage\",\"@id\":\"https:\\\/\\\/proagrolab.com.ar\\\/no-cambiaran-la-politica-para-el-agro\\\/\",\"url\":\"https:\\\/\\\/proagrolab.com.ar\\\/no-cambiaran-la-politica-para-el-agro\\\/\",\"name\":\"No cambiar\u00e1n la pol\u00edtica para el agro. | Proagro\",\"isPartOf\":{\"@id\":\"https:\\\/\\\/proagrolab.com.ar\\\/#website\"},\"primaryImageOfPage\":{\"@id\":\"https:\\\/\\\/proagrolab.com.ar\\\/no-cambiaran-la-politica-para-el-agro\\\/#primaryimage\"},\"image\":{\"@id\":\"https:\\\/\\\/proagrolab.com.ar\\\/no-cambiaran-la-politica-para-el-agro\\\/#primaryimage\"},\"thumbnailUrl\":\"https:\\\/\\\/proagrolab.com.ar\\\/wp-content\\\/uploads\\\/2015\\\/01\\\/g_qdg7pw01k__Casamiquela-2.jpg\",\"datePublished\":\"2013-11-29T00:00:01+00:00\",\"breadcrumb\":{\"@id\":\"https:\\\/\\\/proagrolab.com.ar\\\/no-cambiaran-la-politica-para-el-agro\\\/#breadcrumb\"},\"inLanguage\":\"en-US\",\"potentialAction\":[{\"@type\":\"ReadAction\",\"target\":[\"https:\\\/\\\/proagrolab.com.ar\\\/no-cambiaran-la-politica-para-el-agro\\\/\"]}]},{\"@type\":\"ImageObject\",\"inLanguage\":\"en-US\",\"@id\":\"https:\\\/\\\/proagrolab.com.ar\\\/no-cambiaran-la-politica-para-el-agro\\\/#primaryimage\",\"url\":\"https:\\\/\\\/proagrolab.com.ar\\\/wp-content\\\/uploads\\\/2015\\\/01\\\/g_qdg7pw01k__Casamiquela-2.jpg\",\"contentUrl\":\"https:\\\/\\\/proagrolab.com.ar\\\/wp-content\\\/uploads\\\/2015\\\/01\\\/g_qdg7pw01k__Casamiquela-2.jpg\",\"width\":450,\"height\":208},{\"@type\":\"BreadcrumbList\",\"@id\":\"https:\\\/\\\/proagrolab.com.ar\\\/no-cambiaran-la-politica-para-el-agro\\\/#breadcrumb\",\"itemListElement\":[{\"@type\":\"ListItem\",\"position\":1,\"name\":\"Portada\",\"item\":\"https:\\\/\\\/proagrolab.com.ar\\\/\"},{\"@type\":\"ListItem\",\"position\":2,\"name\":\"No cambiar\u00e1n la pol\u00edtica para el agro.\"}]},{\"@type\":\"WebSite\",\"@id\":\"https:\\\/\\\/proagrolab.com.ar\\\/#website\",\"url\":\"https:\\\/\\\/proagrolab.com.ar\\\/\",\"name\":\"Proagro Laboratorio Veterinario\",\"description\":\"Veterinary laboratory\",\"publisher\":{\"@id\":\"https:\\\/\\\/proagrolab.com.ar\\\/#organization\"},\"potentialAction\":[{\"@type\":\"SearchAction\",\"target\":{\"@type\":\"EntryPoint\",\"urlTemplate\":\"https:\\\/\\\/proagrolab.com.ar\\\/?s={search_term_string}\"},\"query-input\":{\"@type\":\"PropertyValueSpecification\",\"valueRequired\":true,\"valueName\":\"search_term_string\"}}],\"inLanguage\":\"en-US\"},{\"@type\":\"Organization\",\"@id\":\"https:\\\/\\\/proagrolab.com.ar\\\/#organization\",\"name\":\"Proagro\",\"url\":\"https:\\\/\\\/proagrolab.com.ar\\\/\",\"logo\":{\"@type\":\"ImageObject\",\"inLanguage\":\"en-US\",\"@id\":\"https:\\\/\\\/proagrolab.com.ar\\\/#\\\/schema\\\/logo\\\/image\\\/\",\"url\":\"https:\\\/\\\/proagrolab.com.ar\\\/wp-content\\\/uploads\\\/2020\\\/04\\\/logo-retina.png\",\"contentUrl\":\"https:\\\/\\\/proagrolab.com.ar\\\/wp-content\\\/uploads\\\/2020\\\/04\\\/logo-retina.png\",\"width\":478,\"height\":120,\"caption\":\"Proagro\"},\"image\":{\"@id\":\"https:\\\/\\\/proagrolab.com.ar\\\/#\\\/schema\\\/logo\\\/image\\\/\"},\"sameAs\":[\"http:\\\/\\\/www.facebook.com\\\/proagrolab\",\"https:\\\/\\\/www.instagram.com\\\/proagrolab\\\/\",\"https:\\\/\\\/www.linkedin.com\\\/company\\\/laboratorio-proagro-s-a\\\/\"]},{\"@type\":\"Person\",\"@id\":\"https:\\\/\\\/proagrolab.com.ar\\\/#\\\/schema\\\/person\\\/38003ff90bf80381f71c7d922d207444\",\"name\":\"proagrolab\"}]}<\/script>\n<!-- \/ Yoast SEO plugin. -->","yoast_head_json":{"title":"No cambiar\u00e1n la pol\u00edtica para el agro. | Proagro","robots":{"index":"index","follow":"follow","max-snippet":"max-snippet:-1","max-image-preview":"max-image-preview:large","max-video-preview":"max-video-preview:-1"},"canonical":"https:\/\/proagrolab.com.ar\/en\/no-cambiaran-la-politica-para-el-agro\/","og_locale":"en_US","og_type":"article","og_title":"No cambiar\u00e1n la pol\u00edtica para el agro. | Proagro","og_description":"El nuevo ministro Casamiquela dijo que se &#8220;revisar\u00e1&#8221; el sistema de control al sector, pero no habl\u00f3 de su eliminaci\u00f3n; le rest\u00f3 representatividad a la Comisi\u00f3n de Enlace. Por Fernando Bertello. El flamante ministro de Agricultura, Carlos Casamiquela, no prev\u00e9 realizar grandes cambios en la pol\u00edtica hacia el campo. Ayer, durante la puesta en funciones de su equipo junto con su par de Econom\u00eda, Axel Kicillof, Casamiquela no dio ning\u00fan indicio de que el Gobierno pretenda avanzar en la eliminaci\u00f3n del sistema que hoy traba la comercializaci\u00f3n y la exportaci\u00f3n de los productos del sector, como en los cultivos de trigo y ma\u00edz, fuertemente cuestionado por la Comisi\u00f3n de Enlace. S\u00f3lo dijo que se &#8220;revisar\u00e1n&#8221; los Registros de Operaciones de Exportaci\u00f3n (ROE), la herramienta de control que dificulta el comercio, para &#8220;mejorarlos&#8221;, pero no habl\u00f3 de eliminarlos. Adem\u00e1s, respecto de la Comisi\u00f3n de Enlace, que la semana pasada le pidi\u00f3 una audiencia, si bien no rechaz\u00f3 que quiera dialogar con esta agrupaci\u00f3n, como hab\u00eda trascendido de algunas versiones, no fue expl\u00edcito en cuanto a cu\u00e1ndo la recibir\u00e1, pero adem\u00e1s expres\u00f3 que no representa a todos los productores. &#8220;Voy a trabajar por cadenas y por territorios. As\u00ed que toda la dirigencia [&hellip;]","og_url":"https:\/\/proagrolab.com.ar\/no-cambiaran-la-politica-para-el-agro\/","og_site_name":"Proagro","article_publisher":"http:\/\/www.facebook.com\/proagrolab","article_published_time":"2013-11-29T00:00:01+00:00","og_image":[{"width":450,"height":208,"url":"https:\/\/proagrolab.com.ar\/wp-content\/uploads\/2015\/01\/g_qdg7pw01k__Casamiquela-2.jpg","type":"image\/jpeg"}],"author":"proagrolab","twitter_card":"summary_large_image","twitter_misc":{"Written by":"proagrolab","Est. reading time":"3 minutes"},"schema":{"@context":"https:\/\/schema.org","@graph":[{"@type":"Article","@id":"https:\/\/proagrolab.com.ar\/no-cambiaran-la-politica-para-el-agro\/#article","isPartOf":{"@id":"https:\/\/proagrolab.com.ar\/no-cambiaran-la-politica-para-el-agro\/"},"author":{"name":"proagrolab","@id":"https:\/\/proagrolab.com.ar\/#\/schema\/person\/38003ff90bf80381f71c7d922d207444"},"headline":"No cambiar\u00e1n la pol\u00edtica para el agro.","datePublished":"2013-11-29T00:00:01+00:00","mainEntityOfPage":{"@id":"https:\/\/proagrolab.com.ar\/no-cambiaran-la-politica-para-el-agro\/"},"wordCount":645,"publisher":{"@id":"https:\/\/proagrolab.com.ar\/#organization"},"image":{"@id":"https:\/\/proagrolab.com.ar\/no-cambiaran-la-politica-para-el-agro\/#primaryimage"},"thumbnailUrl":"https:\/\/proagrolab.com.ar\/wp-content\/uploads\/2015\/01\/g_qdg7pw01k__Casamiquela-2.jpg","articleSection":["News"],"inLanguage":"en-US"},{"@type":"WebPage","@id":"https:\/\/proagrolab.com.ar\/no-cambiaran-la-politica-para-el-agro\/","url":"https:\/\/proagrolab.com.ar\/no-cambiaran-la-politica-para-el-agro\/","name":"No cambiar\u00e1n la pol\u00edtica para el agro. | Proagro","isPartOf":{"@id":"https:\/\/proagrolab.com.ar\/#website"},"primaryImageOfPage":{"@id":"https:\/\/proagrolab.com.ar\/no-cambiaran-la-politica-para-el-agro\/#primaryimage"},"image":{"@id":"https:\/\/proagrolab.com.ar\/no-cambiaran-la-politica-para-el-agro\/#primaryimage"},"thumbnailUrl":"https:\/\/proagrolab.com.ar\/wp-content\/uploads\/2015\/01\/g_qdg7pw01k__Casamiquela-2.jpg","datePublished":"2013-11-29T00:00:01+00:00","breadcrumb":{"@id":"https:\/\/proagrolab.com.ar\/no-cambiaran-la-politica-para-el-agro\/#breadcrumb"},"inLanguage":"en-US","potentialAction":[{"@type":"ReadAction","target":["https:\/\/proagrolab.com.ar\/no-cambiaran-la-politica-para-el-agro\/"]}]},{"@type":"ImageObject","inLanguage":"en-US","@id":"https:\/\/proagrolab.com.ar\/no-cambiaran-la-politica-para-el-agro\/#primaryimage","url":"https:\/\/proagrolab.com.ar\/wp-content\/uploads\/2015\/01\/g_qdg7pw01k__Casamiquela-2.jpg","contentUrl":"https:\/\/proagrolab.com.ar\/wp-content\/uploads\/2015\/01\/g_qdg7pw01k__Casamiquela-2.jpg","width":450,"height":208},{"@type":"BreadcrumbList","@id":"https:\/\/proagrolab.com.ar\/no-cambiaran-la-politica-para-el-agro\/#breadcrumb","itemListElement":[{"@type":"ListItem","position":1,"name":"Portada","item":"https:\/\/proagrolab.com.ar\/"},{"@type":"ListItem","position":2,"name":"No cambiar\u00e1n la pol\u00edtica para el agro."}]},{"@type":"WebSite","@id":"https:\/\/proagrolab.com.ar\/#website","url":"https:\/\/proagrolab.com.ar\/","name":"Proagro Laboratorio Veterinario","description":"Veterinary laboratory","publisher":{"@id":"https:\/\/proagrolab.com.ar\/#organization"},"potentialAction":[{"@type":"SearchAction","target":{"@type":"EntryPoint","urlTemplate":"https:\/\/proagrolab.com.ar\/?s={search_term_string}"},"query-input":{"@type":"PropertyValueSpecification","valueRequired":true,"valueName":"search_term_string"}}],"inLanguage":"en-US"},{"@type":"Organization","@id":"https:\/\/proagrolab.com.ar\/#organization","name":"Proagro","url":"https:\/\/proagrolab.com.ar\/","logo":{"@type":"ImageObject","inLanguage":"en-US","@id":"https:\/\/proagrolab.com.ar\/#\/schema\/logo\/image\/","url":"https:\/\/proagrolab.com.ar\/wp-content\/uploads\/2020\/04\/logo-retina.png","contentUrl":"https:\/\/proagrolab.com.ar\/wp-content\/uploads\/2020\/04\/logo-retina.png","width":478,"height":120,"caption":"Proagro"},"image":{"@id":"https:\/\/proagrolab.com.ar\/#\/schema\/logo\/image\/"},"sameAs":["http:\/\/www.facebook.com\/proagrolab","https:\/\/www.instagram.com\/proagrolab\/","https:\/\/www.linkedin.com\/company\/laboratorio-proagro-s-a\/"]},{"@type":"Person","@id":"https:\/\/proagrolab.com.ar\/#\/schema\/person\/38003ff90bf80381f71c7d922d207444","name":"proagrolab"}]}},"_links":{"self":[{"href":"https:\/\/proagrolab.com.ar\/en\/wp-json\/wp\/v2\/posts\/5838","targetHints":{"allow":["GET"]}}],"collection":[{"href":"https:\/\/proagrolab.com.ar\/en\/wp-json\/wp\/v2\/posts"}],"about":[{"href":"https:\/\/proagrolab.com.ar\/en\/wp-json\/wp\/v2\/types\/post"}],"author":[{"embeddable":true,"href":"https:\/\/proagrolab.com.ar\/en\/wp-json\/wp\/v2\/users\/2"}],"replies":[{"embeddable":true,"href":"https:\/\/proagrolab.com.ar\/en\/wp-json\/wp\/v2\/comments?post=5838"}],"version-history":[{"count":0,"href":"https:\/\/proagrolab.com.ar\/en\/wp-json\/wp\/v2\/posts\/5838\/revisions"}],"wp:featuredmedia":[{"embeddable":true,"href":"https:\/\/proagrolab.com.ar\/en\/wp-json\/wp\/v2\/media\/2324"}],"wp:attachment":[{"href":"https:\/\/proagrolab.com.ar\/en\/wp-json\/wp\/v2\/media?parent=5838"}],"wp:term":[{"taxonomy":"category","embeddable":true,"href":"https:\/\/proagrolab.com.ar\/en\/wp-json\/wp\/v2\/categories?post=5838"},{"taxonomy":"post_tag","embeddable":true,"href":"https:\/\/proagrolab.com.ar\/en\/wp-json\/wp\/v2\/tags?post=5838"}],"curies":[{"name":"wp","href":"https:\/\/api.w.org\/{rel}","templated":true}]}}