{"id":5835,"date":"2013-11-28T00:00:01","date_gmt":"2013-11-28T00:00:01","guid":{"rendered":"https:\/\/proagrolab.com.ar\/no-demorara-mucho-tiempo-para-exportar-carne-ovina-uruguaya-a-europa-dice-dirigente\/"},"modified":"2013-11-28T00:00:01","modified_gmt":"2013-11-28T00:00:01","slug":"no-demorara-mucho-tiempo-para-exportar-carne-ovina-uruguaya-a-europa-dice-dirigente","status":"publish","type":"post","link":"https:\/\/proagrolab.com.ar\/en\/no-demorara-mucho-tiempo-para-exportar-carne-ovina-uruguaya-a-europa-dice-dirigente\/","title":{"rendered":"No demorar\u00e1 mucho tiempo para exportar carne ovina uruguaya a Europa, dice dirigente."},"content":{"rendered":"<p class=\"qtranxs-available-languages-message qtranxs-available-languages-message-en\"> <\/p><p>Tras la reciente apertura del mercado de EE.UU. para exportar carnes ovinas desosadas de Uruguay, existe confianza en lograr m\u00e1s r\u00e1pidamente el aval para abastecer a otros destinos de alto valor, como M\u00e9xico y Europa para la carne ovina con hueso. As\u00ed inform\u00f3 el portal de noticias ElObservador.com.uy.<\/p>\n<p>&#8220;Confiamos en que (el ingreso a) Europa con hueso no va a tener que demorar mucho tiempo, no sabemos cu\u00e1nto, pero posiblemente menos que lo que demor\u00f3 entrar en Estados Unidos&#8221;, expuso Gast\u00f3n Scayola, gerente general del frigor\u00edfico San Jacinto.<\/p>\n<p>Cuando esas nuevas metas se concreten, enfatiz\u00f3, &#8220;estamos seguros que, desde el punto de vista de la carne, el rubro ovino va a pegar un salto importante&#8221;.<\/p>\n<p>Scayola puso como ejemplo que para Brasil, tras insistir durante muchos a\u00f1os, fue trascendente que Uruguay autorice el ingreso de su carne de pollo porque para los brasile\u00f1os ese aval significaba un salto &#8220;m\u00e1s cualitativo que cuantitativo&#8221; dada la imagen que posee Uruguay por su calidad sanitaria.<\/p>\n<p>\u0093Por suerte\u0094 Uruguay se ha acostumbrado en estos \u00faltimos a\u00f1os a \u0093festejar alg\u00fan mercado nuevo del que disponemos\u0094, aspecto clave para negociar, considerando lo relevante que es disponer de alternativas ante cualquier eventualidad.<\/p>\n<p>Fuente: Carnetec, 28 de noviembre.<br \/><\/p>","protected":false},"excerpt":{"rendered":"<p>Tras la reciente apertura del mercado de EE.UU. para exportar carnes ovinas desosadas de Uruguay, existe confianza en lograr m\u00e1s r\u00e1pidamente el aval para abastecer a otros destinos de alto valor, como M\u00e9xico y Europa para la carne ovina con hueso. As\u00ed inform\u00f3 el portal de noticias ElObservador.com.uy. &#8220;Confiamos en que (el ingreso a) Europa con hueso no va a tener que demorar mucho tiempo, no sabemos cu\u00e1nto, pero posiblemente menos que lo que demor\u00f3 entrar en Estados Unidos&#8221;, expuso Gast\u00f3n Scayola, gerente general del frigor\u00edfico San Jacinto. Cuando esas nuevas metas se concreten, enfatiz\u00f3, &#8220;estamos seguros que, desde el punto de vista de la carne, el rubro ovino va a pegar un salto importante&#8221;. Scayola puso como ejemplo que para Brasil, tras insistir durante muchos a\u00f1os, fue trascendente que Uruguay autorice el ingreso de su carne de pollo porque para los brasile\u00f1os ese aval significaba un salto &#8220;m\u00e1s cualitativo que cuantitativo&#8221; dada la imagen que posee Uruguay por su calidad sanitaria. \u0093Por suerte\u0094 Uruguay se ha acostumbrado en estos \u00faltimos a\u00f1os a \u0093festejar alg\u00fan mercado nuevo del que disponemos\u0094, aspecto clave para negociar, considerando lo relevante que es disponer de alternativas ante cualquier eventualidad. Fuente: Carnetec, 28 de noviembre.<\/p>\n","protected":false},"author":2,"featured_media":2321,"comment_status":"closed","ping_status":"open","sticky":false,"template":"","format":"standard","meta":{"_acf_changed":false,"footnotes":""},"categories":[56],"tags":[],"class_list":["post-5835","post","type-post","status-publish","format-standard","has-post-thumbnail","hentry","category-infoganadero"],"acf":[],"yoast_head":"<!-- This site is optimized with the Yoast SEO plugin v27.4 - https:\/\/yoast.com\/product\/yoast-seo-wordpress\/ -->\n<title>No demorar\u00e1 mucho tiempo para exportar carne ovina uruguaya a Europa, dice dirigente. | Proagro<\/title>\n<meta name=\"robots\" content=\"index, follow, max-snippet:-1, max-image-preview:large, max-video-preview:-1\" \/>\n<link rel=\"canonical\" href=\"https:\/\/proagrolab.com.ar\/en\/no-demorara-mucho-tiempo-para-exportar-carne-ovina-uruguaya-a-europa-dice-dirigente\/\" \/>\n<meta property=\"og:locale\" content=\"en_US\" \/>\n<meta property=\"og:type\" content=\"article\" \/>\n<meta property=\"og:title\" content=\"No demorar\u00e1 mucho tiempo para exportar carne ovina uruguaya a Europa, dice dirigente. | Proagro\" \/>\n<meta property=\"og:description\" content=\"Tras la reciente apertura del mercado de EE.UU. para exportar carnes ovinas desosadas de Uruguay, existe confianza en lograr m\u00e1s r\u00e1pidamente el aval para abastecer a otros destinos de alto valor, como M\u00e9xico y Europa para la carne ovina con hueso. As\u00ed inform\u00f3 el portal de noticias ElObservador.com.uy. &#8220;Confiamos en que (el ingreso a) Europa con hueso no va a tener que demorar mucho tiempo, no sabemos cu\u00e1nto, pero posiblemente menos que lo que demor\u00f3 entrar en Estados Unidos&#8221;, expuso Gast\u00f3n Scayola, gerente general del frigor\u00edfico San Jacinto. Cuando esas nuevas metas se concreten, enfatiz\u00f3, &#8220;estamos seguros que, desde el punto de vista de la carne, el rubro ovino va a pegar un salto importante&#8221;. Scayola puso como ejemplo que para Brasil, tras insistir durante muchos a\u00f1os, fue trascendente que Uruguay autorice el ingreso de su carne de pollo porque para los brasile\u00f1os ese aval significaba un salto &#8220;m\u00e1s cualitativo que cuantitativo&#8221; dada la imagen que posee Uruguay por su calidad sanitaria. \u0093Por suerte\u0094 Uruguay se ha acostumbrado en estos \u00faltimos a\u00f1os a \u0093festejar alg\u00fan mercado nuevo del que disponemos\u0094, aspecto clave para negociar, considerando lo relevante que es disponer de alternativas ante cualquier eventualidad. Fuente: Carnetec, 28 de noviembre.\" \/>\n<meta property=\"og:url\" content=\"https:\/\/proagrolab.com.ar\/no-demorara-mucho-tiempo-para-exportar-carne-ovina-uruguaya-a-europa-dice-dirigente\/\" \/>\n<meta property=\"og:site_name\" content=\"Proagro\" \/>\n<meta property=\"article:publisher\" content=\"http:\/\/www.facebook.com\/proagrolab\" \/>\n<meta property=\"article:published_time\" content=\"2013-11-28T00:00:01+00:00\" \/>\n<meta property=\"og:image\" content=\"https:\/\/proagrolab.com.ar\/wp-content\/uploads\/2015\/01\/g_ybx77uwjs__Frigor\u00edfico-3.jpg\" \/>\n\t<meta property=\"og:image:width\" content=\"1\" \/>\n\t<meta property=\"og:image:height\" content=\"1\" \/>\n\t<meta property=\"og:image:type\" content=\"image\/jpeg\" \/>\n<meta name=\"author\" content=\"proagrolab\" \/>\n<meta name=\"twitter:card\" content=\"summary_large_image\" \/>\n<meta name=\"twitter:label1\" content=\"Written by\" \/>\n\t<meta name=\"twitter:data1\" content=\"proagrolab\" \/>\n\t<meta name=\"twitter:label2\" content=\"Est. reading time\" \/>\n\t<meta name=\"twitter:data2\" content=\"1 minute\" \/>\n<script type=\"application\/ld+json\" class=\"yoast-schema-graph\">{\"@context\":\"https:\\\/\\\/schema.org\",\"@graph\":[{\"@type\":\"Article\",\"@id\":\"https:\\\/\\\/proagrolab.com.ar\\\/no-demorara-mucho-tiempo-para-exportar-carne-ovina-uruguaya-a-europa-dice-dirigente\\\/#article\",\"isPartOf\":{\"@id\":\"https:\\\/\\\/proagrolab.com.ar\\\/no-demorara-mucho-tiempo-para-exportar-carne-ovina-uruguaya-a-europa-dice-dirigente\\\/\"},\"author\":{\"name\":\"proagrolab\",\"@id\":\"https:\\\/\\\/proagrolab.com.ar\\\/#\\\/schema\\\/person\\\/38003ff90bf80381f71c7d922d207444\"},\"headline\":\"No demorar\u00e1 mucho tiempo para exportar carne ovina uruguaya a Europa, dice dirigente.\",\"datePublished\":\"2013-11-28T00:00:01+00:00\",\"mainEntityOfPage\":{\"@id\":\"https:\\\/\\\/proagrolab.com.ar\\\/no-demorara-mucho-tiempo-para-exportar-carne-ovina-uruguaya-a-europa-dice-dirigente\\\/\"},\"wordCount\":226,\"publisher\":{\"@id\":\"https:\\\/\\\/proagrolab.com.ar\\\/#organization\"},\"image\":{\"@id\":\"https:\\\/\\\/proagrolab.com.ar\\\/no-demorara-mucho-tiempo-para-exportar-carne-ovina-uruguaya-a-europa-dice-dirigente\\\/#primaryimage\"},\"thumbnailUrl\":\"https:\\\/\\\/proagrolab.com.ar\\\/wp-content\\\/uploads\\\/2015\\\/01\\\/g_ybx77uwjs__Frigor\u00edfico-3.jpg\",\"articleSection\":[\"News\"],\"inLanguage\":\"en-US\"},{\"@type\":\"WebPage\",\"@id\":\"https:\\\/\\\/proagrolab.com.ar\\\/no-demorara-mucho-tiempo-para-exportar-carne-ovina-uruguaya-a-europa-dice-dirigente\\\/\",\"url\":\"https:\\\/\\\/proagrolab.com.ar\\\/no-demorara-mucho-tiempo-para-exportar-carne-ovina-uruguaya-a-europa-dice-dirigente\\\/\",\"name\":\"No demorar\u00e1 mucho tiempo para exportar carne ovina uruguaya a Europa, dice dirigente. | Proagro\",\"isPartOf\":{\"@id\":\"https:\\\/\\\/proagrolab.com.ar\\\/#website\"},\"primaryImageOfPage\":{\"@id\":\"https:\\\/\\\/proagrolab.com.ar\\\/no-demorara-mucho-tiempo-para-exportar-carne-ovina-uruguaya-a-europa-dice-dirigente\\\/#primaryimage\"},\"image\":{\"@id\":\"https:\\\/\\\/proagrolab.com.ar\\\/no-demorara-mucho-tiempo-para-exportar-carne-ovina-uruguaya-a-europa-dice-dirigente\\\/#primaryimage\"},\"thumbnailUrl\":\"https:\\\/\\\/proagrolab.com.ar\\\/wp-content\\\/uploads\\\/2015\\\/01\\\/g_ybx77uwjs__Frigor\u00edfico-3.jpg\",\"datePublished\":\"2013-11-28T00:00:01+00:00\",\"breadcrumb\":{\"@id\":\"https:\\\/\\\/proagrolab.com.ar\\\/no-demorara-mucho-tiempo-para-exportar-carne-ovina-uruguaya-a-europa-dice-dirigente\\\/#breadcrumb\"},\"inLanguage\":\"en-US\",\"potentialAction\":[{\"@type\":\"ReadAction\",\"target\":[\"https:\\\/\\\/proagrolab.com.ar\\\/no-demorara-mucho-tiempo-para-exportar-carne-ovina-uruguaya-a-europa-dice-dirigente\\\/\"]}]},{\"@type\":\"ImageObject\",\"inLanguage\":\"en-US\",\"@id\":\"https:\\\/\\\/proagrolab.com.ar\\\/no-demorara-mucho-tiempo-para-exportar-carne-ovina-uruguaya-a-europa-dice-dirigente\\\/#primaryimage\",\"url\":\"https:\\\/\\\/proagrolab.com.ar\\\/wp-content\\\/uploads\\\/2015\\\/01\\\/g_ybx77uwjs__Frigor\u00edfico-3.jpg\",\"contentUrl\":\"https:\\\/\\\/proagrolab.com.ar\\\/wp-content\\\/uploads\\\/2015\\\/01\\\/g_ybx77uwjs__Frigor\u00edfico-3.jpg\"},{\"@type\":\"BreadcrumbList\",\"@id\":\"https:\\\/\\\/proagrolab.com.ar\\\/no-demorara-mucho-tiempo-para-exportar-carne-ovina-uruguaya-a-europa-dice-dirigente\\\/#breadcrumb\",\"itemListElement\":[{\"@type\":\"ListItem\",\"position\":1,\"name\":\"Portada\",\"item\":\"https:\\\/\\\/proagrolab.com.ar\\\/\"},{\"@type\":\"ListItem\",\"position\":2,\"name\":\"No demorar\u00e1 mucho tiempo para exportar carne ovina uruguaya a Europa, dice dirigente.\"}]},{\"@type\":\"WebSite\",\"@id\":\"https:\\\/\\\/proagrolab.com.ar\\\/#website\",\"url\":\"https:\\\/\\\/proagrolab.com.ar\\\/\",\"name\":\"Proagro Laboratorio Veterinario\",\"description\":\"Veterinary laboratory\",\"publisher\":{\"@id\":\"https:\\\/\\\/proagrolab.com.ar\\\/#organization\"},\"potentialAction\":[{\"@type\":\"SearchAction\",\"target\":{\"@type\":\"EntryPoint\",\"urlTemplate\":\"https:\\\/\\\/proagrolab.com.ar\\\/?s={search_term_string}\"},\"query-input\":{\"@type\":\"PropertyValueSpecification\",\"valueRequired\":true,\"valueName\":\"search_term_string\"}}],\"inLanguage\":\"en-US\"},{\"@type\":\"Organization\",\"@id\":\"https:\\\/\\\/proagrolab.com.ar\\\/#organization\",\"name\":\"Proagro\",\"url\":\"https:\\\/\\\/proagrolab.com.ar\\\/\",\"logo\":{\"@type\":\"ImageObject\",\"inLanguage\":\"en-US\",\"@id\":\"https:\\\/\\\/proagrolab.com.ar\\\/#\\\/schema\\\/logo\\\/image\\\/\",\"url\":\"https:\\\/\\\/proagrolab.com.ar\\\/wp-content\\\/uploads\\\/2020\\\/04\\\/logo-retina.png\",\"contentUrl\":\"https:\\\/\\\/proagrolab.com.ar\\\/wp-content\\\/uploads\\\/2020\\\/04\\\/logo-retina.png\",\"width\":478,\"height\":120,\"caption\":\"Proagro\"},\"image\":{\"@id\":\"https:\\\/\\\/proagrolab.com.ar\\\/#\\\/schema\\\/logo\\\/image\\\/\"},\"sameAs\":[\"http:\\\/\\\/www.facebook.com\\\/proagrolab\",\"https:\\\/\\\/www.instagram.com\\\/proagrolab\\\/\",\"https:\\\/\\\/www.linkedin.com\\\/company\\\/laboratorio-proagro-s-a\\\/\"]},{\"@type\":\"Person\",\"@id\":\"https:\\\/\\\/proagrolab.com.ar\\\/#\\\/schema\\\/person\\\/38003ff90bf80381f71c7d922d207444\",\"name\":\"proagrolab\"}]}<\/script>\n<!-- \/ Yoast SEO plugin. -->","yoast_head_json":{"title":"No demorar\u00e1 mucho tiempo para exportar carne ovina uruguaya a Europa, dice dirigente. | Proagro","robots":{"index":"index","follow":"follow","max-snippet":"max-snippet:-1","max-image-preview":"max-image-preview:large","max-video-preview":"max-video-preview:-1"},"canonical":"https:\/\/proagrolab.com.ar\/en\/no-demorara-mucho-tiempo-para-exportar-carne-ovina-uruguaya-a-europa-dice-dirigente\/","og_locale":"en_US","og_type":"article","og_title":"No demorar\u00e1 mucho tiempo para exportar carne ovina uruguaya a Europa, dice dirigente. | Proagro","og_description":"Tras la reciente apertura del mercado de EE.UU. para exportar carnes ovinas desosadas de Uruguay, existe confianza en lograr m\u00e1s r\u00e1pidamente el aval para abastecer a otros destinos de alto valor, como M\u00e9xico y Europa para la carne ovina con hueso. As\u00ed inform\u00f3 el portal de noticias ElObservador.com.uy. &#8220;Confiamos en que (el ingreso a) Europa con hueso no va a tener que demorar mucho tiempo, no sabemos cu\u00e1nto, pero posiblemente menos que lo que demor\u00f3 entrar en Estados Unidos&#8221;, expuso Gast\u00f3n Scayola, gerente general del frigor\u00edfico San Jacinto. Cuando esas nuevas metas se concreten, enfatiz\u00f3, &#8220;estamos seguros que, desde el punto de vista de la carne, el rubro ovino va a pegar un salto importante&#8221;. Scayola puso como ejemplo que para Brasil, tras insistir durante muchos a\u00f1os, fue trascendente que Uruguay autorice el ingreso de su carne de pollo porque para los brasile\u00f1os ese aval significaba un salto &#8220;m\u00e1s cualitativo que cuantitativo&#8221; dada la imagen que posee Uruguay por su calidad sanitaria. \u0093Por suerte\u0094 Uruguay se ha acostumbrado en estos \u00faltimos a\u00f1os a \u0093festejar alg\u00fan mercado nuevo del que disponemos\u0094, aspecto clave para negociar, considerando lo relevante que es disponer de alternativas ante cualquier eventualidad. Fuente: Carnetec, 28 de noviembre.","og_url":"https:\/\/proagrolab.com.ar\/no-demorara-mucho-tiempo-para-exportar-carne-ovina-uruguaya-a-europa-dice-dirigente\/","og_site_name":"Proagro","article_publisher":"http:\/\/www.facebook.com\/proagrolab","article_published_time":"2013-11-28T00:00:01+00:00","og_image":[{"url":"https:\/\/proagrolab.com.ar\/wp-content\/uploads\/2015\/01\/g_ybx77uwjs__Frigor\u00edfico-3.jpg","width":1,"height":1,"type":"image\/jpeg"}],"author":"proagrolab","twitter_card":"summary_large_image","twitter_misc":{"Written by":"proagrolab","Est. reading time":"1 minute"},"schema":{"@context":"https:\/\/schema.org","@graph":[{"@type":"Article","@id":"https:\/\/proagrolab.com.ar\/no-demorara-mucho-tiempo-para-exportar-carne-ovina-uruguaya-a-europa-dice-dirigente\/#article","isPartOf":{"@id":"https:\/\/proagrolab.com.ar\/no-demorara-mucho-tiempo-para-exportar-carne-ovina-uruguaya-a-europa-dice-dirigente\/"},"author":{"name":"proagrolab","@id":"https:\/\/proagrolab.com.ar\/#\/schema\/person\/38003ff90bf80381f71c7d922d207444"},"headline":"No demorar\u00e1 mucho tiempo para exportar carne ovina uruguaya a Europa, dice dirigente.","datePublished":"2013-11-28T00:00:01+00:00","mainEntityOfPage":{"@id":"https:\/\/proagrolab.com.ar\/no-demorara-mucho-tiempo-para-exportar-carne-ovina-uruguaya-a-europa-dice-dirigente\/"},"wordCount":226,"publisher":{"@id":"https:\/\/proagrolab.com.ar\/#organization"},"image":{"@id":"https:\/\/proagrolab.com.ar\/no-demorara-mucho-tiempo-para-exportar-carne-ovina-uruguaya-a-europa-dice-dirigente\/#primaryimage"},"thumbnailUrl":"https:\/\/proagrolab.com.ar\/wp-content\/uploads\/2015\/01\/g_ybx77uwjs__Frigor\u00edfico-3.jpg","articleSection":["News"],"inLanguage":"en-US"},{"@type":"WebPage","@id":"https:\/\/proagrolab.com.ar\/no-demorara-mucho-tiempo-para-exportar-carne-ovina-uruguaya-a-europa-dice-dirigente\/","url":"https:\/\/proagrolab.com.ar\/no-demorara-mucho-tiempo-para-exportar-carne-ovina-uruguaya-a-europa-dice-dirigente\/","name":"No demorar\u00e1 mucho tiempo para exportar carne ovina uruguaya a Europa, dice dirigente. | Proagro","isPartOf":{"@id":"https:\/\/proagrolab.com.ar\/#website"},"primaryImageOfPage":{"@id":"https:\/\/proagrolab.com.ar\/no-demorara-mucho-tiempo-para-exportar-carne-ovina-uruguaya-a-europa-dice-dirigente\/#primaryimage"},"image":{"@id":"https:\/\/proagrolab.com.ar\/no-demorara-mucho-tiempo-para-exportar-carne-ovina-uruguaya-a-europa-dice-dirigente\/#primaryimage"},"thumbnailUrl":"https:\/\/proagrolab.com.ar\/wp-content\/uploads\/2015\/01\/g_ybx77uwjs__Frigor\u00edfico-3.jpg","datePublished":"2013-11-28T00:00:01+00:00","breadcrumb":{"@id":"https:\/\/proagrolab.com.ar\/no-demorara-mucho-tiempo-para-exportar-carne-ovina-uruguaya-a-europa-dice-dirigente\/#breadcrumb"},"inLanguage":"en-US","potentialAction":[{"@type":"ReadAction","target":["https:\/\/proagrolab.com.ar\/no-demorara-mucho-tiempo-para-exportar-carne-ovina-uruguaya-a-europa-dice-dirigente\/"]}]},{"@type":"ImageObject","inLanguage":"en-US","@id":"https:\/\/proagrolab.com.ar\/no-demorara-mucho-tiempo-para-exportar-carne-ovina-uruguaya-a-europa-dice-dirigente\/#primaryimage","url":"https:\/\/proagrolab.com.ar\/wp-content\/uploads\/2015\/01\/g_ybx77uwjs__Frigor\u00edfico-3.jpg","contentUrl":"https:\/\/proagrolab.com.ar\/wp-content\/uploads\/2015\/01\/g_ybx77uwjs__Frigor\u00edfico-3.jpg"},{"@type":"BreadcrumbList","@id":"https:\/\/proagrolab.com.ar\/no-demorara-mucho-tiempo-para-exportar-carne-ovina-uruguaya-a-europa-dice-dirigente\/#breadcrumb","itemListElement":[{"@type":"ListItem","position":1,"name":"Portada","item":"https:\/\/proagrolab.com.ar\/"},{"@type":"ListItem","position":2,"name":"No demorar\u00e1 mucho tiempo para exportar carne ovina uruguaya a Europa, dice dirigente."}]},{"@type":"WebSite","@id":"https:\/\/proagrolab.com.ar\/#website","url":"https:\/\/proagrolab.com.ar\/","name":"Proagro Laboratorio Veterinario","description":"Veterinary laboratory","publisher":{"@id":"https:\/\/proagrolab.com.ar\/#organization"},"potentialAction":[{"@type":"SearchAction","target":{"@type":"EntryPoint","urlTemplate":"https:\/\/proagrolab.com.ar\/?s={search_term_string}"},"query-input":{"@type":"PropertyValueSpecification","valueRequired":true,"valueName":"search_term_string"}}],"inLanguage":"en-US"},{"@type":"Organization","@id":"https:\/\/proagrolab.com.ar\/#organization","name":"Proagro","url":"https:\/\/proagrolab.com.ar\/","logo":{"@type":"ImageObject","inLanguage":"en-US","@id":"https:\/\/proagrolab.com.ar\/#\/schema\/logo\/image\/","url":"https:\/\/proagrolab.com.ar\/wp-content\/uploads\/2020\/04\/logo-retina.png","contentUrl":"https:\/\/proagrolab.com.ar\/wp-content\/uploads\/2020\/04\/logo-retina.png","width":478,"height":120,"caption":"Proagro"},"image":{"@id":"https:\/\/proagrolab.com.ar\/#\/schema\/logo\/image\/"},"sameAs":["http:\/\/www.facebook.com\/proagrolab","https:\/\/www.instagram.com\/proagrolab\/","https:\/\/www.linkedin.com\/company\/laboratorio-proagro-s-a\/"]},{"@type":"Person","@id":"https:\/\/proagrolab.com.ar\/#\/schema\/person\/38003ff90bf80381f71c7d922d207444","name":"proagrolab"}]}},"_links":{"self":[{"href":"https:\/\/proagrolab.com.ar\/en\/wp-json\/wp\/v2\/posts\/5835","targetHints":{"allow":["GET"]}}],"collection":[{"href":"https:\/\/proagrolab.com.ar\/en\/wp-json\/wp\/v2\/posts"}],"about":[{"href":"https:\/\/proagrolab.com.ar\/en\/wp-json\/wp\/v2\/types\/post"}],"author":[{"embeddable":true,"href":"https:\/\/proagrolab.com.ar\/en\/wp-json\/wp\/v2\/users\/2"}],"replies":[{"embeddable":true,"href":"https:\/\/proagrolab.com.ar\/en\/wp-json\/wp\/v2\/comments?post=5835"}],"version-history":[{"count":0,"href":"https:\/\/proagrolab.com.ar\/en\/wp-json\/wp\/v2\/posts\/5835\/revisions"}],"wp:featuredmedia":[{"embeddable":true,"href":"https:\/\/proagrolab.com.ar\/en\/wp-json\/wp\/v2\/media\/2321"}],"wp:attachment":[{"href":"https:\/\/proagrolab.com.ar\/en\/wp-json\/wp\/v2\/media?parent=5835"}],"wp:term":[{"taxonomy":"category","embeddable":true,"href":"https:\/\/proagrolab.com.ar\/en\/wp-json\/wp\/v2\/categories?post=5835"},{"taxonomy":"post_tag","embeddable":true,"href":"https:\/\/proagrolab.com.ar\/en\/wp-json\/wp\/v2\/tags?post=5835"}],"curies":[{"name":"wp","href":"https:\/\/api.w.org\/{rel}","templated":true}]}}