{"id":5834,"date":"2013-11-28T00:00:01","date_gmt":"2013-11-28T00:00:01","guid":{"rendered":"https:\/\/proagrolab.com.ar\/resistiendo-por-descarte\/"},"modified":"2013-11-28T00:00:01","modified_gmt":"2013-11-28T00:00:01","slug":"resistiendo-por-descarte","status":"publish","type":"post","link":"https:\/\/proagrolab.com.ar\/en\/resistiendo-por-descarte\/","title":{"rendered":"Resistiendo por descarte."},"content":{"rendered":"<p class=\"qtranxs-available-languages-message qtranxs-available-languages-message-en\"> <\/p><p>Jorge Videla cifra sus esperanzas de permanencia en la falta de candidatos para la Subsecretar\u00eda de Lecher\u00eda.<\/p>\n<p>Por Elida Thiery (redacci\u00f3n LA OPINION)<\/p>\n<p>La semana anterior lo adelant\u00e1bamos en exclusiva, Jorge Videla tuvo que presentar su renuncia al cargo de subsecretario de Lecher\u00eda de la Naci\u00f3n.<br \/>En su eterno discurso ambiguo, intentaba jugar con la iron\u00eda y no se animaba a confirmar lo que ya se sab\u00eda.<\/p>\n<p>Su mano derecha, el sunchalense Roberto Soc\u00edn alimentaba la nebulosa de los pasillos del Ministerio de Agricultura, que aunque con algunas modificaciones, a\u00fan se sostiene.<\/p>\n<p>Carlos Casamiquela entr\u00f3 decidido a este brazo del Ejecutivo para poder encaminar ciertas circunstancias en el sector, que estuvo muy cercano a la acefal\u00eda en estos casi dos a\u00f1os en los que un hombre que s\u00f3lo supo de negocios pesqueros, no se anim\u00f3 a pisar la tierra, ni siquiera de la regi\u00f3n n\u00facleo y es por eso que se hace imperativo un trabajo diferente. De todas maneras, no hay que esperar demasiados cambios, porque se sabe de todo el recorrido en el v\u00ednculo del sector agropecuario con este Gobierno, en una d\u00e9cada de ocasos.<br \/>Del da\u00f1o hecho sobre la econom\u00eda cotidiana y dom\u00e9stica, no se puede excluir la injerencia en el campo del ex Secretario de Comercio Interior. Es por eso que todos aquellos que trataban de manera muy directa con Guillermo Moreno, fueron invitados muy imperativamente a retirarse de diversos estamentos del poder. Empezando por quien fuera Secretario de Agricultura, el resto de sus pares e incluso los Subsecretarios, debieron redactar y firmar la declinaci\u00f3n a los cargos.<br \/>\u00bfPero qu\u00e9 pas\u00f3 para que hoy estemos hablando de una continuidad de Jorge Videla?.<\/p>\n<p>Hubo rumores de testeo de nombres y figuras con alta especializaci\u00f3n en lecher\u00eda, que incluso llegaron hasta Rafaela, pero m\u00e1s o menos certeros, lo cierto es que quien ocupe el cargo de ese espacio creado en 2009, tiene que saber mucho del tema, pero tambi\u00e9n conocer las chicanas pol\u00edticas. Es por eso que son pocos los que esperen la convocatoria de forma digna y ante la falta de candidatos, se abre un espectro de oportunidad, desde el descarte para que el hombre de Villa Mar\u00eda conserve su lugar.<\/p>\n<p>Consultas y negativas motivaron a Casamiquela a solicitarle a Videla un exhaustivo informe de su tarea en estos casi cuatro a\u00f1os de labor. Claro que sin muchos logros en \u00e9l, se apur\u00f3 a presentar este balance que es el que en pr\u00f3ximas horas puede inclinar la balanza para su lado y mantenerlo en el cargo del que est\u00e1 renunciado.<\/p>\n<p>Pero optimista y obstinado, Videla hizo valer a\u00f1os de ayudas econ\u00f3micas a entidades muy amigas, a ciertos sectores del cooperativismo, para que con un llamado telef\u00f3nico motive de forma ficticia a las c\u00e1maras \u0093k\u0094 de tamberos, en primer t\u00e9rmino, a emitir cartas de recomendaci\u00f3n de su persona para el cargo. Claro que no se mencionaron entre las bondades expuestas esas ostentosas ayudas dirigidas a muchos personajes del gremialismo lechero, esas que en los pueblos se conocen muy bien y si alguno de ellos lee estas l\u00edneas entiende a qu\u00e9 nos referimos. Con Videla resurgieron varias econom\u00edas en este centro-oeste santafesino, as\u00ed como la regi\u00f3n cercana a su Villa Mar\u00eda natal; y eso es algo que muchos, definitivamente, no quieren perder. Es probable que para varias empresas del rubro con su salida las presiones se hubieran acabado, sin embargo en la posible continuidad, ser\u00e1 tiempo de algunos privados de pedir mayores devoluciones de favores.<\/p>\n<p>En definitiva con los dos elementos, el informe y las cartas de afecto, Casamiquela eval\u00faa a qui\u00e9n poner a cargo del sector lechero.<\/p>\n<p>El ex titular del INTA conoce la verdadera realidad tambera y con poco por hacer, en el contexto pol\u00edtico, tratar\u00e1 de encaminar causas como la de la liquidaci\u00f3n \u00fanica, para que as\u00ed este gobierno al menos tenga algo para poner en la columna de los logros. Dif\u00edcil tarea, compleja gesti\u00f3n, requerir\u00eda recursos humanos m\u00e1s avezados, pero lamentablemente podr\u00eda optarse por lo que hay y no por lo que corresponde. En el descarte, la falta de oferta terminar\u00eda siendo la \u00fanica alternativa.<\/p>\n<p>Fuente: El weblog de Elida Thiery, 28 de noviembre.<br \/><\/p>","protected":false},"excerpt":{"rendered":"<p>Jorge Videla cifra sus esperanzas de permanencia en la falta de candidatos para la Subsecretar\u00eda de Lecher\u00eda. Por Elida Thiery (redacci\u00f3n LA OPINION) La semana anterior lo adelant\u00e1bamos en exclusiva, Jorge Videla tuvo que presentar su renuncia al cargo de subsecretario de Lecher\u00eda de la Naci\u00f3n.En su eterno discurso ambiguo, intentaba jugar con la iron\u00eda y no se animaba a confirmar lo que ya se sab\u00eda. Su mano derecha, el sunchalense Roberto Soc\u00edn alimentaba la nebulosa de los pasillos del Ministerio de Agricultura, que aunque con algunas modificaciones, a\u00fan se sostiene. Carlos Casamiquela entr\u00f3 decidido a este brazo del Ejecutivo para poder encaminar ciertas circunstancias en el sector, que estuvo muy cercano a la acefal\u00eda en estos casi dos a\u00f1os en los que un hombre que s\u00f3lo supo de negocios pesqueros, no se anim\u00f3 a pisar la tierra, ni siquiera de la regi\u00f3n n\u00facleo y es por eso que se hace imperativo un trabajo diferente. De todas maneras, no hay que esperar demasiados cambios, porque se sabe de todo el recorrido en el v\u00ednculo del sector agropecuario con este Gobierno, en una d\u00e9cada de ocasos.Del da\u00f1o hecho sobre la econom\u00eda cotidiana y dom\u00e9stica, no se puede excluir la injerencia en [&hellip;]<\/p>\n","protected":false},"author":2,"featured_media":2320,"comment_status":"closed","ping_status":"open","sticky":false,"template":"","format":"standard","meta":{"_acf_changed":false,"footnotes":""},"categories":[56],"tags":[],"class_list":["post-5834","post","type-post","status-publish","format-standard","has-post-thumbnail","hentry","category-infoganadero"],"acf":[],"yoast_head":"<!-- This site is optimized with the Yoast SEO plugin v27.4 - https:\/\/yoast.com\/product\/yoast-seo-wordpress\/ -->\n<title>Resistiendo por descarte. | Proagro<\/title>\n<meta name=\"robots\" content=\"index, follow, max-snippet:-1, max-image-preview:large, max-video-preview:-1\" \/>\n<link rel=\"canonical\" href=\"https:\/\/proagrolab.com.ar\/en\/resistiendo-por-descarte\/\" \/>\n<meta property=\"og:locale\" content=\"en_US\" \/>\n<meta property=\"og:type\" content=\"article\" \/>\n<meta property=\"og:title\" content=\"Resistiendo por descarte. | Proagro\" \/>\n<meta property=\"og:description\" content=\"Jorge Videla cifra sus esperanzas de permanencia en la falta de candidatos para la Subsecretar\u00eda de Lecher\u00eda. Por Elida Thiery (redacci\u00f3n LA OPINION) La semana anterior lo adelant\u00e1bamos en exclusiva, Jorge Videla tuvo que presentar su renuncia al cargo de subsecretario de Lecher\u00eda de la Naci\u00f3n.En su eterno discurso ambiguo, intentaba jugar con la iron\u00eda y no se animaba a confirmar lo que ya se sab\u00eda. Su mano derecha, el sunchalense Roberto Soc\u00edn alimentaba la nebulosa de los pasillos del Ministerio de Agricultura, que aunque con algunas modificaciones, a\u00fan se sostiene. Carlos Casamiquela entr\u00f3 decidido a este brazo del Ejecutivo para poder encaminar ciertas circunstancias en el sector, que estuvo muy cercano a la acefal\u00eda en estos casi dos a\u00f1os en los que un hombre que s\u00f3lo supo de negocios pesqueros, no se anim\u00f3 a pisar la tierra, ni siquiera de la regi\u00f3n n\u00facleo y es por eso que se hace imperativo un trabajo diferente. De todas maneras, no hay que esperar demasiados cambios, porque se sabe de todo el recorrido en el v\u00ednculo del sector agropecuario con este Gobierno, en una d\u00e9cada de ocasos.Del da\u00f1o hecho sobre la econom\u00eda cotidiana y dom\u00e9stica, no se puede excluir la injerencia en [&hellip;]\" \/>\n<meta property=\"og:url\" content=\"https:\/\/proagrolab.com.ar\/resistiendo-por-descarte\/\" \/>\n<meta property=\"og:site_name\" content=\"Proagro\" \/>\n<meta property=\"article:publisher\" content=\"http:\/\/www.facebook.com\/proagrolab\" \/>\n<meta property=\"article:published_time\" content=\"2013-11-28T00:00:01+00:00\" \/>\n<meta property=\"og:image\" content=\"https:\/\/proagrolab.com.ar\/wp-content\/uploads\/2015\/01\/g_7zinuujhu__Videla.jpg\" \/>\n\t<meta property=\"og:image:width\" content=\"450\" \/>\n\t<meta property=\"og:image:height\" content=\"208\" \/>\n\t<meta property=\"og:image:type\" content=\"image\/jpeg\" \/>\n<meta name=\"author\" content=\"proagrolab\" \/>\n<meta name=\"twitter:card\" content=\"summary_large_image\" \/>\n<meta name=\"twitter:label1\" content=\"Written by\" \/>\n\t<meta name=\"twitter:data1\" content=\"proagrolab\" \/>\n\t<meta name=\"twitter:label2\" content=\"Est. reading time\" \/>\n\t<meta name=\"twitter:data2\" content=\"4 minutes\" \/>\n<script type=\"application\/ld+json\" class=\"yoast-schema-graph\">{\"@context\":\"https:\\\/\\\/schema.org\",\"@graph\":[{\"@type\":\"Article\",\"@id\":\"https:\\\/\\\/proagrolab.com.ar\\\/resistiendo-por-descarte\\\/#article\",\"isPartOf\":{\"@id\":\"https:\\\/\\\/proagrolab.com.ar\\\/resistiendo-por-descarte\\\/\"},\"author\":{\"name\":\"proagrolab\",\"@id\":\"https:\\\/\\\/proagrolab.com.ar\\\/#\\\/schema\\\/person\\\/38003ff90bf80381f71c7d922d207444\"},\"headline\":\"Resistiendo por descarte.\",\"datePublished\":\"2013-11-28T00:00:01+00:00\",\"mainEntityOfPage\":{\"@id\":\"https:\\\/\\\/proagrolab.com.ar\\\/resistiendo-por-descarte\\\/\"},\"wordCount\":738,\"publisher\":{\"@id\":\"https:\\\/\\\/proagrolab.com.ar\\\/#organization\"},\"image\":{\"@id\":\"https:\\\/\\\/proagrolab.com.ar\\\/resistiendo-por-descarte\\\/#primaryimage\"},\"thumbnailUrl\":\"https:\\\/\\\/proagrolab.com.ar\\\/wp-content\\\/uploads\\\/2015\\\/01\\\/g_7zinuujhu__Videla.jpg\",\"articleSection\":[\"News\"],\"inLanguage\":\"en-US\"},{\"@type\":\"WebPage\",\"@id\":\"https:\\\/\\\/proagrolab.com.ar\\\/resistiendo-por-descarte\\\/\",\"url\":\"https:\\\/\\\/proagrolab.com.ar\\\/resistiendo-por-descarte\\\/\",\"name\":\"Resistiendo por descarte. | Proagro\",\"isPartOf\":{\"@id\":\"https:\\\/\\\/proagrolab.com.ar\\\/#website\"},\"primaryImageOfPage\":{\"@id\":\"https:\\\/\\\/proagrolab.com.ar\\\/resistiendo-por-descarte\\\/#primaryimage\"},\"image\":{\"@id\":\"https:\\\/\\\/proagrolab.com.ar\\\/resistiendo-por-descarte\\\/#primaryimage\"},\"thumbnailUrl\":\"https:\\\/\\\/proagrolab.com.ar\\\/wp-content\\\/uploads\\\/2015\\\/01\\\/g_7zinuujhu__Videla.jpg\",\"datePublished\":\"2013-11-28T00:00:01+00:00\",\"breadcrumb\":{\"@id\":\"https:\\\/\\\/proagrolab.com.ar\\\/resistiendo-por-descarte\\\/#breadcrumb\"},\"inLanguage\":\"en-US\",\"potentialAction\":[{\"@type\":\"ReadAction\",\"target\":[\"https:\\\/\\\/proagrolab.com.ar\\\/resistiendo-por-descarte\\\/\"]}]},{\"@type\":\"ImageObject\",\"inLanguage\":\"en-US\",\"@id\":\"https:\\\/\\\/proagrolab.com.ar\\\/resistiendo-por-descarte\\\/#primaryimage\",\"url\":\"https:\\\/\\\/proagrolab.com.ar\\\/wp-content\\\/uploads\\\/2015\\\/01\\\/g_7zinuujhu__Videla.jpg\",\"contentUrl\":\"https:\\\/\\\/proagrolab.com.ar\\\/wp-content\\\/uploads\\\/2015\\\/01\\\/g_7zinuujhu__Videla.jpg\",\"width\":450,\"height\":208},{\"@type\":\"BreadcrumbList\",\"@id\":\"https:\\\/\\\/proagrolab.com.ar\\\/resistiendo-por-descarte\\\/#breadcrumb\",\"itemListElement\":[{\"@type\":\"ListItem\",\"position\":1,\"name\":\"Portada\",\"item\":\"https:\\\/\\\/proagrolab.com.ar\\\/\"},{\"@type\":\"ListItem\",\"position\":2,\"name\":\"Resistiendo por descarte.\"}]},{\"@type\":\"WebSite\",\"@id\":\"https:\\\/\\\/proagrolab.com.ar\\\/#website\",\"url\":\"https:\\\/\\\/proagrolab.com.ar\\\/\",\"name\":\"Proagro Laboratorio Veterinario\",\"description\":\"Veterinary laboratory\",\"publisher\":{\"@id\":\"https:\\\/\\\/proagrolab.com.ar\\\/#organization\"},\"potentialAction\":[{\"@type\":\"SearchAction\",\"target\":{\"@type\":\"EntryPoint\",\"urlTemplate\":\"https:\\\/\\\/proagrolab.com.ar\\\/?s={search_term_string}\"},\"query-input\":{\"@type\":\"PropertyValueSpecification\",\"valueRequired\":true,\"valueName\":\"search_term_string\"}}],\"inLanguage\":\"en-US\"},{\"@type\":\"Organization\",\"@id\":\"https:\\\/\\\/proagrolab.com.ar\\\/#organization\",\"name\":\"Proagro\",\"url\":\"https:\\\/\\\/proagrolab.com.ar\\\/\",\"logo\":{\"@type\":\"ImageObject\",\"inLanguage\":\"en-US\",\"@id\":\"https:\\\/\\\/proagrolab.com.ar\\\/#\\\/schema\\\/logo\\\/image\\\/\",\"url\":\"https:\\\/\\\/proagrolab.com.ar\\\/wp-content\\\/uploads\\\/2020\\\/04\\\/logo-retina.png\",\"contentUrl\":\"https:\\\/\\\/proagrolab.com.ar\\\/wp-content\\\/uploads\\\/2020\\\/04\\\/logo-retina.png\",\"width\":478,\"height\":120,\"caption\":\"Proagro\"},\"image\":{\"@id\":\"https:\\\/\\\/proagrolab.com.ar\\\/#\\\/schema\\\/logo\\\/image\\\/\"},\"sameAs\":[\"http:\\\/\\\/www.facebook.com\\\/proagrolab\",\"https:\\\/\\\/www.instagram.com\\\/proagrolab\\\/\",\"https:\\\/\\\/www.linkedin.com\\\/company\\\/laboratorio-proagro-s-a\\\/\"]},{\"@type\":\"Person\",\"@id\":\"https:\\\/\\\/proagrolab.com.ar\\\/#\\\/schema\\\/person\\\/38003ff90bf80381f71c7d922d207444\",\"name\":\"proagrolab\"}]}<\/script>\n<!-- \/ Yoast SEO plugin. -->","yoast_head_json":{"title":"Resistiendo por descarte. | Proagro","robots":{"index":"index","follow":"follow","max-snippet":"max-snippet:-1","max-image-preview":"max-image-preview:large","max-video-preview":"max-video-preview:-1"},"canonical":"https:\/\/proagrolab.com.ar\/en\/resistiendo-por-descarte\/","og_locale":"en_US","og_type":"article","og_title":"Resistiendo por descarte. | Proagro","og_description":"Jorge Videla cifra sus esperanzas de permanencia en la falta de candidatos para la Subsecretar\u00eda de Lecher\u00eda. Por Elida Thiery (redacci\u00f3n LA OPINION) La semana anterior lo adelant\u00e1bamos en exclusiva, Jorge Videla tuvo que presentar su renuncia al cargo de subsecretario de Lecher\u00eda de la Naci\u00f3n.En su eterno discurso ambiguo, intentaba jugar con la iron\u00eda y no se animaba a confirmar lo que ya se sab\u00eda. Su mano derecha, el sunchalense Roberto Soc\u00edn alimentaba la nebulosa de los pasillos del Ministerio de Agricultura, que aunque con algunas modificaciones, a\u00fan se sostiene. Carlos Casamiquela entr\u00f3 decidido a este brazo del Ejecutivo para poder encaminar ciertas circunstancias en el sector, que estuvo muy cercano a la acefal\u00eda en estos casi dos a\u00f1os en los que un hombre que s\u00f3lo supo de negocios pesqueros, no se anim\u00f3 a pisar la tierra, ni siquiera de la regi\u00f3n n\u00facleo y es por eso que se hace imperativo un trabajo diferente. De todas maneras, no hay que esperar demasiados cambios, porque se sabe de todo el recorrido en el v\u00ednculo del sector agropecuario con este Gobierno, en una d\u00e9cada de ocasos.Del da\u00f1o hecho sobre la econom\u00eda cotidiana y dom\u00e9stica, no se puede excluir la injerencia en [&hellip;]","og_url":"https:\/\/proagrolab.com.ar\/resistiendo-por-descarte\/","og_site_name":"Proagro","article_publisher":"http:\/\/www.facebook.com\/proagrolab","article_published_time":"2013-11-28T00:00:01+00:00","og_image":[{"width":450,"height":208,"url":"https:\/\/proagrolab.com.ar\/wp-content\/uploads\/2015\/01\/g_7zinuujhu__Videla.jpg","type":"image\/jpeg"}],"author":"proagrolab","twitter_card":"summary_large_image","twitter_misc":{"Written by":"proagrolab","Est. reading time":"4 minutes"},"schema":{"@context":"https:\/\/schema.org","@graph":[{"@type":"Article","@id":"https:\/\/proagrolab.com.ar\/resistiendo-por-descarte\/#article","isPartOf":{"@id":"https:\/\/proagrolab.com.ar\/resistiendo-por-descarte\/"},"author":{"name":"proagrolab","@id":"https:\/\/proagrolab.com.ar\/#\/schema\/person\/38003ff90bf80381f71c7d922d207444"},"headline":"Resistiendo por descarte.","datePublished":"2013-11-28T00:00:01+00:00","mainEntityOfPage":{"@id":"https:\/\/proagrolab.com.ar\/resistiendo-por-descarte\/"},"wordCount":738,"publisher":{"@id":"https:\/\/proagrolab.com.ar\/#organization"},"image":{"@id":"https:\/\/proagrolab.com.ar\/resistiendo-por-descarte\/#primaryimage"},"thumbnailUrl":"https:\/\/proagrolab.com.ar\/wp-content\/uploads\/2015\/01\/g_7zinuujhu__Videla.jpg","articleSection":["News"],"inLanguage":"en-US"},{"@type":"WebPage","@id":"https:\/\/proagrolab.com.ar\/resistiendo-por-descarte\/","url":"https:\/\/proagrolab.com.ar\/resistiendo-por-descarte\/","name":"Resistiendo por descarte. | Proagro","isPartOf":{"@id":"https:\/\/proagrolab.com.ar\/#website"},"primaryImageOfPage":{"@id":"https:\/\/proagrolab.com.ar\/resistiendo-por-descarte\/#primaryimage"},"image":{"@id":"https:\/\/proagrolab.com.ar\/resistiendo-por-descarte\/#primaryimage"},"thumbnailUrl":"https:\/\/proagrolab.com.ar\/wp-content\/uploads\/2015\/01\/g_7zinuujhu__Videla.jpg","datePublished":"2013-11-28T00:00:01+00:00","breadcrumb":{"@id":"https:\/\/proagrolab.com.ar\/resistiendo-por-descarte\/#breadcrumb"},"inLanguage":"en-US","potentialAction":[{"@type":"ReadAction","target":["https:\/\/proagrolab.com.ar\/resistiendo-por-descarte\/"]}]},{"@type":"ImageObject","inLanguage":"en-US","@id":"https:\/\/proagrolab.com.ar\/resistiendo-por-descarte\/#primaryimage","url":"https:\/\/proagrolab.com.ar\/wp-content\/uploads\/2015\/01\/g_7zinuujhu__Videla.jpg","contentUrl":"https:\/\/proagrolab.com.ar\/wp-content\/uploads\/2015\/01\/g_7zinuujhu__Videla.jpg","width":450,"height":208},{"@type":"BreadcrumbList","@id":"https:\/\/proagrolab.com.ar\/resistiendo-por-descarte\/#breadcrumb","itemListElement":[{"@type":"ListItem","position":1,"name":"Portada","item":"https:\/\/proagrolab.com.ar\/"},{"@type":"ListItem","position":2,"name":"Resistiendo por descarte."}]},{"@type":"WebSite","@id":"https:\/\/proagrolab.com.ar\/#website","url":"https:\/\/proagrolab.com.ar\/","name":"Proagro Laboratorio Veterinario","description":"Veterinary laboratory","publisher":{"@id":"https:\/\/proagrolab.com.ar\/#organization"},"potentialAction":[{"@type":"SearchAction","target":{"@type":"EntryPoint","urlTemplate":"https:\/\/proagrolab.com.ar\/?s={search_term_string}"},"query-input":{"@type":"PropertyValueSpecification","valueRequired":true,"valueName":"search_term_string"}}],"inLanguage":"en-US"},{"@type":"Organization","@id":"https:\/\/proagrolab.com.ar\/#organization","name":"Proagro","url":"https:\/\/proagrolab.com.ar\/","logo":{"@type":"ImageObject","inLanguage":"en-US","@id":"https:\/\/proagrolab.com.ar\/#\/schema\/logo\/image\/","url":"https:\/\/proagrolab.com.ar\/wp-content\/uploads\/2020\/04\/logo-retina.png","contentUrl":"https:\/\/proagrolab.com.ar\/wp-content\/uploads\/2020\/04\/logo-retina.png","width":478,"height":120,"caption":"Proagro"},"image":{"@id":"https:\/\/proagrolab.com.ar\/#\/schema\/logo\/image\/"},"sameAs":["http:\/\/www.facebook.com\/proagrolab","https:\/\/www.instagram.com\/proagrolab\/","https:\/\/www.linkedin.com\/company\/laboratorio-proagro-s-a\/"]},{"@type":"Person","@id":"https:\/\/proagrolab.com.ar\/#\/schema\/person\/38003ff90bf80381f71c7d922d207444","name":"proagrolab"}]}},"_links":{"self":[{"href":"https:\/\/proagrolab.com.ar\/en\/wp-json\/wp\/v2\/posts\/5834","targetHints":{"allow":["GET"]}}],"collection":[{"href":"https:\/\/proagrolab.com.ar\/en\/wp-json\/wp\/v2\/posts"}],"about":[{"href":"https:\/\/proagrolab.com.ar\/en\/wp-json\/wp\/v2\/types\/post"}],"author":[{"embeddable":true,"href":"https:\/\/proagrolab.com.ar\/en\/wp-json\/wp\/v2\/users\/2"}],"replies":[{"embeddable":true,"href":"https:\/\/proagrolab.com.ar\/en\/wp-json\/wp\/v2\/comments?post=5834"}],"version-history":[{"count":0,"href":"https:\/\/proagrolab.com.ar\/en\/wp-json\/wp\/v2\/posts\/5834\/revisions"}],"wp:featuredmedia":[{"embeddable":true,"href":"https:\/\/proagrolab.com.ar\/en\/wp-json\/wp\/v2\/media\/2320"}],"wp:attachment":[{"href":"https:\/\/proagrolab.com.ar\/en\/wp-json\/wp\/v2\/media?parent=5834"}],"wp:term":[{"taxonomy":"category","embeddable":true,"href":"https:\/\/proagrolab.com.ar\/en\/wp-json\/wp\/v2\/categories?post=5834"},{"taxonomy":"post_tag","embeddable":true,"href":"https:\/\/proagrolab.com.ar\/en\/wp-json\/wp\/v2\/tags?post=5834"}],"curies":[{"name":"wp","href":"https:\/\/api.w.org\/{rel}","templated":true}]}}