{"id":5833,"date":"2013-11-28T00:00:01","date_gmt":"2013-11-28T00:00:01","guid":{"rendered":"https:\/\/proagrolab.com.ar\/llego-casamiquela-y-cambio-la-conduccion-del-senasa\/"},"modified":"2013-11-28T00:00:01","modified_gmt":"2013-11-28T00:00:01","slug":"llego-casamiquela-y-cambio-la-conduccion-del-senasa","status":"publish","type":"post","link":"https:\/\/proagrolab.com.ar\/en\/llego-casamiquela-y-cambio-la-conduccion-del-senasa\/","title":{"rendered":"Lleg\u00f3 Casamiquela y cambi\u00f3 la conducci\u00f3n del Senasa."},"content":{"rendered":"<p class=\"qtranxs-available-languages-message qtranxs-available-languages-message-en\"> <\/p><p>Mientras los medios masivos de comunicaci\u00f3n vert\u00edan diversas opiniones sobre los nombramientos de Jorge Capitanich (jefe de Gabinete) y Axel Kicillof (ministro de Econom\u00eda), el sector rural recib\u00eda con una silenciosa expectativa el nombramiento de Carlos Casamiquela al frente del Ministerio de Agricultura, Ganader\u00eda y Pesca de la Naci\u00f3n; expectativa que se hizo a\u00fan m\u00e1s carente de cr\u00edticas tras la renuncia del ex secretario de Comercio, Guillermo Moreno.<\/p>\n<p>Horas m\u00e1s tarde, el pasado 20 de noviembre, este Peri\u00f3dico MOTIVAR sosten\u00eda a trav\u00e9s de su cuenta de Twitter (@pmotivar): \u0093Es factible que, tras la designaci\u00f3n de Casamiquela se produzcan cambios en el Senasa\u0094\u0085 Cambios que no tardaron en llegar: Diana Guill\u00e9n (presidenta) y Luis Carn\u00e9 (vice) reemplazaron en la conducci\u00f3n del organismo sanitario a Marcelo Miguez y Jos\u00e9 Mar\u00eda Romero.<\/p>\n<p>Esta fue la primera medida formal que tom\u00f3 al frente del Ministerio el, hasta ese entonces, presidente del INTA; a la cual se sum\u00f3 el pedido de renuncia a todos los secretarios y subsecretarios de la gesti\u00f3n Yahuar: Haroldo Lebed y Lorenzo Basso dejaron de formar parte del organismo, mientras que otros podr\u00edan seguir sus pasos.<\/p>\n<p>Un dato interesante tiene que ver con la reaparici\u00f3n en la escena pol\u00edtica de Jorge Amaya, ex presidente del Senasa y de muy buen trato con Carlos Casamiquela, con quien, inclusive, comparti\u00f3 la conducci\u00f3n del ente desde el a\u00f1o 2003 hasta 2009.<\/p>\n<p>Si bien al momento de cierre de esta edici\u00f3n no se hab\u00eda confirmado que Amaya fuera nombrado con alg\u00fan cargo particular en el Ministerio, vale preguntarse si su opini\u00f3n no habr\u00e1 sido al menos tenida en cuenta a la hora de designar a Diana Guillen, como presidenta de un Senasa al cual conoce bien, no s\u00f3lo por haber sido directora nacional de protecci\u00f3n vegetal de 1992 a 2008, sino tambi\u00e9n por haber asumido ese a\u00f1o como gerenta general del Servicio, posici\u00f3n en la cual se desempe\u00f1\u00f3 hasta 2012, momento en el cual se alej\u00f3 de la gesti\u00f3n de Marcelo Miguez.<\/p>\n<p>Como fuere, es claro que el Senasa reflota ese viejo anhelo de ser conducido por funcionarios con carrera propia dentro del organismo. Y esto tambi\u00e9n involucra a su nuevo vicepresidente, el m\u00e9dico veterinario Luis Carn\u00e9, quien se desempe\u00f1aba como director de la regional San Luis \u0096 La Pampa, con una gesti\u00f3n destacada por un fuerte trabajo interinstitucional y di\u00e1logo permanente entre el organismo, las provincias, los productores y los profesionales.<br \/>&nbsp;<br \/><i>El nuevo ministro<\/i><br \/>Ingeniero agr\u00f3nomo, rionegrino, con pasado en el Senasa y una ordenada gesti\u00f3n como presidente del INTA desde 2009, Carlos Casamiquela es un funcionario perteneciente al Frente para la Victoria desde la primera hora, trabajando en los \u00faltimos a\u00f1os para consolidar l\u00edneas de gesti\u00f3n vinculadas con la innovaci\u00f3n como s\u00edntesis del desarrollo territorial y la investigaci\u00f3n.<\/p>\n<p>\u00bfAlgunos logros del Instituto durante su mandato? Desde la secuenciaci\u00f3n de los genomas de la papa, el tomate, moha, trigo y girasol hasta la primera ternera clonada bitransg\u00e9nica del mundo -Rosita-, pasando por la vacuna Bio Jaja contra la tristeza bovina y la recuperaci\u00f3n de la memoria institucional durante la d\u00e9cada del \u00b470.<\/p>\n<p>Fuente: Motivar, 28 de noviembre.<br \/><\/p>","protected":false},"excerpt":{"rendered":"<p>Mientras los medios masivos de comunicaci\u00f3n vert\u00edan diversas opiniones sobre los nombramientos de Jorge Capitanich (jefe de Gabinete) y Axel Kicillof (ministro de Econom\u00eda), el sector rural recib\u00eda con una silenciosa expectativa el nombramiento de Carlos Casamiquela al frente del Ministerio de Agricultura, Ganader\u00eda y Pesca de la Naci\u00f3n; expectativa que se hizo a\u00fan m\u00e1s carente de cr\u00edticas tras la renuncia del ex secretario de Comercio, Guillermo Moreno. Horas m\u00e1s tarde, el pasado 20 de noviembre, este Peri\u00f3dico MOTIVAR sosten\u00eda a trav\u00e9s de su cuenta de Twitter (@pmotivar): \u0093Es factible que, tras la designaci\u00f3n de Casamiquela se produzcan cambios en el Senasa\u0094\u0085 Cambios que no tardaron en llegar: Diana Guill\u00e9n (presidenta) y Luis Carn\u00e9 (vice) reemplazaron en la conducci\u00f3n del organismo sanitario a Marcelo Miguez y Jos\u00e9 Mar\u00eda Romero. Esta fue la primera medida formal que tom\u00f3 al frente del Ministerio el, hasta ese entonces, presidente del INTA; a la cual se sum\u00f3 el pedido de renuncia a todos los secretarios y subsecretarios de la gesti\u00f3n Yahuar: Haroldo Lebed y Lorenzo Basso dejaron de formar parte del organismo, mientras que otros podr\u00edan seguir sus pasos. Un dato interesante tiene que ver con la reaparici\u00f3n en la escena pol\u00edtica de Jorge [&hellip;]<\/p>\n","protected":false},"author":2,"featured_media":2319,"comment_status":"closed","ping_status":"open","sticky":false,"template":"","format":"standard","meta":{"_acf_changed":false,"footnotes":""},"categories":[56],"tags":[],"class_list":["post-5833","post","type-post","status-publish","format-standard","has-post-thumbnail","hentry","category-infoganadero"],"acf":[],"yoast_head":"<!-- This site is optimized with the Yoast SEO plugin v27.4 - https:\/\/yoast.com\/product\/yoast-seo-wordpress\/ -->\n<title>Lleg\u00f3 Casamiquela y cambi\u00f3 la conducci\u00f3n del Senasa. | Proagro<\/title>\n<meta name=\"robots\" content=\"index, follow, max-snippet:-1, max-image-preview:large, max-video-preview:-1\" \/>\n<link rel=\"canonical\" href=\"https:\/\/proagrolab.com.ar\/en\/llego-casamiquela-y-cambio-la-conduccion-del-senasa\/\" \/>\n<meta property=\"og:locale\" content=\"en_US\" \/>\n<meta property=\"og:type\" content=\"article\" \/>\n<meta property=\"og:title\" content=\"Lleg\u00f3 Casamiquela y cambi\u00f3 la conducci\u00f3n del Senasa. | Proagro\" \/>\n<meta property=\"og:description\" content=\"Mientras los medios masivos de comunicaci\u00f3n vert\u00edan diversas opiniones sobre los nombramientos de Jorge Capitanich (jefe de Gabinete) y Axel Kicillof (ministro de Econom\u00eda), el sector rural recib\u00eda con una silenciosa expectativa el nombramiento de Carlos Casamiquela al frente del Ministerio de Agricultura, Ganader\u00eda y Pesca de la Naci\u00f3n; expectativa que se hizo a\u00fan m\u00e1s carente de cr\u00edticas tras la renuncia del ex secretario de Comercio, Guillermo Moreno. Horas m\u00e1s tarde, el pasado 20 de noviembre, este Peri\u00f3dico MOTIVAR sosten\u00eda a trav\u00e9s de su cuenta de Twitter (@pmotivar): \u0093Es factible que, tras la designaci\u00f3n de Casamiquela se produzcan cambios en el Senasa\u0094\u0085 Cambios que no tardaron en llegar: Diana Guill\u00e9n (presidenta) y Luis Carn\u00e9 (vice) reemplazaron en la conducci\u00f3n del organismo sanitario a Marcelo Miguez y Jos\u00e9 Mar\u00eda Romero. Esta fue la primera medida formal que tom\u00f3 al frente del Ministerio el, hasta ese entonces, presidente del INTA; a la cual se sum\u00f3 el pedido de renuncia a todos los secretarios y subsecretarios de la gesti\u00f3n Yahuar: Haroldo Lebed y Lorenzo Basso dejaron de formar parte del organismo, mientras que otros podr\u00edan seguir sus pasos. Un dato interesante tiene que ver con la reaparici\u00f3n en la escena pol\u00edtica de Jorge [&hellip;]\" \/>\n<meta property=\"og:url\" content=\"https:\/\/proagrolab.com.ar\/llego-casamiquela-y-cambio-la-conduccion-del-senasa\/\" \/>\n<meta property=\"og:site_name\" content=\"Proagro\" \/>\n<meta property=\"article:publisher\" content=\"http:\/\/www.facebook.com\/proagrolab\" \/>\n<meta property=\"article:published_time\" content=\"2013-11-28T00:00:01+00:00\" \/>\n<meta property=\"og:image\" content=\"https:\/\/proagrolab.com.ar\/wp-content\/uploads\/2015\/01\/g_pufiurj54__Casamiquela-1.jpg\" \/>\n\t<meta property=\"og:image:width\" content=\"450\" \/>\n\t<meta property=\"og:image:height\" content=\"208\" \/>\n\t<meta property=\"og:image:type\" content=\"image\/jpeg\" \/>\n<meta name=\"author\" content=\"proagrolab\" \/>\n<meta name=\"twitter:card\" content=\"summary_large_image\" \/>\n<meta name=\"twitter:label1\" content=\"Written by\" \/>\n\t<meta name=\"twitter:data1\" content=\"proagrolab\" \/>\n\t<meta name=\"twitter:label2\" content=\"Est. reading time\" \/>\n\t<meta name=\"twitter:data2\" content=\"3 minutes\" \/>\n<script type=\"application\/ld+json\" class=\"yoast-schema-graph\">{\"@context\":\"https:\\\/\\\/schema.org\",\"@graph\":[{\"@type\":\"Article\",\"@id\":\"https:\\\/\\\/proagrolab.com.ar\\\/llego-casamiquela-y-cambio-la-conduccion-del-senasa\\\/#article\",\"isPartOf\":{\"@id\":\"https:\\\/\\\/proagrolab.com.ar\\\/llego-casamiquela-y-cambio-la-conduccion-del-senasa\\\/\"},\"author\":{\"name\":\"proagrolab\",\"@id\":\"https:\\\/\\\/proagrolab.com.ar\\\/#\\\/schema\\\/person\\\/38003ff90bf80381f71c7d922d207444\"},\"headline\":\"Lleg\u00f3 Casamiquela y cambi\u00f3 la conducci\u00f3n del Senasa.\",\"datePublished\":\"2013-11-28T00:00:01+00:00\",\"mainEntityOfPage\":{\"@id\":\"https:\\\/\\\/proagrolab.com.ar\\\/llego-casamiquela-y-cambio-la-conduccion-del-senasa\\\/\"},\"wordCount\":563,\"publisher\":{\"@id\":\"https:\\\/\\\/proagrolab.com.ar\\\/#organization\"},\"image\":{\"@id\":\"https:\\\/\\\/proagrolab.com.ar\\\/llego-casamiquela-y-cambio-la-conduccion-del-senasa\\\/#primaryimage\"},\"thumbnailUrl\":\"https:\\\/\\\/proagrolab.com.ar\\\/wp-content\\\/uploads\\\/2015\\\/01\\\/g_pufiurj54__Casamiquela-1.jpg\",\"articleSection\":[\"News\"],\"inLanguage\":\"en-US\"},{\"@type\":\"WebPage\",\"@id\":\"https:\\\/\\\/proagrolab.com.ar\\\/llego-casamiquela-y-cambio-la-conduccion-del-senasa\\\/\",\"url\":\"https:\\\/\\\/proagrolab.com.ar\\\/llego-casamiquela-y-cambio-la-conduccion-del-senasa\\\/\",\"name\":\"Lleg\u00f3 Casamiquela y cambi\u00f3 la conducci\u00f3n del Senasa. | Proagro\",\"isPartOf\":{\"@id\":\"https:\\\/\\\/proagrolab.com.ar\\\/#website\"},\"primaryImageOfPage\":{\"@id\":\"https:\\\/\\\/proagrolab.com.ar\\\/llego-casamiquela-y-cambio-la-conduccion-del-senasa\\\/#primaryimage\"},\"image\":{\"@id\":\"https:\\\/\\\/proagrolab.com.ar\\\/llego-casamiquela-y-cambio-la-conduccion-del-senasa\\\/#primaryimage\"},\"thumbnailUrl\":\"https:\\\/\\\/proagrolab.com.ar\\\/wp-content\\\/uploads\\\/2015\\\/01\\\/g_pufiurj54__Casamiquela-1.jpg\",\"datePublished\":\"2013-11-28T00:00:01+00:00\",\"breadcrumb\":{\"@id\":\"https:\\\/\\\/proagrolab.com.ar\\\/llego-casamiquela-y-cambio-la-conduccion-del-senasa\\\/#breadcrumb\"},\"inLanguage\":\"en-US\",\"potentialAction\":[{\"@type\":\"ReadAction\",\"target\":[\"https:\\\/\\\/proagrolab.com.ar\\\/llego-casamiquela-y-cambio-la-conduccion-del-senasa\\\/\"]}]},{\"@type\":\"ImageObject\",\"inLanguage\":\"en-US\",\"@id\":\"https:\\\/\\\/proagrolab.com.ar\\\/llego-casamiquela-y-cambio-la-conduccion-del-senasa\\\/#primaryimage\",\"url\":\"https:\\\/\\\/proagrolab.com.ar\\\/wp-content\\\/uploads\\\/2015\\\/01\\\/g_pufiurj54__Casamiquela-1.jpg\",\"contentUrl\":\"https:\\\/\\\/proagrolab.com.ar\\\/wp-content\\\/uploads\\\/2015\\\/01\\\/g_pufiurj54__Casamiquela-1.jpg\",\"width\":450,\"height\":208},{\"@type\":\"BreadcrumbList\",\"@id\":\"https:\\\/\\\/proagrolab.com.ar\\\/llego-casamiquela-y-cambio-la-conduccion-del-senasa\\\/#breadcrumb\",\"itemListElement\":[{\"@type\":\"ListItem\",\"position\":1,\"name\":\"Portada\",\"item\":\"https:\\\/\\\/proagrolab.com.ar\\\/\"},{\"@type\":\"ListItem\",\"position\":2,\"name\":\"Lleg\u00f3 Casamiquela y cambi\u00f3 la conducci\u00f3n del Senasa.\"}]},{\"@type\":\"WebSite\",\"@id\":\"https:\\\/\\\/proagrolab.com.ar\\\/#website\",\"url\":\"https:\\\/\\\/proagrolab.com.ar\\\/\",\"name\":\"Proagro Laboratorio Veterinario\",\"description\":\"Veterinary laboratory\",\"publisher\":{\"@id\":\"https:\\\/\\\/proagrolab.com.ar\\\/#organization\"},\"potentialAction\":[{\"@type\":\"SearchAction\",\"target\":{\"@type\":\"EntryPoint\",\"urlTemplate\":\"https:\\\/\\\/proagrolab.com.ar\\\/?s={search_term_string}\"},\"query-input\":{\"@type\":\"PropertyValueSpecification\",\"valueRequired\":true,\"valueName\":\"search_term_string\"}}],\"inLanguage\":\"en-US\"},{\"@type\":\"Organization\",\"@id\":\"https:\\\/\\\/proagrolab.com.ar\\\/#organization\",\"name\":\"Proagro\",\"url\":\"https:\\\/\\\/proagrolab.com.ar\\\/\",\"logo\":{\"@type\":\"ImageObject\",\"inLanguage\":\"en-US\",\"@id\":\"https:\\\/\\\/proagrolab.com.ar\\\/#\\\/schema\\\/logo\\\/image\\\/\",\"url\":\"https:\\\/\\\/proagrolab.com.ar\\\/wp-content\\\/uploads\\\/2020\\\/04\\\/logo-retina.png\",\"contentUrl\":\"https:\\\/\\\/proagrolab.com.ar\\\/wp-content\\\/uploads\\\/2020\\\/04\\\/logo-retina.png\",\"width\":478,\"height\":120,\"caption\":\"Proagro\"},\"image\":{\"@id\":\"https:\\\/\\\/proagrolab.com.ar\\\/#\\\/schema\\\/logo\\\/image\\\/\"},\"sameAs\":[\"http:\\\/\\\/www.facebook.com\\\/proagrolab\",\"https:\\\/\\\/www.instagram.com\\\/proagrolab\\\/\",\"https:\\\/\\\/www.linkedin.com\\\/company\\\/laboratorio-proagro-s-a\\\/\"]},{\"@type\":\"Person\",\"@id\":\"https:\\\/\\\/proagrolab.com.ar\\\/#\\\/schema\\\/person\\\/38003ff90bf80381f71c7d922d207444\",\"name\":\"proagrolab\"}]}<\/script>\n<!-- \/ Yoast SEO plugin. -->","yoast_head_json":{"title":"Lleg\u00f3 Casamiquela y cambi\u00f3 la conducci\u00f3n del Senasa. | Proagro","robots":{"index":"index","follow":"follow","max-snippet":"max-snippet:-1","max-image-preview":"max-image-preview:large","max-video-preview":"max-video-preview:-1"},"canonical":"https:\/\/proagrolab.com.ar\/en\/llego-casamiquela-y-cambio-la-conduccion-del-senasa\/","og_locale":"en_US","og_type":"article","og_title":"Lleg\u00f3 Casamiquela y cambi\u00f3 la conducci\u00f3n del Senasa. | Proagro","og_description":"Mientras los medios masivos de comunicaci\u00f3n vert\u00edan diversas opiniones sobre los nombramientos de Jorge Capitanich (jefe de Gabinete) y Axel Kicillof (ministro de Econom\u00eda), el sector rural recib\u00eda con una silenciosa expectativa el nombramiento de Carlos Casamiquela al frente del Ministerio de Agricultura, Ganader\u00eda y Pesca de la Naci\u00f3n; expectativa que se hizo a\u00fan m\u00e1s carente de cr\u00edticas tras la renuncia del ex secretario de Comercio, Guillermo Moreno. Horas m\u00e1s tarde, el pasado 20 de noviembre, este Peri\u00f3dico MOTIVAR sosten\u00eda a trav\u00e9s de su cuenta de Twitter (@pmotivar): \u0093Es factible que, tras la designaci\u00f3n de Casamiquela se produzcan cambios en el Senasa\u0094\u0085 Cambios que no tardaron en llegar: Diana Guill\u00e9n (presidenta) y Luis Carn\u00e9 (vice) reemplazaron en la conducci\u00f3n del organismo sanitario a Marcelo Miguez y Jos\u00e9 Mar\u00eda Romero. Esta fue la primera medida formal que tom\u00f3 al frente del Ministerio el, hasta ese entonces, presidente del INTA; a la cual se sum\u00f3 el pedido de renuncia a todos los secretarios y subsecretarios de la gesti\u00f3n Yahuar: Haroldo Lebed y Lorenzo Basso dejaron de formar parte del organismo, mientras que otros podr\u00edan seguir sus pasos. Un dato interesante tiene que ver con la reaparici\u00f3n en la escena pol\u00edtica de Jorge [&hellip;]","og_url":"https:\/\/proagrolab.com.ar\/llego-casamiquela-y-cambio-la-conduccion-del-senasa\/","og_site_name":"Proagro","article_publisher":"http:\/\/www.facebook.com\/proagrolab","article_published_time":"2013-11-28T00:00:01+00:00","og_image":[{"width":450,"height":208,"url":"https:\/\/proagrolab.com.ar\/wp-content\/uploads\/2015\/01\/g_pufiurj54__Casamiquela-1.jpg","type":"image\/jpeg"}],"author":"proagrolab","twitter_card":"summary_large_image","twitter_misc":{"Written by":"proagrolab","Est. reading time":"3 minutes"},"schema":{"@context":"https:\/\/schema.org","@graph":[{"@type":"Article","@id":"https:\/\/proagrolab.com.ar\/llego-casamiquela-y-cambio-la-conduccion-del-senasa\/#article","isPartOf":{"@id":"https:\/\/proagrolab.com.ar\/llego-casamiquela-y-cambio-la-conduccion-del-senasa\/"},"author":{"name":"proagrolab","@id":"https:\/\/proagrolab.com.ar\/#\/schema\/person\/38003ff90bf80381f71c7d922d207444"},"headline":"Lleg\u00f3 Casamiquela y cambi\u00f3 la conducci\u00f3n del Senasa.","datePublished":"2013-11-28T00:00:01+00:00","mainEntityOfPage":{"@id":"https:\/\/proagrolab.com.ar\/llego-casamiquela-y-cambio-la-conduccion-del-senasa\/"},"wordCount":563,"publisher":{"@id":"https:\/\/proagrolab.com.ar\/#organization"},"image":{"@id":"https:\/\/proagrolab.com.ar\/llego-casamiquela-y-cambio-la-conduccion-del-senasa\/#primaryimage"},"thumbnailUrl":"https:\/\/proagrolab.com.ar\/wp-content\/uploads\/2015\/01\/g_pufiurj54__Casamiquela-1.jpg","articleSection":["News"],"inLanguage":"en-US"},{"@type":"WebPage","@id":"https:\/\/proagrolab.com.ar\/llego-casamiquela-y-cambio-la-conduccion-del-senasa\/","url":"https:\/\/proagrolab.com.ar\/llego-casamiquela-y-cambio-la-conduccion-del-senasa\/","name":"Lleg\u00f3 Casamiquela y cambi\u00f3 la conducci\u00f3n del Senasa. | Proagro","isPartOf":{"@id":"https:\/\/proagrolab.com.ar\/#website"},"primaryImageOfPage":{"@id":"https:\/\/proagrolab.com.ar\/llego-casamiquela-y-cambio-la-conduccion-del-senasa\/#primaryimage"},"image":{"@id":"https:\/\/proagrolab.com.ar\/llego-casamiquela-y-cambio-la-conduccion-del-senasa\/#primaryimage"},"thumbnailUrl":"https:\/\/proagrolab.com.ar\/wp-content\/uploads\/2015\/01\/g_pufiurj54__Casamiquela-1.jpg","datePublished":"2013-11-28T00:00:01+00:00","breadcrumb":{"@id":"https:\/\/proagrolab.com.ar\/llego-casamiquela-y-cambio-la-conduccion-del-senasa\/#breadcrumb"},"inLanguage":"en-US","potentialAction":[{"@type":"ReadAction","target":["https:\/\/proagrolab.com.ar\/llego-casamiquela-y-cambio-la-conduccion-del-senasa\/"]}]},{"@type":"ImageObject","inLanguage":"en-US","@id":"https:\/\/proagrolab.com.ar\/llego-casamiquela-y-cambio-la-conduccion-del-senasa\/#primaryimage","url":"https:\/\/proagrolab.com.ar\/wp-content\/uploads\/2015\/01\/g_pufiurj54__Casamiquela-1.jpg","contentUrl":"https:\/\/proagrolab.com.ar\/wp-content\/uploads\/2015\/01\/g_pufiurj54__Casamiquela-1.jpg","width":450,"height":208},{"@type":"BreadcrumbList","@id":"https:\/\/proagrolab.com.ar\/llego-casamiquela-y-cambio-la-conduccion-del-senasa\/#breadcrumb","itemListElement":[{"@type":"ListItem","position":1,"name":"Portada","item":"https:\/\/proagrolab.com.ar\/"},{"@type":"ListItem","position":2,"name":"Lleg\u00f3 Casamiquela y cambi\u00f3 la conducci\u00f3n del Senasa."}]},{"@type":"WebSite","@id":"https:\/\/proagrolab.com.ar\/#website","url":"https:\/\/proagrolab.com.ar\/","name":"Proagro Laboratorio Veterinario","description":"Veterinary laboratory","publisher":{"@id":"https:\/\/proagrolab.com.ar\/#organization"},"potentialAction":[{"@type":"SearchAction","target":{"@type":"EntryPoint","urlTemplate":"https:\/\/proagrolab.com.ar\/?s={search_term_string}"},"query-input":{"@type":"PropertyValueSpecification","valueRequired":true,"valueName":"search_term_string"}}],"inLanguage":"en-US"},{"@type":"Organization","@id":"https:\/\/proagrolab.com.ar\/#organization","name":"Proagro","url":"https:\/\/proagrolab.com.ar\/","logo":{"@type":"ImageObject","inLanguage":"en-US","@id":"https:\/\/proagrolab.com.ar\/#\/schema\/logo\/image\/","url":"https:\/\/proagrolab.com.ar\/wp-content\/uploads\/2020\/04\/logo-retina.png","contentUrl":"https:\/\/proagrolab.com.ar\/wp-content\/uploads\/2020\/04\/logo-retina.png","width":478,"height":120,"caption":"Proagro"},"image":{"@id":"https:\/\/proagrolab.com.ar\/#\/schema\/logo\/image\/"},"sameAs":["http:\/\/www.facebook.com\/proagrolab","https:\/\/www.instagram.com\/proagrolab\/","https:\/\/www.linkedin.com\/company\/laboratorio-proagro-s-a\/"]},{"@type":"Person","@id":"https:\/\/proagrolab.com.ar\/#\/schema\/person\/38003ff90bf80381f71c7d922d207444","name":"proagrolab"}]}},"_links":{"self":[{"href":"https:\/\/proagrolab.com.ar\/en\/wp-json\/wp\/v2\/posts\/5833","targetHints":{"allow":["GET"]}}],"collection":[{"href":"https:\/\/proagrolab.com.ar\/en\/wp-json\/wp\/v2\/posts"}],"about":[{"href":"https:\/\/proagrolab.com.ar\/en\/wp-json\/wp\/v2\/types\/post"}],"author":[{"embeddable":true,"href":"https:\/\/proagrolab.com.ar\/en\/wp-json\/wp\/v2\/users\/2"}],"replies":[{"embeddable":true,"href":"https:\/\/proagrolab.com.ar\/en\/wp-json\/wp\/v2\/comments?post=5833"}],"version-history":[{"count":0,"href":"https:\/\/proagrolab.com.ar\/en\/wp-json\/wp\/v2\/posts\/5833\/revisions"}],"wp:featuredmedia":[{"embeddable":true,"href":"https:\/\/proagrolab.com.ar\/en\/wp-json\/wp\/v2\/media\/2319"}],"wp:attachment":[{"href":"https:\/\/proagrolab.com.ar\/en\/wp-json\/wp\/v2\/media?parent=5833"}],"wp:term":[{"taxonomy":"category","embeddable":true,"href":"https:\/\/proagrolab.com.ar\/en\/wp-json\/wp\/v2\/categories?post=5833"},{"taxonomy":"post_tag","embeddable":true,"href":"https:\/\/proagrolab.com.ar\/en\/wp-json\/wp\/v2\/tags?post=5833"}],"curies":[{"name":"wp","href":"https:\/\/api.w.org\/{rel}","templated":true}]}}