{"id":5829,"date":"2013-11-22T00:00:01","date_gmt":"2013-11-22T00:00:01","guid":{"rendered":"https:\/\/proagrolab.com.ar\/videla-dejaria-de-ser-el-subsecretario-de-lecheria\/"},"modified":"2013-11-22T00:00:01","modified_gmt":"2013-11-22T00:00:01","slug":"videla-dejaria-de-ser-el-subsecretario-de-lecheria","status":"publish","type":"post","link":"https:\/\/proagrolab.com.ar\/en\/videla-dejaria-de-ser-el-subsecretario-de-lecheria\/","title":{"rendered":"Videla dejar\u00eda de ser el subsecretario de Lecher\u00eda."},"content":{"rendered":"<p class=\"qtranxs-available-languages-message qtranxs-available-languages-message-en\"> <\/p><p>Por Elida Thiery<\/p>\n<p>Con la asunci\u00f3n del nuevo Ministro de Agricultura, Ganader\u00eda y Pesca, los cambios estructurales no se hacen esperar.<\/p>\n<p>Fue desde la tarde del mi\u00e9rcoles que los rumores comenzaron a circular con intensidad, coincidiendo con la asunci\u00f3n de Carlos Casamiquela. Claro que el nombre de Jorge Videla fue uno de los primeros en resonar como parte de los funcionarios a renovar en esa cartera.<\/p>\n<p>Fue as\u00ed que LA OPINION luego de recibir la informaci\u00f3n por varias voces, lo consult\u00f3 de manera directa con el hombre de Villa Mar\u00eda, que destacando la buena informaci\u00f3n manejada, dejaba entrever la posibilidad del hecho. Sin embargo y como ya lo hab\u00eda hecho en pleno paro de tamberos a mediados de 2012, intent\u00f3 jugar con el doble discurso. En esa oportunidad hab\u00eda bromeado con su renuncia, cuesti\u00f3n que no fue tal, pero que en definitiva estuvo muy cerca, salvando el cargo en aquella madrugada del 10 de agosto, cuando hizo firmar un convenio para el levantamiento de la medida que jam\u00e1s pudo cumplir.<\/p>\n<p>Videla, que se promocionara como candidato a ser Ministro, hoy est\u00e1 pendiendo de un fino lazo en ese edificio de la calle Paseo Col\u00f3n. Su renuncia puesta a disposici\u00f3n en las \u00faltimas horas, lo est\u00e1 invitando a retirarse del esquema ministerial.<\/p>\n<p>Son sus v\u00ednculos con Guillermo Moreno los que lo ubican en esa situaci\u00f3n, si bien no era un hombre de su estructura intr\u00ednseca, como si lo es Ider Peretti, el polifuncionario que de Morteros sali\u00f3 a ponerle rostro y pelea a las causas del oficialismo.<\/p>\n<p>Crey\u00f3 que la gran jugada para asegurarse el lugar estaba en el pedido de ampliaci\u00f3n del Registro de Operaciones de Exportaci\u00f3n de Lecher\u00eda, de leche en polvo, quesos y leches en polvo modificadas con grasas vegetales, a yogur y otros fermentados, lactosuero, manteca y otras materias grasas de la leche, lactosa, leche en polvo maternizada, dulce de leche, helados, case\u00edna y caseinatos; y lactoalb\u00faminas. La idea del Secretario de Comercio Interior de tener este tipo de controles, se materializ\u00f3 en su abarcativa nueva conformaci\u00f3n a trav\u00e9s de lo que en la resoluci\u00f3n se consignaba de la siguiente manera, \u0093este requisito es a instancias de un pedido de la Subsecretar\u00eda de Lecher\u00eda, dependiente del Ministerio de Agricultura, Ganader\u00eda y Pesca de la Naci\u00f3n, con la finalidad de facilitar y perfeccionar la informaci\u00f3n, garantizando as\u00ed la transparencia del mercado de exportaciones l\u00e1cteas\u0094. As\u00ed Videla se expon\u00eda como pocas veces lo hab\u00eda hecho antes y complicaba las exportaciones de productos frescos.<\/p>\n<p>Pero m\u00e1s all\u00e1 de la historia que lo hab\u00eda tenido en 2002 como un combativo tambero, habiendo pasado por el Ministerio de la Producci\u00f3n de C\u00f3rdoba, e incluso habiendo dejado la funci\u00f3n de administrador de campos familiares, Videla al momento no puede concretar el objetivo principal con el que hab\u00eda asumido.<br \/>La liquidaci\u00f3n \u00fanica, reclamo hist\u00f3rico de la producci\u00f3n se pon\u00eda como la zanahoria de la tarea. Ya para marzo de 2010, Videla dec\u00eda que ten\u00eda todo listo, en oportunidad de visitar ExpoAgro. Las condiciones no estaban dadas para poner en marcha un sistema que exige controles tercerizados, capacitaciones y convicci\u00f3n pol\u00edtica. En m\u00e1s de tres a\u00f1os poco ha cambiado en ese sentido. Fueron las industrias las que movilizaron algunos aspectos, siempre para resguardarse, como es l\u00f3gico, pero en concreto Argentina no est\u00e1 lista para empezar a pagar por calidad y no por cantidad. Se interpuso un amparo, se levant\u00f3, se deber\u00eda poner en pr\u00e1ctica la modificaci\u00f3n en la econom\u00eda de los tambos, para todas las empresas y productores, pero a\u00fan no se puede afirmar que el sistema est\u00e9 en marcha.<\/p>\n<p>Tanto tiempo demand\u00f3 la negociaci\u00f3n con sectores afines, la divisi\u00f3n productiva, la ruptura de trabajos como la del Plan Estrat\u00e9gico Lechero 2020, la desatenci\u00f3n de entidades, las promesas en vano de ayudas, los agravios, las desmentidas, que no alcanzaron las horas de gesti\u00f3n para trabajar en lo concreto.<\/p>\n<p>Jorge Videla no pudo acercarse a industriales y tamberos de la mejor manera, pero si consigui\u00f3 el apoyo de ATILRA en estos \u00faltimos tramos, claro que contraprestaciones l\u00f3gicas.<\/p>\n<p>No existe el ordenamiento de la lecher\u00eda, tal como \u00e9l lo idealiza en sus palabras.<br \/>Argentina no puede crecer. Se producir\u00e1 este a\u00f1o por debajo de los 11 mil millones de litros de leche, lo mismo que se obten\u00eda hace una d\u00e9cada atr\u00e1s; y m\u00e1s all\u00e1 de los condicionamientos clim\u00e1ticos ocasionales, porque faltan pol\u00edticas estructurales, de acompa\u00f1amiento a las inversiones, de protecci\u00f3n a los tamberos m\u00e1s vulnerables, de fijaci\u00f3n de pisos econ\u00f3micos que sustenten a la producci\u00f3n, en definitiva seguir\u00e1n pasando las oportunidades que el mundo presenta y que otros como es el caso de Nueva Zelandia bien saben tomar, exhibiendo en los \u00faltimos registros un crecimiento superior al ocho por ciento, con cotizaciones internacionales bien sostenidas con un promedio de 4.870 US$ \/ ton para la leche entera en polvo.<\/p>\n<p>El gran error de esta gesti\u00f3n fue desperdiciar la oportunidad de generar un verdadero negocio lechero. De construir desde ah\u00ed el mercado argentino, de perderse en cuestiones superfluas y discusiones sobre contemplaciones irrelevantes, ante indicadores y demandas que nos hubieran permitido posicionamientos trascendentes. En la pr\u00e9dica de un modelo, en la idealizaci\u00f3n de palabras, se fueron las opciones con la chapa de los cargos pasajeros.<\/p>\n<p><i>Otra versi\u00f3n<\/i><br \/>Por su parte, Roberto Soc\u00edn, que es director de Planificaci\u00f3n de Lecher\u00eda de la Naci\u00f3n, abre el juego.<\/p>\n<p>Seg\u00fan \u00e9l, el mensaje de Jorge Videla a este medio no se puede interpretar como una confirmaci\u00f3n de la consulta, cuando el cordob\u00e9s remarca la buena informaci\u00f3n del medio, quiz\u00e1 con sorna. Pero sin soluci\u00f3n de continuidad asegura que de existir alg\u00fan movimiento \u0093va a salir por comunicado oficial\u0094.<\/p>\n<p>La eterna ambig\u00fcedad, que no les hizo conseguir nada, el que hoy los sigue manteniendo con un t\u00edtulo, pero sin logros.<\/p>\n<p>El sunchalense, tan cuestionado por sus pares, como por los tamberos de la regi\u00f3n, dice no estar enterado de nada, no haber visto movimientos dentro del Ministerio, en el primer d\u00eda de trabajo de Casamiquela.<\/p>\n<p>Quedan abiertas las posibilidades, sin embargo las versiones hablan de un recambio general en lo que son los mandos medios de este segmento de Gobierno, lo cual queda claro con la instauraci\u00f3n de un rostro al menos entendido y con gran recorrida dentro del INTA.<\/p>\n<p>Fuente: La Opini\u00f3n, 22 de noviembre.<br \/><\/p>","protected":false},"excerpt":{"rendered":"<p>Por Elida Thiery Con la asunci\u00f3n del nuevo Ministro de Agricultura, Ganader\u00eda y Pesca, los cambios estructurales no se hacen esperar. Fue desde la tarde del mi\u00e9rcoles que los rumores comenzaron a circular con intensidad, coincidiendo con la asunci\u00f3n de Carlos Casamiquela. Claro que el nombre de Jorge Videla fue uno de los primeros en resonar como parte de los funcionarios a renovar en esa cartera. Fue as\u00ed que LA OPINION luego de recibir la informaci\u00f3n por varias voces, lo consult\u00f3 de manera directa con el hombre de Villa Mar\u00eda, que destacando la buena informaci\u00f3n manejada, dejaba entrever la posibilidad del hecho. Sin embargo y como ya lo hab\u00eda hecho en pleno paro de tamberos a mediados de 2012, intent\u00f3 jugar con el doble discurso. En esa oportunidad hab\u00eda bromeado con su renuncia, cuesti\u00f3n que no fue tal, pero que en definitiva estuvo muy cerca, salvando el cargo en aquella madrugada del 10 de agosto, cuando hizo firmar un convenio para el levantamiento de la medida que jam\u00e1s pudo cumplir. Videla, que se promocionara como candidato a ser Ministro, hoy est\u00e1 pendiendo de un fino lazo en ese edificio de la calle Paseo Col\u00f3n. Su renuncia puesta a disposici\u00f3n en [&hellip;]<\/p>\n","protected":false},"author":2,"featured_media":2315,"comment_status":"closed","ping_status":"open","sticky":false,"template":"","format":"standard","meta":{"_acf_changed":false,"footnotes":""},"categories":[56],"tags":[],"class_list":["post-5829","post","type-post","status-publish","format-standard","has-post-thumbnail","hentry","category-infoganadero"],"acf":[],"yoast_head":"<!-- This site is optimized with the Yoast SEO plugin v27.4 - https:\/\/yoast.com\/product\/yoast-seo-wordpress\/ -->\n<title>Videla dejar\u00eda de ser el subsecretario de Lecher\u00eda. | Proagro<\/title>\n<meta name=\"robots\" content=\"index, follow, max-snippet:-1, max-image-preview:large, max-video-preview:-1\" \/>\n<link rel=\"canonical\" href=\"https:\/\/proagrolab.com.ar\/en\/videla-dejaria-de-ser-el-subsecretario-de-lecheria\/\" \/>\n<meta property=\"og:locale\" content=\"en_US\" \/>\n<meta property=\"og:type\" content=\"article\" \/>\n<meta property=\"og:title\" content=\"Videla dejar\u00eda de ser el subsecretario de Lecher\u00eda. | Proagro\" \/>\n<meta property=\"og:description\" content=\"Por Elida Thiery Con la asunci\u00f3n del nuevo Ministro de Agricultura, Ganader\u00eda y Pesca, los cambios estructurales no se hacen esperar. Fue desde la tarde del mi\u00e9rcoles que los rumores comenzaron a circular con intensidad, coincidiendo con la asunci\u00f3n de Carlos Casamiquela. Claro que el nombre de Jorge Videla fue uno de los primeros en resonar como parte de los funcionarios a renovar en esa cartera. Fue as\u00ed que LA OPINION luego de recibir la informaci\u00f3n por varias voces, lo consult\u00f3 de manera directa con el hombre de Villa Mar\u00eda, que destacando la buena informaci\u00f3n manejada, dejaba entrever la posibilidad del hecho. Sin embargo y como ya lo hab\u00eda hecho en pleno paro de tamberos a mediados de 2012, intent\u00f3 jugar con el doble discurso. En esa oportunidad hab\u00eda bromeado con su renuncia, cuesti\u00f3n que no fue tal, pero que en definitiva estuvo muy cerca, salvando el cargo en aquella madrugada del 10 de agosto, cuando hizo firmar un convenio para el levantamiento de la medida que jam\u00e1s pudo cumplir. Videla, que se promocionara como candidato a ser Ministro, hoy est\u00e1 pendiendo de un fino lazo en ese edificio de la calle Paseo Col\u00f3n. Su renuncia puesta a disposici\u00f3n en [&hellip;]\" \/>\n<meta property=\"og:url\" content=\"https:\/\/proagrolab.com.ar\/videla-dejaria-de-ser-el-subsecretario-de-lecheria\/\" \/>\n<meta property=\"og:site_name\" content=\"Proagro\" \/>\n<meta property=\"article:publisher\" content=\"http:\/\/www.facebook.com\/proagrolab\" \/>\n<meta property=\"article:published_time\" content=\"2013-11-22T00:00:01+00:00\" \/>\n<meta property=\"og:image\" content=\"https:\/\/proagrolab.com.ar\/wp-content\/uploads\/2015\/01\/g_cmj1utuxk__Lecheras-15.jpg\" \/>\n\t<meta property=\"og:image:width\" content=\"450\" \/>\n\t<meta property=\"og:image:height\" content=\"208\" \/>\n\t<meta property=\"og:image:type\" content=\"image\/jpeg\" \/>\n<meta name=\"author\" content=\"proagrolab\" \/>\n<meta name=\"twitter:card\" content=\"summary_large_image\" \/>\n<meta name=\"twitter:label1\" content=\"Written by\" \/>\n\t<meta name=\"twitter:data1\" content=\"proagrolab\" \/>\n\t<meta name=\"twitter:label2\" content=\"Est. reading time\" \/>\n\t<meta name=\"twitter:data2\" content=\"6 minutes\" \/>\n<script type=\"application\/ld+json\" class=\"yoast-schema-graph\">{\"@context\":\"https:\\\/\\\/schema.org\",\"@graph\":[{\"@type\":\"Article\",\"@id\":\"https:\\\/\\\/proagrolab.com.ar\\\/videla-dejaria-de-ser-el-subsecretario-de-lecheria\\\/#article\",\"isPartOf\":{\"@id\":\"https:\\\/\\\/proagrolab.com.ar\\\/videla-dejaria-de-ser-el-subsecretario-de-lecheria\\\/\"},\"author\":{\"name\":\"proagrolab\",\"@id\":\"https:\\\/\\\/proagrolab.com.ar\\\/#\\\/schema\\\/person\\\/38003ff90bf80381f71c7d922d207444\"},\"headline\":\"Videla dejar\u00eda de ser el subsecretario de Lecher\u00eda.\",\"datePublished\":\"2013-11-22T00:00:01+00:00\",\"mainEntityOfPage\":{\"@id\":\"https:\\\/\\\/proagrolab.com.ar\\\/videla-dejaria-de-ser-el-subsecretario-de-lecheria\\\/\"},\"wordCount\":1139,\"publisher\":{\"@id\":\"https:\\\/\\\/proagrolab.com.ar\\\/#organization\"},\"image\":{\"@id\":\"https:\\\/\\\/proagrolab.com.ar\\\/videla-dejaria-de-ser-el-subsecretario-de-lecheria\\\/#primaryimage\"},\"thumbnailUrl\":\"https:\\\/\\\/proagrolab.com.ar\\\/wp-content\\\/uploads\\\/2015\\\/01\\\/g_cmj1utuxk__Lecheras-15.jpg\",\"articleSection\":[\"News\"],\"inLanguage\":\"en-US\"},{\"@type\":\"WebPage\",\"@id\":\"https:\\\/\\\/proagrolab.com.ar\\\/videla-dejaria-de-ser-el-subsecretario-de-lecheria\\\/\",\"url\":\"https:\\\/\\\/proagrolab.com.ar\\\/videla-dejaria-de-ser-el-subsecretario-de-lecheria\\\/\",\"name\":\"Videla dejar\u00eda de ser el subsecretario de Lecher\u00eda. | Proagro\",\"isPartOf\":{\"@id\":\"https:\\\/\\\/proagrolab.com.ar\\\/#website\"},\"primaryImageOfPage\":{\"@id\":\"https:\\\/\\\/proagrolab.com.ar\\\/videla-dejaria-de-ser-el-subsecretario-de-lecheria\\\/#primaryimage\"},\"image\":{\"@id\":\"https:\\\/\\\/proagrolab.com.ar\\\/videla-dejaria-de-ser-el-subsecretario-de-lecheria\\\/#primaryimage\"},\"thumbnailUrl\":\"https:\\\/\\\/proagrolab.com.ar\\\/wp-content\\\/uploads\\\/2015\\\/01\\\/g_cmj1utuxk__Lecheras-15.jpg\",\"datePublished\":\"2013-11-22T00:00:01+00:00\",\"breadcrumb\":{\"@id\":\"https:\\\/\\\/proagrolab.com.ar\\\/videla-dejaria-de-ser-el-subsecretario-de-lecheria\\\/#breadcrumb\"},\"inLanguage\":\"en-US\",\"potentialAction\":[{\"@type\":\"ReadAction\",\"target\":[\"https:\\\/\\\/proagrolab.com.ar\\\/videla-dejaria-de-ser-el-subsecretario-de-lecheria\\\/\"]}]},{\"@type\":\"ImageObject\",\"inLanguage\":\"en-US\",\"@id\":\"https:\\\/\\\/proagrolab.com.ar\\\/videla-dejaria-de-ser-el-subsecretario-de-lecheria\\\/#primaryimage\",\"url\":\"https:\\\/\\\/proagrolab.com.ar\\\/wp-content\\\/uploads\\\/2015\\\/01\\\/g_cmj1utuxk__Lecheras-15.jpg\",\"contentUrl\":\"https:\\\/\\\/proagrolab.com.ar\\\/wp-content\\\/uploads\\\/2015\\\/01\\\/g_cmj1utuxk__Lecheras-15.jpg\",\"width\":450,\"height\":208},{\"@type\":\"BreadcrumbList\",\"@id\":\"https:\\\/\\\/proagrolab.com.ar\\\/videla-dejaria-de-ser-el-subsecretario-de-lecheria\\\/#breadcrumb\",\"itemListElement\":[{\"@type\":\"ListItem\",\"position\":1,\"name\":\"Portada\",\"item\":\"https:\\\/\\\/proagrolab.com.ar\\\/\"},{\"@type\":\"ListItem\",\"position\":2,\"name\":\"Videla dejar\u00eda de ser el subsecretario de Lecher\u00eda.\"}]},{\"@type\":\"WebSite\",\"@id\":\"https:\\\/\\\/proagrolab.com.ar\\\/#website\",\"url\":\"https:\\\/\\\/proagrolab.com.ar\\\/\",\"name\":\"Proagro Laboratorio Veterinario\",\"description\":\"Veterinary laboratory\",\"publisher\":{\"@id\":\"https:\\\/\\\/proagrolab.com.ar\\\/#organization\"},\"potentialAction\":[{\"@type\":\"SearchAction\",\"target\":{\"@type\":\"EntryPoint\",\"urlTemplate\":\"https:\\\/\\\/proagrolab.com.ar\\\/?s={search_term_string}\"},\"query-input\":{\"@type\":\"PropertyValueSpecification\",\"valueRequired\":true,\"valueName\":\"search_term_string\"}}],\"inLanguage\":\"en-US\"},{\"@type\":\"Organization\",\"@id\":\"https:\\\/\\\/proagrolab.com.ar\\\/#organization\",\"name\":\"Proagro\",\"url\":\"https:\\\/\\\/proagrolab.com.ar\\\/\",\"logo\":{\"@type\":\"ImageObject\",\"inLanguage\":\"en-US\",\"@id\":\"https:\\\/\\\/proagrolab.com.ar\\\/#\\\/schema\\\/logo\\\/image\\\/\",\"url\":\"https:\\\/\\\/proagrolab.com.ar\\\/wp-content\\\/uploads\\\/2020\\\/04\\\/logo-retina.png\",\"contentUrl\":\"https:\\\/\\\/proagrolab.com.ar\\\/wp-content\\\/uploads\\\/2020\\\/04\\\/logo-retina.png\",\"width\":478,\"height\":120,\"caption\":\"Proagro\"},\"image\":{\"@id\":\"https:\\\/\\\/proagrolab.com.ar\\\/#\\\/schema\\\/logo\\\/image\\\/\"},\"sameAs\":[\"http:\\\/\\\/www.facebook.com\\\/proagrolab\",\"https:\\\/\\\/www.instagram.com\\\/proagrolab\\\/\",\"https:\\\/\\\/www.linkedin.com\\\/company\\\/laboratorio-proagro-s-a\\\/\"]},{\"@type\":\"Person\",\"@id\":\"https:\\\/\\\/proagrolab.com.ar\\\/#\\\/schema\\\/person\\\/38003ff90bf80381f71c7d922d207444\",\"name\":\"proagrolab\"}]}<\/script>\n<!-- \/ Yoast SEO plugin. -->","yoast_head_json":{"title":"Videla dejar\u00eda de ser el subsecretario de Lecher\u00eda. | Proagro","robots":{"index":"index","follow":"follow","max-snippet":"max-snippet:-1","max-image-preview":"max-image-preview:large","max-video-preview":"max-video-preview:-1"},"canonical":"https:\/\/proagrolab.com.ar\/en\/videla-dejaria-de-ser-el-subsecretario-de-lecheria\/","og_locale":"en_US","og_type":"article","og_title":"Videla dejar\u00eda de ser el subsecretario de Lecher\u00eda. | Proagro","og_description":"Por Elida Thiery Con la asunci\u00f3n del nuevo Ministro de Agricultura, Ganader\u00eda y Pesca, los cambios estructurales no se hacen esperar. Fue desde la tarde del mi\u00e9rcoles que los rumores comenzaron a circular con intensidad, coincidiendo con la asunci\u00f3n de Carlos Casamiquela. Claro que el nombre de Jorge Videla fue uno de los primeros en resonar como parte de los funcionarios a renovar en esa cartera. Fue as\u00ed que LA OPINION luego de recibir la informaci\u00f3n por varias voces, lo consult\u00f3 de manera directa con el hombre de Villa Mar\u00eda, que destacando la buena informaci\u00f3n manejada, dejaba entrever la posibilidad del hecho. Sin embargo y como ya lo hab\u00eda hecho en pleno paro de tamberos a mediados de 2012, intent\u00f3 jugar con el doble discurso. En esa oportunidad hab\u00eda bromeado con su renuncia, cuesti\u00f3n que no fue tal, pero que en definitiva estuvo muy cerca, salvando el cargo en aquella madrugada del 10 de agosto, cuando hizo firmar un convenio para el levantamiento de la medida que jam\u00e1s pudo cumplir. Videla, que se promocionara como candidato a ser Ministro, hoy est\u00e1 pendiendo de un fino lazo en ese edificio de la calle Paseo Col\u00f3n. Su renuncia puesta a disposici\u00f3n en [&hellip;]","og_url":"https:\/\/proagrolab.com.ar\/videla-dejaria-de-ser-el-subsecretario-de-lecheria\/","og_site_name":"Proagro","article_publisher":"http:\/\/www.facebook.com\/proagrolab","article_published_time":"2013-11-22T00:00:01+00:00","og_image":[{"width":450,"height":208,"url":"https:\/\/proagrolab.com.ar\/wp-content\/uploads\/2015\/01\/g_cmj1utuxk__Lecheras-15.jpg","type":"image\/jpeg"}],"author":"proagrolab","twitter_card":"summary_large_image","twitter_misc":{"Written by":"proagrolab","Est. reading time":"6 minutes"},"schema":{"@context":"https:\/\/schema.org","@graph":[{"@type":"Article","@id":"https:\/\/proagrolab.com.ar\/videla-dejaria-de-ser-el-subsecretario-de-lecheria\/#article","isPartOf":{"@id":"https:\/\/proagrolab.com.ar\/videla-dejaria-de-ser-el-subsecretario-de-lecheria\/"},"author":{"name":"proagrolab","@id":"https:\/\/proagrolab.com.ar\/#\/schema\/person\/38003ff90bf80381f71c7d922d207444"},"headline":"Videla dejar\u00eda de ser el subsecretario de Lecher\u00eda.","datePublished":"2013-11-22T00:00:01+00:00","mainEntityOfPage":{"@id":"https:\/\/proagrolab.com.ar\/videla-dejaria-de-ser-el-subsecretario-de-lecheria\/"},"wordCount":1139,"publisher":{"@id":"https:\/\/proagrolab.com.ar\/#organization"},"image":{"@id":"https:\/\/proagrolab.com.ar\/videla-dejaria-de-ser-el-subsecretario-de-lecheria\/#primaryimage"},"thumbnailUrl":"https:\/\/proagrolab.com.ar\/wp-content\/uploads\/2015\/01\/g_cmj1utuxk__Lecheras-15.jpg","articleSection":["News"],"inLanguage":"en-US"},{"@type":"WebPage","@id":"https:\/\/proagrolab.com.ar\/videla-dejaria-de-ser-el-subsecretario-de-lecheria\/","url":"https:\/\/proagrolab.com.ar\/videla-dejaria-de-ser-el-subsecretario-de-lecheria\/","name":"Videla dejar\u00eda de ser el subsecretario de Lecher\u00eda. | Proagro","isPartOf":{"@id":"https:\/\/proagrolab.com.ar\/#website"},"primaryImageOfPage":{"@id":"https:\/\/proagrolab.com.ar\/videla-dejaria-de-ser-el-subsecretario-de-lecheria\/#primaryimage"},"image":{"@id":"https:\/\/proagrolab.com.ar\/videla-dejaria-de-ser-el-subsecretario-de-lecheria\/#primaryimage"},"thumbnailUrl":"https:\/\/proagrolab.com.ar\/wp-content\/uploads\/2015\/01\/g_cmj1utuxk__Lecheras-15.jpg","datePublished":"2013-11-22T00:00:01+00:00","breadcrumb":{"@id":"https:\/\/proagrolab.com.ar\/videla-dejaria-de-ser-el-subsecretario-de-lecheria\/#breadcrumb"},"inLanguage":"en-US","potentialAction":[{"@type":"ReadAction","target":["https:\/\/proagrolab.com.ar\/videla-dejaria-de-ser-el-subsecretario-de-lecheria\/"]}]},{"@type":"ImageObject","inLanguage":"en-US","@id":"https:\/\/proagrolab.com.ar\/videla-dejaria-de-ser-el-subsecretario-de-lecheria\/#primaryimage","url":"https:\/\/proagrolab.com.ar\/wp-content\/uploads\/2015\/01\/g_cmj1utuxk__Lecheras-15.jpg","contentUrl":"https:\/\/proagrolab.com.ar\/wp-content\/uploads\/2015\/01\/g_cmj1utuxk__Lecheras-15.jpg","width":450,"height":208},{"@type":"BreadcrumbList","@id":"https:\/\/proagrolab.com.ar\/videla-dejaria-de-ser-el-subsecretario-de-lecheria\/#breadcrumb","itemListElement":[{"@type":"ListItem","position":1,"name":"Portada","item":"https:\/\/proagrolab.com.ar\/"},{"@type":"ListItem","position":2,"name":"Videla dejar\u00eda de ser el subsecretario de Lecher\u00eda."}]},{"@type":"WebSite","@id":"https:\/\/proagrolab.com.ar\/#website","url":"https:\/\/proagrolab.com.ar\/","name":"Proagro Laboratorio Veterinario","description":"Veterinary laboratory","publisher":{"@id":"https:\/\/proagrolab.com.ar\/#organization"},"potentialAction":[{"@type":"SearchAction","target":{"@type":"EntryPoint","urlTemplate":"https:\/\/proagrolab.com.ar\/?s={search_term_string}"},"query-input":{"@type":"PropertyValueSpecification","valueRequired":true,"valueName":"search_term_string"}}],"inLanguage":"en-US"},{"@type":"Organization","@id":"https:\/\/proagrolab.com.ar\/#organization","name":"Proagro","url":"https:\/\/proagrolab.com.ar\/","logo":{"@type":"ImageObject","inLanguage":"en-US","@id":"https:\/\/proagrolab.com.ar\/#\/schema\/logo\/image\/","url":"https:\/\/proagrolab.com.ar\/wp-content\/uploads\/2020\/04\/logo-retina.png","contentUrl":"https:\/\/proagrolab.com.ar\/wp-content\/uploads\/2020\/04\/logo-retina.png","width":478,"height":120,"caption":"Proagro"},"image":{"@id":"https:\/\/proagrolab.com.ar\/#\/schema\/logo\/image\/"},"sameAs":["http:\/\/www.facebook.com\/proagrolab","https:\/\/www.instagram.com\/proagrolab\/","https:\/\/www.linkedin.com\/company\/laboratorio-proagro-s-a\/"]},{"@type":"Person","@id":"https:\/\/proagrolab.com.ar\/#\/schema\/person\/38003ff90bf80381f71c7d922d207444","name":"proagrolab"}]}},"_links":{"self":[{"href":"https:\/\/proagrolab.com.ar\/en\/wp-json\/wp\/v2\/posts\/5829","targetHints":{"allow":["GET"]}}],"collection":[{"href":"https:\/\/proagrolab.com.ar\/en\/wp-json\/wp\/v2\/posts"}],"about":[{"href":"https:\/\/proagrolab.com.ar\/en\/wp-json\/wp\/v2\/types\/post"}],"author":[{"embeddable":true,"href":"https:\/\/proagrolab.com.ar\/en\/wp-json\/wp\/v2\/users\/2"}],"replies":[{"embeddable":true,"href":"https:\/\/proagrolab.com.ar\/en\/wp-json\/wp\/v2\/comments?post=5829"}],"version-history":[{"count":0,"href":"https:\/\/proagrolab.com.ar\/en\/wp-json\/wp\/v2\/posts\/5829\/revisions"}],"wp:featuredmedia":[{"embeddable":true,"href":"https:\/\/proagrolab.com.ar\/en\/wp-json\/wp\/v2\/media\/2315"}],"wp:attachment":[{"href":"https:\/\/proagrolab.com.ar\/en\/wp-json\/wp\/v2\/media?parent=5829"}],"wp:term":[{"taxonomy":"category","embeddable":true,"href":"https:\/\/proagrolab.com.ar\/en\/wp-json\/wp\/v2\/categories?post=5829"},{"taxonomy":"post_tag","embeddable":true,"href":"https:\/\/proagrolab.com.ar\/en\/wp-json\/wp\/v2\/tags?post=5829"}],"curies":[{"name":"wp","href":"https:\/\/api.w.org\/{rel}","templated":true}]}}