{"id":5827,"date":"2013-11-22T00:00:01","date_gmt":"2013-11-22T00:00:01","guid":{"rendered":"https:\/\/proagrolab.com.ar\/tres-provincias-plantean-inquietudes-y-propuestas-para-la-cadena-de-valor-lactea\/"},"modified":"2013-11-22T00:00:01","modified_gmt":"2013-11-22T00:00:01","slug":"tres-provincias-plantean-inquietudes-y-propuestas-para-la-cadena-de-valor-lactea","status":"publish","type":"post","link":"https:\/\/proagrolab.com.ar\/en\/tres-provincias-plantean-inquietudes-y-propuestas-para-la-cadena-de-valor-lactea\/","title":{"rendered":"Tres provincias plantean inquietudes y propuestas para la cadena de valor l\u00e1ctea."},"content":{"rendered":"<p class=\"qtranxs-available-languages-message qtranxs-available-languages-message-en\"> <\/p><p>En la Bolsa de Comercio de Rosario, se realiz\u00f3 la primera reuni\u00f3n de la Mesa de Trabajo de la Cadena de Valor L\u00e1ctea de la Regi\u00f3n Centro, que cont\u00f3 con la participaci\u00f3n de unos 50 asistentes, representantes de las entidades empresarias y de los gobiernos de C\u00f3rdoba, Entre R\u00edos y Santa Fe.<\/p>\n<p>En su transcurso, se present\u00f3 un estudio espec\u00edfico que hab\u00eda sido solicitado por el Foro Empresario de Regi\u00f3n Centro, en el marco de un convenio con el Consejo Federal de Inversiones. En su elaboraci\u00f3n participaron, los ingenieros Alejandro Galetto, Eduardo Garcia Maritano, y Gustavo Vionnet.<\/p>\n<p>Los principales puntos destacados por los consultores en el documento que presentaron fueron los siguientes:<\/p>\n<p>Problemas para la especificaci\u00f3n de contratos completos, por falta de certidumbre respecto de las condiciones de los mercados (tanto interno como internacional). Los precios y vol\u00famenes se manejan de acuerdo a la coyuntura del momento de comercializaci\u00f3n. <\/p>\n<p>El mercado interno argentino demanda entre 8.000 y 9.000 millones de litros de leche por a\u00f1o, por lo cual el resto de la producci\u00f3n debe orientarse al mercado internacional. No hay un desarrollo planeado del segmento que se orienta a exportaciones, que es variable en funci\u00f3n del nivel de producci\u00f3n total, y las condiciones tanto del mercado interno como de los principales compradores internacionales.<\/p>\n<p>A diferencia de los principales pa\u00edses productores a nivel internacional, la&nbsp; Argentina tiene s\u00f3lo un 30% de leche producida por cooperativas. Es decir, se considera que hay una mayor desagregaci\u00f3n de la producci\u00f3n.<\/p>\n<p>La Argentina est\u00e1 estancada en comercializaci\u00f3n y producci\u00f3n en comparaci\u00f3n con el crecimiento a nivel mundial.<\/p>\n<p>Las industrias siguen el proceso de deterioro registrado en el sector de producci\u00f3n primaria. Los tambos actualmente corren riesgo de no ser eficientes con una producci\u00f3n inferior a los 6.000\/7.000 litros de leche por hect\u00e1rea, mientras que en las industrias est\u00e1 disminuyendo la producci\u00f3n por operario.<\/p>\n<p><i>Propuestas<\/i><br \/>De orden institucional: trabajar las tres provincias de manera conjunta para reducir evasi\u00f3n, y coordinar controles bromatol\u00f3gicos.<\/p>\n<p>De orden f\u00edsico: constituir un fondo interprovincial para el desarrollo de infraestructura necesaria para la producci\u00f3n.<\/p>\n<p>De orden transaccional: contar con una legislaci\u00f3n unificada en las tres provincias de la Regi\u00f3n Centro.<\/p>\n<p>Al finalizar, hubo un importante intercambio de ideas, entre los cuales se destac\u00f3 la intervenci\u00f3n del Ing. Miguel Paul\u00f3n, presidente del Centro de Industriales Lecheros (CIL), quien destac\u00f3 la importancia de trabajar en un sistema de seguros para la producci\u00f3n primaria. Adem\u00e1s, destac\u00f3 la incidencia de los costos de comercializaci\u00f3n en la cadena, sugiriendo la incorporaci\u00f3n de los representantes de dicho sector en la mesa.<\/p>\n<p>Por su parte Ricardo Depino, presidente de la C\u00e1mara de Productores de Leche de Entre R\u00edos (CAPROLER) inst\u00f3 a la continuidad de la Mesa de Trabajo, conformando una comisi\u00f3n de representantes del sector de cada una de las provincias. Adem\u00e1s, se resolvi\u00f3 la realizaci\u00f3n de una nueva reuni\u00f3n antes que finalice el a\u00f1o.<\/p>\n<p><i>Asistentes<\/i><br \/>La apertura de la reuni\u00f3n por parte de la Bolsa de Comercio de Rosario, estuvo a cargo del Lic. Julio Calzada,&nbsp; y del presidente de Carsf\u00e9, Dr. Francisco Mayoraz, como representante del Consejo de Entidades Empresarias de la provincia de Santa Fe.<\/p>\n<p>Por el gobierno santafesino participaron Adriana Mart\u00ednez, secretaria de Relaciones Internacionales e Integraci\u00f3n; y Sergio Casado, en representaci\u00f3n del Ministerio de la Producci\u00f3n. Por la Bolsa de Comercio de Santa Fe asisti\u00f3 la coordinadora del Centro de Estudios y Servicios, Lucrecia D\u0092Jorge.<\/p>\n<p>Fuente: Agrositio, 21 de noviembre.<br \/><\/p>","protected":false},"excerpt":{"rendered":"<p>En la Bolsa de Comercio de Rosario, se realiz\u00f3 la primera reuni\u00f3n de la Mesa de Trabajo de la Cadena de Valor L\u00e1ctea de la Regi\u00f3n Centro, que cont\u00f3 con la participaci\u00f3n de unos 50 asistentes, representantes de las entidades empresarias y de los gobiernos de C\u00f3rdoba, Entre R\u00edos y Santa Fe. En su transcurso, se present\u00f3 un estudio espec\u00edfico que hab\u00eda sido solicitado por el Foro Empresario de Regi\u00f3n Centro, en el marco de un convenio con el Consejo Federal de Inversiones. En su elaboraci\u00f3n participaron, los ingenieros Alejandro Galetto, Eduardo Garcia Maritano, y Gustavo Vionnet. Los principales puntos destacados por los consultores en el documento que presentaron fueron los siguientes: Problemas para la especificaci\u00f3n de contratos completos, por falta de certidumbre respecto de las condiciones de los mercados (tanto interno como internacional). Los precios y vol\u00famenes se manejan de acuerdo a la coyuntura del momento de comercializaci\u00f3n. El mercado interno argentino demanda entre 8.000 y 9.000 millones de litros de leche por a\u00f1o, por lo cual el resto de la producci\u00f3n debe orientarse al mercado internacional. No hay un desarrollo planeado del segmento que se orienta a exportaciones, que es variable en funci\u00f3n del nivel de producci\u00f3n total, [&hellip;]<\/p>\n","protected":false},"author":2,"featured_media":2313,"comment_status":"closed","ping_status":"open","sticky":false,"template":"","format":"standard","meta":{"_acf_changed":false,"footnotes":""},"categories":[56],"tags":[],"class_list":["post-5827","post","type-post","status-publish","format-standard","has-post-thumbnail","hentry","category-infoganadero"],"acf":[],"yoast_head":"<!-- This site is optimized with the Yoast SEO plugin v27.4 - https:\/\/yoast.com\/product\/yoast-seo-wordpress\/ -->\n<title>Tres provincias plantean inquietudes y propuestas para la cadena de valor l\u00e1ctea. | Proagro<\/title>\n<meta name=\"robots\" content=\"index, follow, max-snippet:-1, max-image-preview:large, max-video-preview:-1\" \/>\n<link rel=\"canonical\" href=\"https:\/\/proagrolab.com.ar\/en\/tres-provincias-plantean-inquietudes-y-propuestas-para-la-cadena-de-valor-lactea\/\" \/>\n<meta property=\"og:locale\" content=\"en_US\" \/>\n<meta property=\"og:type\" content=\"article\" \/>\n<meta property=\"og:title\" content=\"Tres provincias plantean inquietudes y propuestas para la cadena de valor l\u00e1ctea. | Proagro\" \/>\n<meta property=\"og:description\" content=\"En la Bolsa de Comercio de Rosario, se realiz\u00f3 la primera reuni\u00f3n de la Mesa de Trabajo de la Cadena de Valor L\u00e1ctea de la Regi\u00f3n Centro, que cont\u00f3 con la participaci\u00f3n de unos 50 asistentes, representantes de las entidades empresarias y de los gobiernos de C\u00f3rdoba, Entre R\u00edos y Santa Fe. En su transcurso, se present\u00f3 un estudio espec\u00edfico que hab\u00eda sido solicitado por el Foro Empresario de Regi\u00f3n Centro, en el marco de un convenio con el Consejo Federal de Inversiones. En su elaboraci\u00f3n participaron, los ingenieros Alejandro Galetto, Eduardo Garcia Maritano, y Gustavo Vionnet. Los principales puntos destacados por los consultores en el documento que presentaron fueron los siguientes: Problemas para la especificaci\u00f3n de contratos completos, por falta de certidumbre respecto de las condiciones de los mercados (tanto interno como internacional). Los precios y vol\u00famenes se manejan de acuerdo a la coyuntura del momento de comercializaci\u00f3n. El mercado interno argentino demanda entre 8.000 y 9.000 millones de litros de leche por a\u00f1o, por lo cual el resto de la producci\u00f3n debe orientarse al mercado internacional. No hay un desarrollo planeado del segmento que se orienta a exportaciones, que es variable en funci\u00f3n del nivel de producci\u00f3n total, [&hellip;]\" \/>\n<meta property=\"og:url\" content=\"https:\/\/proagrolab.com.ar\/tres-provincias-plantean-inquietudes-y-propuestas-para-la-cadena-de-valor-lactea\/\" \/>\n<meta property=\"og:site_name\" content=\"Proagro\" \/>\n<meta property=\"article:publisher\" content=\"http:\/\/www.facebook.com\/proagrolab\" \/>\n<meta property=\"article:published_time\" content=\"2013-11-22T00:00:01+00:00\" \/>\n<meta property=\"og:image\" content=\"https:\/\/proagrolab.com.ar\/wp-content\/uploads\/2015\/01\/g_cdbt1cmxy__Lecheras-14.jpg\" \/>\n\t<meta property=\"og:image:width\" content=\"450\" \/>\n\t<meta property=\"og:image:height\" content=\"208\" \/>\n\t<meta property=\"og:image:type\" content=\"image\/jpeg\" \/>\n<meta name=\"author\" content=\"proagrolab\" \/>\n<meta name=\"twitter:card\" content=\"summary_large_image\" \/>\n<meta name=\"twitter:label1\" content=\"Written by\" \/>\n\t<meta name=\"twitter:data1\" content=\"proagrolab\" \/>\n\t<meta name=\"twitter:label2\" content=\"Est. reading time\" \/>\n\t<meta name=\"twitter:data2\" content=\"3 minutes\" \/>\n<script type=\"application\/ld+json\" class=\"yoast-schema-graph\">{\"@context\":\"https:\\\/\\\/schema.org\",\"@graph\":[{\"@type\":\"Article\",\"@id\":\"https:\\\/\\\/proagrolab.com.ar\\\/tres-provincias-plantean-inquietudes-y-propuestas-para-la-cadena-de-valor-lactea\\\/#article\",\"isPartOf\":{\"@id\":\"https:\\\/\\\/proagrolab.com.ar\\\/tres-provincias-plantean-inquietudes-y-propuestas-para-la-cadena-de-valor-lactea\\\/\"},\"author\":{\"name\":\"proagrolab\",\"@id\":\"https:\\\/\\\/proagrolab.com.ar\\\/#\\\/schema\\\/person\\\/38003ff90bf80381f71c7d922d207444\"},\"headline\":\"Tres provincias plantean inquietudes y propuestas para la cadena de valor l\u00e1ctea.\",\"datePublished\":\"2013-11-22T00:00:01+00:00\",\"mainEntityOfPage\":{\"@id\":\"https:\\\/\\\/proagrolab.com.ar\\\/tres-provincias-plantean-inquietudes-y-propuestas-para-la-cadena-de-valor-lactea\\\/\"},\"wordCount\":628,\"publisher\":{\"@id\":\"https:\\\/\\\/proagrolab.com.ar\\\/#organization\"},\"image\":{\"@id\":\"https:\\\/\\\/proagrolab.com.ar\\\/tres-provincias-plantean-inquietudes-y-propuestas-para-la-cadena-de-valor-lactea\\\/#primaryimage\"},\"thumbnailUrl\":\"https:\\\/\\\/proagrolab.com.ar\\\/wp-content\\\/uploads\\\/2015\\\/01\\\/g_cdbt1cmxy__Lecheras-14.jpg\",\"articleSection\":[\"News\"],\"inLanguage\":\"en-US\"},{\"@type\":\"WebPage\",\"@id\":\"https:\\\/\\\/proagrolab.com.ar\\\/tres-provincias-plantean-inquietudes-y-propuestas-para-la-cadena-de-valor-lactea\\\/\",\"url\":\"https:\\\/\\\/proagrolab.com.ar\\\/tres-provincias-plantean-inquietudes-y-propuestas-para-la-cadena-de-valor-lactea\\\/\",\"name\":\"Tres provincias plantean inquietudes y propuestas para la cadena de valor l\u00e1ctea. | Proagro\",\"isPartOf\":{\"@id\":\"https:\\\/\\\/proagrolab.com.ar\\\/#website\"},\"primaryImageOfPage\":{\"@id\":\"https:\\\/\\\/proagrolab.com.ar\\\/tres-provincias-plantean-inquietudes-y-propuestas-para-la-cadena-de-valor-lactea\\\/#primaryimage\"},\"image\":{\"@id\":\"https:\\\/\\\/proagrolab.com.ar\\\/tres-provincias-plantean-inquietudes-y-propuestas-para-la-cadena-de-valor-lactea\\\/#primaryimage\"},\"thumbnailUrl\":\"https:\\\/\\\/proagrolab.com.ar\\\/wp-content\\\/uploads\\\/2015\\\/01\\\/g_cdbt1cmxy__Lecheras-14.jpg\",\"datePublished\":\"2013-11-22T00:00:01+00:00\",\"breadcrumb\":{\"@id\":\"https:\\\/\\\/proagrolab.com.ar\\\/tres-provincias-plantean-inquietudes-y-propuestas-para-la-cadena-de-valor-lactea\\\/#breadcrumb\"},\"inLanguage\":\"en-US\",\"potentialAction\":[{\"@type\":\"ReadAction\",\"target\":[\"https:\\\/\\\/proagrolab.com.ar\\\/tres-provincias-plantean-inquietudes-y-propuestas-para-la-cadena-de-valor-lactea\\\/\"]}]},{\"@type\":\"ImageObject\",\"inLanguage\":\"en-US\",\"@id\":\"https:\\\/\\\/proagrolab.com.ar\\\/tres-provincias-plantean-inquietudes-y-propuestas-para-la-cadena-de-valor-lactea\\\/#primaryimage\",\"url\":\"https:\\\/\\\/proagrolab.com.ar\\\/wp-content\\\/uploads\\\/2015\\\/01\\\/g_cdbt1cmxy__Lecheras-14.jpg\",\"contentUrl\":\"https:\\\/\\\/proagrolab.com.ar\\\/wp-content\\\/uploads\\\/2015\\\/01\\\/g_cdbt1cmxy__Lecheras-14.jpg\",\"width\":450,\"height\":208},{\"@type\":\"BreadcrumbList\",\"@id\":\"https:\\\/\\\/proagrolab.com.ar\\\/tres-provincias-plantean-inquietudes-y-propuestas-para-la-cadena-de-valor-lactea\\\/#breadcrumb\",\"itemListElement\":[{\"@type\":\"ListItem\",\"position\":1,\"name\":\"Portada\",\"item\":\"https:\\\/\\\/proagrolab.com.ar\\\/\"},{\"@type\":\"ListItem\",\"position\":2,\"name\":\"Tres provincias plantean inquietudes y propuestas para la cadena de valor l\u00e1ctea.\"}]},{\"@type\":\"WebSite\",\"@id\":\"https:\\\/\\\/proagrolab.com.ar\\\/#website\",\"url\":\"https:\\\/\\\/proagrolab.com.ar\\\/\",\"name\":\"Proagro Laboratorio Veterinario\",\"description\":\"Veterinary laboratory\",\"publisher\":{\"@id\":\"https:\\\/\\\/proagrolab.com.ar\\\/#organization\"},\"potentialAction\":[{\"@type\":\"SearchAction\",\"target\":{\"@type\":\"EntryPoint\",\"urlTemplate\":\"https:\\\/\\\/proagrolab.com.ar\\\/?s={search_term_string}\"},\"query-input\":{\"@type\":\"PropertyValueSpecification\",\"valueRequired\":true,\"valueName\":\"search_term_string\"}}],\"inLanguage\":\"en-US\"},{\"@type\":\"Organization\",\"@id\":\"https:\\\/\\\/proagrolab.com.ar\\\/#organization\",\"name\":\"Proagro\",\"url\":\"https:\\\/\\\/proagrolab.com.ar\\\/\",\"logo\":{\"@type\":\"ImageObject\",\"inLanguage\":\"en-US\",\"@id\":\"https:\\\/\\\/proagrolab.com.ar\\\/#\\\/schema\\\/logo\\\/image\\\/\",\"url\":\"https:\\\/\\\/proagrolab.com.ar\\\/wp-content\\\/uploads\\\/2020\\\/04\\\/logo-retina.png\",\"contentUrl\":\"https:\\\/\\\/proagrolab.com.ar\\\/wp-content\\\/uploads\\\/2020\\\/04\\\/logo-retina.png\",\"width\":478,\"height\":120,\"caption\":\"Proagro\"},\"image\":{\"@id\":\"https:\\\/\\\/proagrolab.com.ar\\\/#\\\/schema\\\/logo\\\/image\\\/\"},\"sameAs\":[\"http:\\\/\\\/www.facebook.com\\\/proagrolab\",\"https:\\\/\\\/www.instagram.com\\\/proagrolab\\\/\",\"https:\\\/\\\/www.linkedin.com\\\/company\\\/laboratorio-proagro-s-a\\\/\"]},{\"@type\":\"Person\",\"@id\":\"https:\\\/\\\/proagrolab.com.ar\\\/#\\\/schema\\\/person\\\/38003ff90bf80381f71c7d922d207444\",\"name\":\"proagrolab\"}]}<\/script>\n<!-- \/ Yoast SEO plugin. -->","yoast_head_json":{"title":"Tres provincias plantean inquietudes y propuestas para la cadena de valor l\u00e1ctea. | Proagro","robots":{"index":"index","follow":"follow","max-snippet":"max-snippet:-1","max-image-preview":"max-image-preview:large","max-video-preview":"max-video-preview:-1"},"canonical":"https:\/\/proagrolab.com.ar\/en\/tres-provincias-plantean-inquietudes-y-propuestas-para-la-cadena-de-valor-lactea\/","og_locale":"en_US","og_type":"article","og_title":"Tres provincias plantean inquietudes y propuestas para la cadena de valor l\u00e1ctea. | Proagro","og_description":"En la Bolsa de Comercio de Rosario, se realiz\u00f3 la primera reuni\u00f3n de la Mesa de Trabajo de la Cadena de Valor L\u00e1ctea de la Regi\u00f3n Centro, que cont\u00f3 con la participaci\u00f3n de unos 50 asistentes, representantes de las entidades empresarias y de los gobiernos de C\u00f3rdoba, Entre R\u00edos y Santa Fe. En su transcurso, se present\u00f3 un estudio espec\u00edfico que hab\u00eda sido solicitado por el Foro Empresario de Regi\u00f3n Centro, en el marco de un convenio con el Consejo Federal de Inversiones. En su elaboraci\u00f3n participaron, los ingenieros Alejandro Galetto, Eduardo Garcia Maritano, y Gustavo Vionnet. Los principales puntos destacados por los consultores en el documento que presentaron fueron los siguientes: Problemas para la especificaci\u00f3n de contratos completos, por falta de certidumbre respecto de las condiciones de los mercados (tanto interno como internacional). Los precios y vol\u00famenes se manejan de acuerdo a la coyuntura del momento de comercializaci\u00f3n. El mercado interno argentino demanda entre 8.000 y 9.000 millones de litros de leche por a\u00f1o, por lo cual el resto de la producci\u00f3n debe orientarse al mercado internacional. No hay un desarrollo planeado del segmento que se orienta a exportaciones, que es variable en funci\u00f3n del nivel de producci\u00f3n total, [&hellip;]","og_url":"https:\/\/proagrolab.com.ar\/tres-provincias-plantean-inquietudes-y-propuestas-para-la-cadena-de-valor-lactea\/","og_site_name":"Proagro","article_publisher":"http:\/\/www.facebook.com\/proagrolab","article_published_time":"2013-11-22T00:00:01+00:00","og_image":[{"width":450,"height":208,"url":"https:\/\/proagrolab.com.ar\/wp-content\/uploads\/2015\/01\/g_cdbt1cmxy__Lecheras-14.jpg","type":"image\/jpeg"}],"author":"proagrolab","twitter_card":"summary_large_image","twitter_misc":{"Written by":"proagrolab","Est. reading time":"3 minutes"},"schema":{"@context":"https:\/\/schema.org","@graph":[{"@type":"Article","@id":"https:\/\/proagrolab.com.ar\/tres-provincias-plantean-inquietudes-y-propuestas-para-la-cadena-de-valor-lactea\/#article","isPartOf":{"@id":"https:\/\/proagrolab.com.ar\/tres-provincias-plantean-inquietudes-y-propuestas-para-la-cadena-de-valor-lactea\/"},"author":{"name":"proagrolab","@id":"https:\/\/proagrolab.com.ar\/#\/schema\/person\/38003ff90bf80381f71c7d922d207444"},"headline":"Tres provincias plantean inquietudes y propuestas para la cadena de valor l\u00e1ctea.","datePublished":"2013-11-22T00:00:01+00:00","mainEntityOfPage":{"@id":"https:\/\/proagrolab.com.ar\/tres-provincias-plantean-inquietudes-y-propuestas-para-la-cadena-de-valor-lactea\/"},"wordCount":628,"publisher":{"@id":"https:\/\/proagrolab.com.ar\/#organization"},"image":{"@id":"https:\/\/proagrolab.com.ar\/tres-provincias-plantean-inquietudes-y-propuestas-para-la-cadena-de-valor-lactea\/#primaryimage"},"thumbnailUrl":"https:\/\/proagrolab.com.ar\/wp-content\/uploads\/2015\/01\/g_cdbt1cmxy__Lecheras-14.jpg","articleSection":["News"],"inLanguage":"en-US"},{"@type":"WebPage","@id":"https:\/\/proagrolab.com.ar\/tres-provincias-plantean-inquietudes-y-propuestas-para-la-cadena-de-valor-lactea\/","url":"https:\/\/proagrolab.com.ar\/tres-provincias-plantean-inquietudes-y-propuestas-para-la-cadena-de-valor-lactea\/","name":"Tres provincias plantean inquietudes y propuestas para la cadena de valor l\u00e1ctea. | Proagro","isPartOf":{"@id":"https:\/\/proagrolab.com.ar\/#website"},"primaryImageOfPage":{"@id":"https:\/\/proagrolab.com.ar\/tres-provincias-plantean-inquietudes-y-propuestas-para-la-cadena-de-valor-lactea\/#primaryimage"},"image":{"@id":"https:\/\/proagrolab.com.ar\/tres-provincias-plantean-inquietudes-y-propuestas-para-la-cadena-de-valor-lactea\/#primaryimage"},"thumbnailUrl":"https:\/\/proagrolab.com.ar\/wp-content\/uploads\/2015\/01\/g_cdbt1cmxy__Lecheras-14.jpg","datePublished":"2013-11-22T00:00:01+00:00","breadcrumb":{"@id":"https:\/\/proagrolab.com.ar\/tres-provincias-plantean-inquietudes-y-propuestas-para-la-cadena-de-valor-lactea\/#breadcrumb"},"inLanguage":"en-US","potentialAction":[{"@type":"ReadAction","target":["https:\/\/proagrolab.com.ar\/tres-provincias-plantean-inquietudes-y-propuestas-para-la-cadena-de-valor-lactea\/"]}]},{"@type":"ImageObject","inLanguage":"en-US","@id":"https:\/\/proagrolab.com.ar\/tres-provincias-plantean-inquietudes-y-propuestas-para-la-cadena-de-valor-lactea\/#primaryimage","url":"https:\/\/proagrolab.com.ar\/wp-content\/uploads\/2015\/01\/g_cdbt1cmxy__Lecheras-14.jpg","contentUrl":"https:\/\/proagrolab.com.ar\/wp-content\/uploads\/2015\/01\/g_cdbt1cmxy__Lecheras-14.jpg","width":450,"height":208},{"@type":"BreadcrumbList","@id":"https:\/\/proagrolab.com.ar\/tres-provincias-plantean-inquietudes-y-propuestas-para-la-cadena-de-valor-lactea\/#breadcrumb","itemListElement":[{"@type":"ListItem","position":1,"name":"Portada","item":"https:\/\/proagrolab.com.ar\/"},{"@type":"ListItem","position":2,"name":"Tres provincias plantean inquietudes y propuestas para la cadena de valor l\u00e1ctea."}]},{"@type":"WebSite","@id":"https:\/\/proagrolab.com.ar\/#website","url":"https:\/\/proagrolab.com.ar\/","name":"Proagro Laboratorio Veterinario","description":"Veterinary laboratory","publisher":{"@id":"https:\/\/proagrolab.com.ar\/#organization"},"potentialAction":[{"@type":"SearchAction","target":{"@type":"EntryPoint","urlTemplate":"https:\/\/proagrolab.com.ar\/?s={search_term_string}"},"query-input":{"@type":"PropertyValueSpecification","valueRequired":true,"valueName":"search_term_string"}}],"inLanguage":"en-US"},{"@type":"Organization","@id":"https:\/\/proagrolab.com.ar\/#organization","name":"Proagro","url":"https:\/\/proagrolab.com.ar\/","logo":{"@type":"ImageObject","inLanguage":"en-US","@id":"https:\/\/proagrolab.com.ar\/#\/schema\/logo\/image\/","url":"https:\/\/proagrolab.com.ar\/wp-content\/uploads\/2020\/04\/logo-retina.png","contentUrl":"https:\/\/proagrolab.com.ar\/wp-content\/uploads\/2020\/04\/logo-retina.png","width":478,"height":120,"caption":"Proagro"},"image":{"@id":"https:\/\/proagrolab.com.ar\/#\/schema\/logo\/image\/"},"sameAs":["http:\/\/www.facebook.com\/proagrolab","https:\/\/www.instagram.com\/proagrolab\/","https:\/\/www.linkedin.com\/company\/laboratorio-proagro-s-a\/"]},{"@type":"Person","@id":"https:\/\/proagrolab.com.ar\/#\/schema\/person\/38003ff90bf80381f71c7d922d207444","name":"proagrolab"}]}},"_links":{"self":[{"href":"https:\/\/proagrolab.com.ar\/en\/wp-json\/wp\/v2\/posts\/5827","targetHints":{"allow":["GET"]}}],"collection":[{"href":"https:\/\/proagrolab.com.ar\/en\/wp-json\/wp\/v2\/posts"}],"about":[{"href":"https:\/\/proagrolab.com.ar\/en\/wp-json\/wp\/v2\/types\/post"}],"author":[{"embeddable":true,"href":"https:\/\/proagrolab.com.ar\/en\/wp-json\/wp\/v2\/users\/2"}],"replies":[{"embeddable":true,"href":"https:\/\/proagrolab.com.ar\/en\/wp-json\/wp\/v2\/comments?post=5827"}],"version-history":[{"count":0,"href":"https:\/\/proagrolab.com.ar\/en\/wp-json\/wp\/v2\/posts\/5827\/revisions"}],"wp:featuredmedia":[{"embeddable":true,"href":"https:\/\/proagrolab.com.ar\/en\/wp-json\/wp\/v2\/media\/2313"}],"wp:attachment":[{"href":"https:\/\/proagrolab.com.ar\/en\/wp-json\/wp\/v2\/media?parent=5827"}],"wp:term":[{"taxonomy":"category","embeddable":true,"href":"https:\/\/proagrolab.com.ar\/en\/wp-json\/wp\/v2\/categories?post=5827"},{"taxonomy":"post_tag","embeddable":true,"href":"https:\/\/proagrolab.com.ar\/en\/wp-json\/wp\/v2\/tags?post=5827"}],"curies":[{"name":"wp","href":"https:\/\/api.w.org\/{rel}","templated":true}]}}