{"id":5826,"date":"2013-11-22T00:00:01","date_gmt":"2013-11-22T00:00:01","guid":{"rendered":"https:\/\/proagrolab.com.ar\/las-ventas-de-lacteos-al-exterior-a-la-baja\/"},"modified":"2013-11-22T00:00:01","modified_gmt":"2013-11-22T00:00:01","slug":"las-ventas-de-lacteos-al-exterior-a-la-baja","status":"publish","type":"post","link":"https:\/\/proagrolab.com.ar\/en\/las-ventas-de-lacteos-al-exterior-a-la-baja\/","title":{"rendered":"Las ventas de l\u00e1cteos al exterior, a la baja."},"content":{"rendered":"<p class=\"qtranxs-available-languages-message qtranxs-available-languages-message-en\"> <\/p><p>Los principales compradores, Brasil y Venezuela, redujeron su compra, pero China y Cuba fueron dos sorpresas para el sector.<\/p>\n<p>Los n\u00fameros de las exportaciones de 2013, publicados por Servicio Nacional de Sanidad y Calidad Agroalimentaria (SENASA), mostraron algunos cambios en las ventas realizadas al exterior: no s\u00f3lo los principales compradores, Venezuela y Brasil, redujeron la cantidad de compras, sino que la exportaci\u00f3n total del sector lechero se vio afectada.<\/p>\n<p>Sin embargo, Cuba y China fueron las sorpresas del a\u00f1o.Las exportaciones totales pasaron de 238.132 toneladas en 2012 a 151.124 en el corriente a\u00f1o. De hecho, tanto Venezuela como Brasil, dos de los principales compradores de productos l\u00e1cteos de nuestro pa\u00eds, mostraron una ca\u00edda.<\/p>\n<p>Las exportaciones totales bajaron de 90.440 toneladas en 2012 a 41.814 T en este a\u00f1o el caso venezolano, y de 39.790 T a 33.823 en comparaci\u00f3n con los primeros nueve meses de 2012 del caso brasile\u00f1o. Incluso, la leche en polvo entera y descremada sufri\u00f3 una baja en ambos casos. Las dos sorpresas del a\u00f1o, sin embargo, fueron China y Cuba, con un notable aumento de las exportaciones.<\/p>\n<p>En el primer caso, se pas\u00f3 de 2.056 toneladas en 2012 a 5.547 toneladas en el corriente a\u00f1o. El alza estuvo marcada por el aumento en las ventas de la leche en polvo entera y descremada, productos que protagonizaron un importante porcentaje de aumento entre ambos a\u00f1os. En Cuba, por su parte, el incremento tambi\u00e9n es notorio: de 4.324 en 2012 se ascendi\u00f3 a 8.564 en tan s\u00f3lo un a\u00f1o.<\/p>\n<p>El aumento de las ventas estuvo signado por el alza en la exportaci\u00f3n de leche en polvo entera, el \u00fanico producto que recibe la isla desde nuestro pa\u00eds.Otro aumento de ambos pa\u00edses estuvo dado por la suba significativa de la venta de suero de leche y de queso, cuya exportaci\u00f3n creci\u00f3 alrededor de un 30% en el primer caso y se multiplic\u00f3 por veinte en el segundo.<\/p>\n<p>Por Brenda Ficher<\/p>\n<p>Fuente: Infortambo, 19 de noviembre.<br \/><\/p>","protected":false},"excerpt":{"rendered":"<p>Los principales compradores, Brasil y Venezuela, redujeron su compra, pero China y Cuba fueron dos sorpresas para el sector. Los n\u00fameros de las exportaciones de 2013, publicados por Servicio Nacional de Sanidad y Calidad Agroalimentaria (SENASA), mostraron algunos cambios en las ventas realizadas al exterior: no s\u00f3lo los principales compradores, Venezuela y Brasil, redujeron la cantidad de compras, sino que la exportaci\u00f3n total del sector lechero se vio afectada. Sin embargo, Cuba y China fueron las sorpresas del a\u00f1o.Las exportaciones totales pasaron de 238.132 toneladas en 2012 a 151.124 en el corriente a\u00f1o. De hecho, tanto Venezuela como Brasil, dos de los principales compradores de productos l\u00e1cteos de nuestro pa\u00eds, mostraron una ca\u00edda. Las exportaciones totales bajaron de 90.440 toneladas en 2012 a 41.814 T en este a\u00f1o el caso venezolano, y de 39.790 T a 33.823 en comparaci\u00f3n con los primeros nueve meses de 2012 del caso brasile\u00f1o. Incluso, la leche en polvo entera y descremada sufri\u00f3 una baja en ambos casos. Las dos sorpresas del a\u00f1o, sin embargo, fueron China y Cuba, con un notable aumento de las exportaciones. En el primer caso, se pas\u00f3 de 2.056 toneladas en 2012 a 5.547 toneladas en el corriente a\u00f1o. El [&hellip;]<\/p>\n","protected":false},"author":2,"featured_media":2312,"comment_status":"closed","ping_status":"open","sticky":false,"template":"","format":"standard","meta":{"_acf_changed":false,"footnotes":""},"categories":[56],"tags":[],"class_list":["post-5826","post","type-post","status-publish","format-standard","has-post-thumbnail","hentry","category-infoganadero"],"acf":[],"yoast_head":"<!-- This site is optimized with the Yoast SEO plugin v27.4 - https:\/\/yoast.com\/product\/yoast-seo-wordpress\/ -->\n<title>Las ventas de l\u00e1cteos al exterior, a la baja. | Proagro<\/title>\n<meta name=\"robots\" content=\"index, follow, max-snippet:-1, max-image-preview:large, max-video-preview:-1\" \/>\n<link rel=\"canonical\" href=\"https:\/\/proagrolab.com.ar\/en\/las-ventas-de-lacteos-al-exterior-a-la-baja\/\" \/>\n<meta property=\"og:locale\" content=\"en_US\" \/>\n<meta property=\"og:type\" content=\"article\" \/>\n<meta property=\"og:title\" content=\"Las ventas de l\u00e1cteos al exterior, a la baja. | Proagro\" \/>\n<meta property=\"og:description\" content=\"Los principales compradores, Brasil y Venezuela, redujeron su compra, pero China y Cuba fueron dos sorpresas para el sector. Los n\u00fameros de las exportaciones de 2013, publicados por Servicio Nacional de Sanidad y Calidad Agroalimentaria (SENASA), mostraron algunos cambios en las ventas realizadas al exterior: no s\u00f3lo los principales compradores, Venezuela y Brasil, redujeron la cantidad de compras, sino que la exportaci\u00f3n total del sector lechero se vio afectada. Sin embargo, Cuba y China fueron las sorpresas del a\u00f1o.Las exportaciones totales pasaron de 238.132 toneladas en 2012 a 151.124 en el corriente a\u00f1o. De hecho, tanto Venezuela como Brasil, dos de los principales compradores de productos l\u00e1cteos de nuestro pa\u00eds, mostraron una ca\u00edda. Las exportaciones totales bajaron de 90.440 toneladas en 2012 a 41.814 T en este a\u00f1o el caso venezolano, y de 39.790 T a 33.823 en comparaci\u00f3n con los primeros nueve meses de 2012 del caso brasile\u00f1o. Incluso, la leche en polvo entera y descremada sufri\u00f3 una baja en ambos casos. Las dos sorpresas del a\u00f1o, sin embargo, fueron China y Cuba, con un notable aumento de las exportaciones. En el primer caso, se pas\u00f3 de 2.056 toneladas en 2012 a 5.547 toneladas en el corriente a\u00f1o. El [&hellip;]\" \/>\n<meta property=\"og:url\" content=\"https:\/\/proagrolab.com.ar\/las-ventas-de-lacteos-al-exterior-a-la-baja\/\" \/>\n<meta property=\"og:site_name\" content=\"Proagro\" \/>\n<meta property=\"article:publisher\" content=\"http:\/\/www.facebook.com\/proagrolab\" \/>\n<meta property=\"article:published_time\" content=\"2013-11-22T00:00:01+00:00\" \/>\n<meta property=\"og:image\" content=\"https:\/\/proagrolab.com.ar\/wp-content\/uploads\/2015\/01\/g_1jbml6gy1__Comiendo.jpg\" \/>\n\t<meta property=\"og:image:width\" content=\"450\" \/>\n\t<meta property=\"og:image:height\" content=\"208\" \/>\n\t<meta property=\"og:image:type\" content=\"image\/jpeg\" \/>\n<meta name=\"author\" content=\"proagrolab\" \/>\n<meta name=\"twitter:card\" content=\"summary_large_image\" \/>\n<meta name=\"twitter:label1\" content=\"Written by\" \/>\n\t<meta name=\"twitter:data1\" content=\"proagrolab\" \/>\n\t<meta name=\"twitter:label2\" content=\"Est. reading time\" \/>\n\t<meta name=\"twitter:data2\" content=\"2 minutes\" \/>\n<script type=\"application\/ld+json\" class=\"yoast-schema-graph\">{\"@context\":\"https:\\\/\\\/schema.org\",\"@graph\":[{\"@type\":\"Article\",\"@id\":\"https:\\\/\\\/proagrolab.com.ar\\\/las-ventas-de-lacteos-al-exterior-a-la-baja\\\/#article\",\"isPartOf\":{\"@id\":\"https:\\\/\\\/proagrolab.com.ar\\\/las-ventas-de-lacteos-al-exterior-a-la-baja\\\/\"},\"author\":{\"name\":\"proagrolab\",\"@id\":\"https:\\\/\\\/proagrolab.com.ar\\\/#\\\/schema\\\/person\\\/38003ff90bf80381f71c7d922d207444\"},\"headline\":\"Las ventas de l\u00e1cteos al exterior, a la baja.\",\"datePublished\":\"2013-11-22T00:00:01+00:00\",\"mainEntityOfPage\":{\"@id\":\"https:\\\/\\\/proagrolab.com.ar\\\/las-ventas-de-lacteos-al-exterior-a-la-baja\\\/\"},\"wordCount\":341,\"publisher\":{\"@id\":\"https:\\\/\\\/proagrolab.com.ar\\\/#organization\"},\"image\":{\"@id\":\"https:\\\/\\\/proagrolab.com.ar\\\/las-ventas-de-lacteos-al-exterior-a-la-baja\\\/#primaryimage\"},\"thumbnailUrl\":\"https:\\\/\\\/proagrolab.com.ar\\\/wp-content\\\/uploads\\\/2015\\\/01\\\/g_1jbml6gy1__Comiendo.jpg\",\"articleSection\":[\"News\"],\"inLanguage\":\"en-US\"},{\"@type\":\"WebPage\",\"@id\":\"https:\\\/\\\/proagrolab.com.ar\\\/las-ventas-de-lacteos-al-exterior-a-la-baja\\\/\",\"url\":\"https:\\\/\\\/proagrolab.com.ar\\\/las-ventas-de-lacteos-al-exterior-a-la-baja\\\/\",\"name\":\"Las ventas de l\u00e1cteos al exterior, a la baja. | Proagro\",\"isPartOf\":{\"@id\":\"https:\\\/\\\/proagrolab.com.ar\\\/#website\"},\"primaryImageOfPage\":{\"@id\":\"https:\\\/\\\/proagrolab.com.ar\\\/las-ventas-de-lacteos-al-exterior-a-la-baja\\\/#primaryimage\"},\"image\":{\"@id\":\"https:\\\/\\\/proagrolab.com.ar\\\/las-ventas-de-lacteos-al-exterior-a-la-baja\\\/#primaryimage\"},\"thumbnailUrl\":\"https:\\\/\\\/proagrolab.com.ar\\\/wp-content\\\/uploads\\\/2015\\\/01\\\/g_1jbml6gy1__Comiendo.jpg\",\"datePublished\":\"2013-11-22T00:00:01+00:00\",\"breadcrumb\":{\"@id\":\"https:\\\/\\\/proagrolab.com.ar\\\/las-ventas-de-lacteos-al-exterior-a-la-baja\\\/#breadcrumb\"},\"inLanguage\":\"en-US\",\"potentialAction\":[{\"@type\":\"ReadAction\",\"target\":[\"https:\\\/\\\/proagrolab.com.ar\\\/las-ventas-de-lacteos-al-exterior-a-la-baja\\\/\"]}]},{\"@type\":\"ImageObject\",\"inLanguage\":\"en-US\",\"@id\":\"https:\\\/\\\/proagrolab.com.ar\\\/las-ventas-de-lacteos-al-exterior-a-la-baja\\\/#primaryimage\",\"url\":\"https:\\\/\\\/proagrolab.com.ar\\\/wp-content\\\/uploads\\\/2015\\\/01\\\/g_1jbml6gy1__Comiendo.jpg\",\"contentUrl\":\"https:\\\/\\\/proagrolab.com.ar\\\/wp-content\\\/uploads\\\/2015\\\/01\\\/g_1jbml6gy1__Comiendo.jpg\",\"width\":450,\"height\":208},{\"@type\":\"BreadcrumbList\",\"@id\":\"https:\\\/\\\/proagrolab.com.ar\\\/las-ventas-de-lacteos-al-exterior-a-la-baja\\\/#breadcrumb\",\"itemListElement\":[{\"@type\":\"ListItem\",\"position\":1,\"name\":\"Portada\",\"item\":\"https:\\\/\\\/proagrolab.com.ar\\\/\"},{\"@type\":\"ListItem\",\"position\":2,\"name\":\"Las ventas de l\u00e1cteos al exterior, a la baja.\"}]},{\"@type\":\"WebSite\",\"@id\":\"https:\\\/\\\/proagrolab.com.ar\\\/#website\",\"url\":\"https:\\\/\\\/proagrolab.com.ar\\\/\",\"name\":\"Proagro Laboratorio Veterinario\",\"description\":\"Veterinary laboratory\",\"publisher\":{\"@id\":\"https:\\\/\\\/proagrolab.com.ar\\\/#organization\"},\"potentialAction\":[{\"@type\":\"SearchAction\",\"target\":{\"@type\":\"EntryPoint\",\"urlTemplate\":\"https:\\\/\\\/proagrolab.com.ar\\\/?s={search_term_string}\"},\"query-input\":{\"@type\":\"PropertyValueSpecification\",\"valueRequired\":true,\"valueName\":\"search_term_string\"}}],\"inLanguage\":\"en-US\"},{\"@type\":\"Organization\",\"@id\":\"https:\\\/\\\/proagrolab.com.ar\\\/#organization\",\"name\":\"Proagro\",\"url\":\"https:\\\/\\\/proagrolab.com.ar\\\/\",\"logo\":{\"@type\":\"ImageObject\",\"inLanguage\":\"en-US\",\"@id\":\"https:\\\/\\\/proagrolab.com.ar\\\/#\\\/schema\\\/logo\\\/image\\\/\",\"url\":\"https:\\\/\\\/proagrolab.com.ar\\\/wp-content\\\/uploads\\\/2020\\\/04\\\/logo-retina.png\",\"contentUrl\":\"https:\\\/\\\/proagrolab.com.ar\\\/wp-content\\\/uploads\\\/2020\\\/04\\\/logo-retina.png\",\"width\":478,\"height\":120,\"caption\":\"Proagro\"},\"image\":{\"@id\":\"https:\\\/\\\/proagrolab.com.ar\\\/#\\\/schema\\\/logo\\\/image\\\/\"},\"sameAs\":[\"http:\\\/\\\/www.facebook.com\\\/proagrolab\",\"https:\\\/\\\/www.instagram.com\\\/proagrolab\\\/\",\"https:\\\/\\\/www.linkedin.com\\\/company\\\/laboratorio-proagro-s-a\\\/\"]},{\"@type\":\"Person\",\"@id\":\"https:\\\/\\\/proagrolab.com.ar\\\/#\\\/schema\\\/person\\\/38003ff90bf80381f71c7d922d207444\",\"name\":\"proagrolab\"}]}<\/script>\n<!-- \/ Yoast SEO plugin. -->","yoast_head_json":{"title":"Las ventas de l\u00e1cteos al exterior, a la baja. | Proagro","robots":{"index":"index","follow":"follow","max-snippet":"max-snippet:-1","max-image-preview":"max-image-preview:large","max-video-preview":"max-video-preview:-1"},"canonical":"https:\/\/proagrolab.com.ar\/en\/las-ventas-de-lacteos-al-exterior-a-la-baja\/","og_locale":"en_US","og_type":"article","og_title":"Las ventas de l\u00e1cteos al exterior, a la baja. | Proagro","og_description":"Los principales compradores, Brasil y Venezuela, redujeron su compra, pero China y Cuba fueron dos sorpresas para el sector. Los n\u00fameros de las exportaciones de 2013, publicados por Servicio Nacional de Sanidad y Calidad Agroalimentaria (SENASA), mostraron algunos cambios en las ventas realizadas al exterior: no s\u00f3lo los principales compradores, Venezuela y Brasil, redujeron la cantidad de compras, sino que la exportaci\u00f3n total del sector lechero se vio afectada. Sin embargo, Cuba y China fueron las sorpresas del a\u00f1o.Las exportaciones totales pasaron de 238.132 toneladas en 2012 a 151.124 en el corriente a\u00f1o. De hecho, tanto Venezuela como Brasil, dos de los principales compradores de productos l\u00e1cteos de nuestro pa\u00eds, mostraron una ca\u00edda. Las exportaciones totales bajaron de 90.440 toneladas en 2012 a 41.814 T en este a\u00f1o el caso venezolano, y de 39.790 T a 33.823 en comparaci\u00f3n con los primeros nueve meses de 2012 del caso brasile\u00f1o. Incluso, la leche en polvo entera y descremada sufri\u00f3 una baja en ambos casos. Las dos sorpresas del a\u00f1o, sin embargo, fueron China y Cuba, con un notable aumento de las exportaciones. En el primer caso, se pas\u00f3 de 2.056 toneladas en 2012 a 5.547 toneladas en el corriente a\u00f1o. El [&hellip;]","og_url":"https:\/\/proagrolab.com.ar\/las-ventas-de-lacteos-al-exterior-a-la-baja\/","og_site_name":"Proagro","article_publisher":"http:\/\/www.facebook.com\/proagrolab","article_published_time":"2013-11-22T00:00:01+00:00","og_image":[{"width":450,"height":208,"url":"https:\/\/proagrolab.com.ar\/wp-content\/uploads\/2015\/01\/g_1jbml6gy1__Comiendo.jpg","type":"image\/jpeg"}],"author":"proagrolab","twitter_card":"summary_large_image","twitter_misc":{"Written by":"proagrolab","Est. reading time":"2 minutes"},"schema":{"@context":"https:\/\/schema.org","@graph":[{"@type":"Article","@id":"https:\/\/proagrolab.com.ar\/las-ventas-de-lacteos-al-exterior-a-la-baja\/#article","isPartOf":{"@id":"https:\/\/proagrolab.com.ar\/las-ventas-de-lacteos-al-exterior-a-la-baja\/"},"author":{"name":"proagrolab","@id":"https:\/\/proagrolab.com.ar\/#\/schema\/person\/38003ff90bf80381f71c7d922d207444"},"headline":"Las ventas de l\u00e1cteos al exterior, a la baja.","datePublished":"2013-11-22T00:00:01+00:00","mainEntityOfPage":{"@id":"https:\/\/proagrolab.com.ar\/las-ventas-de-lacteos-al-exterior-a-la-baja\/"},"wordCount":341,"publisher":{"@id":"https:\/\/proagrolab.com.ar\/#organization"},"image":{"@id":"https:\/\/proagrolab.com.ar\/las-ventas-de-lacteos-al-exterior-a-la-baja\/#primaryimage"},"thumbnailUrl":"https:\/\/proagrolab.com.ar\/wp-content\/uploads\/2015\/01\/g_1jbml6gy1__Comiendo.jpg","articleSection":["News"],"inLanguage":"en-US"},{"@type":"WebPage","@id":"https:\/\/proagrolab.com.ar\/las-ventas-de-lacteos-al-exterior-a-la-baja\/","url":"https:\/\/proagrolab.com.ar\/las-ventas-de-lacteos-al-exterior-a-la-baja\/","name":"Las ventas de l\u00e1cteos al exterior, a la baja. | Proagro","isPartOf":{"@id":"https:\/\/proagrolab.com.ar\/#website"},"primaryImageOfPage":{"@id":"https:\/\/proagrolab.com.ar\/las-ventas-de-lacteos-al-exterior-a-la-baja\/#primaryimage"},"image":{"@id":"https:\/\/proagrolab.com.ar\/las-ventas-de-lacteos-al-exterior-a-la-baja\/#primaryimage"},"thumbnailUrl":"https:\/\/proagrolab.com.ar\/wp-content\/uploads\/2015\/01\/g_1jbml6gy1__Comiendo.jpg","datePublished":"2013-11-22T00:00:01+00:00","breadcrumb":{"@id":"https:\/\/proagrolab.com.ar\/las-ventas-de-lacteos-al-exterior-a-la-baja\/#breadcrumb"},"inLanguage":"en-US","potentialAction":[{"@type":"ReadAction","target":["https:\/\/proagrolab.com.ar\/las-ventas-de-lacteos-al-exterior-a-la-baja\/"]}]},{"@type":"ImageObject","inLanguage":"en-US","@id":"https:\/\/proagrolab.com.ar\/las-ventas-de-lacteos-al-exterior-a-la-baja\/#primaryimage","url":"https:\/\/proagrolab.com.ar\/wp-content\/uploads\/2015\/01\/g_1jbml6gy1__Comiendo.jpg","contentUrl":"https:\/\/proagrolab.com.ar\/wp-content\/uploads\/2015\/01\/g_1jbml6gy1__Comiendo.jpg","width":450,"height":208},{"@type":"BreadcrumbList","@id":"https:\/\/proagrolab.com.ar\/las-ventas-de-lacteos-al-exterior-a-la-baja\/#breadcrumb","itemListElement":[{"@type":"ListItem","position":1,"name":"Portada","item":"https:\/\/proagrolab.com.ar\/"},{"@type":"ListItem","position":2,"name":"Las ventas de l\u00e1cteos al exterior, a la baja."}]},{"@type":"WebSite","@id":"https:\/\/proagrolab.com.ar\/#website","url":"https:\/\/proagrolab.com.ar\/","name":"Proagro Laboratorio Veterinario","description":"Veterinary laboratory","publisher":{"@id":"https:\/\/proagrolab.com.ar\/#organization"},"potentialAction":[{"@type":"SearchAction","target":{"@type":"EntryPoint","urlTemplate":"https:\/\/proagrolab.com.ar\/?s={search_term_string}"},"query-input":{"@type":"PropertyValueSpecification","valueRequired":true,"valueName":"search_term_string"}}],"inLanguage":"en-US"},{"@type":"Organization","@id":"https:\/\/proagrolab.com.ar\/#organization","name":"Proagro","url":"https:\/\/proagrolab.com.ar\/","logo":{"@type":"ImageObject","inLanguage":"en-US","@id":"https:\/\/proagrolab.com.ar\/#\/schema\/logo\/image\/","url":"https:\/\/proagrolab.com.ar\/wp-content\/uploads\/2020\/04\/logo-retina.png","contentUrl":"https:\/\/proagrolab.com.ar\/wp-content\/uploads\/2020\/04\/logo-retina.png","width":478,"height":120,"caption":"Proagro"},"image":{"@id":"https:\/\/proagrolab.com.ar\/#\/schema\/logo\/image\/"},"sameAs":["http:\/\/www.facebook.com\/proagrolab","https:\/\/www.instagram.com\/proagrolab\/","https:\/\/www.linkedin.com\/company\/laboratorio-proagro-s-a\/"]},{"@type":"Person","@id":"https:\/\/proagrolab.com.ar\/#\/schema\/person\/38003ff90bf80381f71c7d922d207444","name":"proagrolab"}]}},"_links":{"self":[{"href":"https:\/\/proagrolab.com.ar\/en\/wp-json\/wp\/v2\/posts\/5826","targetHints":{"allow":["GET"]}}],"collection":[{"href":"https:\/\/proagrolab.com.ar\/en\/wp-json\/wp\/v2\/posts"}],"about":[{"href":"https:\/\/proagrolab.com.ar\/en\/wp-json\/wp\/v2\/types\/post"}],"author":[{"embeddable":true,"href":"https:\/\/proagrolab.com.ar\/en\/wp-json\/wp\/v2\/users\/2"}],"replies":[{"embeddable":true,"href":"https:\/\/proagrolab.com.ar\/en\/wp-json\/wp\/v2\/comments?post=5826"}],"version-history":[{"count":0,"href":"https:\/\/proagrolab.com.ar\/en\/wp-json\/wp\/v2\/posts\/5826\/revisions"}],"wp:featuredmedia":[{"embeddable":true,"href":"https:\/\/proagrolab.com.ar\/en\/wp-json\/wp\/v2\/media\/2312"}],"wp:attachment":[{"href":"https:\/\/proagrolab.com.ar\/en\/wp-json\/wp\/v2\/media?parent=5826"}],"wp:term":[{"taxonomy":"category","embeddable":true,"href":"https:\/\/proagrolab.com.ar\/en\/wp-json\/wp\/v2\/categories?post=5826"},{"taxonomy":"post_tag","embeddable":true,"href":"https:\/\/proagrolab.com.ar\/en\/wp-json\/wp\/v2\/tags?post=5826"}],"curies":[{"name":"wp","href":"https:\/\/api.w.org\/{rel}","templated":true}]}}