{"id":5823,"date":"2013-11-21T00:00:01","date_gmt":"2013-11-21T00:00:01","guid":{"rendered":"https:\/\/proagrolab.com.ar\/precios-en-la-region-la-argentina-contradice-a-sus-vecinos\/"},"modified":"2013-11-21T00:00:01","modified_gmt":"2013-11-21T00:00:01","slug":"precios-en-la-region-la-argentina-contradice-a-sus-vecinos","status":"publish","type":"post","link":"https:\/\/proagrolab.com.ar\/en\/precios-en-la-region-la-argentina-contradice-a-sus-vecinos\/","title":{"rendered":"Precios en la regi\u00f3n: la Argentina contradice a sus vecinos."},"content":{"rendered":"<p class=\"qtranxs-available-languages-message qtranxs-available-languages-message-en\"> <\/p><p>La falta de ganado terminado para exportaci\u00f3n agudiza la suba en la Argentina. Mientras tanto, las cotizaciones bajaron en los otros socios del Mercosur, mejorando su competitividad internacional.<\/p>\n<p>En la semana terminada el 15 de noviembre, mientras los precios del novillo en la Argentina subieron el 7% en d\u00f3lares para los exportadores y el 8% para los productores (por las diferencias entre el mercado de cambios oficial y paralelo) con respecto a 10 d\u00edas atr\u00e1s, en Brasil bajaron el 2%, en Uruguay el 1% y en Paraguay el 7%.<\/p>\n<p>En la Argentina se agudiz\u00f3 el faltante de las categor\u00edas pesadas que demanda la exportaci\u00f3n (novillos y vacas) por diversas razones. Esto lanz\u00f3 a todos los frigor\u00edficos a levantar en casi dos pesos los precios ofrecidos, que hoy promedian los $ 22,40 por kilo en gancho.<\/p>\n<p>Otra consecuencia de la escasez es que casi todos los frigor\u00edficos exportadores han estado salte\u00e1ndose alg\u00fan d\u00eda de faena por semana. As\u00ed, intentan evitar operatorias con un n\u00famero de cabezas inferior al econ\u00f3micamente conveniente. En promedio, ese sector de la industria est\u00e1 trabajando en un 70% de su capacidad.<\/p>\n<p>Fuentes de algunos frigor\u00edficos estiman que, tras estos aumentos, se ha llegado a un nivel de precios de equilibrio por el que se transitar\u00e1 en las pr\u00f3ximas semanas. La idea se basa en la mejor condici\u00f3n de los campos para terminar los animales un poco m\u00e1s pesados y en la desmentida de las versiones sobre una posible baja de los derechos de exportaci\u00f3n.<\/p>\n<p><i>Los otros socios <\/i><br \/>En Paraguay, tras el aumento sustancial de hace 15 d\u00edas, la industria presion\u00f3 para bajar las cotizaciones, retrotray\u00e9ndolas al nivel de 20 d\u00edas atr\u00e1s.<\/p>\n<p>En Brasil, el precio se mantuvo en reales pero registr\u00f3 una peque\u00f1a baja en d\u00f3lares debido a la apreciaci\u00f3n de la moneda estadounidense, que pas\u00f3 de R$ 2,30 a R$ 2,33\/2,34.<\/p>\n<p>En Uruguay, despu\u00e9s de 22 semanas consecutivas en que la faena rondaba en torno a las 30 mil cabezas semanales, en las \u00faltimas dos semanas trep\u00f3 a 40 mil en cada una, volviendo a los niveles observados hasta mayo.<\/p>\n<p>Este movimiento consolid\u00f3 la ca\u00edda de precios que hab\u00eda empezado a insinuarse a fines de agosto y dio origen a un fuerte debate p\u00fablico entre el sector de la producci\u00f3n y el de la industria. La situaci\u00f3n gener\u00f3 bajas en el precio de la carne al p\u00fablico e hizo terciar al Gobierno que agiliz\u00f3 la exportaci\u00f3n de terneros en pie como modo de mantener condiciones de competencia en la demanda de ganado.<\/p>\n<p>Con todos estos movimientos, los precios en Brasil, Paraguay y Uruguay quedan m\u00e1s alineados entre s\u00ed y el de la Argentina m\u00e1s discrepante a los efectos de la exportaci\u00f3n.<\/p>\n<p><i>El costo argentino<\/i><br \/>Con la actual cotizaci\u00f3n del novillo, los exportadores argentinos tienen un costo&nbsp; similar al de EE.UU. aunque con un acceso a mercados mucho m\u00e1s reducido. Por este motivo es muy probable que la tendencia al aumento de las colocaciones observada desde julio se vea limitada.<\/p>\n<p>Finalmente, los ganaderos argentinos vieron mejorar sus ingresos en d\u00f3lares, aunque todav\u00eda se encuentran un 30% por debajo del de sus vecinos.<\/p>\n<p><i>C\u00f3mo se calculan los precios<\/i><br \/>El seguimiento del valor del novillo gordo en la regi\u00f3n realizado por Valor Carne es una forma de estimar la competitividad exportadora de cada uno de los cuatro pa\u00edses ganaderos del Mercosur.<\/p>\n<p>Los precios se calculan de acuerdo al promedio pagado por la categor\u00eda, dividido por el tipo de cambio entre las monedas locales y el d\u00f3lar de los EE.UU.<\/p>\n<p>En el caso de la Argentina, en \u0093D\u00f3lar para exportar\u0094 se considera el costo de la materia prima para un frigor\u00edfico tomando el tipo de cambio oficial, los derechos de exportaci\u00f3n del 15% y la influencia promedio del esquema de \u0093barata\u0094. En tanto, en \u0093D\u00f3lar para el productor\u0094 se muestra el ingreso del ganadero medido seg\u00fan la cotizaci\u00f3n del mercado paralelo de cambios.<\/p>\n<p>En Brasil, Paraguay y Uruguay, pa\u00edses que no tienen estas distorsiones ni la brecha entre el mercado cambiario oficial y el informal, ambos valores coinciden.<\/p>\n<p>Fuente: Valor carne, 20 de noviembre.<br \/><\/p>","protected":false},"excerpt":{"rendered":"<p>La falta de ganado terminado para exportaci\u00f3n agudiza la suba en la Argentina. Mientras tanto, las cotizaciones bajaron en los otros socios del Mercosur, mejorando su competitividad internacional. En la semana terminada el 15 de noviembre, mientras los precios del novillo en la Argentina subieron el 7% en d\u00f3lares para los exportadores y el 8% para los productores (por las diferencias entre el mercado de cambios oficial y paralelo) con respecto a 10 d\u00edas atr\u00e1s, en Brasil bajaron el 2%, en Uruguay el 1% y en Paraguay el 7%. En la Argentina se agudiz\u00f3 el faltante de las categor\u00edas pesadas que demanda la exportaci\u00f3n (novillos y vacas) por diversas razones. Esto lanz\u00f3 a todos los frigor\u00edficos a levantar en casi dos pesos los precios ofrecidos, que hoy promedian los $ 22,40 por kilo en gancho. Otra consecuencia de la escasez es que casi todos los frigor\u00edficos exportadores han estado salte\u00e1ndose alg\u00fan d\u00eda de faena por semana. As\u00ed, intentan evitar operatorias con un n\u00famero de cabezas inferior al econ\u00f3micamente conveniente. En promedio, ese sector de la industria est\u00e1 trabajando en un 70% de su capacidad. Fuentes de algunos frigor\u00edficos estiman que, tras estos aumentos, se ha llegado a un nivel de [&hellip;]<\/p>\n","protected":false},"author":2,"featured_media":2310,"comment_status":"closed","ping_status":"open","sticky":false,"template":"","format":"standard","meta":{"_acf_changed":false,"footnotes":""},"categories":[56],"tags":[],"class_list":["post-5823","post","type-post","status-publish","format-standard","has-post-thumbnail","hentry","category-infoganadero"],"acf":[],"yoast_head":"<!-- This site is optimized with the Yoast SEO plugin v27.4 - https:\/\/yoast.com\/product\/yoast-seo-wordpress\/ -->\n<title>Precios en la regi\u00f3n: la Argentina contradice a sus vecinos. | Proagro<\/title>\n<meta name=\"robots\" content=\"index, follow, max-snippet:-1, max-image-preview:large, max-video-preview:-1\" \/>\n<link rel=\"canonical\" href=\"https:\/\/proagrolab.com.ar\/en\/precios-en-la-region-la-argentina-contradice-a-sus-vecinos\/\" \/>\n<meta property=\"og:locale\" content=\"en_US\" \/>\n<meta property=\"og:type\" content=\"article\" \/>\n<meta property=\"og:title\" content=\"Precios en la regi\u00f3n: la Argentina contradice a sus vecinos. | Proagro\" \/>\n<meta property=\"og:description\" content=\"La falta de ganado terminado para exportaci\u00f3n agudiza la suba en la Argentina. Mientras tanto, las cotizaciones bajaron en los otros socios del Mercosur, mejorando su competitividad internacional. En la semana terminada el 15 de noviembre, mientras los precios del novillo en la Argentina subieron el 7% en d\u00f3lares para los exportadores y el 8% para los productores (por las diferencias entre el mercado de cambios oficial y paralelo) con respecto a 10 d\u00edas atr\u00e1s, en Brasil bajaron el 2%, en Uruguay el 1% y en Paraguay el 7%. En la Argentina se agudiz\u00f3 el faltante de las categor\u00edas pesadas que demanda la exportaci\u00f3n (novillos y vacas) por diversas razones. Esto lanz\u00f3 a todos los frigor\u00edficos a levantar en casi dos pesos los precios ofrecidos, que hoy promedian los $ 22,40 por kilo en gancho. Otra consecuencia de la escasez es que casi todos los frigor\u00edficos exportadores han estado salte\u00e1ndose alg\u00fan d\u00eda de faena por semana. As\u00ed, intentan evitar operatorias con un n\u00famero de cabezas inferior al econ\u00f3micamente conveniente. En promedio, ese sector de la industria est\u00e1 trabajando en un 70% de su capacidad. Fuentes de algunos frigor\u00edficos estiman que, tras estos aumentos, se ha llegado a un nivel de [&hellip;]\" \/>\n<meta property=\"og:url\" content=\"https:\/\/proagrolab.com.ar\/precios-en-la-region-la-argentina-contradice-a-sus-vecinos\/\" \/>\n<meta property=\"og:site_name\" content=\"Proagro\" \/>\n<meta property=\"article:publisher\" content=\"http:\/\/www.facebook.com\/proagrolab\" \/>\n<meta property=\"article:published_time\" content=\"2013-11-21T00:00:01+00:00\" \/>\n<meta property=\"og:image\" content=\"https:\/\/proagrolab.com.ar\/wp-content\/uploads\/2015\/01\/g_q677ma68s__Bovinos-pasturas.jpg\" \/>\n\t<meta property=\"og:image:width\" content=\"450\" \/>\n\t<meta property=\"og:image:height\" content=\"208\" \/>\n\t<meta property=\"og:image:type\" content=\"image\/jpeg\" \/>\n<meta name=\"author\" content=\"proagrolab\" \/>\n<meta name=\"twitter:card\" content=\"summary_large_image\" \/>\n<meta name=\"twitter:label1\" content=\"Written by\" \/>\n\t<meta name=\"twitter:data1\" content=\"proagrolab\" \/>\n\t<meta name=\"twitter:label2\" content=\"Est. reading time\" \/>\n\t<meta name=\"twitter:data2\" content=\"4 minutes\" \/>\n<script type=\"application\/ld+json\" class=\"yoast-schema-graph\">{\"@context\":\"https:\\\/\\\/schema.org\",\"@graph\":[{\"@type\":\"Article\",\"@id\":\"https:\\\/\\\/proagrolab.com.ar\\\/precios-en-la-region-la-argentina-contradice-a-sus-vecinos\\\/#article\",\"isPartOf\":{\"@id\":\"https:\\\/\\\/proagrolab.com.ar\\\/precios-en-la-region-la-argentina-contradice-a-sus-vecinos\\\/\"},\"author\":{\"name\":\"proagrolab\",\"@id\":\"https:\\\/\\\/proagrolab.com.ar\\\/#\\\/schema\\\/person\\\/38003ff90bf80381f71c7d922d207444\"},\"headline\":\"Precios en la regi\u00f3n: la Argentina contradice a sus vecinos.\",\"datePublished\":\"2013-11-21T00:00:01+00:00\",\"mainEntityOfPage\":{\"@id\":\"https:\\\/\\\/proagrolab.com.ar\\\/precios-en-la-region-la-argentina-contradice-a-sus-vecinos\\\/\"},\"wordCount\":720,\"publisher\":{\"@id\":\"https:\\\/\\\/proagrolab.com.ar\\\/#organization\"},\"image\":{\"@id\":\"https:\\\/\\\/proagrolab.com.ar\\\/precios-en-la-region-la-argentina-contradice-a-sus-vecinos\\\/#primaryimage\"},\"thumbnailUrl\":\"https:\\\/\\\/proagrolab.com.ar\\\/wp-content\\\/uploads\\\/2015\\\/01\\\/g_q677ma68s__Bovinos-pasturas.jpg\",\"articleSection\":[\"News\"],\"inLanguage\":\"en-US\"},{\"@type\":\"WebPage\",\"@id\":\"https:\\\/\\\/proagrolab.com.ar\\\/precios-en-la-region-la-argentina-contradice-a-sus-vecinos\\\/\",\"url\":\"https:\\\/\\\/proagrolab.com.ar\\\/precios-en-la-region-la-argentina-contradice-a-sus-vecinos\\\/\",\"name\":\"Precios en la regi\u00f3n: la Argentina contradice a sus vecinos. | Proagro\",\"isPartOf\":{\"@id\":\"https:\\\/\\\/proagrolab.com.ar\\\/#website\"},\"primaryImageOfPage\":{\"@id\":\"https:\\\/\\\/proagrolab.com.ar\\\/precios-en-la-region-la-argentina-contradice-a-sus-vecinos\\\/#primaryimage\"},\"image\":{\"@id\":\"https:\\\/\\\/proagrolab.com.ar\\\/precios-en-la-region-la-argentina-contradice-a-sus-vecinos\\\/#primaryimage\"},\"thumbnailUrl\":\"https:\\\/\\\/proagrolab.com.ar\\\/wp-content\\\/uploads\\\/2015\\\/01\\\/g_q677ma68s__Bovinos-pasturas.jpg\",\"datePublished\":\"2013-11-21T00:00:01+00:00\",\"breadcrumb\":{\"@id\":\"https:\\\/\\\/proagrolab.com.ar\\\/precios-en-la-region-la-argentina-contradice-a-sus-vecinos\\\/#breadcrumb\"},\"inLanguage\":\"en-US\",\"potentialAction\":[{\"@type\":\"ReadAction\",\"target\":[\"https:\\\/\\\/proagrolab.com.ar\\\/precios-en-la-region-la-argentina-contradice-a-sus-vecinos\\\/\"]}]},{\"@type\":\"ImageObject\",\"inLanguage\":\"en-US\",\"@id\":\"https:\\\/\\\/proagrolab.com.ar\\\/precios-en-la-region-la-argentina-contradice-a-sus-vecinos\\\/#primaryimage\",\"url\":\"https:\\\/\\\/proagrolab.com.ar\\\/wp-content\\\/uploads\\\/2015\\\/01\\\/g_q677ma68s__Bovinos-pasturas.jpg\",\"contentUrl\":\"https:\\\/\\\/proagrolab.com.ar\\\/wp-content\\\/uploads\\\/2015\\\/01\\\/g_q677ma68s__Bovinos-pasturas.jpg\",\"width\":450,\"height\":208},{\"@type\":\"BreadcrumbList\",\"@id\":\"https:\\\/\\\/proagrolab.com.ar\\\/precios-en-la-region-la-argentina-contradice-a-sus-vecinos\\\/#breadcrumb\",\"itemListElement\":[{\"@type\":\"ListItem\",\"position\":1,\"name\":\"Portada\",\"item\":\"https:\\\/\\\/proagrolab.com.ar\\\/\"},{\"@type\":\"ListItem\",\"position\":2,\"name\":\"Precios en la regi\u00f3n: la Argentina contradice a sus vecinos.\"}]},{\"@type\":\"WebSite\",\"@id\":\"https:\\\/\\\/proagrolab.com.ar\\\/#website\",\"url\":\"https:\\\/\\\/proagrolab.com.ar\\\/\",\"name\":\"Proagro Laboratorio Veterinario\",\"description\":\"Veterinary laboratory\",\"publisher\":{\"@id\":\"https:\\\/\\\/proagrolab.com.ar\\\/#organization\"},\"potentialAction\":[{\"@type\":\"SearchAction\",\"target\":{\"@type\":\"EntryPoint\",\"urlTemplate\":\"https:\\\/\\\/proagrolab.com.ar\\\/?s={search_term_string}\"},\"query-input\":{\"@type\":\"PropertyValueSpecification\",\"valueRequired\":true,\"valueName\":\"search_term_string\"}}],\"inLanguage\":\"en-US\"},{\"@type\":\"Organization\",\"@id\":\"https:\\\/\\\/proagrolab.com.ar\\\/#organization\",\"name\":\"Proagro\",\"url\":\"https:\\\/\\\/proagrolab.com.ar\\\/\",\"logo\":{\"@type\":\"ImageObject\",\"inLanguage\":\"en-US\",\"@id\":\"https:\\\/\\\/proagrolab.com.ar\\\/#\\\/schema\\\/logo\\\/image\\\/\",\"url\":\"https:\\\/\\\/proagrolab.com.ar\\\/wp-content\\\/uploads\\\/2020\\\/04\\\/logo-retina.png\",\"contentUrl\":\"https:\\\/\\\/proagrolab.com.ar\\\/wp-content\\\/uploads\\\/2020\\\/04\\\/logo-retina.png\",\"width\":478,\"height\":120,\"caption\":\"Proagro\"},\"image\":{\"@id\":\"https:\\\/\\\/proagrolab.com.ar\\\/#\\\/schema\\\/logo\\\/image\\\/\"},\"sameAs\":[\"http:\\\/\\\/www.facebook.com\\\/proagrolab\",\"https:\\\/\\\/www.instagram.com\\\/proagrolab\\\/\",\"https:\\\/\\\/www.linkedin.com\\\/company\\\/laboratorio-proagro-s-a\\\/\"]},{\"@type\":\"Person\",\"@id\":\"https:\\\/\\\/proagrolab.com.ar\\\/#\\\/schema\\\/person\\\/38003ff90bf80381f71c7d922d207444\",\"name\":\"proagrolab\"}]}<\/script>\n<!-- \/ Yoast SEO plugin. -->","yoast_head_json":{"title":"Precios en la regi\u00f3n: la Argentina contradice a sus vecinos. | Proagro","robots":{"index":"index","follow":"follow","max-snippet":"max-snippet:-1","max-image-preview":"max-image-preview:large","max-video-preview":"max-video-preview:-1"},"canonical":"https:\/\/proagrolab.com.ar\/en\/precios-en-la-region-la-argentina-contradice-a-sus-vecinos\/","og_locale":"en_US","og_type":"article","og_title":"Precios en la regi\u00f3n: la Argentina contradice a sus vecinos. | Proagro","og_description":"La falta de ganado terminado para exportaci\u00f3n agudiza la suba en la Argentina. Mientras tanto, las cotizaciones bajaron en los otros socios del Mercosur, mejorando su competitividad internacional. En la semana terminada el 15 de noviembre, mientras los precios del novillo en la Argentina subieron el 7% en d\u00f3lares para los exportadores y el 8% para los productores (por las diferencias entre el mercado de cambios oficial y paralelo) con respecto a 10 d\u00edas atr\u00e1s, en Brasil bajaron el 2%, en Uruguay el 1% y en Paraguay el 7%. En la Argentina se agudiz\u00f3 el faltante de las categor\u00edas pesadas que demanda la exportaci\u00f3n (novillos y vacas) por diversas razones. Esto lanz\u00f3 a todos los frigor\u00edficos a levantar en casi dos pesos los precios ofrecidos, que hoy promedian los $ 22,40 por kilo en gancho. Otra consecuencia de la escasez es que casi todos los frigor\u00edficos exportadores han estado salte\u00e1ndose alg\u00fan d\u00eda de faena por semana. As\u00ed, intentan evitar operatorias con un n\u00famero de cabezas inferior al econ\u00f3micamente conveniente. En promedio, ese sector de la industria est\u00e1 trabajando en un 70% de su capacidad. Fuentes de algunos frigor\u00edficos estiman que, tras estos aumentos, se ha llegado a un nivel de [&hellip;]","og_url":"https:\/\/proagrolab.com.ar\/precios-en-la-region-la-argentina-contradice-a-sus-vecinos\/","og_site_name":"Proagro","article_publisher":"http:\/\/www.facebook.com\/proagrolab","article_published_time":"2013-11-21T00:00:01+00:00","og_image":[{"width":450,"height":208,"url":"https:\/\/proagrolab.com.ar\/wp-content\/uploads\/2015\/01\/g_q677ma68s__Bovinos-pasturas.jpg","type":"image\/jpeg"}],"author":"proagrolab","twitter_card":"summary_large_image","twitter_misc":{"Written by":"proagrolab","Est. reading time":"4 minutes"},"schema":{"@context":"https:\/\/schema.org","@graph":[{"@type":"Article","@id":"https:\/\/proagrolab.com.ar\/precios-en-la-region-la-argentina-contradice-a-sus-vecinos\/#article","isPartOf":{"@id":"https:\/\/proagrolab.com.ar\/precios-en-la-region-la-argentina-contradice-a-sus-vecinos\/"},"author":{"name":"proagrolab","@id":"https:\/\/proagrolab.com.ar\/#\/schema\/person\/38003ff90bf80381f71c7d922d207444"},"headline":"Precios en la regi\u00f3n: la Argentina contradice a sus vecinos.","datePublished":"2013-11-21T00:00:01+00:00","mainEntityOfPage":{"@id":"https:\/\/proagrolab.com.ar\/precios-en-la-region-la-argentina-contradice-a-sus-vecinos\/"},"wordCount":720,"publisher":{"@id":"https:\/\/proagrolab.com.ar\/#organization"},"image":{"@id":"https:\/\/proagrolab.com.ar\/precios-en-la-region-la-argentina-contradice-a-sus-vecinos\/#primaryimage"},"thumbnailUrl":"https:\/\/proagrolab.com.ar\/wp-content\/uploads\/2015\/01\/g_q677ma68s__Bovinos-pasturas.jpg","articleSection":["News"],"inLanguage":"en-US"},{"@type":"WebPage","@id":"https:\/\/proagrolab.com.ar\/precios-en-la-region-la-argentina-contradice-a-sus-vecinos\/","url":"https:\/\/proagrolab.com.ar\/precios-en-la-region-la-argentina-contradice-a-sus-vecinos\/","name":"Precios en la regi\u00f3n: la Argentina contradice a sus vecinos. | Proagro","isPartOf":{"@id":"https:\/\/proagrolab.com.ar\/#website"},"primaryImageOfPage":{"@id":"https:\/\/proagrolab.com.ar\/precios-en-la-region-la-argentina-contradice-a-sus-vecinos\/#primaryimage"},"image":{"@id":"https:\/\/proagrolab.com.ar\/precios-en-la-region-la-argentina-contradice-a-sus-vecinos\/#primaryimage"},"thumbnailUrl":"https:\/\/proagrolab.com.ar\/wp-content\/uploads\/2015\/01\/g_q677ma68s__Bovinos-pasturas.jpg","datePublished":"2013-11-21T00:00:01+00:00","breadcrumb":{"@id":"https:\/\/proagrolab.com.ar\/precios-en-la-region-la-argentina-contradice-a-sus-vecinos\/#breadcrumb"},"inLanguage":"en-US","potentialAction":[{"@type":"ReadAction","target":["https:\/\/proagrolab.com.ar\/precios-en-la-region-la-argentina-contradice-a-sus-vecinos\/"]}]},{"@type":"ImageObject","inLanguage":"en-US","@id":"https:\/\/proagrolab.com.ar\/precios-en-la-region-la-argentina-contradice-a-sus-vecinos\/#primaryimage","url":"https:\/\/proagrolab.com.ar\/wp-content\/uploads\/2015\/01\/g_q677ma68s__Bovinos-pasturas.jpg","contentUrl":"https:\/\/proagrolab.com.ar\/wp-content\/uploads\/2015\/01\/g_q677ma68s__Bovinos-pasturas.jpg","width":450,"height":208},{"@type":"BreadcrumbList","@id":"https:\/\/proagrolab.com.ar\/precios-en-la-region-la-argentina-contradice-a-sus-vecinos\/#breadcrumb","itemListElement":[{"@type":"ListItem","position":1,"name":"Portada","item":"https:\/\/proagrolab.com.ar\/"},{"@type":"ListItem","position":2,"name":"Precios en la regi\u00f3n: la Argentina contradice a sus vecinos."}]},{"@type":"WebSite","@id":"https:\/\/proagrolab.com.ar\/#website","url":"https:\/\/proagrolab.com.ar\/","name":"Proagro Laboratorio Veterinario","description":"Veterinary laboratory","publisher":{"@id":"https:\/\/proagrolab.com.ar\/#organization"},"potentialAction":[{"@type":"SearchAction","target":{"@type":"EntryPoint","urlTemplate":"https:\/\/proagrolab.com.ar\/?s={search_term_string}"},"query-input":{"@type":"PropertyValueSpecification","valueRequired":true,"valueName":"search_term_string"}}],"inLanguage":"en-US"},{"@type":"Organization","@id":"https:\/\/proagrolab.com.ar\/#organization","name":"Proagro","url":"https:\/\/proagrolab.com.ar\/","logo":{"@type":"ImageObject","inLanguage":"en-US","@id":"https:\/\/proagrolab.com.ar\/#\/schema\/logo\/image\/","url":"https:\/\/proagrolab.com.ar\/wp-content\/uploads\/2020\/04\/logo-retina.png","contentUrl":"https:\/\/proagrolab.com.ar\/wp-content\/uploads\/2020\/04\/logo-retina.png","width":478,"height":120,"caption":"Proagro"},"image":{"@id":"https:\/\/proagrolab.com.ar\/#\/schema\/logo\/image\/"},"sameAs":["http:\/\/www.facebook.com\/proagrolab","https:\/\/www.instagram.com\/proagrolab\/","https:\/\/www.linkedin.com\/company\/laboratorio-proagro-s-a\/"]},{"@type":"Person","@id":"https:\/\/proagrolab.com.ar\/#\/schema\/person\/38003ff90bf80381f71c7d922d207444","name":"proagrolab"}]}},"_links":{"self":[{"href":"https:\/\/proagrolab.com.ar\/en\/wp-json\/wp\/v2\/posts\/5823","targetHints":{"allow":["GET"]}}],"collection":[{"href":"https:\/\/proagrolab.com.ar\/en\/wp-json\/wp\/v2\/posts"}],"about":[{"href":"https:\/\/proagrolab.com.ar\/en\/wp-json\/wp\/v2\/types\/post"}],"author":[{"embeddable":true,"href":"https:\/\/proagrolab.com.ar\/en\/wp-json\/wp\/v2\/users\/2"}],"replies":[{"embeddable":true,"href":"https:\/\/proagrolab.com.ar\/en\/wp-json\/wp\/v2\/comments?post=5823"}],"version-history":[{"count":0,"href":"https:\/\/proagrolab.com.ar\/en\/wp-json\/wp\/v2\/posts\/5823\/revisions"}],"wp:featuredmedia":[{"embeddable":true,"href":"https:\/\/proagrolab.com.ar\/en\/wp-json\/wp\/v2\/media\/2310"}],"wp:attachment":[{"href":"https:\/\/proagrolab.com.ar\/en\/wp-json\/wp\/v2\/media?parent=5823"}],"wp:term":[{"taxonomy":"category","embeddable":true,"href":"https:\/\/proagrolab.com.ar\/en\/wp-json\/wp\/v2\/categories?post=5823"},{"taxonomy":"post_tag","embeddable":true,"href":"https:\/\/proagrolab.com.ar\/en\/wp-json\/wp\/v2\/tags?post=5823"}],"curies":[{"name":"wp","href":"https:\/\/api.w.org\/{rel}","templated":true}]}}