{"id":5819,"date":"2013-11-20T00:00:01","date_gmt":"2013-11-20T00:00:01","guid":{"rendered":"https:\/\/proagrolab.com.ar\/el-campo-pide-cambiar-las-politicas-que-aplico-moreno\/"},"modified":"2013-11-20T00:00:01","modified_gmt":"2013-11-20T00:00:01","slug":"el-campo-pide-cambiar-las-politicas-que-aplico-moreno","status":"publish","type":"post","link":"https:\/\/proagrolab.com.ar\/en\/el-campo-pide-cambiar-las-politicas-que-aplico-moreno\/","title":{"rendered":"El campo pide cambiar las pol\u00edticas que aplic\u00f3 Moreno."},"content":{"rendered":"<p class=\"qtranxs-available-languages-message qtranxs-available-languages-message-en\"> <\/p><p>Los dirigentes evaluaron como positiva su salida; la Comisi\u00f3n de Enlace quiere una audiencia con el nuevo ministro de Agricultura.<\/p>\n<p>Por Fernando Bertello.<\/p>\n<p>La Comisi\u00f3n de Enlace recibi\u00f3 con alivio la salida del Gobierno del secretario de Comercio Interior, Guillermo Moreno, el funcionario que en los \u00faltimos siete a\u00f1os intervino con mano de hierro en los mercados de granos y carnes y en el control de las exportaciones del campo, pero reclam\u00f3 un cambio de pol\u00edticas para el sector.<\/p>\n<p>Para el agro, la herencia de Moreno es pesada. Por su intervenci\u00f3n controlando los precios, la ganader\u00eda perdi\u00f3 doce millones de cabezas, cerraron m\u00e1s de 120 plantas frigor\u00edficas y el pa\u00eds pas\u00f3 de ser el tercer exportador de carne del mundo al puesto n\u00famero once. En trigo, la siembra se redujo en m\u00e1s de 2,8 millones de hect\u00e1reas, porque al eliminar la competencia permanente entre molinos y exportadores y cuotificar las ventas al exterior, los productores perd\u00edan en los precios y ya no ten\u00edan incentivos en sembrar.<\/p>\n<p>Moreno manej\u00f3 los permisos para exportar del agro conocidos como ROE, y decisiones que antes se tomaban en el Ministerio de Agricultura pasaron a su despacho. Queda por ver qu\u00e9 ocurrir\u00e1 con todo el sistema de control sobre el agro que ejerc\u00eda Moreno.<\/p>\n<p>&#8220;Renunci\u00f3 el funcionario que m\u00e1s da\u00f1o le hizo al campo en los \u00faltimos 10 a\u00f1os&#8221;, dijo Luis Miguel Etchevehere, presidente de la Sociedad Rural Argentina (SRA), que integra la Comisi\u00f3n de Enlace junto a Confederaciones Rurales Argentinas (CRA), Coninagro y Federaci\u00f3n Agraria Argentina (FAA).<\/p>\n<p>Rub\u00e9n Ferrero, presidente de CRA, expres\u00f3: &#8220;Esperemos que lleguen la racionalidad y la sensatez a la Argentina y al mercado. Que haya transparencia y previsibilidad y que este se\u00f1or [por Moreno] no sea reemplazado por otro de las mismas caracter\u00edsticas&#8221;.<\/p>\n<p>Carlos Garetto, presidente de Coninagro, subray\u00f3 que Moreno &#8220;mostr\u00f3 fracasos en el sector agropecuario&#8221;. Y remarc\u00f3: &#8220;Perdimos cabezas de ganado y producci\u00f3n de trigo por la intervenci\u00f3n distorsiva&#8221;.<\/p>\n<p><i>El nuevo ministro<\/i><br \/>Para Eduardo Buzzi, presidente de FAA, la renuncia de Moreno &#8220;oxigena&#8221; el gabinete. No obstante, pidi\u00f3 cambiar pol\u00edticas. &#8220;No es cuesti\u00f3n de cambiar de nombre, sino de pol\u00edticas&#8221;, afirm\u00f3.<\/p>\n<p>Para Buzzi, el nuevo ministro de Agricultura, Carlos Casamiquela, &#8220;sin Moreno puede tener una gesti\u00f3n diferente&#8221;.<\/p>\n<p>El presidente de FAA anticip\u00f3 que la Comisi\u00f3n de Enlace le solicitar\u00e1 una audiencia al nuevo ministro. <\/p>\n<p>Ayer, Casamiquela, ex presidente del INTA, se encontraba definiendo los nombres de qui\u00e9nes lo acompa\u00f1ar\u00e1n en Agricultura. Trascendi\u00f3, por ejemplo, que el hoy secretario t\u00e9cnico del INTA, H\u00e9ctor Espina, podr\u00eda ser su jefe de gabinete o secretario de Agricultura.<\/p>\n<p>A todo esto, el jefe de gobierno porte\u00f1o, Mauricio Macri, que anoche asisti\u00f3 a la entrega del Premio LA NACION-Banco Galicia a la Excelencia Agropecuaria en la Rural, precis\u00f3 que esperaba que la persona que reemplace a Moreno &#8220;tenga mejores relaciones con el empresariado y con la sociedad&#8221;.<\/p>\n<p>Fuente: La Naci\u00f3n, 20 de noviembre.<br \/><\/p>","protected":false},"excerpt":{"rendered":"<p>Los dirigentes evaluaron como positiva su salida; la Comisi\u00f3n de Enlace quiere una audiencia con el nuevo ministro de Agricultura. Por Fernando Bertello. La Comisi\u00f3n de Enlace recibi\u00f3 con alivio la salida del Gobierno del secretario de Comercio Interior, Guillermo Moreno, el funcionario que en los \u00faltimos siete a\u00f1os intervino con mano de hierro en los mercados de granos y carnes y en el control de las exportaciones del campo, pero reclam\u00f3 un cambio de pol\u00edticas para el sector. Para el agro, la herencia de Moreno es pesada. Por su intervenci\u00f3n controlando los precios, la ganader\u00eda perdi\u00f3 doce millones de cabezas, cerraron m\u00e1s de 120 plantas frigor\u00edficas y el pa\u00eds pas\u00f3 de ser el tercer exportador de carne del mundo al puesto n\u00famero once. En trigo, la siembra se redujo en m\u00e1s de 2,8 millones de hect\u00e1reas, porque al eliminar la competencia permanente entre molinos y exportadores y cuotificar las ventas al exterior, los productores perd\u00edan en los precios y ya no ten\u00edan incentivos en sembrar. Moreno manej\u00f3 los permisos para exportar del agro conocidos como ROE, y decisiones que antes se tomaban en el Ministerio de Agricultura pasaron a su despacho. Queda por ver qu\u00e9 ocurrir\u00e1 con todo el [&hellip;]<\/p>\n","protected":false},"author":2,"featured_media":2306,"comment_status":"closed","ping_status":"open","sticky":false,"template":"","format":"standard","meta":{"_acf_changed":false,"footnotes":""},"categories":[56],"tags":[],"class_list":["post-5819","post","type-post","status-publish","format-standard","has-post-thumbnail","hentry","category-infoganadero"],"acf":[],"yoast_head":"<!-- This site is optimized with the Yoast SEO plugin v27.4 - https:\/\/yoast.com\/product\/yoast-seo-wordpress\/ -->\n<title>El campo pide cambiar las pol\u00edticas que aplic\u00f3 Moreno. | Proagro<\/title>\n<meta name=\"robots\" content=\"index, follow, max-snippet:-1, max-image-preview:large, max-video-preview:-1\" \/>\n<link rel=\"canonical\" href=\"https:\/\/proagrolab.com.ar\/en\/el-campo-pide-cambiar-las-politicas-que-aplico-moreno\/\" \/>\n<meta property=\"og:locale\" content=\"en_US\" \/>\n<meta property=\"og:type\" content=\"article\" \/>\n<meta property=\"og:title\" content=\"El campo pide cambiar las pol\u00edticas que aplic\u00f3 Moreno. | Proagro\" \/>\n<meta property=\"og:description\" content=\"Los dirigentes evaluaron como positiva su salida; la Comisi\u00f3n de Enlace quiere una audiencia con el nuevo ministro de Agricultura. Por Fernando Bertello. La Comisi\u00f3n de Enlace recibi\u00f3 con alivio la salida del Gobierno del secretario de Comercio Interior, Guillermo Moreno, el funcionario que en los \u00faltimos siete a\u00f1os intervino con mano de hierro en los mercados de granos y carnes y en el control de las exportaciones del campo, pero reclam\u00f3 un cambio de pol\u00edticas para el sector. Para el agro, la herencia de Moreno es pesada. Por su intervenci\u00f3n controlando los precios, la ganader\u00eda perdi\u00f3 doce millones de cabezas, cerraron m\u00e1s de 120 plantas frigor\u00edficas y el pa\u00eds pas\u00f3 de ser el tercer exportador de carne del mundo al puesto n\u00famero once. En trigo, la siembra se redujo en m\u00e1s de 2,8 millones de hect\u00e1reas, porque al eliminar la competencia permanente entre molinos y exportadores y cuotificar las ventas al exterior, los productores perd\u00edan en los precios y ya no ten\u00edan incentivos en sembrar. Moreno manej\u00f3 los permisos para exportar del agro conocidos como ROE, y decisiones que antes se tomaban en el Ministerio de Agricultura pasaron a su despacho. Queda por ver qu\u00e9 ocurrir\u00e1 con todo el [&hellip;]\" \/>\n<meta property=\"og:url\" content=\"https:\/\/proagrolab.com.ar\/el-campo-pide-cambiar-las-politicas-que-aplico-moreno\/\" \/>\n<meta property=\"og:site_name\" content=\"Proagro\" \/>\n<meta property=\"article:publisher\" content=\"http:\/\/www.facebook.com\/proagrolab\" \/>\n<meta property=\"article:published_time\" content=\"2013-11-20T00:00:01+00:00\" \/>\n<meta property=\"og:image\" content=\"https:\/\/proagrolab.com.ar\/wp-content\/uploads\/2015\/01\/g_ane6naixa__Mesa-de-enlace-2-2013.jpg\" \/>\n\t<meta property=\"og:image:width\" content=\"450\" \/>\n\t<meta property=\"og:image:height\" content=\"208\" \/>\n\t<meta property=\"og:image:type\" content=\"image\/jpeg\" \/>\n<meta name=\"author\" content=\"proagrolab\" \/>\n<meta name=\"twitter:card\" content=\"summary_large_image\" \/>\n<meta name=\"twitter:label1\" content=\"Written by\" \/>\n\t<meta name=\"twitter:data1\" content=\"proagrolab\" \/>\n\t<meta name=\"twitter:label2\" content=\"Est. reading time\" \/>\n\t<meta name=\"twitter:data2\" content=\"3 minutes\" \/>\n<script type=\"application\/ld+json\" class=\"yoast-schema-graph\">{\"@context\":\"https:\\\/\\\/schema.org\",\"@graph\":[{\"@type\":\"Article\",\"@id\":\"https:\\\/\\\/proagrolab.com.ar\\\/el-campo-pide-cambiar-las-politicas-que-aplico-moreno\\\/#article\",\"isPartOf\":{\"@id\":\"https:\\\/\\\/proagrolab.com.ar\\\/el-campo-pide-cambiar-las-politicas-que-aplico-moreno\\\/\"},\"author\":{\"name\":\"proagrolab\",\"@id\":\"https:\\\/\\\/proagrolab.com.ar\\\/#\\\/schema\\\/person\\\/38003ff90bf80381f71c7d922d207444\"},\"headline\":\"El campo pide cambiar las pol\u00edticas que aplic\u00f3 Moreno.\",\"datePublished\":\"2013-11-20T00:00:01+00:00\",\"mainEntityOfPage\":{\"@id\":\"https:\\\/\\\/proagrolab.com.ar\\\/el-campo-pide-cambiar-las-politicas-que-aplico-moreno\\\/\"},\"wordCount\":523,\"publisher\":{\"@id\":\"https:\\\/\\\/proagrolab.com.ar\\\/#organization\"},\"image\":{\"@id\":\"https:\\\/\\\/proagrolab.com.ar\\\/el-campo-pide-cambiar-las-politicas-que-aplico-moreno\\\/#primaryimage\"},\"thumbnailUrl\":\"https:\\\/\\\/proagrolab.com.ar\\\/wp-content\\\/uploads\\\/2015\\\/01\\\/g_ane6naixa__Mesa-de-enlace-2-2013.jpg\",\"articleSection\":[\"News\"],\"inLanguage\":\"en-US\"},{\"@type\":\"WebPage\",\"@id\":\"https:\\\/\\\/proagrolab.com.ar\\\/el-campo-pide-cambiar-las-politicas-que-aplico-moreno\\\/\",\"url\":\"https:\\\/\\\/proagrolab.com.ar\\\/el-campo-pide-cambiar-las-politicas-que-aplico-moreno\\\/\",\"name\":\"El campo pide cambiar las pol\u00edticas que aplic\u00f3 Moreno. | Proagro\",\"isPartOf\":{\"@id\":\"https:\\\/\\\/proagrolab.com.ar\\\/#website\"},\"primaryImageOfPage\":{\"@id\":\"https:\\\/\\\/proagrolab.com.ar\\\/el-campo-pide-cambiar-las-politicas-que-aplico-moreno\\\/#primaryimage\"},\"image\":{\"@id\":\"https:\\\/\\\/proagrolab.com.ar\\\/el-campo-pide-cambiar-las-politicas-que-aplico-moreno\\\/#primaryimage\"},\"thumbnailUrl\":\"https:\\\/\\\/proagrolab.com.ar\\\/wp-content\\\/uploads\\\/2015\\\/01\\\/g_ane6naixa__Mesa-de-enlace-2-2013.jpg\",\"datePublished\":\"2013-11-20T00:00:01+00:00\",\"breadcrumb\":{\"@id\":\"https:\\\/\\\/proagrolab.com.ar\\\/el-campo-pide-cambiar-las-politicas-que-aplico-moreno\\\/#breadcrumb\"},\"inLanguage\":\"en-US\",\"potentialAction\":[{\"@type\":\"ReadAction\",\"target\":[\"https:\\\/\\\/proagrolab.com.ar\\\/el-campo-pide-cambiar-las-politicas-que-aplico-moreno\\\/\"]}]},{\"@type\":\"ImageObject\",\"inLanguage\":\"en-US\",\"@id\":\"https:\\\/\\\/proagrolab.com.ar\\\/el-campo-pide-cambiar-las-politicas-que-aplico-moreno\\\/#primaryimage\",\"url\":\"https:\\\/\\\/proagrolab.com.ar\\\/wp-content\\\/uploads\\\/2015\\\/01\\\/g_ane6naixa__Mesa-de-enlace-2-2013.jpg\",\"contentUrl\":\"https:\\\/\\\/proagrolab.com.ar\\\/wp-content\\\/uploads\\\/2015\\\/01\\\/g_ane6naixa__Mesa-de-enlace-2-2013.jpg\",\"width\":450,\"height\":208},{\"@type\":\"BreadcrumbList\",\"@id\":\"https:\\\/\\\/proagrolab.com.ar\\\/el-campo-pide-cambiar-las-politicas-que-aplico-moreno\\\/#breadcrumb\",\"itemListElement\":[{\"@type\":\"ListItem\",\"position\":1,\"name\":\"Portada\",\"item\":\"https:\\\/\\\/proagrolab.com.ar\\\/\"},{\"@type\":\"ListItem\",\"position\":2,\"name\":\"El campo pide cambiar las pol\u00edticas que aplic\u00f3 Moreno.\"}]},{\"@type\":\"WebSite\",\"@id\":\"https:\\\/\\\/proagrolab.com.ar\\\/#website\",\"url\":\"https:\\\/\\\/proagrolab.com.ar\\\/\",\"name\":\"Proagro Laboratorio Veterinario\",\"description\":\"Veterinary laboratory\",\"publisher\":{\"@id\":\"https:\\\/\\\/proagrolab.com.ar\\\/#organization\"},\"potentialAction\":[{\"@type\":\"SearchAction\",\"target\":{\"@type\":\"EntryPoint\",\"urlTemplate\":\"https:\\\/\\\/proagrolab.com.ar\\\/?s={search_term_string}\"},\"query-input\":{\"@type\":\"PropertyValueSpecification\",\"valueRequired\":true,\"valueName\":\"search_term_string\"}}],\"inLanguage\":\"en-US\"},{\"@type\":\"Organization\",\"@id\":\"https:\\\/\\\/proagrolab.com.ar\\\/#organization\",\"name\":\"Proagro\",\"url\":\"https:\\\/\\\/proagrolab.com.ar\\\/\",\"logo\":{\"@type\":\"ImageObject\",\"inLanguage\":\"en-US\",\"@id\":\"https:\\\/\\\/proagrolab.com.ar\\\/#\\\/schema\\\/logo\\\/image\\\/\",\"url\":\"https:\\\/\\\/proagrolab.com.ar\\\/wp-content\\\/uploads\\\/2020\\\/04\\\/logo-retina.png\",\"contentUrl\":\"https:\\\/\\\/proagrolab.com.ar\\\/wp-content\\\/uploads\\\/2020\\\/04\\\/logo-retina.png\",\"width\":478,\"height\":120,\"caption\":\"Proagro\"},\"image\":{\"@id\":\"https:\\\/\\\/proagrolab.com.ar\\\/#\\\/schema\\\/logo\\\/image\\\/\"},\"sameAs\":[\"http:\\\/\\\/www.facebook.com\\\/proagrolab\",\"https:\\\/\\\/www.instagram.com\\\/proagrolab\\\/\",\"https:\\\/\\\/www.linkedin.com\\\/company\\\/laboratorio-proagro-s-a\\\/\"]},{\"@type\":\"Person\",\"@id\":\"https:\\\/\\\/proagrolab.com.ar\\\/#\\\/schema\\\/person\\\/38003ff90bf80381f71c7d922d207444\",\"name\":\"proagrolab\"}]}<\/script>\n<!-- \/ Yoast SEO plugin. -->","yoast_head_json":{"title":"El campo pide cambiar las pol\u00edticas que aplic\u00f3 Moreno. | Proagro","robots":{"index":"index","follow":"follow","max-snippet":"max-snippet:-1","max-image-preview":"max-image-preview:large","max-video-preview":"max-video-preview:-1"},"canonical":"https:\/\/proagrolab.com.ar\/en\/el-campo-pide-cambiar-las-politicas-que-aplico-moreno\/","og_locale":"en_US","og_type":"article","og_title":"El campo pide cambiar las pol\u00edticas que aplic\u00f3 Moreno. | Proagro","og_description":"Los dirigentes evaluaron como positiva su salida; la Comisi\u00f3n de Enlace quiere una audiencia con el nuevo ministro de Agricultura. Por Fernando Bertello. La Comisi\u00f3n de Enlace recibi\u00f3 con alivio la salida del Gobierno del secretario de Comercio Interior, Guillermo Moreno, el funcionario que en los \u00faltimos siete a\u00f1os intervino con mano de hierro en los mercados de granos y carnes y en el control de las exportaciones del campo, pero reclam\u00f3 un cambio de pol\u00edticas para el sector. Para el agro, la herencia de Moreno es pesada. Por su intervenci\u00f3n controlando los precios, la ganader\u00eda perdi\u00f3 doce millones de cabezas, cerraron m\u00e1s de 120 plantas frigor\u00edficas y el pa\u00eds pas\u00f3 de ser el tercer exportador de carne del mundo al puesto n\u00famero once. En trigo, la siembra se redujo en m\u00e1s de 2,8 millones de hect\u00e1reas, porque al eliminar la competencia permanente entre molinos y exportadores y cuotificar las ventas al exterior, los productores perd\u00edan en los precios y ya no ten\u00edan incentivos en sembrar. Moreno manej\u00f3 los permisos para exportar del agro conocidos como ROE, y decisiones que antes se tomaban en el Ministerio de Agricultura pasaron a su despacho. Queda por ver qu\u00e9 ocurrir\u00e1 con todo el [&hellip;]","og_url":"https:\/\/proagrolab.com.ar\/el-campo-pide-cambiar-las-politicas-que-aplico-moreno\/","og_site_name":"Proagro","article_publisher":"http:\/\/www.facebook.com\/proagrolab","article_published_time":"2013-11-20T00:00:01+00:00","og_image":[{"width":450,"height":208,"url":"https:\/\/proagrolab.com.ar\/wp-content\/uploads\/2015\/01\/g_ane6naixa__Mesa-de-enlace-2-2013.jpg","type":"image\/jpeg"}],"author":"proagrolab","twitter_card":"summary_large_image","twitter_misc":{"Written by":"proagrolab","Est. reading time":"3 minutes"},"schema":{"@context":"https:\/\/schema.org","@graph":[{"@type":"Article","@id":"https:\/\/proagrolab.com.ar\/el-campo-pide-cambiar-las-politicas-que-aplico-moreno\/#article","isPartOf":{"@id":"https:\/\/proagrolab.com.ar\/el-campo-pide-cambiar-las-politicas-que-aplico-moreno\/"},"author":{"name":"proagrolab","@id":"https:\/\/proagrolab.com.ar\/#\/schema\/person\/38003ff90bf80381f71c7d922d207444"},"headline":"El campo pide cambiar las pol\u00edticas que aplic\u00f3 Moreno.","datePublished":"2013-11-20T00:00:01+00:00","mainEntityOfPage":{"@id":"https:\/\/proagrolab.com.ar\/el-campo-pide-cambiar-las-politicas-que-aplico-moreno\/"},"wordCount":523,"publisher":{"@id":"https:\/\/proagrolab.com.ar\/#organization"},"image":{"@id":"https:\/\/proagrolab.com.ar\/el-campo-pide-cambiar-las-politicas-que-aplico-moreno\/#primaryimage"},"thumbnailUrl":"https:\/\/proagrolab.com.ar\/wp-content\/uploads\/2015\/01\/g_ane6naixa__Mesa-de-enlace-2-2013.jpg","articleSection":["News"],"inLanguage":"en-US"},{"@type":"WebPage","@id":"https:\/\/proagrolab.com.ar\/el-campo-pide-cambiar-las-politicas-que-aplico-moreno\/","url":"https:\/\/proagrolab.com.ar\/el-campo-pide-cambiar-las-politicas-que-aplico-moreno\/","name":"El campo pide cambiar las pol\u00edticas que aplic\u00f3 Moreno. | Proagro","isPartOf":{"@id":"https:\/\/proagrolab.com.ar\/#website"},"primaryImageOfPage":{"@id":"https:\/\/proagrolab.com.ar\/el-campo-pide-cambiar-las-politicas-que-aplico-moreno\/#primaryimage"},"image":{"@id":"https:\/\/proagrolab.com.ar\/el-campo-pide-cambiar-las-politicas-que-aplico-moreno\/#primaryimage"},"thumbnailUrl":"https:\/\/proagrolab.com.ar\/wp-content\/uploads\/2015\/01\/g_ane6naixa__Mesa-de-enlace-2-2013.jpg","datePublished":"2013-11-20T00:00:01+00:00","breadcrumb":{"@id":"https:\/\/proagrolab.com.ar\/el-campo-pide-cambiar-las-politicas-que-aplico-moreno\/#breadcrumb"},"inLanguage":"en-US","potentialAction":[{"@type":"ReadAction","target":["https:\/\/proagrolab.com.ar\/el-campo-pide-cambiar-las-politicas-que-aplico-moreno\/"]}]},{"@type":"ImageObject","inLanguage":"en-US","@id":"https:\/\/proagrolab.com.ar\/el-campo-pide-cambiar-las-politicas-que-aplico-moreno\/#primaryimage","url":"https:\/\/proagrolab.com.ar\/wp-content\/uploads\/2015\/01\/g_ane6naixa__Mesa-de-enlace-2-2013.jpg","contentUrl":"https:\/\/proagrolab.com.ar\/wp-content\/uploads\/2015\/01\/g_ane6naixa__Mesa-de-enlace-2-2013.jpg","width":450,"height":208},{"@type":"BreadcrumbList","@id":"https:\/\/proagrolab.com.ar\/el-campo-pide-cambiar-las-politicas-que-aplico-moreno\/#breadcrumb","itemListElement":[{"@type":"ListItem","position":1,"name":"Portada","item":"https:\/\/proagrolab.com.ar\/"},{"@type":"ListItem","position":2,"name":"El campo pide cambiar las pol\u00edticas que aplic\u00f3 Moreno."}]},{"@type":"WebSite","@id":"https:\/\/proagrolab.com.ar\/#website","url":"https:\/\/proagrolab.com.ar\/","name":"Proagro Laboratorio Veterinario","description":"Veterinary laboratory","publisher":{"@id":"https:\/\/proagrolab.com.ar\/#organization"},"potentialAction":[{"@type":"SearchAction","target":{"@type":"EntryPoint","urlTemplate":"https:\/\/proagrolab.com.ar\/?s={search_term_string}"},"query-input":{"@type":"PropertyValueSpecification","valueRequired":true,"valueName":"search_term_string"}}],"inLanguage":"en-US"},{"@type":"Organization","@id":"https:\/\/proagrolab.com.ar\/#organization","name":"Proagro","url":"https:\/\/proagrolab.com.ar\/","logo":{"@type":"ImageObject","inLanguage":"en-US","@id":"https:\/\/proagrolab.com.ar\/#\/schema\/logo\/image\/","url":"https:\/\/proagrolab.com.ar\/wp-content\/uploads\/2020\/04\/logo-retina.png","contentUrl":"https:\/\/proagrolab.com.ar\/wp-content\/uploads\/2020\/04\/logo-retina.png","width":478,"height":120,"caption":"Proagro"},"image":{"@id":"https:\/\/proagrolab.com.ar\/#\/schema\/logo\/image\/"},"sameAs":["http:\/\/www.facebook.com\/proagrolab","https:\/\/www.instagram.com\/proagrolab\/","https:\/\/www.linkedin.com\/company\/laboratorio-proagro-s-a\/"]},{"@type":"Person","@id":"https:\/\/proagrolab.com.ar\/#\/schema\/person\/38003ff90bf80381f71c7d922d207444","name":"proagrolab"}]}},"_links":{"self":[{"href":"https:\/\/proagrolab.com.ar\/en\/wp-json\/wp\/v2\/posts\/5819","targetHints":{"allow":["GET"]}}],"collection":[{"href":"https:\/\/proagrolab.com.ar\/en\/wp-json\/wp\/v2\/posts"}],"about":[{"href":"https:\/\/proagrolab.com.ar\/en\/wp-json\/wp\/v2\/types\/post"}],"author":[{"embeddable":true,"href":"https:\/\/proagrolab.com.ar\/en\/wp-json\/wp\/v2\/users\/2"}],"replies":[{"embeddable":true,"href":"https:\/\/proagrolab.com.ar\/en\/wp-json\/wp\/v2\/comments?post=5819"}],"version-history":[{"count":0,"href":"https:\/\/proagrolab.com.ar\/en\/wp-json\/wp\/v2\/posts\/5819\/revisions"}],"wp:featuredmedia":[{"embeddable":true,"href":"https:\/\/proagrolab.com.ar\/en\/wp-json\/wp\/v2\/media\/2306"}],"wp:attachment":[{"href":"https:\/\/proagrolab.com.ar\/en\/wp-json\/wp\/v2\/media?parent=5819"}],"wp:term":[{"taxonomy":"category","embeddable":true,"href":"https:\/\/proagrolab.com.ar\/en\/wp-json\/wp\/v2\/categories?post=5819"},{"taxonomy":"post_tag","embeddable":true,"href":"https:\/\/proagrolab.com.ar\/en\/wp-json\/wp\/v2\/tags?post=5819"}],"curies":[{"name":"wp","href":"https:\/\/api.w.org\/{rel}","templated":true}]}}