{"id":5816,"date":"2013-11-18T00:00:01","date_gmt":"2013-11-18T00:00:01","guid":{"rendered":"https:\/\/proagrolab.com.ar\/la-comision-de-enlace-levanta-el-perfil-con-un-informe-sobre-el-campo\/"},"modified":"2013-11-18T00:00:01","modified_gmt":"2013-11-18T00:00:01","slug":"la-comision-de-enlace-levanta-el-perfil-con-un-informe-sobre-el-campo","status":"publish","type":"post","link":"https:\/\/proagrolab.com.ar\/en\/la-comision-de-enlace-levanta-el-perfil-con-un-informe-sobre-el-campo\/","title":{"rendered":"La Comisi\u00f3n de Enlace levanta el perfil con un informe sobre el campo."},"content":{"rendered":"<p class=\"qtranxs-available-languages-message qtranxs-available-languages-message-en\"> <\/p><p>Buscar\u00e1 mostrar el potencial del sector a pol\u00edticos y entidades empresariales.<\/p>\n<p>Por Fernando Bertello.<\/p>\n<p>La Comisi\u00f3n de Enlace est\u00e1 preparando una acci\u00f3n para levantar su perfil pol\u00edtico. De cara al recambio de legisladores en el Congreso, la agrupaci\u00f3n que nuclea a las cuatro entidades empresariales del agro encarg\u00f3 un estudio para demostrar el potencial productivo del sector y su efecto en la econom\u00eda si no existieran las trabas actuales, como las retenciones y la intervenci\u00f3n del Gobierno a trav\u00e9s del control de las exportaciones.<\/p>\n<p>Confederaciones Rurales Argentinas (CRA), Sociedad Rural Argentina (SRA), Coninagro y Federaci\u00f3n Agraria Argentina (FAA), las entidades que integran la Comisi\u00f3n, le pidieron el informe a la Asociaci\u00f3n Argentina de Consorcios Regionales de Experimentaci\u00f3n Agr\u00edcola (Aacrea), una entidad t\u00e9cnica con empresarios del negocio agr\u00edcola.<\/p>\n<p>La Comisi\u00f3n de Enlace se reunir\u00e1 la pr\u00f3xima semana para analizar el documento final y definir la fecha de presentaci\u00f3n. En principio, se hablaba de darlo a conocer el 5 del mes pr\u00f3ximo, pero algunas fuentes sostienen que ser\u00e1 el 11, un d\u00eda despu\u00e9s de la asunci\u00f3n de los nuevos legisladores. De hecho, la agrupaci\u00f3n rural, que naci\u00f3 en 2008 en medio de los cortes de rutas de los productores por el intento del Gobierno de fijar retenciones m\u00f3viles, pretende convocar para la presentaci\u00f3n a pol\u00edticos, empresarios, a la Iglesia y a otros sectores sociales.<\/p>\n<p>Imaginan la asistencia de pol\u00edticos ligados al oficialismo, referentes de la oposici\u00f3n y probablemente de las principales c\u00e1maras empresariales, como la Uni\u00f3n Industrial Argentina y la Asociaci\u00f3n Empresaria Argentina (AEA), entre otras.<\/p>\n<p>&#8220;Lo vamos a tener para cuando asuman todos los legisladores y se los va a invitar para que puedan participar. Tienen que estar todos los sectores&#8221;, expres\u00f3 Julio Curr\u00e1s, vicepresidente primero de FAA. Y agreg\u00f3: &#8220;Queremos demostrar a d\u00f3nde podemos llegar, con datos muy precisos y concretos&#8221;.<\/p>\n<p>En el sector creen que, en el caso de la producci\u00f3n agr\u00edcola, se podr\u00edan alcanzar los 150 millones de toneladas de granos si se redujera la presi\u00f3n impositiva y las pol\u00edticas se orientaran a favorecer la producci\u00f3n. El documento podr\u00eda contar con un ejercicio sobre qu\u00e9 suceder\u00eda en materia de producci\u00f3n adicional si se eliminaran las retenciones en trigo, ma\u00edz y carne. Para estos tres productos, el costo fiscal de esta medida no superar\u00eda los US$ 1000 millones, calculan en el sector.<\/p>\n<p>En soja, que aporta una recaudaci\u00f3n por retenciones en torno de los US$ 1000 millones, los ruralistas creen que se podr\u00eda avanzar en una rebaja gradual. Y que tanto en la oleaginosa como en trigo, ma\u00edz y carne, en vez de perder por una eventual rebaja o eliminaci\u00f3n de los derechos de exportaci\u00f3n, el Estado recaudar\u00e1 m\u00e1s por el efecto de una mayor producci\u00f3n.<\/p>\n<p>Desde que se establecieron en 2002, las retenciones agr\u00edcolas dejaron en las arcas del Estado m\u00e1s de US$ 60.000 millones.<\/p>\n<p>Durante la gesti\u00f3n del actual jefe de la C\u00e1mara de Diputados, Juli\u00e1n Dom\u00ednguez, como ministro de Agricultura, el Gobierno traz\u00f3 un plan que pronosticaba una cosecha de 157,5 millones de toneladas para 2020. Pero ese plan, que sirvi\u00f3 m\u00e1s como una herramienta de campa\u00f1a de Dom\u00ednguez en las elecciones de 2011, no dec\u00eda con qu\u00e9 herramientas se podr\u00eda alcanzar esa cosecha. Fuentes del sector sostienen que si no hay un cambio en las pol\u00edticas actuales como mucho el campo podr\u00eda arrimarse a 120 millones de toneladas en 2020.<\/p>\n<p>No es la primera vez que la Comisi\u00f3n de Enlace le encarga un trabajo a Aacrea. Ya hizo estudios sobre la inversi\u00f3n del agro en los diferentes sectores productivos.<\/p>\n<p>Antes de las elecciones, los dirigentes gremiales realizaron asambleas de productores para escuchar sus problemas. Al parecer, antes de convocar a protestas, los ruralistas buscar\u00e1n el impacto con el documento en preparaci\u00f3n.<\/p>\n<p>Fuente: La Naci\u00f3n, 18 de noviembre.<br \/><\/p>","protected":false},"excerpt":{"rendered":"<p>Buscar\u00e1 mostrar el potencial del sector a pol\u00edticos y entidades empresariales. Por Fernando Bertello. La Comisi\u00f3n de Enlace est\u00e1 preparando una acci\u00f3n para levantar su perfil pol\u00edtico. De cara al recambio de legisladores en el Congreso, la agrupaci\u00f3n que nuclea a las cuatro entidades empresariales del agro encarg\u00f3 un estudio para demostrar el potencial productivo del sector y su efecto en la econom\u00eda si no existieran las trabas actuales, como las retenciones y la intervenci\u00f3n del Gobierno a trav\u00e9s del control de las exportaciones. Confederaciones Rurales Argentinas (CRA), Sociedad Rural Argentina (SRA), Coninagro y Federaci\u00f3n Agraria Argentina (FAA), las entidades que integran la Comisi\u00f3n, le pidieron el informe a la Asociaci\u00f3n Argentina de Consorcios Regionales de Experimentaci\u00f3n Agr\u00edcola (Aacrea), una entidad t\u00e9cnica con empresarios del negocio agr\u00edcola. La Comisi\u00f3n de Enlace se reunir\u00e1 la pr\u00f3xima semana para analizar el documento final y definir la fecha de presentaci\u00f3n. En principio, se hablaba de darlo a conocer el 5 del mes pr\u00f3ximo, pero algunas fuentes sostienen que ser\u00e1 el 11, un d\u00eda despu\u00e9s de la asunci\u00f3n de los nuevos legisladores. De hecho, la agrupaci\u00f3n rural, que naci\u00f3 en 2008 en medio de los cortes de rutas de los productores por el intento [&hellip;]<\/p>\n","protected":false},"author":2,"featured_media":2303,"comment_status":"closed","ping_status":"open","sticky":false,"template":"","format":"standard","meta":{"_acf_changed":false,"footnotes":""},"categories":[56],"tags":[],"class_list":["post-5816","post","type-post","status-publish","format-standard","has-post-thumbnail","hentry","category-infoganadero"],"acf":[],"yoast_head":"<!-- This site is optimized with the Yoast SEO plugin v27.4 - https:\/\/yoast.com\/product\/yoast-seo-wordpress\/ -->\n<title>La Comisi\u00f3n de Enlace levanta el perfil con un informe sobre el campo. | Proagro<\/title>\n<meta name=\"robots\" content=\"index, follow, max-snippet:-1, max-image-preview:large, max-video-preview:-1\" \/>\n<link rel=\"canonical\" href=\"https:\/\/proagrolab.com.ar\/en\/la-comision-de-enlace-levanta-el-perfil-con-un-informe-sobre-el-campo\/\" \/>\n<meta property=\"og:locale\" content=\"en_US\" \/>\n<meta property=\"og:type\" content=\"article\" \/>\n<meta property=\"og:title\" content=\"La Comisi\u00f3n de Enlace levanta el perfil con un informe sobre el campo. | Proagro\" \/>\n<meta property=\"og:description\" content=\"Buscar\u00e1 mostrar el potencial del sector a pol\u00edticos y entidades empresariales. Por Fernando Bertello. La Comisi\u00f3n de Enlace est\u00e1 preparando una acci\u00f3n para levantar su perfil pol\u00edtico. De cara al recambio de legisladores en el Congreso, la agrupaci\u00f3n que nuclea a las cuatro entidades empresariales del agro encarg\u00f3 un estudio para demostrar el potencial productivo del sector y su efecto en la econom\u00eda si no existieran las trabas actuales, como las retenciones y la intervenci\u00f3n del Gobierno a trav\u00e9s del control de las exportaciones. Confederaciones Rurales Argentinas (CRA), Sociedad Rural Argentina (SRA), Coninagro y Federaci\u00f3n Agraria Argentina (FAA), las entidades que integran la Comisi\u00f3n, le pidieron el informe a la Asociaci\u00f3n Argentina de Consorcios Regionales de Experimentaci\u00f3n Agr\u00edcola (Aacrea), una entidad t\u00e9cnica con empresarios del negocio agr\u00edcola. La Comisi\u00f3n de Enlace se reunir\u00e1 la pr\u00f3xima semana para analizar el documento final y definir la fecha de presentaci\u00f3n. En principio, se hablaba de darlo a conocer el 5 del mes pr\u00f3ximo, pero algunas fuentes sostienen que ser\u00e1 el 11, un d\u00eda despu\u00e9s de la asunci\u00f3n de los nuevos legisladores. De hecho, la agrupaci\u00f3n rural, que naci\u00f3 en 2008 en medio de los cortes de rutas de los productores por el intento [&hellip;]\" \/>\n<meta property=\"og:url\" content=\"https:\/\/proagrolab.com.ar\/la-comision-de-enlace-levanta-el-perfil-con-un-informe-sobre-el-campo\/\" \/>\n<meta property=\"og:site_name\" content=\"Proagro\" \/>\n<meta property=\"article:publisher\" content=\"http:\/\/www.facebook.com\/proagrolab\" \/>\n<meta property=\"article:published_time\" content=\"2013-11-18T00:00:01+00:00\" \/>\n<meta property=\"og:image\" content=\"https:\/\/proagrolab.com.ar\/wp-content\/uploads\/2015\/01\/g_udx7aqwse__Mesa-de-enlace-2013.jpg\" \/>\n\t<meta property=\"og:image:width\" content=\"450\" \/>\n\t<meta property=\"og:image:height\" content=\"208\" \/>\n\t<meta property=\"og:image:type\" content=\"image\/jpeg\" \/>\n<meta name=\"author\" content=\"proagrolab\" \/>\n<meta name=\"twitter:card\" content=\"summary_large_image\" \/>\n<meta name=\"twitter:label1\" content=\"Written by\" \/>\n\t<meta name=\"twitter:data1\" content=\"proagrolab\" \/>\n\t<meta name=\"twitter:label2\" content=\"Est. reading time\" \/>\n\t<meta name=\"twitter:data2\" content=\"3 minutes\" \/>\n<script type=\"application\/ld+json\" class=\"yoast-schema-graph\">{\"@context\":\"https:\\\/\\\/schema.org\",\"@graph\":[{\"@type\":\"Article\",\"@id\":\"https:\\\/\\\/proagrolab.com.ar\\\/la-comision-de-enlace-levanta-el-perfil-con-un-informe-sobre-el-campo\\\/#article\",\"isPartOf\":{\"@id\":\"https:\\\/\\\/proagrolab.com.ar\\\/la-comision-de-enlace-levanta-el-perfil-con-un-informe-sobre-el-campo\\\/\"},\"author\":{\"name\":\"proagrolab\",\"@id\":\"https:\\\/\\\/proagrolab.com.ar\\\/#\\\/schema\\\/person\\\/38003ff90bf80381f71c7d922d207444\"},\"headline\":\"La Comisi\u00f3n de Enlace levanta el perfil con un informe sobre el campo.\",\"datePublished\":\"2013-11-18T00:00:01+00:00\",\"mainEntityOfPage\":{\"@id\":\"https:\\\/\\\/proagrolab.com.ar\\\/la-comision-de-enlace-levanta-el-perfil-con-un-informe-sobre-el-campo\\\/\"},\"wordCount\":691,\"publisher\":{\"@id\":\"https:\\\/\\\/proagrolab.com.ar\\\/#organization\"},\"image\":{\"@id\":\"https:\\\/\\\/proagrolab.com.ar\\\/la-comision-de-enlace-levanta-el-perfil-con-un-informe-sobre-el-campo\\\/#primaryimage\"},\"thumbnailUrl\":\"https:\\\/\\\/proagrolab.com.ar\\\/wp-content\\\/uploads\\\/2015\\\/01\\\/g_udx7aqwse__Mesa-de-enlace-2013.jpg\",\"articleSection\":[\"News\"],\"inLanguage\":\"en-US\"},{\"@type\":\"WebPage\",\"@id\":\"https:\\\/\\\/proagrolab.com.ar\\\/la-comision-de-enlace-levanta-el-perfil-con-un-informe-sobre-el-campo\\\/\",\"url\":\"https:\\\/\\\/proagrolab.com.ar\\\/la-comision-de-enlace-levanta-el-perfil-con-un-informe-sobre-el-campo\\\/\",\"name\":\"La Comisi\u00f3n de Enlace levanta el perfil con un informe sobre el campo. | Proagro\",\"isPartOf\":{\"@id\":\"https:\\\/\\\/proagrolab.com.ar\\\/#website\"},\"primaryImageOfPage\":{\"@id\":\"https:\\\/\\\/proagrolab.com.ar\\\/la-comision-de-enlace-levanta-el-perfil-con-un-informe-sobre-el-campo\\\/#primaryimage\"},\"image\":{\"@id\":\"https:\\\/\\\/proagrolab.com.ar\\\/la-comision-de-enlace-levanta-el-perfil-con-un-informe-sobre-el-campo\\\/#primaryimage\"},\"thumbnailUrl\":\"https:\\\/\\\/proagrolab.com.ar\\\/wp-content\\\/uploads\\\/2015\\\/01\\\/g_udx7aqwse__Mesa-de-enlace-2013.jpg\",\"datePublished\":\"2013-11-18T00:00:01+00:00\",\"breadcrumb\":{\"@id\":\"https:\\\/\\\/proagrolab.com.ar\\\/la-comision-de-enlace-levanta-el-perfil-con-un-informe-sobre-el-campo\\\/#breadcrumb\"},\"inLanguage\":\"en-US\",\"potentialAction\":[{\"@type\":\"ReadAction\",\"target\":[\"https:\\\/\\\/proagrolab.com.ar\\\/la-comision-de-enlace-levanta-el-perfil-con-un-informe-sobre-el-campo\\\/\"]}]},{\"@type\":\"ImageObject\",\"inLanguage\":\"en-US\",\"@id\":\"https:\\\/\\\/proagrolab.com.ar\\\/la-comision-de-enlace-levanta-el-perfil-con-un-informe-sobre-el-campo\\\/#primaryimage\",\"url\":\"https:\\\/\\\/proagrolab.com.ar\\\/wp-content\\\/uploads\\\/2015\\\/01\\\/g_udx7aqwse__Mesa-de-enlace-2013.jpg\",\"contentUrl\":\"https:\\\/\\\/proagrolab.com.ar\\\/wp-content\\\/uploads\\\/2015\\\/01\\\/g_udx7aqwse__Mesa-de-enlace-2013.jpg\",\"width\":450,\"height\":208},{\"@type\":\"BreadcrumbList\",\"@id\":\"https:\\\/\\\/proagrolab.com.ar\\\/la-comision-de-enlace-levanta-el-perfil-con-un-informe-sobre-el-campo\\\/#breadcrumb\",\"itemListElement\":[{\"@type\":\"ListItem\",\"position\":1,\"name\":\"Portada\",\"item\":\"https:\\\/\\\/proagrolab.com.ar\\\/\"},{\"@type\":\"ListItem\",\"position\":2,\"name\":\"La Comisi\u00f3n de Enlace levanta el perfil con un informe sobre el campo.\"}]},{\"@type\":\"WebSite\",\"@id\":\"https:\\\/\\\/proagrolab.com.ar\\\/#website\",\"url\":\"https:\\\/\\\/proagrolab.com.ar\\\/\",\"name\":\"Proagro Laboratorio Veterinario\",\"description\":\"Veterinary laboratory\",\"publisher\":{\"@id\":\"https:\\\/\\\/proagrolab.com.ar\\\/#organization\"},\"potentialAction\":[{\"@type\":\"SearchAction\",\"target\":{\"@type\":\"EntryPoint\",\"urlTemplate\":\"https:\\\/\\\/proagrolab.com.ar\\\/?s={search_term_string}\"},\"query-input\":{\"@type\":\"PropertyValueSpecification\",\"valueRequired\":true,\"valueName\":\"search_term_string\"}}],\"inLanguage\":\"en-US\"},{\"@type\":\"Organization\",\"@id\":\"https:\\\/\\\/proagrolab.com.ar\\\/#organization\",\"name\":\"Proagro\",\"url\":\"https:\\\/\\\/proagrolab.com.ar\\\/\",\"logo\":{\"@type\":\"ImageObject\",\"inLanguage\":\"en-US\",\"@id\":\"https:\\\/\\\/proagrolab.com.ar\\\/#\\\/schema\\\/logo\\\/image\\\/\",\"url\":\"https:\\\/\\\/proagrolab.com.ar\\\/wp-content\\\/uploads\\\/2020\\\/04\\\/logo-retina.png\",\"contentUrl\":\"https:\\\/\\\/proagrolab.com.ar\\\/wp-content\\\/uploads\\\/2020\\\/04\\\/logo-retina.png\",\"width\":478,\"height\":120,\"caption\":\"Proagro\"},\"image\":{\"@id\":\"https:\\\/\\\/proagrolab.com.ar\\\/#\\\/schema\\\/logo\\\/image\\\/\"},\"sameAs\":[\"http:\\\/\\\/www.facebook.com\\\/proagrolab\",\"https:\\\/\\\/www.instagram.com\\\/proagrolab\\\/\",\"https:\\\/\\\/www.linkedin.com\\\/company\\\/laboratorio-proagro-s-a\\\/\"]},{\"@type\":\"Person\",\"@id\":\"https:\\\/\\\/proagrolab.com.ar\\\/#\\\/schema\\\/person\\\/38003ff90bf80381f71c7d922d207444\",\"name\":\"proagrolab\"}]}<\/script>\n<!-- \/ Yoast SEO plugin. -->","yoast_head_json":{"title":"La Comisi\u00f3n de Enlace levanta el perfil con un informe sobre el campo. | Proagro","robots":{"index":"index","follow":"follow","max-snippet":"max-snippet:-1","max-image-preview":"max-image-preview:large","max-video-preview":"max-video-preview:-1"},"canonical":"https:\/\/proagrolab.com.ar\/en\/la-comision-de-enlace-levanta-el-perfil-con-un-informe-sobre-el-campo\/","og_locale":"en_US","og_type":"article","og_title":"La Comisi\u00f3n de Enlace levanta el perfil con un informe sobre el campo. | Proagro","og_description":"Buscar\u00e1 mostrar el potencial del sector a pol\u00edticos y entidades empresariales. Por Fernando Bertello. La Comisi\u00f3n de Enlace est\u00e1 preparando una acci\u00f3n para levantar su perfil pol\u00edtico. De cara al recambio de legisladores en el Congreso, la agrupaci\u00f3n que nuclea a las cuatro entidades empresariales del agro encarg\u00f3 un estudio para demostrar el potencial productivo del sector y su efecto en la econom\u00eda si no existieran las trabas actuales, como las retenciones y la intervenci\u00f3n del Gobierno a trav\u00e9s del control de las exportaciones. Confederaciones Rurales Argentinas (CRA), Sociedad Rural Argentina (SRA), Coninagro y Federaci\u00f3n Agraria Argentina (FAA), las entidades que integran la Comisi\u00f3n, le pidieron el informe a la Asociaci\u00f3n Argentina de Consorcios Regionales de Experimentaci\u00f3n Agr\u00edcola (Aacrea), una entidad t\u00e9cnica con empresarios del negocio agr\u00edcola. La Comisi\u00f3n de Enlace se reunir\u00e1 la pr\u00f3xima semana para analizar el documento final y definir la fecha de presentaci\u00f3n. En principio, se hablaba de darlo a conocer el 5 del mes pr\u00f3ximo, pero algunas fuentes sostienen que ser\u00e1 el 11, un d\u00eda despu\u00e9s de la asunci\u00f3n de los nuevos legisladores. De hecho, la agrupaci\u00f3n rural, que naci\u00f3 en 2008 en medio de los cortes de rutas de los productores por el intento [&hellip;]","og_url":"https:\/\/proagrolab.com.ar\/la-comision-de-enlace-levanta-el-perfil-con-un-informe-sobre-el-campo\/","og_site_name":"Proagro","article_publisher":"http:\/\/www.facebook.com\/proagrolab","article_published_time":"2013-11-18T00:00:01+00:00","og_image":[{"width":450,"height":208,"url":"https:\/\/proagrolab.com.ar\/wp-content\/uploads\/2015\/01\/g_udx7aqwse__Mesa-de-enlace-2013.jpg","type":"image\/jpeg"}],"author":"proagrolab","twitter_card":"summary_large_image","twitter_misc":{"Written by":"proagrolab","Est. reading time":"3 minutes"},"schema":{"@context":"https:\/\/schema.org","@graph":[{"@type":"Article","@id":"https:\/\/proagrolab.com.ar\/la-comision-de-enlace-levanta-el-perfil-con-un-informe-sobre-el-campo\/#article","isPartOf":{"@id":"https:\/\/proagrolab.com.ar\/la-comision-de-enlace-levanta-el-perfil-con-un-informe-sobre-el-campo\/"},"author":{"name":"proagrolab","@id":"https:\/\/proagrolab.com.ar\/#\/schema\/person\/38003ff90bf80381f71c7d922d207444"},"headline":"La Comisi\u00f3n de Enlace levanta el perfil con un informe sobre el campo.","datePublished":"2013-11-18T00:00:01+00:00","mainEntityOfPage":{"@id":"https:\/\/proagrolab.com.ar\/la-comision-de-enlace-levanta-el-perfil-con-un-informe-sobre-el-campo\/"},"wordCount":691,"publisher":{"@id":"https:\/\/proagrolab.com.ar\/#organization"},"image":{"@id":"https:\/\/proagrolab.com.ar\/la-comision-de-enlace-levanta-el-perfil-con-un-informe-sobre-el-campo\/#primaryimage"},"thumbnailUrl":"https:\/\/proagrolab.com.ar\/wp-content\/uploads\/2015\/01\/g_udx7aqwse__Mesa-de-enlace-2013.jpg","articleSection":["News"],"inLanguage":"en-US"},{"@type":"WebPage","@id":"https:\/\/proagrolab.com.ar\/la-comision-de-enlace-levanta-el-perfil-con-un-informe-sobre-el-campo\/","url":"https:\/\/proagrolab.com.ar\/la-comision-de-enlace-levanta-el-perfil-con-un-informe-sobre-el-campo\/","name":"La Comisi\u00f3n de Enlace levanta el perfil con un informe sobre el campo. | Proagro","isPartOf":{"@id":"https:\/\/proagrolab.com.ar\/#website"},"primaryImageOfPage":{"@id":"https:\/\/proagrolab.com.ar\/la-comision-de-enlace-levanta-el-perfil-con-un-informe-sobre-el-campo\/#primaryimage"},"image":{"@id":"https:\/\/proagrolab.com.ar\/la-comision-de-enlace-levanta-el-perfil-con-un-informe-sobre-el-campo\/#primaryimage"},"thumbnailUrl":"https:\/\/proagrolab.com.ar\/wp-content\/uploads\/2015\/01\/g_udx7aqwse__Mesa-de-enlace-2013.jpg","datePublished":"2013-11-18T00:00:01+00:00","breadcrumb":{"@id":"https:\/\/proagrolab.com.ar\/la-comision-de-enlace-levanta-el-perfil-con-un-informe-sobre-el-campo\/#breadcrumb"},"inLanguage":"en-US","potentialAction":[{"@type":"ReadAction","target":["https:\/\/proagrolab.com.ar\/la-comision-de-enlace-levanta-el-perfil-con-un-informe-sobre-el-campo\/"]}]},{"@type":"ImageObject","inLanguage":"en-US","@id":"https:\/\/proagrolab.com.ar\/la-comision-de-enlace-levanta-el-perfil-con-un-informe-sobre-el-campo\/#primaryimage","url":"https:\/\/proagrolab.com.ar\/wp-content\/uploads\/2015\/01\/g_udx7aqwse__Mesa-de-enlace-2013.jpg","contentUrl":"https:\/\/proagrolab.com.ar\/wp-content\/uploads\/2015\/01\/g_udx7aqwse__Mesa-de-enlace-2013.jpg","width":450,"height":208},{"@type":"BreadcrumbList","@id":"https:\/\/proagrolab.com.ar\/la-comision-de-enlace-levanta-el-perfil-con-un-informe-sobre-el-campo\/#breadcrumb","itemListElement":[{"@type":"ListItem","position":1,"name":"Portada","item":"https:\/\/proagrolab.com.ar\/"},{"@type":"ListItem","position":2,"name":"La Comisi\u00f3n de Enlace levanta el perfil con un informe sobre el campo."}]},{"@type":"WebSite","@id":"https:\/\/proagrolab.com.ar\/#website","url":"https:\/\/proagrolab.com.ar\/","name":"Proagro Laboratorio Veterinario","description":"Veterinary laboratory","publisher":{"@id":"https:\/\/proagrolab.com.ar\/#organization"},"potentialAction":[{"@type":"SearchAction","target":{"@type":"EntryPoint","urlTemplate":"https:\/\/proagrolab.com.ar\/?s={search_term_string}"},"query-input":{"@type":"PropertyValueSpecification","valueRequired":true,"valueName":"search_term_string"}}],"inLanguage":"en-US"},{"@type":"Organization","@id":"https:\/\/proagrolab.com.ar\/#organization","name":"Proagro","url":"https:\/\/proagrolab.com.ar\/","logo":{"@type":"ImageObject","inLanguage":"en-US","@id":"https:\/\/proagrolab.com.ar\/#\/schema\/logo\/image\/","url":"https:\/\/proagrolab.com.ar\/wp-content\/uploads\/2020\/04\/logo-retina.png","contentUrl":"https:\/\/proagrolab.com.ar\/wp-content\/uploads\/2020\/04\/logo-retina.png","width":478,"height":120,"caption":"Proagro"},"image":{"@id":"https:\/\/proagrolab.com.ar\/#\/schema\/logo\/image\/"},"sameAs":["http:\/\/www.facebook.com\/proagrolab","https:\/\/www.instagram.com\/proagrolab\/","https:\/\/www.linkedin.com\/company\/laboratorio-proagro-s-a\/"]},{"@type":"Person","@id":"https:\/\/proagrolab.com.ar\/#\/schema\/person\/38003ff90bf80381f71c7d922d207444","name":"proagrolab"}]}},"_links":{"self":[{"href":"https:\/\/proagrolab.com.ar\/en\/wp-json\/wp\/v2\/posts\/5816","targetHints":{"allow":["GET"]}}],"collection":[{"href":"https:\/\/proagrolab.com.ar\/en\/wp-json\/wp\/v2\/posts"}],"about":[{"href":"https:\/\/proagrolab.com.ar\/en\/wp-json\/wp\/v2\/types\/post"}],"author":[{"embeddable":true,"href":"https:\/\/proagrolab.com.ar\/en\/wp-json\/wp\/v2\/users\/2"}],"replies":[{"embeddable":true,"href":"https:\/\/proagrolab.com.ar\/en\/wp-json\/wp\/v2\/comments?post=5816"}],"version-history":[{"count":0,"href":"https:\/\/proagrolab.com.ar\/en\/wp-json\/wp\/v2\/posts\/5816\/revisions"}],"wp:featuredmedia":[{"embeddable":true,"href":"https:\/\/proagrolab.com.ar\/en\/wp-json\/wp\/v2\/media\/2303"}],"wp:attachment":[{"href":"https:\/\/proagrolab.com.ar\/en\/wp-json\/wp\/v2\/media?parent=5816"}],"wp:term":[{"taxonomy":"category","embeddable":true,"href":"https:\/\/proagrolab.com.ar\/en\/wp-json\/wp\/v2\/categories?post=5816"},{"taxonomy":"post_tag","embeddable":true,"href":"https:\/\/proagrolab.com.ar\/en\/wp-json\/wp\/v2\/tags?post=5816"}],"curies":[{"name":"wp","href":"https:\/\/api.w.org\/{rel}","templated":true}]}}