{"id":5812,"date":"2013-11-15T00:00:01","date_gmt":"2013-11-15T00:00:01","guid":{"rendered":"https:\/\/proagrolab.com.ar\/se-adelanto-la-recomposicion\/"},"modified":"2013-11-15T00:00:01","modified_gmt":"2013-11-15T00:00:01","slug":"se-adelanto-la-recomposicion","status":"publish","type":"post","link":"https:\/\/proagrolab.com.ar\/en\/se-adelanto-la-recomposicion\/","title":{"rendered":"Se adelant\u00f3 la recomposici\u00f3n."},"content":{"rendered":"<p class=\"qtranxs-available-languages-message qtranxs-available-languages-message-en\"> <\/p><p>Por Ignacio Iriarte.<\/p>\n<p>Valores retrasados, lluvias y supermercados desabastecidos explican la suba de precios que, con el correr de los d\u00edas, se estabilizar\u00e1. Actualizado por el \u00edndice de precios al consumidor, el novillo muestra a\u00fan un atraso de 28% respecto de tres a\u00f1os atr\u00e1s.<\/p>\n<p>La marcada recuperaci\u00f3n en el precio de la hacienda registrada en los \u00faltimos d\u00edas, que se esperaba para m\u00e1s adelante, llama la atenci\u00f3n tanto por su magnitud como por el hecho que se da en el momento de m\u00e1s alta oferta ganadera de los \u00faltimos 46 meses.<\/p>\n<p>Si bien en las \u00faltimas semanas ya era evidente que la demanda ten\u00eda una \u0093reserva de poder de compra\u0094 que no trasladaba a los precios del ganado porque la oferta era abundante, nada hac\u00eda prever este aumento, que en el corto plazo se explica por la siguiente combinaci\u00f3n: por un lado de fuertes lluvias en la mayor parte de la provincia de Buenos Aires, que generar 80 por ciento de la entrada de Liniers; y por el otro, de una expectativa generalizada de aumentos en el valor del gordo.<\/p>\n<p>En circunstancias como estas, tanto el ganadero pastoril como el feedlotero, ante subas instant\u00e1neas tan fuertes del ganado, interrumpe sus ventas, y refuerza el efecto hacia la suba, temerosos de vender mal. La demanda, especialmente los supermercados, no logra comprar en directo (no quieren convalidar semejante suba), y converge sobre Liniers con necesidad y sin margen de maniobra, haciendo subir los precios. As\u00ed, valores muy retrasados, lluvias, expectativa de alzas y supermercados desabastecidos explican una suba en un mercado que, con el paso de los d\u00edas, ir\u00e1 buscando un piso y un techo hasta estabilizarse.<\/p>\n<p>La oferta ganadera de octubre, con algo menos de 1,2 millones de cabezas \u0096la m\u00e1s alta desde diciembre de 2009\u0096 marca que la retenci\u00f3n es cosa del pasado y que hoy estamos m\u00e1s cerca de la liquidaci\u00f3n que de una recomposici\u00f3n de rodeos. El 44 por ciento de hembras en la faena de octubre ratificar\u00eda esta hip\u00f3tesis.<\/p>\n<p>Si en octubre la oferta de carne fue cercana a 260 mil toneladas, y estimamos las exportaciones en unas 20 mil toneladas, el consumo se habr\u00eda acercado a 70 kilos per c\u00e1pita, m\u00e1s 38 kilos de pollo y 12 de cerdo, lo que dar\u00eda un consumo total de 120 kilos, todo un r\u00e9cord. Un mercado sobre abastecido.<\/p>\n<p><i>\u00bfPor qu\u00e9 la suba?<\/i><br \/>Primero. El precio del ganado y de la carne se retrasaron fuertemente en estos \u00faltimos tres a\u00f1os, frente a la inflaci\u00f3n, los salarios y el resto de los alimentos. Si actualizamos por IPC el precio del novillo de noviembre de 2010, era 15,30 pesos de hoy; el de noviembre de 2011 dar\u00eda unos 13,50 y el de igual mes del a\u00f1o pasado unos 10,40 de hoy. O sea, a\u00fan despu\u00e9s de esta fuerte recuperaci\u00f3n, el valor actual del novillo a moneda constante seguir\u00eda estando un 28 por ciento por debajo del que ten\u00edamos hace tres a\u00f1os. En \u00e9pocas inflacionarias, como la actual, el precio de un bien no se rezaga indefinidamente; a menudo su actualizaci\u00f3n parcial sucede sin aviso. Se esperaba, pero para dentro de unas semanas. Otros dos factores.<\/p>\n<p>Tambi\u00e9n contribuyen a explicar esta suba, aunque parcialmente, el alza espectacular del precio del cuero y la suba del precio del pollo al p\u00fablico. En cuanto al cuero, ha seguido subiendo en las \u00faltimas semanas, acumulando desde fines de agosto un incremento (en pesos) del orden del 65 por ciento. A nivel internacional, el cuero salado muestra una mejora de 45 por ciento en el \u00faltimo a\u00f1o. Es evidente que a gran parte de esa mejora la industria frigor\u00edfica ya la est\u00e1 volcando al precio del ganado.<\/p>\n<p>Fuente: La Voz del Interior, 15 de noviembre.<br \/><\/p>","protected":false},"excerpt":{"rendered":"<p>Por Ignacio Iriarte. Valores retrasados, lluvias y supermercados desabastecidos explican la suba de precios que, con el correr de los d\u00edas, se estabilizar\u00e1. Actualizado por el \u00edndice de precios al consumidor, el novillo muestra a\u00fan un atraso de 28% respecto de tres a\u00f1os atr\u00e1s. La marcada recuperaci\u00f3n en el precio de la hacienda registrada en los \u00faltimos d\u00edas, que se esperaba para m\u00e1s adelante, llama la atenci\u00f3n tanto por su magnitud como por el hecho que se da en el momento de m\u00e1s alta oferta ganadera de los \u00faltimos 46 meses. Si bien en las \u00faltimas semanas ya era evidente que la demanda ten\u00eda una \u0093reserva de poder de compra\u0094 que no trasladaba a los precios del ganado porque la oferta era abundante, nada hac\u00eda prever este aumento, que en el corto plazo se explica por la siguiente combinaci\u00f3n: por un lado de fuertes lluvias en la mayor parte de la provincia de Buenos Aires, que generar 80 por ciento de la entrada de Liniers; y por el otro, de una expectativa generalizada de aumentos en el valor del gordo. En circunstancias como estas, tanto el ganadero pastoril como el feedlotero, ante subas instant\u00e1neas tan fuertes del ganado, interrumpe sus [&hellip;]<\/p>\n","protected":false},"author":2,"featured_media":2300,"comment_status":"closed","ping_status":"open","sticky":false,"template":"","format":"standard","meta":{"_acf_changed":false,"footnotes":""},"categories":[56],"tags":[],"class_list":["post-5812","post","type-post","status-publish","format-standard","has-post-thumbnail","hentry","category-infoganadero"],"acf":[],"yoast_head":"<!-- This site is optimized with the Yoast SEO plugin v27.4 - https:\/\/yoast.com\/product\/yoast-seo-wordpress\/ -->\n<title>Se adelant\u00f3 la recomposici\u00f3n. | Proagro<\/title>\n<meta name=\"robots\" content=\"index, follow, max-snippet:-1, max-image-preview:large, max-video-preview:-1\" \/>\n<link rel=\"canonical\" href=\"https:\/\/proagrolab.com.ar\/en\/se-adelanto-la-recomposicion\/\" \/>\n<meta property=\"og:locale\" content=\"en_US\" \/>\n<meta property=\"og:type\" content=\"article\" \/>\n<meta property=\"og:title\" content=\"Se adelant\u00f3 la recomposici\u00f3n. | Proagro\" \/>\n<meta property=\"og:description\" content=\"Por Ignacio Iriarte. Valores retrasados, lluvias y supermercados desabastecidos explican la suba de precios que, con el correr de los d\u00edas, se estabilizar\u00e1. Actualizado por el \u00edndice de precios al consumidor, el novillo muestra a\u00fan un atraso de 28% respecto de tres a\u00f1os atr\u00e1s. La marcada recuperaci\u00f3n en el precio de la hacienda registrada en los \u00faltimos d\u00edas, que se esperaba para m\u00e1s adelante, llama la atenci\u00f3n tanto por su magnitud como por el hecho que se da en el momento de m\u00e1s alta oferta ganadera de los \u00faltimos 46 meses. Si bien en las \u00faltimas semanas ya era evidente que la demanda ten\u00eda una \u0093reserva de poder de compra\u0094 que no trasladaba a los precios del ganado porque la oferta era abundante, nada hac\u00eda prever este aumento, que en el corto plazo se explica por la siguiente combinaci\u00f3n: por un lado de fuertes lluvias en la mayor parte de la provincia de Buenos Aires, que generar 80 por ciento de la entrada de Liniers; y por el otro, de una expectativa generalizada de aumentos en el valor del gordo. En circunstancias como estas, tanto el ganadero pastoril como el feedlotero, ante subas instant\u00e1neas tan fuertes del ganado, interrumpe sus [&hellip;]\" \/>\n<meta property=\"og:url\" content=\"https:\/\/proagrolab.com.ar\/se-adelanto-la-recomposicion\/\" \/>\n<meta property=\"og:site_name\" content=\"Proagro\" \/>\n<meta property=\"article:publisher\" content=\"http:\/\/www.facebook.com\/proagrolab\" \/>\n<meta property=\"article:published_time\" content=\"2013-11-15T00:00:01+00:00\" \/>\n<meta property=\"og:image\" content=\"https:\/\/proagrolab.com.ar\/wp-content\/uploads\/2015\/01\/g_zba8eieqt__Bovinos-angus-negros.jpg\" \/>\n\t<meta property=\"og:image:width\" content=\"450\" \/>\n\t<meta property=\"og:image:height\" content=\"208\" \/>\n\t<meta property=\"og:image:type\" content=\"image\/jpeg\" \/>\n<meta name=\"author\" content=\"proagrolab\" \/>\n<meta name=\"twitter:card\" content=\"summary_large_image\" \/>\n<meta name=\"twitter:label1\" content=\"Written by\" \/>\n\t<meta name=\"twitter:data1\" content=\"proagrolab\" \/>\n\t<meta name=\"twitter:label2\" content=\"Est. reading time\" \/>\n\t<meta name=\"twitter:data2\" content=\"3 minutes\" \/>\n<script type=\"application\/ld+json\" class=\"yoast-schema-graph\">{\"@context\":\"https:\\\/\\\/schema.org\",\"@graph\":[{\"@type\":\"Article\",\"@id\":\"https:\\\/\\\/proagrolab.com.ar\\\/se-adelanto-la-recomposicion\\\/#article\",\"isPartOf\":{\"@id\":\"https:\\\/\\\/proagrolab.com.ar\\\/se-adelanto-la-recomposicion\\\/\"},\"author\":{\"name\":\"proagrolab\",\"@id\":\"https:\\\/\\\/proagrolab.com.ar\\\/#\\\/schema\\\/person\\\/38003ff90bf80381f71c7d922d207444\"},\"headline\":\"Se adelant\u00f3 la recomposici\u00f3n.\",\"datePublished\":\"2013-11-15T00:00:01+00:00\",\"mainEntityOfPage\":{\"@id\":\"https:\\\/\\\/proagrolab.com.ar\\\/se-adelanto-la-recomposicion\\\/\"},\"wordCount\":643,\"publisher\":{\"@id\":\"https:\\\/\\\/proagrolab.com.ar\\\/#organization\"},\"image\":{\"@id\":\"https:\\\/\\\/proagrolab.com.ar\\\/se-adelanto-la-recomposicion\\\/#primaryimage\"},\"thumbnailUrl\":\"https:\\\/\\\/proagrolab.com.ar\\\/wp-content\\\/uploads\\\/2015\\\/01\\\/g_zba8eieqt__Bovinos-angus-negros.jpg\",\"articleSection\":[\"News\"],\"inLanguage\":\"en-US\"},{\"@type\":\"WebPage\",\"@id\":\"https:\\\/\\\/proagrolab.com.ar\\\/se-adelanto-la-recomposicion\\\/\",\"url\":\"https:\\\/\\\/proagrolab.com.ar\\\/se-adelanto-la-recomposicion\\\/\",\"name\":\"Se adelant\u00f3 la recomposici\u00f3n. | Proagro\",\"isPartOf\":{\"@id\":\"https:\\\/\\\/proagrolab.com.ar\\\/#website\"},\"primaryImageOfPage\":{\"@id\":\"https:\\\/\\\/proagrolab.com.ar\\\/se-adelanto-la-recomposicion\\\/#primaryimage\"},\"image\":{\"@id\":\"https:\\\/\\\/proagrolab.com.ar\\\/se-adelanto-la-recomposicion\\\/#primaryimage\"},\"thumbnailUrl\":\"https:\\\/\\\/proagrolab.com.ar\\\/wp-content\\\/uploads\\\/2015\\\/01\\\/g_zba8eieqt__Bovinos-angus-negros.jpg\",\"datePublished\":\"2013-11-15T00:00:01+00:00\",\"breadcrumb\":{\"@id\":\"https:\\\/\\\/proagrolab.com.ar\\\/se-adelanto-la-recomposicion\\\/#breadcrumb\"},\"inLanguage\":\"en-US\",\"potentialAction\":[{\"@type\":\"ReadAction\",\"target\":[\"https:\\\/\\\/proagrolab.com.ar\\\/se-adelanto-la-recomposicion\\\/\"]}]},{\"@type\":\"ImageObject\",\"inLanguage\":\"en-US\",\"@id\":\"https:\\\/\\\/proagrolab.com.ar\\\/se-adelanto-la-recomposicion\\\/#primaryimage\",\"url\":\"https:\\\/\\\/proagrolab.com.ar\\\/wp-content\\\/uploads\\\/2015\\\/01\\\/g_zba8eieqt__Bovinos-angus-negros.jpg\",\"contentUrl\":\"https:\\\/\\\/proagrolab.com.ar\\\/wp-content\\\/uploads\\\/2015\\\/01\\\/g_zba8eieqt__Bovinos-angus-negros.jpg\",\"width\":450,\"height\":208},{\"@type\":\"BreadcrumbList\",\"@id\":\"https:\\\/\\\/proagrolab.com.ar\\\/se-adelanto-la-recomposicion\\\/#breadcrumb\",\"itemListElement\":[{\"@type\":\"ListItem\",\"position\":1,\"name\":\"Portada\",\"item\":\"https:\\\/\\\/proagrolab.com.ar\\\/\"},{\"@type\":\"ListItem\",\"position\":2,\"name\":\"Se adelant\u00f3 la recomposici\u00f3n.\"}]},{\"@type\":\"WebSite\",\"@id\":\"https:\\\/\\\/proagrolab.com.ar\\\/#website\",\"url\":\"https:\\\/\\\/proagrolab.com.ar\\\/\",\"name\":\"Proagro Laboratorio Veterinario\",\"description\":\"Veterinary laboratory\",\"publisher\":{\"@id\":\"https:\\\/\\\/proagrolab.com.ar\\\/#organization\"},\"potentialAction\":[{\"@type\":\"SearchAction\",\"target\":{\"@type\":\"EntryPoint\",\"urlTemplate\":\"https:\\\/\\\/proagrolab.com.ar\\\/?s={search_term_string}\"},\"query-input\":{\"@type\":\"PropertyValueSpecification\",\"valueRequired\":true,\"valueName\":\"search_term_string\"}}],\"inLanguage\":\"en-US\"},{\"@type\":\"Organization\",\"@id\":\"https:\\\/\\\/proagrolab.com.ar\\\/#organization\",\"name\":\"Proagro\",\"url\":\"https:\\\/\\\/proagrolab.com.ar\\\/\",\"logo\":{\"@type\":\"ImageObject\",\"inLanguage\":\"en-US\",\"@id\":\"https:\\\/\\\/proagrolab.com.ar\\\/#\\\/schema\\\/logo\\\/image\\\/\",\"url\":\"https:\\\/\\\/proagrolab.com.ar\\\/wp-content\\\/uploads\\\/2020\\\/04\\\/logo-retina.png\",\"contentUrl\":\"https:\\\/\\\/proagrolab.com.ar\\\/wp-content\\\/uploads\\\/2020\\\/04\\\/logo-retina.png\",\"width\":478,\"height\":120,\"caption\":\"Proagro\"},\"image\":{\"@id\":\"https:\\\/\\\/proagrolab.com.ar\\\/#\\\/schema\\\/logo\\\/image\\\/\"},\"sameAs\":[\"http:\\\/\\\/www.facebook.com\\\/proagrolab\",\"https:\\\/\\\/www.instagram.com\\\/proagrolab\\\/\",\"https:\\\/\\\/www.linkedin.com\\\/company\\\/laboratorio-proagro-s-a\\\/\"]},{\"@type\":\"Person\",\"@id\":\"https:\\\/\\\/proagrolab.com.ar\\\/#\\\/schema\\\/person\\\/38003ff90bf80381f71c7d922d207444\",\"name\":\"proagrolab\"}]}<\/script>\n<!-- \/ Yoast SEO plugin. -->","yoast_head_json":{"title":"Se adelant\u00f3 la recomposici\u00f3n. | Proagro","robots":{"index":"index","follow":"follow","max-snippet":"max-snippet:-1","max-image-preview":"max-image-preview:large","max-video-preview":"max-video-preview:-1"},"canonical":"https:\/\/proagrolab.com.ar\/en\/se-adelanto-la-recomposicion\/","og_locale":"en_US","og_type":"article","og_title":"Se adelant\u00f3 la recomposici\u00f3n. | Proagro","og_description":"Por Ignacio Iriarte. Valores retrasados, lluvias y supermercados desabastecidos explican la suba de precios que, con el correr de los d\u00edas, se estabilizar\u00e1. Actualizado por el \u00edndice de precios al consumidor, el novillo muestra a\u00fan un atraso de 28% respecto de tres a\u00f1os atr\u00e1s. La marcada recuperaci\u00f3n en el precio de la hacienda registrada en los \u00faltimos d\u00edas, que se esperaba para m\u00e1s adelante, llama la atenci\u00f3n tanto por su magnitud como por el hecho que se da en el momento de m\u00e1s alta oferta ganadera de los \u00faltimos 46 meses. Si bien en las \u00faltimas semanas ya era evidente que la demanda ten\u00eda una \u0093reserva de poder de compra\u0094 que no trasladaba a los precios del ganado porque la oferta era abundante, nada hac\u00eda prever este aumento, que en el corto plazo se explica por la siguiente combinaci\u00f3n: por un lado de fuertes lluvias en la mayor parte de la provincia de Buenos Aires, que generar 80 por ciento de la entrada de Liniers; y por el otro, de una expectativa generalizada de aumentos en el valor del gordo. En circunstancias como estas, tanto el ganadero pastoril como el feedlotero, ante subas instant\u00e1neas tan fuertes del ganado, interrumpe sus [&hellip;]","og_url":"https:\/\/proagrolab.com.ar\/se-adelanto-la-recomposicion\/","og_site_name":"Proagro","article_publisher":"http:\/\/www.facebook.com\/proagrolab","article_published_time":"2013-11-15T00:00:01+00:00","og_image":[{"width":450,"height":208,"url":"https:\/\/proagrolab.com.ar\/wp-content\/uploads\/2015\/01\/g_zba8eieqt__Bovinos-angus-negros.jpg","type":"image\/jpeg"}],"author":"proagrolab","twitter_card":"summary_large_image","twitter_misc":{"Written by":"proagrolab","Est. reading time":"3 minutes"},"schema":{"@context":"https:\/\/schema.org","@graph":[{"@type":"Article","@id":"https:\/\/proagrolab.com.ar\/se-adelanto-la-recomposicion\/#article","isPartOf":{"@id":"https:\/\/proagrolab.com.ar\/se-adelanto-la-recomposicion\/"},"author":{"name":"proagrolab","@id":"https:\/\/proagrolab.com.ar\/#\/schema\/person\/38003ff90bf80381f71c7d922d207444"},"headline":"Se adelant\u00f3 la recomposici\u00f3n.","datePublished":"2013-11-15T00:00:01+00:00","mainEntityOfPage":{"@id":"https:\/\/proagrolab.com.ar\/se-adelanto-la-recomposicion\/"},"wordCount":643,"publisher":{"@id":"https:\/\/proagrolab.com.ar\/#organization"},"image":{"@id":"https:\/\/proagrolab.com.ar\/se-adelanto-la-recomposicion\/#primaryimage"},"thumbnailUrl":"https:\/\/proagrolab.com.ar\/wp-content\/uploads\/2015\/01\/g_zba8eieqt__Bovinos-angus-negros.jpg","articleSection":["News"],"inLanguage":"en-US"},{"@type":"WebPage","@id":"https:\/\/proagrolab.com.ar\/se-adelanto-la-recomposicion\/","url":"https:\/\/proagrolab.com.ar\/se-adelanto-la-recomposicion\/","name":"Se adelant\u00f3 la recomposici\u00f3n. | Proagro","isPartOf":{"@id":"https:\/\/proagrolab.com.ar\/#website"},"primaryImageOfPage":{"@id":"https:\/\/proagrolab.com.ar\/se-adelanto-la-recomposicion\/#primaryimage"},"image":{"@id":"https:\/\/proagrolab.com.ar\/se-adelanto-la-recomposicion\/#primaryimage"},"thumbnailUrl":"https:\/\/proagrolab.com.ar\/wp-content\/uploads\/2015\/01\/g_zba8eieqt__Bovinos-angus-negros.jpg","datePublished":"2013-11-15T00:00:01+00:00","breadcrumb":{"@id":"https:\/\/proagrolab.com.ar\/se-adelanto-la-recomposicion\/#breadcrumb"},"inLanguage":"en-US","potentialAction":[{"@type":"ReadAction","target":["https:\/\/proagrolab.com.ar\/se-adelanto-la-recomposicion\/"]}]},{"@type":"ImageObject","inLanguage":"en-US","@id":"https:\/\/proagrolab.com.ar\/se-adelanto-la-recomposicion\/#primaryimage","url":"https:\/\/proagrolab.com.ar\/wp-content\/uploads\/2015\/01\/g_zba8eieqt__Bovinos-angus-negros.jpg","contentUrl":"https:\/\/proagrolab.com.ar\/wp-content\/uploads\/2015\/01\/g_zba8eieqt__Bovinos-angus-negros.jpg","width":450,"height":208},{"@type":"BreadcrumbList","@id":"https:\/\/proagrolab.com.ar\/se-adelanto-la-recomposicion\/#breadcrumb","itemListElement":[{"@type":"ListItem","position":1,"name":"Portada","item":"https:\/\/proagrolab.com.ar\/"},{"@type":"ListItem","position":2,"name":"Se adelant\u00f3 la recomposici\u00f3n."}]},{"@type":"WebSite","@id":"https:\/\/proagrolab.com.ar\/#website","url":"https:\/\/proagrolab.com.ar\/","name":"Proagro Laboratorio Veterinario","description":"Veterinary laboratory","publisher":{"@id":"https:\/\/proagrolab.com.ar\/#organization"},"potentialAction":[{"@type":"SearchAction","target":{"@type":"EntryPoint","urlTemplate":"https:\/\/proagrolab.com.ar\/?s={search_term_string}"},"query-input":{"@type":"PropertyValueSpecification","valueRequired":true,"valueName":"search_term_string"}}],"inLanguage":"en-US"},{"@type":"Organization","@id":"https:\/\/proagrolab.com.ar\/#organization","name":"Proagro","url":"https:\/\/proagrolab.com.ar\/","logo":{"@type":"ImageObject","inLanguage":"en-US","@id":"https:\/\/proagrolab.com.ar\/#\/schema\/logo\/image\/","url":"https:\/\/proagrolab.com.ar\/wp-content\/uploads\/2020\/04\/logo-retina.png","contentUrl":"https:\/\/proagrolab.com.ar\/wp-content\/uploads\/2020\/04\/logo-retina.png","width":478,"height":120,"caption":"Proagro"},"image":{"@id":"https:\/\/proagrolab.com.ar\/#\/schema\/logo\/image\/"},"sameAs":["http:\/\/www.facebook.com\/proagrolab","https:\/\/www.instagram.com\/proagrolab\/","https:\/\/www.linkedin.com\/company\/laboratorio-proagro-s-a\/"]},{"@type":"Person","@id":"https:\/\/proagrolab.com.ar\/#\/schema\/person\/38003ff90bf80381f71c7d922d207444","name":"proagrolab"}]}},"_links":{"self":[{"href":"https:\/\/proagrolab.com.ar\/en\/wp-json\/wp\/v2\/posts\/5812","targetHints":{"allow":["GET"]}}],"collection":[{"href":"https:\/\/proagrolab.com.ar\/en\/wp-json\/wp\/v2\/posts"}],"about":[{"href":"https:\/\/proagrolab.com.ar\/en\/wp-json\/wp\/v2\/types\/post"}],"author":[{"embeddable":true,"href":"https:\/\/proagrolab.com.ar\/en\/wp-json\/wp\/v2\/users\/2"}],"replies":[{"embeddable":true,"href":"https:\/\/proagrolab.com.ar\/en\/wp-json\/wp\/v2\/comments?post=5812"}],"version-history":[{"count":0,"href":"https:\/\/proagrolab.com.ar\/en\/wp-json\/wp\/v2\/posts\/5812\/revisions"}],"wp:featuredmedia":[{"embeddable":true,"href":"https:\/\/proagrolab.com.ar\/en\/wp-json\/wp\/v2\/media\/2300"}],"wp:attachment":[{"href":"https:\/\/proagrolab.com.ar\/en\/wp-json\/wp\/v2\/media?parent=5812"}],"wp:term":[{"taxonomy":"category","embeddable":true,"href":"https:\/\/proagrolab.com.ar\/en\/wp-json\/wp\/v2\/categories?post=5812"},{"taxonomy":"post_tag","embeddable":true,"href":"https:\/\/proagrolab.com.ar\/en\/wp-json\/wp\/v2\/tags?post=5812"}],"curies":[{"name":"wp","href":"https:\/\/api.w.org\/{rel}","templated":true}]}}