{"id":5810,"date":"2013-11-15T00:00:01","date_gmt":"2013-11-15T00:00:01","guid":{"rendered":"https:\/\/proagrolab.com.ar\/el-mundo-cambia-y-la-demanda-sigue-creciendo\/"},"modified":"2013-11-15T00:00:01","modified_gmt":"2013-11-15T00:00:01","slug":"el-mundo-cambia-y-la-demanda-sigue-creciendo","status":"publish","type":"post","link":"https:\/\/proagrolab.com.ar\/en\/el-mundo-cambia-y-la-demanda-sigue-creciendo\/","title":{"rendered":"El mundo cambia y la demanda sigue creciendo."},"content":{"rendered":"<p class=\"qtranxs-available-languages-message qtranxs-available-languages-message-en\"> <\/p><p>Por Pablo Adreani.<\/p>\n<p>China prepara un nuevo esquema econ\u00f3mico para sumar m\u00e1s habitantes al consumo. La UE y EE.UU. definen una zona de libre comercio que demandar\u00e1 m\u00e1s alimentos.<\/p>\n<p>Durante la segunda semana de noviembre, los l\u00edderes del gobernante Partido Comunista Chino se reunieron durante cuatro d\u00edas, para definir los grandes lineamientos del pa\u00eds. Fue con la promesa de dar a las fuerzas del mercado y al sector privado una mayor injerencia en la econom\u00eda dominada por el Estado, pero sin lograr grandes reformas para cambiar el modelo actual de crecimiento econ\u00f3mico.<\/p>\n<p>La estrategia de China estuvo basada en estas \u00faltimas d\u00e9cadas en crecer no s\u00f3lo en su consumo interno sino principalmente en sus exportaciones. El an\u00e1lisis del anuncio de los futuros cambios en la econom\u00eda china sugiere que ahora el Gobierno se est\u00e1 dando cuenta que el ritmo de sus exportaciones tienen un l\u00edmite en poder mantener sus tasas de crecimiento anual. Por la sencilla raz\u00f3n que sus principales mercados de exportaci\u00f3n, Estados Unidos principalmente, tienen sus econom\u00edas ya maduras y no pueden sostener tasas de crecimiento de su consumo m\u00e1s all\u00e1 del crecimiento vegetativo de su mercado.<\/p>\n<p>Adem\u00e1s se est\u00e1 gestando un nuevo acuerdo de Libre Comercio entre Estados Unidos y la Uni\u00f3n Europea (UE), que deja fuera al gigante asi\u00e1tico. En el fondo, lo que el gobierno chino est\u00e1 pensando es en liberar todo el interior productivo a las fuerzas del mercado y a la iniciativa privada. Y de esta forma dar comienzo a la segunda ola de consumo, con reformas que se ir\u00e1n anunciando y apuntando 2020; promoviendo la urbanizaci\u00f3n en las provincias del interior y permitiendo de esta forma que se puedan integrar al crecimiento y desarrollo, mejorando la vida a la mayor\u00eda de personas que viven en las ciudades del interior y en los medios rurales.<\/p>\n<p>Dentro de los cambios que veremos en el futuro est\u00e1 permitir al sector rural el uso de mejor tecnolog\u00eda y dar a los agricultores m\u00e1s derechos de propiedad. Son cambios que van a generar no solamente un aumento de la oferta por aumento de productividad sino tambi\u00e9n una mayor demanda de alimentos. En este contexto se puede estimar que en el futuro China seguir\u00e1 demandando productos agr\u00edcolas cada vez con mayor intensidad.<\/p>\n<p>El acuerdo de libre comercio entre la UE y Estados Unidos se lo ha bautizado como la Otan econ\u00f3mica. De aprobarse, se constituir\u00eda en la mayor zona de libre comercio del planeta, ya que abarcar\u00eda 50 por ciento de la actividad econ\u00f3mica mundial.<\/p>\n<p>En teor\u00eda, esta nueva zona de libre comercio va a beneficiar a los pa\u00edses de ambos lados del Oc\u00e9ano Atl\u00e1ntico. La econom\u00eda estadounidense podr\u00e1 recibir anualmente un monto equivalente a 90.000 millones de euros adicionales, y el presupuesto de la UE seria complementado con 100.000 millones de euros.<\/p>\n<p>De acuerdo con informes de la UE, si el nuevo acuerdo entra en vigor en 2015, en Europa se crear\u00edan 400.000 nuevos puestos de trabajo y el ingreso per c\u00e1pita de cada hogar europeo obtendr\u00e1 un aumento de sus ingresos de 550 euros.<\/p>\n<p>Si bien el crecimiento en la creaci\u00f3n de nuevos puestos de trabajo es bastante desigual, 400.000 nuevos puestos resultado del nuevo acuerdo de Libre Comercio UE, hay un gran contraste con los 2,36 millones de personas que por a\u00f1o est\u00e1n capacitadas y en edad de trabajar.<\/p>\n<p>En definitiva, la demanda de alimentos seguir\u00e1 creciendo, impulsando cada vez el comercio de productos agr\u00edcolas. Ya sea por un aumento de la demanda de alimentos de alta calidad, como de la mayor demanda b\u00e1sica de alimentos, es el caso de carnes, l\u00e1cteos y productos oleaginosos. Argentina esta en condiciones de abastecer el crecimiento de la demanda mundial de alimentos, y no perder nuevamente el tren del boom del consumo y del comercio global. Se requiere una inteligente pol\u00edtica agroexportadora que nos permita liberar las fuerzas del mercado, hoy encorsetadas por medidas que castigan el mercado, la inversi\u00f3n y el crecimiento.<\/p>\n<p>Fuente: La Voz del Interior, 15 de noviembre.<br \/><\/p>","protected":false},"excerpt":{"rendered":"<p>Por Pablo Adreani. China prepara un nuevo esquema econ\u00f3mico para sumar m\u00e1s habitantes al consumo. La UE y EE.UU. definen una zona de libre comercio que demandar\u00e1 m\u00e1s alimentos. Durante la segunda semana de noviembre, los l\u00edderes del gobernante Partido Comunista Chino se reunieron durante cuatro d\u00edas, para definir los grandes lineamientos del pa\u00eds. Fue con la promesa de dar a las fuerzas del mercado y al sector privado una mayor injerencia en la econom\u00eda dominada por el Estado, pero sin lograr grandes reformas para cambiar el modelo actual de crecimiento econ\u00f3mico. La estrategia de China estuvo basada en estas \u00faltimas d\u00e9cadas en crecer no s\u00f3lo en su consumo interno sino principalmente en sus exportaciones. El an\u00e1lisis del anuncio de los futuros cambios en la econom\u00eda china sugiere que ahora el Gobierno se est\u00e1 dando cuenta que el ritmo de sus exportaciones tienen un l\u00edmite en poder mantener sus tasas de crecimiento anual. Por la sencilla raz\u00f3n que sus principales mercados de exportaci\u00f3n, Estados Unidos principalmente, tienen sus econom\u00edas ya maduras y no pueden sostener tasas de crecimiento de su consumo m\u00e1s all\u00e1 del crecimiento vegetativo de su mercado. Adem\u00e1s se est\u00e1 gestando un nuevo acuerdo de Libre Comercio entre [&hellip;]<\/p>\n","protected":false},"author":2,"featured_media":2298,"comment_status":"closed","ping_status":"open","sticky":false,"template":"","format":"standard","meta":{"_acf_changed":false,"footnotes":""},"categories":[56],"tags":[],"class_list":["post-5810","post","type-post","status-publish","format-standard","has-post-thumbnail","hentry","category-infoganadero"],"acf":[],"yoast_head":"<!-- This site is optimized with the Yoast SEO plugin v27.4 - https:\/\/yoast.com\/product\/yoast-seo-wordpress\/ -->\n<title>El mundo cambia y la demanda sigue creciendo. | Proagro<\/title>\n<meta name=\"robots\" content=\"index, follow, max-snippet:-1, max-image-preview:large, max-video-preview:-1\" \/>\n<link rel=\"canonical\" href=\"https:\/\/proagrolab.com.ar\/en\/el-mundo-cambia-y-la-demanda-sigue-creciendo\/\" \/>\n<meta property=\"og:locale\" content=\"en_US\" \/>\n<meta property=\"og:type\" content=\"article\" \/>\n<meta property=\"og:title\" content=\"El mundo cambia y la demanda sigue creciendo. | Proagro\" \/>\n<meta property=\"og:description\" content=\"Por Pablo Adreani. China prepara un nuevo esquema econ\u00f3mico para sumar m\u00e1s habitantes al consumo. La UE y EE.UU. definen una zona de libre comercio que demandar\u00e1 m\u00e1s alimentos. Durante la segunda semana de noviembre, los l\u00edderes del gobernante Partido Comunista Chino se reunieron durante cuatro d\u00edas, para definir los grandes lineamientos del pa\u00eds. Fue con la promesa de dar a las fuerzas del mercado y al sector privado una mayor injerencia en la econom\u00eda dominada por el Estado, pero sin lograr grandes reformas para cambiar el modelo actual de crecimiento econ\u00f3mico. La estrategia de China estuvo basada en estas \u00faltimas d\u00e9cadas en crecer no s\u00f3lo en su consumo interno sino principalmente en sus exportaciones. El an\u00e1lisis del anuncio de los futuros cambios en la econom\u00eda china sugiere que ahora el Gobierno se est\u00e1 dando cuenta que el ritmo de sus exportaciones tienen un l\u00edmite en poder mantener sus tasas de crecimiento anual. Por la sencilla raz\u00f3n que sus principales mercados de exportaci\u00f3n, Estados Unidos principalmente, tienen sus econom\u00edas ya maduras y no pueden sostener tasas de crecimiento de su consumo m\u00e1s all\u00e1 del crecimiento vegetativo de su mercado. Adem\u00e1s se est\u00e1 gestando un nuevo acuerdo de Libre Comercio entre [&hellip;]\" \/>\n<meta property=\"og:url\" content=\"https:\/\/proagrolab.com.ar\/el-mundo-cambia-y-la-demanda-sigue-creciendo\/\" \/>\n<meta property=\"og:site_name\" content=\"Proagro\" \/>\n<meta property=\"article:publisher\" content=\"http:\/\/www.facebook.com\/proagrolab\" \/>\n<meta property=\"article:published_time\" content=\"2013-11-15T00:00:01+00:00\" \/>\n<meta property=\"og:image\" content=\"https:\/\/proagrolab.com.ar\/wp-content\/uploads\/2015\/01\/g_gr7pf5pkc__Bovinos-pastando.jpg\" \/>\n\t<meta property=\"og:image:width\" content=\"450\" \/>\n\t<meta property=\"og:image:height\" content=\"208\" \/>\n\t<meta property=\"og:image:type\" content=\"image\/jpeg\" \/>\n<meta name=\"author\" content=\"proagrolab\" \/>\n<meta name=\"twitter:card\" content=\"summary_large_image\" \/>\n<meta name=\"twitter:label1\" content=\"Written by\" \/>\n\t<meta name=\"twitter:data1\" content=\"proagrolab\" \/>\n\t<meta name=\"twitter:label2\" content=\"Est. reading time\" \/>\n\t<meta name=\"twitter:data2\" content=\"4 minutes\" \/>\n<script type=\"application\/ld+json\" class=\"yoast-schema-graph\">{\"@context\":\"https:\\\/\\\/schema.org\",\"@graph\":[{\"@type\":\"Article\",\"@id\":\"https:\\\/\\\/proagrolab.com.ar\\\/el-mundo-cambia-y-la-demanda-sigue-creciendo\\\/#article\",\"isPartOf\":{\"@id\":\"https:\\\/\\\/proagrolab.com.ar\\\/el-mundo-cambia-y-la-demanda-sigue-creciendo\\\/\"},\"author\":{\"name\":\"proagrolab\",\"@id\":\"https:\\\/\\\/proagrolab.com.ar\\\/#\\\/schema\\\/person\\\/38003ff90bf80381f71c7d922d207444\"},\"headline\":\"El mundo cambia y la demanda sigue creciendo.\",\"datePublished\":\"2013-11-15T00:00:01+00:00\",\"mainEntityOfPage\":{\"@id\":\"https:\\\/\\\/proagrolab.com.ar\\\/el-mundo-cambia-y-la-demanda-sigue-creciendo\\\/\"},\"wordCount\":708,\"publisher\":{\"@id\":\"https:\\\/\\\/proagrolab.com.ar\\\/#organization\"},\"image\":{\"@id\":\"https:\\\/\\\/proagrolab.com.ar\\\/el-mundo-cambia-y-la-demanda-sigue-creciendo\\\/#primaryimage\"},\"thumbnailUrl\":\"https:\\\/\\\/proagrolab.com.ar\\\/wp-content\\\/uploads\\\/2015\\\/01\\\/g_gr7pf5pkc__Bovinos-pastando.jpg\",\"articleSection\":[\"News\"],\"inLanguage\":\"en-US\"},{\"@type\":\"WebPage\",\"@id\":\"https:\\\/\\\/proagrolab.com.ar\\\/el-mundo-cambia-y-la-demanda-sigue-creciendo\\\/\",\"url\":\"https:\\\/\\\/proagrolab.com.ar\\\/el-mundo-cambia-y-la-demanda-sigue-creciendo\\\/\",\"name\":\"El mundo cambia y la demanda sigue creciendo. | Proagro\",\"isPartOf\":{\"@id\":\"https:\\\/\\\/proagrolab.com.ar\\\/#website\"},\"primaryImageOfPage\":{\"@id\":\"https:\\\/\\\/proagrolab.com.ar\\\/el-mundo-cambia-y-la-demanda-sigue-creciendo\\\/#primaryimage\"},\"image\":{\"@id\":\"https:\\\/\\\/proagrolab.com.ar\\\/el-mundo-cambia-y-la-demanda-sigue-creciendo\\\/#primaryimage\"},\"thumbnailUrl\":\"https:\\\/\\\/proagrolab.com.ar\\\/wp-content\\\/uploads\\\/2015\\\/01\\\/g_gr7pf5pkc__Bovinos-pastando.jpg\",\"datePublished\":\"2013-11-15T00:00:01+00:00\",\"breadcrumb\":{\"@id\":\"https:\\\/\\\/proagrolab.com.ar\\\/el-mundo-cambia-y-la-demanda-sigue-creciendo\\\/#breadcrumb\"},\"inLanguage\":\"en-US\",\"potentialAction\":[{\"@type\":\"ReadAction\",\"target\":[\"https:\\\/\\\/proagrolab.com.ar\\\/el-mundo-cambia-y-la-demanda-sigue-creciendo\\\/\"]}]},{\"@type\":\"ImageObject\",\"inLanguage\":\"en-US\",\"@id\":\"https:\\\/\\\/proagrolab.com.ar\\\/el-mundo-cambia-y-la-demanda-sigue-creciendo\\\/#primaryimage\",\"url\":\"https:\\\/\\\/proagrolab.com.ar\\\/wp-content\\\/uploads\\\/2015\\\/01\\\/g_gr7pf5pkc__Bovinos-pastando.jpg\",\"contentUrl\":\"https:\\\/\\\/proagrolab.com.ar\\\/wp-content\\\/uploads\\\/2015\\\/01\\\/g_gr7pf5pkc__Bovinos-pastando.jpg\",\"width\":450,\"height\":208},{\"@type\":\"BreadcrumbList\",\"@id\":\"https:\\\/\\\/proagrolab.com.ar\\\/el-mundo-cambia-y-la-demanda-sigue-creciendo\\\/#breadcrumb\",\"itemListElement\":[{\"@type\":\"ListItem\",\"position\":1,\"name\":\"Portada\",\"item\":\"https:\\\/\\\/proagrolab.com.ar\\\/\"},{\"@type\":\"ListItem\",\"position\":2,\"name\":\"El mundo cambia y la demanda sigue creciendo.\"}]},{\"@type\":\"WebSite\",\"@id\":\"https:\\\/\\\/proagrolab.com.ar\\\/#website\",\"url\":\"https:\\\/\\\/proagrolab.com.ar\\\/\",\"name\":\"Proagro Laboratorio Veterinario\",\"description\":\"Veterinary laboratory\",\"publisher\":{\"@id\":\"https:\\\/\\\/proagrolab.com.ar\\\/#organization\"},\"potentialAction\":[{\"@type\":\"SearchAction\",\"target\":{\"@type\":\"EntryPoint\",\"urlTemplate\":\"https:\\\/\\\/proagrolab.com.ar\\\/?s={search_term_string}\"},\"query-input\":{\"@type\":\"PropertyValueSpecification\",\"valueRequired\":true,\"valueName\":\"search_term_string\"}}],\"inLanguage\":\"en-US\"},{\"@type\":\"Organization\",\"@id\":\"https:\\\/\\\/proagrolab.com.ar\\\/#organization\",\"name\":\"Proagro\",\"url\":\"https:\\\/\\\/proagrolab.com.ar\\\/\",\"logo\":{\"@type\":\"ImageObject\",\"inLanguage\":\"en-US\",\"@id\":\"https:\\\/\\\/proagrolab.com.ar\\\/#\\\/schema\\\/logo\\\/image\\\/\",\"url\":\"https:\\\/\\\/proagrolab.com.ar\\\/wp-content\\\/uploads\\\/2020\\\/04\\\/logo-retina.png\",\"contentUrl\":\"https:\\\/\\\/proagrolab.com.ar\\\/wp-content\\\/uploads\\\/2020\\\/04\\\/logo-retina.png\",\"width\":478,\"height\":120,\"caption\":\"Proagro\"},\"image\":{\"@id\":\"https:\\\/\\\/proagrolab.com.ar\\\/#\\\/schema\\\/logo\\\/image\\\/\"},\"sameAs\":[\"http:\\\/\\\/www.facebook.com\\\/proagrolab\",\"https:\\\/\\\/www.instagram.com\\\/proagrolab\\\/\",\"https:\\\/\\\/www.linkedin.com\\\/company\\\/laboratorio-proagro-s-a\\\/\"]},{\"@type\":\"Person\",\"@id\":\"https:\\\/\\\/proagrolab.com.ar\\\/#\\\/schema\\\/person\\\/38003ff90bf80381f71c7d922d207444\",\"name\":\"proagrolab\"}]}<\/script>\n<!-- \/ Yoast SEO plugin. -->","yoast_head_json":{"title":"El mundo cambia y la demanda sigue creciendo. | Proagro","robots":{"index":"index","follow":"follow","max-snippet":"max-snippet:-1","max-image-preview":"max-image-preview:large","max-video-preview":"max-video-preview:-1"},"canonical":"https:\/\/proagrolab.com.ar\/en\/el-mundo-cambia-y-la-demanda-sigue-creciendo\/","og_locale":"en_US","og_type":"article","og_title":"El mundo cambia y la demanda sigue creciendo. | Proagro","og_description":"Por Pablo Adreani. China prepara un nuevo esquema econ\u00f3mico para sumar m\u00e1s habitantes al consumo. La UE y EE.UU. definen una zona de libre comercio que demandar\u00e1 m\u00e1s alimentos. Durante la segunda semana de noviembre, los l\u00edderes del gobernante Partido Comunista Chino se reunieron durante cuatro d\u00edas, para definir los grandes lineamientos del pa\u00eds. Fue con la promesa de dar a las fuerzas del mercado y al sector privado una mayor injerencia en la econom\u00eda dominada por el Estado, pero sin lograr grandes reformas para cambiar el modelo actual de crecimiento econ\u00f3mico. La estrategia de China estuvo basada en estas \u00faltimas d\u00e9cadas en crecer no s\u00f3lo en su consumo interno sino principalmente en sus exportaciones. El an\u00e1lisis del anuncio de los futuros cambios en la econom\u00eda china sugiere que ahora el Gobierno se est\u00e1 dando cuenta que el ritmo de sus exportaciones tienen un l\u00edmite en poder mantener sus tasas de crecimiento anual. Por la sencilla raz\u00f3n que sus principales mercados de exportaci\u00f3n, Estados Unidos principalmente, tienen sus econom\u00edas ya maduras y no pueden sostener tasas de crecimiento de su consumo m\u00e1s all\u00e1 del crecimiento vegetativo de su mercado. Adem\u00e1s se est\u00e1 gestando un nuevo acuerdo de Libre Comercio entre [&hellip;]","og_url":"https:\/\/proagrolab.com.ar\/el-mundo-cambia-y-la-demanda-sigue-creciendo\/","og_site_name":"Proagro","article_publisher":"http:\/\/www.facebook.com\/proagrolab","article_published_time":"2013-11-15T00:00:01+00:00","og_image":[{"width":450,"height":208,"url":"https:\/\/proagrolab.com.ar\/wp-content\/uploads\/2015\/01\/g_gr7pf5pkc__Bovinos-pastando.jpg","type":"image\/jpeg"}],"author":"proagrolab","twitter_card":"summary_large_image","twitter_misc":{"Written by":"proagrolab","Est. reading time":"4 minutes"},"schema":{"@context":"https:\/\/schema.org","@graph":[{"@type":"Article","@id":"https:\/\/proagrolab.com.ar\/el-mundo-cambia-y-la-demanda-sigue-creciendo\/#article","isPartOf":{"@id":"https:\/\/proagrolab.com.ar\/el-mundo-cambia-y-la-demanda-sigue-creciendo\/"},"author":{"name":"proagrolab","@id":"https:\/\/proagrolab.com.ar\/#\/schema\/person\/38003ff90bf80381f71c7d922d207444"},"headline":"El mundo cambia y la demanda sigue creciendo.","datePublished":"2013-11-15T00:00:01+00:00","mainEntityOfPage":{"@id":"https:\/\/proagrolab.com.ar\/el-mundo-cambia-y-la-demanda-sigue-creciendo\/"},"wordCount":708,"publisher":{"@id":"https:\/\/proagrolab.com.ar\/#organization"},"image":{"@id":"https:\/\/proagrolab.com.ar\/el-mundo-cambia-y-la-demanda-sigue-creciendo\/#primaryimage"},"thumbnailUrl":"https:\/\/proagrolab.com.ar\/wp-content\/uploads\/2015\/01\/g_gr7pf5pkc__Bovinos-pastando.jpg","articleSection":["News"],"inLanguage":"en-US"},{"@type":"WebPage","@id":"https:\/\/proagrolab.com.ar\/el-mundo-cambia-y-la-demanda-sigue-creciendo\/","url":"https:\/\/proagrolab.com.ar\/el-mundo-cambia-y-la-demanda-sigue-creciendo\/","name":"El mundo cambia y la demanda sigue creciendo. | Proagro","isPartOf":{"@id":"https:\/\/proagrolab.com.ar\/#website"},"primaryImageOfPage":{"@id":"https:\/\/proagrolab.com.ar\/el-mundo-cambia-y-la-demanda-sigue-creciendo\/#primaryimage"},"image":{"@id":"https:\/\/proagrolab.com.ar\/el-mundo-cambia-y-la-demanda-sigue-creciendo\/#primaryimage"},"thumbnailUrl":"https:\/\/proagrolab.com.ar\/wp-content\/uploads\/2015\/01\/g_gr7pf5pkc__Bovinos-pastando.jpg","datePublished":"2013-11-15T00:00:01+00:00","breadcrumb":{"@id":"https:\/\/proagrolab.com.ar\/el-mundo-cambia-y-la-demanda-sigue-creciendo\/#breadcrumb"},"inLanguage":"en-US","potentialAction":[{"@type":"ReadAction","target":["https:\/\/proagrolab.com.ar\/el-mundo-cambia-y-la-demanda-sigue-creciendo\/"]}]},{"@type":"ImageObject","inLanguage":"en-US","@id":"https:\/\/proagrolab.com.ar\/el-mundo-cambia-y-la-demanda-sigue-creciendo\/#primaryimage","url":"https:\/\/proagrolab.com.ar\/wp-content\/uploads\/2015\/01\/g_gr7pf5pkc__Bovinos-pastando.jpg","contentUrl":"https:\/\/proagrolab.com.ar\/wp-content\/uploads\/2015\/01\/g_gr7pf5pkc__Bovinos-pastando.jpg","width":450,"height":208},{"@type":"BreadcrumbList","@id":"https:\/\/proagrolab.com.ar\/el-mundo-cambia-y-la-demanda-sigue-creciendo\/#breadcrumb","itemListElement":[{"@type":"ListItem","position":1,"name":"Portada","item":"https:\/\/proagrolab.com.ar\/"},{"@type":"ListItem","position":2,"name":"El mundo cambia y la demanda sigue creciendo."}]},{"@type":"WebSite","@id":"https:\/\/proagrolab.com.ar\/#website","url":"https:\/\/proagrolab.com.ar\/","name":"Proagro Laboratorio Veterinario","description":"Veterinary laboratory","publisher":{"@id":"https:\/\/proagrolab.com.ar\/#organization"},"potentialAction":[{"@type":"SearchAction","target":{"@type":"EntryPoint","urlTemplate":"https:\/\/proagrolab.com.ar\/?s={search_term_string}"},"query-input":{"@type":"PropertyValueSpecification","valueRequired":true,"valueName":"search_term_string"}}],"inLanguage":"en-US"},{"@type":"Organization","@id":"https:\/\/proagrolab.com.ar\/#organization","name":"Proagro","url":"https:\/\/proagrolab.com.ar\/","logo":{"@type":"ImageObject","inLanguage":"en-US","@id":"https:\/\/proagrolab.com.ar\/#\/schema\/logo\/image\/","url":"https:\/\/proagrolab.com.ar\/wp-content\/uploads\/2020\/04\/logo-retina.png","contentUrl":"https:\/\/proagrolab.com.ar\/wp-content\/uploads\/2020\/04\/logo-retina.png","width":478,"height":120,"caption":"Proagro"},"image":{"@id":"https:\/\/proagrolab.com.ar\/#\/schema\/logo\/image\/"},"sameAs":["http:\/\/www.facebook.com\/proagrolab","https:\/\/www.instagram.com\/proagrolab\/","https:\/\/www.linkedin.com\/company\/laboratorio-proagro-s-a\/"]},{"@type":"Person","@id":"https:\/\/proagrolab.com.ar\/#\/schema\/person\/38003ff90bf80381f71c7d922d207444","name":"proagrolab"}]}},"_links":{"self":[{"href":"https:\/\/proagrolab.com.ar\/en\/wp-json\/wp\/v2\/posts\/5810","targetHints":{"allow":["GET"]}}],"collection":[{"href":"https:\/\/proagrolab.com.ar\/en\/wp-json\/wp\/v2\/posts"}],"about":[{"href":"https:\/\/proagrolab.com.ar\/en\/wp-json\/wp\/v2\/types\/post"}],"author":[{"embeddable":true,"href":"https:\/\/proagrolab.com.ar\/en\/wp-json\/wp\/v2\/users\/2"}],"replies":[{"embeddable":true,"href":"https:\/\/proagrolab.com.ar\/en\/wp-json\/wp\/v2\/comments?post=5810"}],"version-history":[{"count":0,"href":"https:\/\/proagrolab.com.ar\/en\/wp-json\/wp\/v2\/posts\/5810\/revisions"}],"wp:featuredmedia":[{"embeddable":true,"href":"https:\/\/proagrolab.com.ar\/en\/wp-json\/wp\/v2\/media\/2298"}],"wp:attachment":[{"href":"https:\/\/proagrolab.com.ar\/en\/wp-json\/wp\/v2\/media?parent=5810"}],"wp:term":[{"taxonomy":"category","embeddable":true,"href":"https:\/\/proagrolab.com.ar\/en\/wp-json\/wp\/v2\/categories?post=5810"},{"taxonomy":"post_tag","embeddable":true,"href":"https:\/\/proagrolab.com.ar\/en\/wp-json\/wp\/v2\/tags?post=5810"}],"curies":[{"name":"wp","href":"https:\/\/api.w.org\/{rel}","templated":true}]}}