{"id":5809,"date":"2013-11-15T00:00:01","date_gmt":"2013-11-15T00:00:01","guid":{"rendered":"https:\/\/proagrolab.com.ar\/reunion-con-el-senacsa-de-paraguay-por-la-vacunacion-antiaftosa-y-antibrucelica\/"},"modified":"2013-11-15T00:00:01","modified_gmt":"2013-11-15T00:00:01","slug":"reunion-con-el-senacsa-de-paraguay-por-la-vacunacion-antiaftosa-y-antibrucelica","status":"publish","type":"post","link":"https:\/\/proagrolab.com.ar\/en\/reunion-con-el-senacsa-de-paraguay-por-la-vacunacion-antiaftosa-y-antibrucelica\/","title":{"rendered":"Reuni\u00f3n con el Senacsa de Paraguay por la vacunaci\u00f3n antiaftosa y antibruc\u00e9lica."},"content":{"rendered":"<p class=\"qtranxs-available-languages-message qtranxs-available-languages-message-en\"> <\/p><p>Agentes del Senasa informaron sobre el desarrollo de la inoculaci\u00f3n en las provincias de Chaco y Formosa y coordinaron con sus pares del vecino pa\u00eds acciones de fiscalizaci\u00f3n.<\/p>\n<p>FORMOSA &#8211; Los Servicios Nacionales de Sanidad y Calidad Agroalimentaria (Senasa) y de Calidad y Salud Animal (Senacsa) de la Rep\u00fablica del Paraguay realizaron, el pasado 8 de noviembre, una reuni\u00f3n en la que abordaron el desarrollo de la vacunaci\u00f3n antiaftosa y antibruc\u00e9lica en las provincias de Chaco y Formosa y coordinaron acciones de fiscalizaci\u00f3n.<\/p>\n<p>El encuentro se llev\u00f3 a cabo en la Oficina de Clorinda del Senasa y cont\u00f3 con la presencia de los coordinadores de Frontera Norte A del Servicio Sanitario Argentino, Marcelo Pedretti y de Convenio del Senacsa, F\u00e9lix Caballero; acompa\u00f1ados por agentes del Centro Regional Chaco Formosa y de los departamentos paraguayos \u00d1embuc\u00fa y Presidente Hayes.<\/p>\n<p>En la reuni\u00f3n, los profesionales del Senasa informaron a sus pares del vecino pa\u00eds que en las provincias de Chaco y Formosa se est\u00e1 desarrollando la segunda campa\u00f1a de vacunaci\u00f3n antiaftosa y antibruc\u00e9lica, desde el 15 de octubre y hasta el 15 de diciembre.<\/p>\n<p>Explicaron que la inoculaci\u00f3n es obligatoria y abarca a todas las categor\u00edas menores de bovinos y bubalinos, en el territorio continental. Mientras que en la Frontera Norte A (l\u00edmite entre Formosa y Paraguay) y Norte B (l\u00edmite entre Chaco y Paraguay) se vacunar\u00e1n a todas las categor\u00edas, sin excepci\u00f3n.<\/p>\n<p>Adem\u00e1s, se inform\u00f3 que el Organismo realiz\u00f3 capacitaciones destinadas a programadores y vacunadores de los entes sanitarios que llevan adelante la inoculaci\u00f3n y organiz\u00f3 reuniones con las asociaciones ganaderas del oeste formose\u00f1o para tratar la situaci\u00f3n sanitaria del ganado en medio de la intensa sequ\u00eda.<\/p>\n<p>Ambos servicios acordaron la visita de los agentes del Senacsa en las pr\u00f3ximas semanas a nuestro pa\u00eds para fiscalizar la vacunaci\u00f3n antiaftosa y antibruc\u00e9lica en establecimientos productivos de las localidades formose\u00f1as de Villa General G\u00fcemes y El Espinillo.<\/p>\n<p>Por su parte, los agentes del Senacsa comunicaron que Paraguay recuper\u00f3 el estatus de pa\u00eds libre de fiebre aftosa con vacunaci\u00f3n otorgado por la Organizaci\u00f3n Mundial de Sanidad Animal (OIE), dos a\u00f1os despu\u00e9s de que la vecina Rep\u00fablica perdiera esa categor\u00eda, debido a un brote de fiebre aftosa detectado en el departamento de San Pedro.<\/p>\n<p>Asimismo, informaron que en el mes de enero de 2014 se iniciar\u00e1 la primera campa\u00f1a de vacunaci\u00f3n antiaftosa en Paraguay, por lo que el Servicio se encuentra capacitando a los certificadores que corroborar\u00e1n la efectiva realizaci\u00f3n de la misma.<\/p>\n<p>Fuente: Agrositio, 14 de noviembre.<br \/><\/p>","protected":false},"excerpt":{"rendered":"<p>Agentes del Senasa informaron sobre el desarrollo de la inoculaci\u00f3n en las provincias de Chaco y Formosa y coordinaron con sus pares del vecino pa\u00eds acciones de fiscalizaci\u00f3n. FORMOSA &#8211; Los Servicios Nacionales de Sanidad y Calidad Agroalimentaria (Senasa) y de Calidad y Salud Animal (Senacsa) de la Rep\u00fablica del Paraguay realizaron, el pasado 8 de noviembre, una reuni\u00f3n en la que abordaron el desarrollo de la vacunaci\u00f3n antiaftosa y antibruc\u00e9lica en las provincias de Chaco y Formosa y coordinaron acciones de fiscalizaci\u00f3n. El encuentro se llev\u00f3 a cabo en la Oficina de Clorinda del Senasa y cont\u00f3 con la presencia de los coordinadores de Frontera Norte A del Servicio Sanitario Argentino, Marcelo Pedretti y de Convenio del Senacsa, F\u00e9lix Caballero; acompa\u00f1ados por agentes del Centro Regional Chaco Formosa y de los departamentos paraguayos \u00d1embuc\u00fa y Presidente Hayes. En la reuni\u00f3n, los profesionales del Senasa informaron a sus pares del vecino pa\u00eds que en las provincias de Chaco y Formosa se est\u00e1 desarrollando la segunda campa\u00f1a de vacunaci\u00f3n antiaftosa y antibruc\u00e9lica, desde el 15 de octubre y hasta el 15 de diciembre. Explicaron que la inoculaci\u00f3n es obligatoria y abarca a todas las categor\u00edas menores de bovinos y bubalinos, en [&hellip;]<\/p>\n","protected":false},"author":2,"featured_media":2297,"comment_status":"closed","ping_status":"open","sticky":false,"template":"","format":"standard","meta":{"_acf_changed":false,"footnotes":""},"categories":[56],"tags":[],"class_list":["post-5809","post","type-post","status-publish","format-standard","has-post-thumbnail","hentry","category-infoganadero"],"acf":[],"yoast_head":"<!-- This site is optimized with the Yoast SEO plugin v27.4 - https:\/\/yoast.com\/product\/yoast-seo-wordpress\/ -->\n<title>Reuni\u00f3n con el Senacsa de Paraguay por la vacunaci\u00f3n antiaftosa y antibruc\u00e9lica. | Proagro<\/title>\n<meta name=\"robots\" content=\"index, follow, max-snippet:-1, max-image-preview:large, max-video-preview:-1\" \/>\n<link rel=\"canonical\" href=\"https:\/\/proagrolab.com.ar\/en\/reunion-con-el-senacsa-de-paraguay-por-la-vacunacion-antiaftosa-y-antibrucelica\/\" \/>\n<meta property=\"og:locale\" content=\"en_US\" \/>\n<meta property=\"og:type\" content=\"article\" \/>\n<meta property=\"og:title\" content=\"Reuni\u00f3n con el Senacsa de Paraguay por la vacunaci\u00f3n antiaftosa y antibruc\u00e9lica. | Proagro\" \/>\n<meta property=\"og:description\" content=\"Agentes del Senasa informaron sobre el desarrollo de la inoculaci\u00f3n en las provincias de Chaco y Formosa y coordinaron con sus pares del vecino pa\u00eds acciones de fiscalizaci\u00f3n. FORMOSA &#8211; Los Servicios Nacionales de Sanidad y Calidad Agroalimentaria (Senasa) y de Calidad y Salud Animal (Senacsa) de la Rep\u00fablica del Paraguay realizaron, el pasado 8 de noviembre, una reuni\u00f3n en la que abordaron el desarrollo de la vacunaci\u00f3n antiaftosa y antibruc\u00e9lica en las provincias de Chaco y Formosa y coordinaron acciones de fiscalizaci\u00f3n. El encuentro se llev\u00f3 a cabo en la Oficina de Clorinda del Senasa y cont\u00f3 con la presencia de los coordinadores de Frontera Norte A del Servicio Sanitario Argentino, Marcelo Pedretti y de Convenio del Senacsa, F\u00e9lix Caballero; acompa\u00f1ados por agentes del Centro Regional Chaco Formosa y de los departamentos paraguayos \u00d1embuc\u00fa y Presidente Hayes. En la reuni\u00f3n, los profesionales del Senasa informaron a sus pares del vecino pa\u00eds que en las provincias de Chaco y Formosa se est\u00e1 desarrollando la segunda campa\u00f1a de vacunaci\u00f3n antiaftosa y antibruc\u00e9lica, desde el 15 de octubre y hasta el 15 de diciembre. Explicaron que la inoculaci\u00f3n es obligatoria y abarca a todas las categor\u00edas menores de bovinos y bubalinos, en [&hellip;]\" \/>\n<meta property=\"og:url\" content=\"https:\/\/proagrolab.com.ar\/reunion-con-el-senacsa-de-paraguay-por-la-vacunacion-antiaftosa-y-antibrucelica\/\" \/>\n<meta property=\"og:site_name\" content=\"Proagro\" \/>\n<meta property=\"article:publisher\" content=\"http:\/\/www.facebook.com\/proagrolab\" \/>\n<meta property=\"article:published_time\" content=\"2013-11-15T00:00:01+00:00\" \/>\n<meta property=\"og:image\" content=\"https:\/\/proagrolab.com.ar\/wp-content\/uploads\/2015\/01\/g_bz6a1n3cm__Vacunaci\u00f3n.jpg\" \/>\n\t<meta property=\"og:image:width\" content=\"1\" \/>\n\t<meta property=\"og:image:height\" content=\"1\" \/>\n\t<meta property=\"og:image:type\" content=\"image\/jpeg\" \/>\n<meta name=\"author\" content=\"proagrolab\" \/>\n<meta name=\"twitter:card\" content=\"summary_large_image\" \/>\n<meta name=\"twitter:label1\" content=\"Written by\" \/>\n\t<meta name=\"twitter:data1\" content=\"proagrolab\" \/>\n\t<meta name=\"twitter:label2\" content=\"Est. reading time\" \/>\n\t<meta name=\"twitter:data2\" content=\"2 minutes\" \/>\n<script type=\"application\/ld+json\" class=\"yoast-schema-graph\">{\"@context\":\"https:\\\/\\\/schema.org\",\"@graph\":[{\"@type\":\"Article\",\"@id\":\"https:\\\/\\\/proagrolab.com.ar\\\/reunion-con-el-senacsa-de-paraguay-por-la-vacunacion-antiaftosa-y-antibrucelica\\\/#article\",\"isPartOf\":{\"@id\":\"https:\\\/\\\/proagrolab.com.ar\\\/reunion-con-el-senacsa-de-paraguay-por-la-vacunacion-antiaftosa-y-antibrucelica\\\/\"},\"author\":{\"name\":\"proagrolab\",\"@id\":\"https:\\\/\\\/proagrolab.com.ar\\\/#\\\/schema\\\/person\\\/38003ff90bf80381f71c7d922d207444\"},\"headline\":\"Reuni\u00f3n con el Senacsa de Paraguay por la vacunaci\u00f3n antiaftosa y antibruc\u00e9lica.\",\"datePublished\":\"2013-11-15T00:00:01+00:00\",\"mainEntityOfPage\":{\"@id\":\"https:\\\/\\\/proagrolab.com.ar\\\/reunion-con-el-senacsa-de-paraguay-por-la-vacunacion-antiaftosa-y-antibrucelica\\\/\"},\"wordCount\":467,\"publisher\":{\"@id\":\"https:\\\/\\\/proagrolab.com.ar\\\/#organization\"},\"image\":{\"@id\":\"https:\\\/\\\/proagrolab.com.ar\\\/reunion-con-el-senacsa-de-paraguay-por-la-vacunacion-antiaftosa-y-antibrucelica\\\/#primaryimage\"},\"thumbnailUrl\":\"https:\\\/\\\/proagrolab.com.ar\\\/wp-content\\\/uploads\\\/2015\\\/01\\\/g_bz6a1n3cm__Vacunaci\u00f3n.jpg\",\"articleSection\":[\"News\"],\"inLanguage\":\"en-US\"},{\"@type\":\"WebPage\",\"@id\":\"https:\\\/\\\/proagrolab.com.ar\\\/reunion-con-el-senacsa-de-paraguay-por-la-vacunacion-antiaftosa-y-antibrucelica\\\/\",\"url\":\"https:\\\/\\\/proagrolab.com.ar\\\/reunion-con-el-senacsa-de-paraguay-por-la-vacunacion-antiaftosa-y-antibrucelica\\\/\",\"name\":\"Reuni\u00f3n con el Senacsa de Paraguay por la vacunaci\u00f3n antiaftosa y antibruc\u00e9lica. | Proagro\",\"isPartOf\":{\"@id\":\"https:\\\/\\\/proagrolab.com.ar\\\/#website\"},\"primaryImageOfPage\":{\"@id\":\"https:\\\/\\\/proagrolab.com.ar\\\/reunion-con-el-senacsa-de-paraguay-por-la-vacunacion-antiaftosa-y-antibrucelica\\\/#primaryimage\"},\"image\":{\"@id\":\"https:\\\/\\\/proagrolab.com.ar\\\/reunion-con-el-senacsa-de-paraguay-por-la-vacunacion-antiaftosa-y-antibrucelica\\\/#primaryimage\"},\"thumbnailUrl\":\"https:\\\/\\\/proagrolab.com.ar\\\/wp-content\\\/uploads\\\/2015\\\/01\\\/g_bz6a1n3cm__Vacunaci\u00f3n.jpg\",\"datePublished\":\"2013-11-15T00:00:01+00:00\",\"breadcrumb\":{\"@id\":\"https:\\\/\\\/proagrolab.com.ar\\\/reunion-con-el-senacsa-de-paraguay-por-la-vacunacion-antiaftosa-y-antibrucelica\\\/#breadcrumb\"},\"inLanguage\":\"en-US\",\"potentialAction\":[{\"@type\":\"ReadAction\",\"target\":[\"https:\\\/\\\/proagrolab.com.ar\\\/reunion-con-el-senacsa-de-paraguay-por-la-vacunacion-antiaftosa-y-antibrucelica\\\/\"]}]},{\"@type\":\"ImageObject\",\"inLanguage\":\"en-US\",\"@id\":\"https:\\\/\\\/proagrolab.com.ar\\\/reunion-con-el-senacsa-de-paraguay-por-la-vacunacion-antiaftosa-y-antibrucelica\\\/#primaryimage\",\"url\":\"https:\\\/\\\/proagrolab.com.ar\\\/wp-content\\\/uploads\\\/2015\\\/01\\\/g_bz6a1n3cm__Vacunaci\u00f3n.jpg\",\"contentUrl\":\"https:\\\/\\\/proagrolab.com.ar\\\/wp-content\\\/uploads\\\/2015\\\/01\\\/g_bz6a1n3cm__Vacunaci\u00f3n.jpg\"},{\"@type\":\"BreadcrumbList\",\"@id\":\"https:\\\/\\\/proagrolab.com.ar\\\/reunion-con-el-senacsa-de-paraguay-por-la-vacunacion-antiaftosa-y-antibrucelica\\\/#breadcrumb\",\"itemListElement\":[{\"@type\":\"ListItem\",\"position\":1,\"name\":\"Portada\",\"item\":\"https:\\\/\\\/proagrolab.com.ar\\\/\"},{\"@type\":\"ListItem\",\"position\":2,\"name\":\"Reuni\u00f3n con el Senacsa de Paraguay por la vacunaci\u00f3n antiaftosa y antibruc\u00e9lica.\"}]},{\"@type\":\"WebSite\",\"@id\":\"https:\\\/\\\/proagrolab.com.ar\\\/#website\",\"url\":\"https:\\\/\\\/proagrolab.com.ar\\\/\",\"name\":\"Proagro Laboratorio Veterinario\",\"description\":\"Veterinary laboratory\",\"publisher\":{\"@id\":\"https:\\\/\\\/proagrolab.com.ar\\\/#organization\"},\"potentialAction\":[{\"@type\":\"SearchAction\",\"target\":{\"@type\":\"EntryPoint\",\"urlTemplate\":\"https:\\\/\\\/proagrolab.com.ar\\\/?s={search_term_string}\"},\"query-input\":{\"@type\":\"PropertyValueSpecification\",\"valueRequired\":true,\"valueName\":\"search_term_string\"}}],\"inLanguage\":\"en-US\"},{\"@type\":\"Organization\",\"@id\":\"https:\\\/\\\/proagrolab.com.ar\\\/#organization\",\"name\":\"Proagro\",\"url\":\"https:\\\/\\\/proagrolab.com.ar\\\/\",\"logo\":{\"@type\":\"ImageObject\",\"inLanguage\":\"en-US\",\"@id\":\"https:\\\/\\\/proagrolab.com.ar\\\/#\\\/schema\\\/logo\\\/image\\\/\",\"url\":\"https:\\\/\\\/proagrolab.com.ar\\\/wp-content\\\/uploads\\\/2020\\\/04\\\/logo-retina.png\",\"contentUrl\":\"https:\\\/\\\/proagrolab.com.ar\\\/wp-content\\\/uploads\\\/2020\\\/04\\\/logo-retina.png\",\"width\":478,\"height\":120,\"caption\":\"Proagro\"},\"image\":{\"@id\":\"https:\\\/\\\/proagrolab.com.ar\\\/#\\\/schema\\\/logo\\\/image\\\/\"},\"sameAs\":[\"http:\\\/\\\/www.facebook.com\\\/proagrolab\",\"https:\\\/\\\/www.instagram.com\\\/proagrolab\\\/\",\"https:\\\/\\\/www.linkedin.com\\\/company\\\/laboratorio-proagro-s-a\\\/\"]},{\"@type\":\"Person\",\"@id\":\"https:\\\/\\\/proagrolab.com.ar\\\/#\\\/schema\\\/person\\\/38003ff90bf80381f71c7d922d207444\",\"name\":\"proagrolab\"}]}<\/script>\n<!-- \/ Yoast SEO plugin. -->","yoast_head_json":{"title":"Reuni\u00f3n con el Senacsa de Paraguay por la vacunaci\u00f3n antiaftosa y antibruc\u00e9lica. | Proagro","robots":{"index":"index","follow":"follow","max-snippet":"max-snippet:-1","max-image-preview":"max-image-preview:large","max-video-preview":"max-video-preview:-1"},"canonical":"https:\/\/proagrolab.com.ar\/en\/reunion-con-el-senacsa-de-paraguay-por-la-vacunacion-antiaftosa-y-antibrucelica\/","og_locale":"en_US","og_type":"article","og_title":"Reuni\u00f3n con el Senacsa de Paraguay por la vacunaci\u00f3n antiaftosa y antibruc\u00e9lica. | Proagro","og_description":"Agentes del Senasa informaron sobre el desarrollo de la inoculaci\u00f3n en las provincias de Chaco y Formosa y coordinaron con sus pares del vecino pa\u00eds acciones de fiscalizaci\u00f3n. FORMOSA &#8211; Los Servicios Nacionales de Sanidad y Calidad Agroalimentaria (Senasa) y de Calidad y Salud Animal (Senacsa) de la Rep\u00fablica del Paraguay realizaron, el pasado 8 de noviembre, una reuni\u00f3n en la que abordaron el desarrollo de la vacunaci\u00f3n antiaftosa y antibruc\u00e9lica en las provincias de Chaco y Formosa y coordinaron acciones de fiscalizaci\u00f3n. El encuentro se llev\u00f3 a cabo en la Oficina de Clorinda del Senasa y cont\u00f3 con la presencia de los coordinadores de Frontera Norte A del Servicio Sanitario Argentino, Marcelo Pedretti y de Convenio del Senacsa, F\u00e9lix Caballero; acompa\u00f1ados por agentes del Centro Regional Chaco Formosa y de los departamentos paraguayos \u00d1embuc\u00fa y Presidente Hayes. En la reuni\u00f3n, los profesionales del Senasa informaron a sus pares del vecino pa\u00eds que en las provincias de Chaco y Formosa se est\u00e1 desarrollando la segunda campa\u00f1a de vacunaci\u00f3n antiaftosa y antibruc\u00e9lica, desde el 15 de octubre y hasta el 15 de diciembre. Explicaron que la inoculaci\u00f3n es obligatoria y abarca a todas las categor\u00edas menores de bovinos y bubalinos, en [&hellip;]","og_url":"https:\/\/proagrolab.com.ar\/reunion-con-el-senacsa-de-paraguay-por-la-vacunacion-antiaftosa-y-antibrucelica\/","og_site_name":"Proagro","article_publisher":"http:\/\/www.facebook.com\/proagrolab","article_published_time":"2013-11-15T00:00:01+00:00","og_image":[{"url":"https:\/\/proagrolab.com.ar\/wp-content\/uploads\/2015\/01\/g_bz6a1n3cm__Vacunaci\u00f3n.jpg","width":1,"height":1,"type":"image\/jpeg"}],"author":"proagrolab","twitter_card":"summary_large_image","twitter_misc":{"Written by":"proagrolab","Est. reading time":"2 minutes"},"schema":{"@context":"https:\/\/schema.org","@graph":[{"@type":"Article","@id":"https:\/\/proagrolab.com.ar\/reunion-con-el-senacsa-de-paraguay-por-la-vacunacion-antiaftosa-y-antibrucelica\/#article","isPartOf":{"@id":"https:\/\/proagrolab.com.ar\/reunion-con-el-senacsa-de-paraguay-por-la-vacunacion-antiaftosa-y-antibrucelica\/"},"author":{"name":"proagrolab","@id":"https:\/\/proagrolab.com.ar\/#\/schema\/person\/38003ff90bf80381f71c7d922d207444"},"headline":"Reuni\u00f3n con el Senacsa de Paraguay por la vacunaci\u00f3n antiaftosa y antibruc\u00e9lica.","datePublished":"2013-11-15T00:00:01+00:00","mainEntityOfPage":{"@id":"https:\/\/proagrolab.com.ar\/reunion-con-el-senacsa-de-paraguay-por-la-vacunacion-antiaftosa-y-antibrucelica\/"},"wordCount":467,"publisher":{"@id":"https:\/\/proagrolab.com.ar\/#organization"},"image":{"@id":"https:\/\/proagrolab.com.ar\/reunion-con-el-senacsa-de-paraguay-por-la-vacunacion-antiaftosa-y-antibrucelica\/#primaryimage"},"thumbnailUrl":"https:\/\/proagrolab.com.ar\/wp-content\/uploads\/2015\/01\/g_bz6a1n3cm__Vacunaci\u00f3n.jpg","articleSection":["News"],"inLanguage":"en-US"},{"@type":"WebPage","@id":"https:\/\/proagrolab.com.ar\/reunion-con-el-senacsa-de-paraguay-por-la-vacunacion-antiaftosa-y-antibrucelica\/","url":"https:\/\/proagrolab.com.ar\/reunion-con-el-senacsa-de-paraguay-por-la-vacunacion-antiaftosa-y-antibrucelica\/","name":"Reuni\u00f3n con el Senacsa de Paraguay por la vacunaci\u00f3n antiaftosa y antibruc\u00e9lica. | Proagro","isPartOf":{"@id":"https:\/\/proagrolab.com.ar\/#website"},"primaryImageOfPage":{"@id":"https:\/\/proagrolab.com.ar\/reunion-con-el-senacsa-de-paraguay-por-la-vacunacion-antiaftosa-y-antibrucelica\/#primaryimage"},"image":{"@id":"https:\/\/proagrolab.com.ar\/reunion-con-el-senacsa-de-paraguay-por-la-vacunacion-antiaftosa-y-antibrucelica\/#primaryimage"},"thumbnailUrl":"https:\/\/proagrolab.com.ar\/wp-content\/uploads\/2015\/01\/g_bz6a1n3cm__Vacunaci\u00f3n.jpg","datePublished":"2013-11-15T00:00:01+00:00","breadcrumb":{"@id":"https:\/\/proagrolab.com.ar\/reunion-con-el-senacsa-de-paraguay-por-la-vacunacion-antiaftosa-y-antibrucelica\/#breadcrumb"},"inLanguage":"en-US","potentialAction":[{"@type":"ReadAction","target":["https:\/\/proagrolab.com.ar\/reunion-con-el-senacsa-de-paraguay-por-la-vacunacion-antiaftosa-y-antibrucelica\/"]}]},{"@type":"ImageObject","inLanguage":"en-US","@id":"https:\/\/proagrolab.com.ar\/reunion-con-el-senacsa-de-paraguay-por-la-vacunacion-antiaftosa-y-antibrucelica\/#primaryimage","url":"https:\/\/proagrolab.com.ar\/wp-content\/uploads\/2015\/01\/g_bz6a1n3cm__Vacunaci\u00f3n.jpg","contentUrl":"https:\/\/proagrolab.com.ar\/wp-content\/uploads\/2015\/01\/g_bz6a1n3cm__Vacunaci\u00f3n.jpg"},{"@type":"BreadcrumbList","@id":"https:\/\/proagrolab.com.ar\/reunion-con-el-senacsa-de-paraguay-por-la-vacunacion-antiaftosa-y-antibrucelica\/#breadcrumb","itemListElement":[{"@type":"ListItem","position":1,"name":"Portada","item":"https:\/\/proagrolab.com.ar\/"},{"@type":"ListItem","position":2,"name":"Reuni\u00f3n con el Senacsa de Paraguay por la vacunaci\u00f3n antiaftosa y antibruc\u00e9lica."}]},{"@type":"WebSite","@id":"https:\/\/proagrolab.com.ar\/#website","url":"https:\/\/proagrolab.com.ar\/","name":"Proagro Laboratorio Veterinario","description":"Veterinary laboratory","publisher":{"@id":"https:\/\/proagrolab.com.ar\/#organization"},"potentialAction":[{"@type":"SearchAction","target":{"@type":"EntryPoint","urlTemplate":"https:\/\/proagrolab.com.ar\/?s={search_term_string}"},"query-input":{"@type":"PropertyValueSpecification","valueRequired":true,"valueName":"search_term_string"}}],"inLanguage":"en-US"},{"@type":"Organization","@id":"https:\/\/proagrolab.com.ar\/#organization","name":"Proagro","url":"https:\/\/proagrolab.com.ar\/","logo":{"@type":"ImageObject","inLanguage":"en-US","@id":"https:\/\/proagrolab.com.ar\/#\/schema\/logo\/image\/","url":"https:\/\/proagrolab.com.ar\/wp-content\/uploads\/2020\/04\/logo-retina.png","contentUrl":"https:\/\/proagrolab.com.ar\/wp-content\/uploads\/2020\/04\/logo-retina.png","width":478,"height":120,"caption":"Proagro"},"image":{"@id":"https:\/\/proagrolab.com.ar\/#\/schema\/logo\/image\/"},"sameAs":["http:\/\/www.facebook.com\/proagrolab","https:\/\/www.instagram.com\/proagrolab\/","https:\/\/www.linkedin.com\/company\/laboratorio-proagro-s-a\/"]},{"@type":"Person","@id":"https:\/\/proagrolab.com.ar\/#\/schema\/person\/38003ff90bf80381f71c7d922d207444","name":"proagrolab"}]}},"_links":{"self":[{"href":"https:\/\/proagrolab.com.ar\/en\/wp-json\/wp\/v2\/posts\/5809","targetHints":{"allow":["GET"]}}],"collection":[{"href":"https:\/\/proagrolab.com.ar\/en\/wp-json\/wp\/v2\/posts"}],"about":[{"href":"https:\/\/proagrolab.com.ar\/en\/wp-json\/wp\/v2\/types\/post"}],"author":[{"embeddable":true,"href":"https:\/\/proagrolab.com.ar\/en\/wp-json\/wp\/v2\/users\/2"}],"replies":[{"embeddable":true,"href":"https:\/\/proagrolab.com.ar\/en\/wp-json\/wp\/v2\/comments?post=5809"}],"version-history":[{"count":0,"href":"https:\/\/proagrolab.com.ar\/en\/wp-json\/wp\/v2\/posts\/5809\/revisions"}],"wp:featuredmedia":[{"embeddable":true,"href":"https:\/\/proagrolab.com.ar\/en\/wp-json\/wp\/v2\/media\/2297"}],"wp:attachment":[{"href":"https:\/\/proagrolab.com.ar\/en\/wp-json\/wp\/v2\/media?parent=5809"}],"wp:term":[{"taxonomy":"category","embeddable":true,"href":"https:\/\/proagrolab.com.ar\/en\/wp-json\/wp\/v2\/categories?post=5809"},{"taxonomy":"post_tag","embeddable":true,"href":"https:\/\/proagrolab.com.ar\/en\/wp-json\/wp\/v2\/tags?post=5809"}],"curies":[{"name":"wp","href":"https:\/\/api.w.org\/{rel}","templated":true}]}}