{"id":5804,"date":"2013-11-15T00:00:01","date_gmt":"2013-11-15T00:00:01","guid":{"rendered":"https:\/\/proagrolab.com.ar\/en-uruguay-el-subsecretario-del-usda-discutira-el-comercio-bilateral-del-sector-carnico\/"},"modified":"2013-11-15T00:00:01","modified_gmt":"2013-11-15T00:00:01","slug":"en-uruguay-el-subsecretario-del-usda-discutira-el-comercio-bilateral-del-sector-carnico","status":"publish","type":"post","link":"https:\/\/proagrolab.com.ar\/en\/en-uruguay-el-subsecretario-del-usda-discutira-el-comercio-bilateral-del-sector-carnico\/","title":{"rendered":"En Uruguay, el subsecretario del USDA discutir\u00e1 el comercio bilateral del sector c\u00e1rnico."},"content":{"rendered":"<p class=\"qtranxs-available-languages-message qtranxs-available-languages-message-en\"> <\/p><p>El subsecretario de Comercializaci\u00f3n y Programas Regulatorios del Departamento de Agricultura de los Estados Unidos (USDA), Edward Avalos, viajar\u00e1 a Uruguay, en el marco de su primer visita, donde abordar\u00e1 con las autoridades uruguayas varios temas fundamentales para incrementar el comercio c\u00e1rnico entre ambos pa\u00edses. Asimismo inform\u00f3 el portal de noticias ElPais.com.uy.<\/p>\n<p>El visitante se reunir\u00e1 con el presidente de Uruguay, Jos\u00e9 Mujica, los ministros de Ganader\u00eda, Agricultura y Pesca, Tabar\u00e9 Aguerre y de Relaciones Exteriores, Luis Almagro.<\/p>\n<p>La agenda de Avalos incluye, adem\u00e1s, una visita al departamento de Salto, donde ser\u00e1 recibido por el intendente Departamental, Germ\u00e1n Coutinho, as\u00ed como visitas a diferentes establecimientos industriales tanto en ese departamento, como en Colonia.<\/p>\n<p>Entre los temas pendientes, est\u00e1 el ingreso de carne ovina desosada y madurada a EE.UU. Ya se transit\u00f3 la etapa t\u00e9cnica y la apertura del mercado responde a una decisi\u00f3n pol\u00edtica.<\/p>\n<p>Avalos lidera el Servicio de Inspecci\u00f3n Sanitaria de Animales y Plantas que trabaja con plagas y enfermedades animales y vegetales; as\u00ed como la Administraci\u00f3n de Inspecci\u00f3n de Granos, Empaques y Corrales, que promueve la comercializaci\u00f3n de ganado, cereales y carnes.<\/p>\n<p>Antes de ingresar en el Departamento de Agricultura de los Estados Unidos, el fue director de Comercializaci\u00f3n y Desarrollo para el Departamento de Agricultura de Nuevo M\u00e9xico. El dirigente tiene m\u00e1s de 30 a\u00f1os de experiencia en comercializaci\u00f3n ganadera y agr\u00edcola a nivel nacional e internacional.<\/p>\n<p>Fuente: Carnetec, 14 de noviembre.<br \/><\/p>","protected":false},"excerpt":{"rendered":"<p>El subsecretario de Comercializaci\u00f3n y Programas Regulatorios del Departamento de Agricultura de los Estados Unidos (USDA), Edward Avalos, viajar\u00e1 a Uruguay, en el marco de su primer visita, donde abordar\u00e1 con las autoridades uruguayas varios temas fundamentales para incrementar el comercio c\u00e1rnico entre ambos pa\u00edses. Asimismo inform\u00f3 el portal de noticias ElPais.com.uy. El visitante se reunir\u00e1 con el presidente de Uruguay, Jos\u00e9 Mujica, los ministros de Ganader\u00eda, Agricultura y Pesca, Tabar\u00e9 Aguerre y de Relaciones Exteriores, Luis Almagro. La agenda de Avalos incluye, adem\u00e1s, una visita al departamento de Salto, donde ser\u00e1 recibido por el intendente Departamental, Germ\u00e1n Coutinho, as\u00ed como visitas a diferentes establecimientos industriales tanto en ese departamento, como en Colonia. Entre los temas pendientes, est\u00e1 el ingreso de carne ovina desosada y madurada a EE.UU. Ya se transit\u00f3 la etapa t\u00e9cnica y la apertura del mercado responde a una decisi\u00f3n pol\u00edtica. Avalos lidera el Servicio de Inspecci\u00f3n Sanitaria de Animales y Plantas que trabaja con plagas y enfermedades animales y vegetales; as\u00ed como la Administraci\u00f3n de Inspecci\u00f3n de Granos, Empaques y Corrales, que promueve la comercializaci\u00f3n de ganado, cereales y carnes. Antes de ingresar en el Departamento de Agricultura de los Estados Unidos, el fue director de [&hellip;]<\/p>\n","protected":false},"author":2,"featured_media":2292,"comment_status":"closed","ping_status":"open","sticky":false,"template":"","format":"standard","meta":{"_acf_changed":false,"footnotes":""},"categories":[56],"tags":[],"class_list":["post-5804","post","type-post","status-publish","format-standard","has-post-thumbnail","hentry","category-infoganadero"],"acf":[],"yoast_head":"<!-- This site is optimized with the Yoast SEO plugin v27.4 - https:\/\/yoast.com\/product\/yoast-seo-wordpress\/ -->\n<title>En Uruguay, el subsecretario del USDA discutir\u00e1 el comercio bilateral del sector c\u00e1rnico. | Proagro<\/title>\n<meta name=\"robots\" content=\"index, follow, max-snippet:-1, max-image-preview:large, max-video-preview:-1\" \/>\n<link rel=\"canonical\" href=\"https:\/\/proagrolab.com.ar\/en\/en-uruguay-el-subsecretario-del-usda-discutira-el-comercio-bilateral-del-sector-carnico\/\" \/>\n<meta property=\"og:locale\" content=\"en_US\" \/>\n<meta property=\"og:type\" content=\"article\" \/>\n<meta property=\"og:title\" content=\"En Uruguay, el subsecretario del USDA discutir\u00e1 el comercio bilateral del sector c\u00e1rnico. | Proagro\" \/>\n<meta property=\"og:description\" content=\"El subsecretario de Comercializaci\u00f3n y Programas Regulatorios del Departamento de Agricultura de los Estados Unidos (USDA), Edward Avalos, viajar\u00e1 a Uruguay, en el marco de su primer visita, donde abordar\u00e1 con las autoridades uruguayas varios temas fundamentales para incrementar el comercio c\u00e1rnico entre ambos pa\u00edses. Asimismo inform\u00f3 el portal de noticias ElPais.com.uy. El visitante se reunir\u00e1 con el presidente de Uruguay, Jos\u00e9 Mujica, los ministros de Ganader\u00eda, Agricultura y Pesca, Tabar\u00e9 Aguerre y de Relaciones Exteriores, Luis Almagro. La agenda de Avalos incluye, adem\u00e1s, una visita al departamento de Salto, donde ser\u00e1 recibido por el intendente Departamental, Germ\u00e1n Coutinho, as\u00ed como visitas a diferentes establecimientos industriales tanto en ese departamento, como en Colonia. Entre los temas pendientes, est\u00e1 el ingreso de carne ovina desosada y madurada a EE.UU. Ya se transit\u00f3 la etapa t\u00e9cnica y la apertura del mercado responde a una decisi\u00f3n pol\u00edtica. Avalos lidera el Servicio de Inspecci\u00f3n Sanitaria de Animales y Plantas que trabaja con plagas y enfermedades animales y vegetales; as\u00ed como la Administraci\u00f3n de Inspecci\u00f3n de Granos, Empaques y Corrales, que promueve la comercializaci\u00f3n de ganado, cereales y carnes. Antes de ingresar en el Departamento de Agricultura de los Estados Unidos, el fue director de [&hellip;]\" \/>\n<meta property=\"og:url\" content=\"https:\/\/proagrolab.com.ar\/en-uruguay-el-subsecretario-del-usda-discutira-el-comercio-bilateral-del-sector-carnico\/\" \/>\n<meta property=\"og:site_name\" content=\"Proagro\" \/>\n<meta property=\"article:publisher\" content=\"http:\/\/www.facebook.com\/proagrolab\" \/>\n<meta property=\"article:published_time\" content=\"2013-11-15T00:00:01+00:00\" \/>\n<meta property=\"og:image\" content=\"https:\/\/proagrolab.com.ar\/wp-content\/uploads\/2015\/01\/g_4bsn2vu9t__Frigor\u00edfico.jpg\" \/>\n\t<meta property=\"og:image:width\" content=\"1\" \/>\n\t<meta property=\"og:image:height\" content=\"1\" \/>\n\t<meta property=\"og:image:type\" content=\"image\/jpeg\" \/>\n<meta name=\"author\" content=\"proagrolab\" \/>\n<meta name=\"twitter:card\" content=\"summary_large_image\" \/>\n<meta name=\"twitter:label1\" content=\"Written by\" \/>\n\t<meta name=\"twitter:data1\" content=\"proagrolab\" \/>\n\t<meta name=\"twitter:label2\" content=\"Est. reading time\" \/>\n\t<meta name=\"twitter:data2\" content=\"1 minute\" \/>\n<script type=\"application\/ld+json\" class=\"yoast-schema-graph\">{\"@context\":\"https:\\\/\\\/schema.org\",\"@graph\":[{\"@type\":\"Article\",\"@id\":\"https:\\\/\\\/proagrolab.com.ar\\\/en-uruguay-el-subsecretario-del-usda-discutira-el-comercio-bilateral-del-sector-carnico\\\/#article\",\"isPartOf\":{\"@id\":\"https:\\\/\\\/proagrolab.com.ar\\\/en-uruguay-el-subsecretario-del-usda-discutira-el-comercio-bilateral-del-sector-carnico\\\/\"},\"author\":{\"name\":\"proagrolab\",\"@id\":\"https:\\\/\\\/proagrolab.com.ar\\\/#\\\/schema\\\/person\\\/38003ff90bf80381f71c7d922d207444\"},\"headline\":\"En Uruguay, el subsecretario del USDA discutir\u00e1 el comercio bilateral del sector c\u00e1rnico.\",\"datePublished\":\"2013-11-15T00:00:01+00:00\",\"mainEntityOfPage\":{\"@id\":\"https:\\\/\\\/proagrolab.com.ar\\\/en-uruguay-el-subsecretario-del-usda-discutira-el-comercio-bilateral-del-sector-carnico\\\/\"},\"wordCount\":269,\"publisher\":{\"@id\":\"https:\\\/\\\/proagrolab.com.ar\\\/#organization\"},\"image\":{\"@id\":\"https:\\\/\\\/proagrolab.com.ar\\\/en-uruguay-el-subsecretario-del-usda-discutira-el-comercio-bilateral-del-sector-carnico\\\/#primaryimage\"},\"thumbnailUrl\":\"https:\\\/\\\/proagrolab.com.ar\\\/wp-content\\\/uploads\\\/2015\\\/01\\\/g_4bsn2vu9t__Frigor\u00edfico.jpg\",\"articleSection\":[\"News\"],\"inLanguage\":\"en-US\"},{\"@type\":\"WebPage\",\"@id\":\"https:\\\/\\\/proagrolab.com.ar\\\/en-uruguay-el-subsecretario-del-usda-discutira-el-comercio-bilateral-del-sector-carnico\\\/\",\"url\":\"https:\\\/\\\/proagrolab.com.ar\\\/en-uruguay-el-subsecretario-del-usda-discutira-el-comercio-bilateral-del-sector-carnico\\\/\",\"name\":\"En Uruguay, el subsecretario del USDA discutir\u00e1 el comercio bilateral del sector c\u00e1rnico. | Proagro\",\"isPartOf\":{\"@id\":\"https:\\\/\\\/proagrolab.com.ar\\\/#website\"},\"primaryImageOfPage\":{\"@id\":\"https:\\\/\\\/proagrolab.com.ar\\\/en-uruguay-el-subsecretario-del-usda-discutira-el-comercio-bilateral-del-sector-carnico\\\/#primaryimage\"},\"image\":{\"@id\":\"https:\\\/\\\/proagrolab.com.ar\\\/en-uruguay-el-subsecretario-del-usda-discutira-el-comercio-bilateral-del-sector-carnico\\\/#primaryimage\"},\"thumbnailUrl\":\"https:\\\/\\\/proagrolab.com.ar\\\/wp-content\\\/uploads\\\/2015\\\/01\\\/g_4bsn2vu9t__Frigor\u00edfico.jpg\",\"datePublished\":\"2013-11-15T00:00:01+00:00\",\"breadcrumb\":{\"@id\":\"https:\\\/\\\/proagrolab.com.ar\\\/en-uruguay-el-subsecretario-del-usda-discutira-el-comercio-bilateral-del-sector-carnico\\\/#breadcrumb\"},\"inLanguage\":\"en-US\",\"potentialAction\":[{\"@type\":\"ReadAction\",\"target\":[\"https:\\\/\\\/proagrolab.com.ar\\\/en-uruguay-el-subsecretario-del-usda-discutira-el-comercio-bilateral-del-sector-carnico\\\/\"]}]},{\"@type\":\"ImageObject\",\"inLanguage\":\"en-US\",\"@id\":\"https:\\\/\\\/proagrolab.com.ar\\\/en-uruguay-el-subsecretario-del-usda-discutira-el-comercio-bilateral-del-sector-carnico\\\/#primaryimage\",\"url\":\"https:\\\/\\\/proagrolab.com.ar\\\/wp-content\\\/uploads\\\/2015\\\/01\\\/g_4bsn2vu9t__Frigor\u00edfico.jpg\",\"contentUrl\":\"https:\\\/\\\/proagrolab.com.ar\\\/wp-content\\\/uploads\\\/2015\\\/01\\\/g_4bsn2vu9t__Frigor\u00edfico.jpg\"},{\"@type\":\"BreadcrumbList\",\"@id\":\"https:\\\/\\\/proagrolab.com.ar\\\/en-uruguay-el-subsecretario-del-usda-discutira-el-comercio-bilateral-del-sector-carnico\\\/#breadcrumb\",\"itemListElement\":[{\"@type\":\"ListItem\",\"position\":1,\"name\":\"Portada\",\"item\":\"https:\\\/\\\/proagrolab.com.ar\\\/\"},{\"@type\":\"ListItem\",\"position\":2,\"name\":\"En Uruguay, el subsecretario del USDA discutir\u00e1 el comercio bilateral del sector c\u00e1rnico.\"}]},{\"@type\":\"WebSite\",\"@id\":\"https:\\\/\\\/proagrolab.com.ar\\\/#website\",\"url\":\"https:\\\/\\\/proagrolab.com.ar\\\/\",\"name\":\"Proagro Laboratorio Veterinario\",\"description\":\"Veterinary laboratory\",\"publisher\":{\"@id\":\"https:\\\/\\\/proagrolab.com.ar\\\/#organization\"},\"potentialAction\":[{\"@type\":\"SearchAction\",\"target\":{\"@type\":\"EntryPoint\",\"urlTemplate\":\"https:\\\/\\\/proagrolab.com.ar\\\/?s={search_term_string}\"},\"query-input\":{\"@type\":\"PropertyValueSpecification\",\"valueRequired\":true,\"valueName\":\"search_term_string\"}}],\"inLanguage\":\"en-US\"},{\"@type\":\"Organization\",\"@id\":\"https:\\\/\\\/proagrolab.com.ar\\\/#organization\",\"name\":\"Proagro\",\"url\":\"https:\\\/\\\/proagrolab.com.ar\\\/\",\"logo\":{\"@type\":\"ImageObject\",\"inLanguage\":\"en-US\",\"@id\":\"https:\\\/\\\/proagrolab.com.ar\\\/#\\\/schema\\\/logo\\\/image\\\/\",\"url\":\"https:\\\/\\\/proagrolab.com.ar\\\/wp-content\\\/uploads\\\/2020\\\/04\\\/logo-retina.png\",\"contentUrl\":\"https:\\\/\\\/proagrolab.com.ar\\\/wp-content\\\/uploads\\\/2020\\\/04\\\/logo-retina.png\",\"width\":478,\"height\":120,\"caption\":\"Proagro\"},\"image\":{\"@id\":\"https:\\\/\\\/proagrolab.com.ar\\\/#\\\/schema\\\/logo\\\/image\\\/\"},\"sameAs\":[\"http:\\\/\\\/www.facebook.com\\\/proagrolab\",\"https:\\\/\\\/www.instagram.com\\\/proagrolab\\\/\",\"https:\\\/\\\/www.linkedin.com\\\/company\\\/laboratorio-proagro-s-a\\\/\"]},{\"@type\":\"Person\",\"@id\":\"https:\\\/\\\/proagrolab.com.ar\\\/#\\\/schema\\\/person\\\/38003ff90bf80381f71c7d922d207444\",\"name\":\"proagrolab\"}]}<\/script>\n<!-- \/ Yoast SEO plugin. -->","yoast_head_json":{"title":"En Uruguay, el subsecretario del USDA discutir\u00e1 el comercio bilateral del sector c\u00e1rnico. | Proagro","robots":{"index":"index","follow":"follow","max-snippet":"max-snippet:-1","max-image-preview":"max-image-preview:large","max-video-preview":"max-video-preview:-1"},"canonical":"https:\/\/proagrolab.com.ar\/en\/en-uruguay-el-subsecretario-del-usda-discutira-el-comercio-bilateral-del-sector-carnico\/","og_locale":"en_US","og_type":"article","og_title":"En Uruguay, el subsecretario del USDA discutir\u00e1 el comercio bilateral del sector c\u00e1rnico. | Proagro","og_description":"El subsecretario de Comercializaci\u00f3n y Programas Regulatorios del Departamento de Agricultura de los Estados Unidos (USDA), Edward Avalos, viajar\u00e1 a Uruguay, en el marco de su primer visita, donde abordar\u00e1 con las autoridades uruguayas varios temas fundamentales para incrementar el comercio c\u00e1rnico entre ambos pa\u00edses. Asimismo inform\u00f3 el portal de noticias ElPais.com.uy. El visitante se reunir\u00e1 con el presidente de Uruguay, Jos\u00e9 Mujica, los ministros de Ganader\u00eda, Agricultura y Pesca, Tabar\u00e9 Aguerre y de Relaciones Exteriores, Luis Almagro. La agenda de Avalos incluye, adem\u00e1s, una visita al departamento de Salto, donde ser\u00e1 recibido por el intendente Departamental, Germ\u00e1n Coutinho, as\u00ed como visitas a diferentes establecimientos industriales tanto en ese departamento, como en Colonia. Entre los temas pendientes, est\u00e1 el ingreso de carne ovina desosada y madurada a EE.UU. Ya se transit\u00f3 la etapa t\u00e9cnica y la apertura del mercado responde a una decisi\u00f3n pol\u00edtica. Avalos lidera el Servicio de Inspecci\u00f3n Sanitaria de Animales y Plantas que trabaja con plagas y enfermedades animales y vegetales; as\u00ed como la Administraci\u00f3n de Inspecci\u00f3n de Granos, Empaques y Corrales, que promueve la comercializaci\u00f3n de ganado, cereales y carnes. Antes de ingresar en el Departamento de Agricultura de los Estados Unidos, el fue director de [&hellip;]","og_url":"https:\/\/proagrolab.com.ar\/en-uruguay-el-subsecretario-del-usda-discutira-el-comercio-bilateral-del-sector-carnico\/","og_site_name":"Proagro","article_publisher":"http:\/\/www.facebook.com\/proagrolab","article_published_time":"2013-11-15T00:00:01+00:00","og_image":[{"url":"https:\/\/proagrolab.com.ar\/wp-content\/uploads\/2015\/01\/g_4bsn2vu9t__Frigor\u00edfico.jpg","width":1,"height":1,"type":"image\/jpeg"}],"author":"proagrolab","twitter_card":"summary_large_image","twitter_misc":{"Written by":"proagrolab","Est. reading time":"1 minute"},"schema":{"@context":"https:\/\/schema.org","@graph":[{"@type":"Article","@id":"https:\/\/proagrolab.com.ar\/en-uruguay-el-subsecretario-del-usda-discutira-el-comercio-bilateral-del-sector-carnico\/#article","isPartOf":{"@id":"https:\/\/proagrolab.com.ar\/en-uruguay-el-subsecretario-del-usda-discutira-el-comercio-bilateral-del-sector-carnico\/"},"author":{"name":"proagrolab","@id":"https:\/\/proagrolab.com.ar\/#\/schema\/person\/38003ff90bf80381f71c7d922d207444"},"headline":"En Uruguay, el subsecretario del USDA discutir\u00e1 el comercio bilateral del sector c\u00e1rnico.","datePublished":"2013-11-15T00:00:01+00:00","mainEntityOfPage":{"@id":"https:\/\/proagrolab.com.ar\/en-uruguay-el-subsecretario-del-usda-discutira-el-comercio-bilateral-del-sector-carnico\/"},"wordCount":269,"publisher":{"@id":"https:\/\/proagrolab.com.ar\/#organization"},"image":{"@id":"https:\/\/proagrolab.com.ar\/en-uruguay-el-subsecretario-del-usda-discutira-el-comercio-bilateral-del-sector-carnico\/#primaryimage"},"thumbnailUrl":"https:\/\/proagrolab.com.ar\/wp-content\/uploads\/2015\/01\/g_4bsn2vu9t__Frigor\u00edfico.jpg","articleSection":["News"],"inLanguage":"en-US"},{"@type":"WebPage","@id":"https:\/\/proagrolab.com.ar\/en-uruguay-el-subsecretario-del-usda-discutira-el-comercio-bilateral-del-sector-carnico\/","url":"https:\/\/proagrolab.com.ar\/en-uruguay-el-subsecretario-del-usda-discutira-el-comercio-bilateral-del-sector-carnico\/","name":"En Uruguay, el subsecretario del USDA discutir\u00e1 el comercio bilateral del sector c\u00e1rnico. | Proagro","isPartOf":{"@id":"https:\/\/proagrolab.com.ar\/#website"},"primaryImageOfPage":{"@id":"https:\/\/proagrolab.com.ar\/en-uruguay-el-subsecretario-del-usda-discutira-el-comercio-bilateral-del-sector-carnico\/#primaryimage"},"image":{"@id":"https:\/\/proagrolab.com.ar\/en-uruguay-el-subsecretario-del-usda-discutira-el-comercio-bilateral-del-sector-carnico\/#primaryimage"},"thumbnailUrl":"https:\/\/proagrolab.com.ar\/wp-content\/uploads\/2015\/01\/g_4bsn2vu9t__Frigor\u00edfico.jpg","datePublished":"2013-11-15T00:00:01+00:00","breadcrumb":{"@id":"https:\/\/proagrolab.com.ar\/en-uruguay-el-subsecretario-del-usda-discutira-el-comercio-bilateral-del-sector-carnico\/#breadcrumb"},"inLanguage":"en-US","potentialAction":[{"@type":"ReadAction","target":["https:\/\/proagrolab.com.ar\/en-uruguay-el-subsecretario-del-usda-discutira-el-comercio-bilateral-del-sector-carnico\/"]}]},{"@type":"ImageObject","inLanguage":"en-US","@id":"https:\/\/proagrolab.com.ar\/en-uruguay-el-subsecretario-del-usda-discutira-el-comercio-bilateral-del-sector-carnico\/#primaryimage","url":"https:\/\/proagrolab.com.ar\/wp-content\/uploads\/2015\/01\/g_4bsn2vu9t__Frigor\u00edfico.jpg","contentUrl":"https:\/\/proagrolab.com.ar\/wp-content\/uploads\/2015\/01\/g_4bsn2vu9t__Frigor\u00edfico.jpg"},{"@type":"BreadcrumbList","@id":"https:\/\/proagrolab.com.ar\/en-uruguay-el-subsecretario-del-usda-discutira-el-comercio-bilateral-del-sector-carnico\/#breadcrumb","itemListElement":[{"@type":"ListItem","position":1,"name":"Portada","item":"https:\/\/proagrolab.com.ar\/"},{"@type":"ListItem","position":2,"name":"En Uruguay, el subsecretario del USDA discutir\u00e1 el comercio bilateral del sector c\u00e1rnico."}]},{"@type":"WebSite","@id":"https:\/\/proagrolab.com.ar\/#website","url":"https:\/\/proagrolab.com.ar\/","name":"Proagro Laboratorio Veterinario","description":"Veterinary laboratory","publisher":{"@id":"https:\/\/proagrolab.com.ar\/#organization"},"potentialAction":[{"@type":"SearchAction","target":{"@type":"EntryPoint","urlTemplate":"https:\/\/proagrolab.com.ar\/?s={search_term_string}"},"query-input":{"@type":"PropertyValueSpecification","valueRequired":true,"valueName":"search_term_string"}}],"inLanguage":"en-US"},{"@type":"Organization","@id":"https:\/\/proagrolab.com.ar\/#organization","name":"Proagro","url":"https:\/\/proagrolab.com.ar\/","logo":{"@type":"ImageObject","inLanguage":"en-US","@id":"https:\/\/proagrolab.com.ar\/#\/schema\/logo\/image\/","url":"https:\/\/proagrolab.com.ar\/wp-content\/uploads\/2020\/04\/logo-retina.png","contentUrl":"https:\/\/proagrolab.com.ar\/wp-content\/uploads\/2020\/04\/logo-retina.png","width":478,"height":120,"caption":"Proagro"},"image":{"@id":"https:\/\/proagrolab.com.ar\/#\/schema\/logo\/image\/"},"sameAs":["http:\/\/www.facebook.com\/proagrolab","https:\/\/www.instagram.com\/proagrolab\/","https:\/\/www.linkedin.com\/company\/laboratorio-proagro-s-a\/"]},{"@type":"Person","@id":"https:\/\/proagrolab.com.ar\/#\/schema\/person\/38003ff90bf80381f71c7d922d207444","name":"proagrolab"}]}},"_links":{"self":[{"href":"https:\/\/proagrolab.com.ar\/en\/wp-json\/wp\/v2\/posts\/5804","targetHints":{"allow":["GET"]}}],"collection":[{"href":"https:\/\/proagrolab.com.ar\/en\/wp-json\/wp\/v2\/posts"}],"about":[{"href":"https:\/\/proagrolab.com.ar\/en\/wp-json\/wp\/v2\/types\/post"}],"author":[{"embeddable":true,"href":"https:\/\/proagrolab.com.ar\/en\/wp-json\/wp\/v2\/users\/2"}],"replies":[{"embeddable":true,"href":"https:\/\/proagrolab.com.ar\/en\/wp-json\/wp\/v2\/comments?post=5804"}],"version-history":[{"count":0,"href":"https:\/\/proagrolab.com.ar\/en\/wp-json\/wp\/v2\/posts\/5804\/revisions"}],"wp:featuredmedia":[{"embeddable":true,"href":"https:\/\/proagrolab.com.ar\/en\/wp-json\/wp\/v2\/media\/2292"}],"wp:attachment":[{"href":"https:\/\/proagrolab.com.ar\/en\/wp-json\/wp\/v2\/media?parent=5804"}],"wp:term":[{"taxonomy":"category","embeddable":true,"href":"https:\/\/proagrolab.com.ar\/en\/wp-json\/wp\/v2\/categories?post=5804"},{"taxonomy":"post_tag","embeddable":true,"href":"https:\/\/proagrolab.com.ar\/en\/wp-json\/wp\/v2\/tags?post=5804"}],"curies":[{"name":"wp","href":"https:\/\/api.w.org\/{rel}","templated":true}]}}