{"id":5802,"date":"2013-11-12T00:00:01","date_gmt":"2013-11-12T00:00:01","guid":{"rendered":"https:\/\/proagrolab.com.ar\/advierten-que-la-carne-aumentara-aun-mas-en-2014\/"},"modified":"2013-11-12T00:00:01","modified_gmt":"2013-11-12T00:00:01","slug":"advierten-que-la-carne-aumentara-aun-mas-en-2014","status":"publish","type":"post","link":"https:\/\/proagrolab.com.ar\/en\/advierten-que-la-carne-aumentara-aun-mas-en-2014\/","title":{"rendered":"Advierten que la carne aumentar\u00e1 a\u00fan m\u00e1s en 2014."},"content":{"rendered":"<p class=\"qtranxs-available-languages-message qtranxs-available-languages-message-en\"> <\/p><p>El titular de la Federaci\u00f3n Agraria, Eduardo Buzzi, asegur\u00f3 que el sector tiene &#8220;precios retrasados&#8221;; los cortes populares llegaron a subir hasta 197 % desde 2010.<\/p>\n<p>Conseguir carne podr\u00eda ser mucho m\u00e1s caro en los pr\u00f3ximos meses. En d\u00edas en que el producto ya registr\u00f3 subas del 10 por ciento en el Mercado de Hacienda de Liniers, el titular de la Federaci\u00f3n Agraria, Eduardo Buzzi, advirti\u00f3 que la carne aumentar\u00e1 m\u00e1s durante 2014.<\/p>\n<p>&#8220;Estamos con precios retrasados y no hay una perspectiva de producci\u00f3n&#8221;, expres\u00f3 el dirigente agrario en radio Mitre esta ma\u00f1ana. Se\u00f1al\u00f3 que los productores viven actualmente &#8220;el peor escenario&#8221; y justific\u00f3 futuros aumentos: &#8220;Pasamos de consumir 55 kilos por persona a 67 kilos. Para mantener este nivel de consumo necesitamos 13 millones de animales&#8221;.<\/p>\n<p>Seg\u00fan los n\u00fameros del Instituto de Promoci\u00f3n de la Carne Vacuna Argentina (Ipcva) que realiza un relevamiento en 200 comercios de la Ciudad y el conurbano, consignado por El Cronista, desde enero de 2010 los precios aumentaron hasta 197% y los que m\u00e1s lo hicieron fueron los cortes populares.<\/p>\n<p>&#8220;Falda, osobuco, picada&#8230; Ninguno baj\u00f3 del 160 o 180 por ciento&#8221;, se\u00f1al\u00f3 Buzzi. &#8220;Con la carne pasa lo que pasa con todo lo que toca [el secretario de Comercio Interior, Guillermo] Moreno, es un fracasado serial. No le hace ning\u00fan favor a la gesti\u00f3n de la Presidenta&#8221;, agreg\u00f3.<\/p>\n<p>El corte que m\u00e1s subi\u00f3 desde enero de 2010 fue el de osobuco que en ese entonces se pod\u00eda conseguir a $ 7,26 el kilo mientras que hoy se obtiene por $ 21,55 promedio, con una variaci\u00f3n de 197%. Luego figura la falda con un incremento de 164%, al pasar de $ 9,69 a $ 25,64, y el podio lo completa la picada com\u00fan con un alza de 160%, al variar de $ 9,71 a $ 25,25. La carnaza com\u00fan tuvo un alza de 159%; el roast beef, 145%; y la paleta, 141%.<\/p>\n<p>Desde principios de mes en el Mercado de Liniers el kilo vivo de novillo aument\u00f3 de 9,96 a 10,86 pesos, una suba de hasta el 14 % comparando con un mes atr\u00e1s. En los \u00faltimos tres meses, el m\u00e1ximo incremento fue de 33%,consign\u00f3 Clar\u00edn.<\/p>\n<p>La carne no fue el \u00fanico producto que fue remarcado en los \u00faltimos d\u00edas. El precio del pan registr\u00f3 una nueva suba en la provincia de Buenos Aires de hasta 26 pesos por kilo, lo que impact\u00f3 fuertemente en una reducci\u00f3n de su consumo. Pero la situaci\u00f3n podr\u00eda agravarse. Desde la bonaerense Federaci\u00f3n Industrial Panaderil (FIPBA) adelantaron que tendr\u00eda que estar en 28 pesos el kilo porque la bolsa de 50 kilos de harina &#8220;se est\u00e1 pagando entre 440 y 460 pesos&#8221;.<\/p>\n<p>Fuente: La Naci\u00f3n, 12 de noviembre.<br \/><\/p>","protected":false},"excerpt":{"rendered":"<p>El titular de la Federaci\u00f3n Agraria, Eduardo Buzzi, asegur\u00f3 que el sector tiene &#8220;precios retrasados&#8221;; los cortes populares llegaron a subir hasta 197 % desde 2010. Conseguir carne podr\u00eda ser mucho m\u00e1s caro en los pr\u00f3ximos meses. En d\u00edas en que el producto ya registr\u00f3 subas del 10 por ciento en el Mercado de Hacienda de Liniers, el titular de la Federaci\u00f3n Agraria, Eduardo Buzzi, advirti\u00f3 que la carne aumentar\u00e1 m\u00e1s durante 2014. &#8220;Estamos con precios retrasados y no hay una perspectiva de producci\u00f3n&#8221;, expres\u00f3 el dirigente agrario en radio Mitre esta ma\u00f1ana. Se\u00f1al\u00f3 que los productores viven actualmente &#8220;el peor escenario&#8221; y justific\u00f3 futuros aumentos: &#8220;Pasamos de consumir 55 kilos por persona a 67 kilos. Para mantener este nivel de consumo necesitamos 13 millones de animales&#8221;. Seg\u00fan los n\u00fameros del Instituto de Promoci\u00f3n de la Carne Vacuna Argentina (Ipcva) que realiza un relevamiento en 200 comercios de la Ciudad y el conurbano, consignado por El Cronista, desde enero de 2010 los precios aumentaron hasta 197% y los que m\u00e1s lo hicieron fueron los cortes populares. &#8220;Falda, osobuco, picada&#8230; Ninguno baj\u00f3 del 160 o 180 por ciento&#8221;, se\u00f1al\u00f3 Buzzi. &#8220;Con la carne pasa lo que pasa con todo lo que [&hellip;]<\/p>\n","protected":false},"author":2,"featured_media":2290,"comment_status":"closed","ping_status":"open","sticky":false,"template":"","format":"standard","meta":{"_acf_changed":false,"footnotes":""},"categories":[56],"tags":[],"class_list":["post-5802","post","type-post","status-publish","format-standard","has-post-thumbnail","hentry","category-infoganadero"],"acf":[],"yoast_head":"<!-- This site is optimized with the Yoast SEO plugin v27.4 - https:\/\/yoast.com\/product\/yoast-seo-wordpress\/ -->\n<title>Advierten que la carne aumentar\u00e1 a\u00fan m\u00e1s en 2014. | Proagro<\/title>\n<meta name=\"robots\" content=\"index, follow, max-snippet:-1, max-image-preview:large, max-video-preview:-1\" \/>\n<link rel=\"canonical\" href=\"https:\/\/proagrolab.com.ar\/en\/advierten-que-la-carne-aumentara-aun-mas-en-2014\/\" \/>\n<meta property=\"og:locale\" content=\"en_US\" \/>\n<meta property=\"og:type\" content=\"article\" \/>\n<meta property=\"og:title\" content=\"Advierten que la carne aumentar\u00e1 a\u00fan m\u00e1s en 2014. | Proagro\" \/>\n<meta property=\"og:description\" content=\"El titular de la Federaci\u00f3n Agraria, Eduardo Buzzi, asegur\u00f3 que el sector tiene &#8220;precios retrasados&#8221;; los cortes populares llegaron a subir hasta 197 % desde 2010. Conseguir carne podr\u00eda ser mucho m\u00e1s caro en los pr\u00f3ximos meses. En d\u00edas en que el producto ya registr\u00f3 subas del 10 por ciento en el Mercado de Hacienda de Liniers, el titular de la Federaci\u00f3n Agraria, Eduardo Buzzi, advirti\u00f3 que la carne aumentar\u00e1 m\u00e1s durante 2014. &#8220;Estamos con precios retrasados y no hay una perspectiva de producci\u00f3n&#8221;, expres\u00f3 el dirigente agrario en radio Mitre esta ma\u00f1ana. Se\u00f1al\u00f3 que los productores viven actualmente &#8220;el peor escenario&#8221; y justific\u00f3 futuros aumentos: &#8220;Pasamos de consumir 55 kilos por persona a 67 kilos. Para mantener este nivel de consumo necesitamos 13 millones de animales&#8221;. Seg\u00fan los n\u00fameros del Instituto de Promoci\u00f3n de la Carne Vacuna Argentina (Ipcva) que realiza un relevamiento en 200 comercios de la Ciudad y el conurbano, consignado por El Cronista, desde enero de 2010 los precios aumentaron hasta 197% y los que m\u00e1s lo hicieron fueron los cortes populares. &#8220;Falda, osobuco, picada&#8230; Ninguno baj\u00f3 del 160 o 180 por ciento&#8221;, se\u00f1al\u00f3 Buzzi. &#8220;Con la carne pasa lo que pasa con todo lo que [&hellip;]\" \/>\n<meta property=\"og:url\" content=\"https:\/\/proagrolab.com.ar\/advierten-que-la-carne-aumentara-aun-mas-en-2014\/\" \/>\n<meta property=\"og:site_name\" content=\"Proagro\" \/>\n<meta property=\"article:publisher\" content=\"http:\/\/www.facebook.com\/proagrolab\" \/>\n<meta property=\"article:published_time\" content=\"2013-11-12T00:00:01+00:00\" \/>\n<meta property=\"og:image\" content=\"https:\/\/proagrolab.com.ar\/wp-content\/uploads\/2015\/01\/g_pe60jw311__Frigor\u00edfico-5.jpg\" \/>\n\t<meta property=\"og:image:width\" content=\"1\" \/>\n\t<meta property=\"og:image:height\" content=\"1\" \/>\n\t<meta property=\"og:image:type\" content=\"image\/jpeg\" \/>\n<meta name=\"author\" content=\"proagrolab\" \/>\n<meta name=\"twitter:card\" content=\"summary_large_image\" \/>\n<meta name=\"twitter:label1\" content=\"Written by\" \/>\n\t<meta name=\"twitter:data1\" content=\"proagrolab\" \/>\n\t<meta name=\"twitter:label2\" content=\"Est. reading time\" \/>\n\t<meta name=\"twitter:data2\" content=\"2 minutes\" \/>\n<script type=\"application\/ld+json\" class=\"yoast-schema-graph\">{\"@context\":\"https:\\\/\\\/schema.org\",\"@graph\":[{\"@type\":\"Article\",\"@id\":\"https:\\\/\\\/proagrolab.com.ar\\\/advierten-que-la-carne-aumentara-aun-mas-en-2014\\\/#article\",\"isPartOf\":{\"@id\":\"https:\\\/\\\/proagrolab.com.ar\\\/advierten-que-la-carne-aumentara-aun-mas-en-2014\\\/\"},\"author\":{\"name\":\"proagrolab\",\"@id\":\"https:\\\/\\\/proagrolab.com.ar\\\/#\\\/schema\\\/person\\\/38003ff90bf80381f71c7d922d207444\"},\"headline\":\"Advierten que la carne aumentar\u00e1 a\u00fan m\u00e1s en 2014.\",\"datePublished\":\"2013-11-12T00:00:01+00:00\",\"mainEntityOfPage\":{\"@id\":\"https:\\\/\\\/proagrolab.com.ar\\\/advierten-que-la-carne-aumentara-aun-mas-en-2014\\\/\"},\"wordCount\":449,\"publisher\":{\"@id\":\"https:\\\/\\\/proagrolab.com.ar\\\/#organization\"},\"image\":{\"@id\":\"https:\\\/\\\/proagrolab.com.ar\\\/advierten-que-la-carne-aumentara-aun-mas-en-2014\\\/#primaryimage\"},\"thumbnailUrl\":\"https:\\\/\\\/proagrolab.com.ar\\\/wp-content\\\/uploads\\\/2015\\\/01\\\/g_pe60jw311__Frigor\u00edfico-5.jpg\",\"articleSection\":[\"News\"],\"inLanguage\":\"en-US\"},{\"@type\":\"WebPage\",\"@id\":\"https:\\\/\\\/proagrolab.com.ar\\\/advierten-que-la-carne-aumentara-aun-mas-en-2014\\\/\",\"url\":\"https:\\\/\\\/proagrolab.com.ar\\\/advierten-que-la-carne-aumentara-aun-mas-en-2014\\\/\",\"name\":\"Advierten que la carne aumentar\u00e1 a\u00fan m\u00e1s en 2014. | Proagro\",\"isPartOf\":{\"@id\":\"https:\\\/\\\/proagrolab.com.ar\\\/#website\"},\"primaryImageOfPage\":{\"@id\":\"https:\\\/\\\/proagrolab.com.ar\\\/advierten-que-la-carne-aumentara-aun-mas-en-2014\\\/#primaryimage\"},\"image\":{\"@id\":\"https:\\\/\\\/proagrolab.com.ar\\\/advierten-que-la-carne-aumentara-aun-mas-en-2014\\\/#primaryimage\"},\"thumbnailUrl\":\"https:\\\/\\\/proagrolab.com.ar\\\/wp-content\\\/uploads\\\/2015\\\/01\\\/g_pe60jw311__Frigor\u00edfico-5.jpg\",\"datePublished\":\"2013-11-12T00:00:01+00:00\",\"breadcrumb\":{\"@id\":\"https:\\\/\\\/proagrolab.com.ar\\\/advierten-que-la-carne-aumentara-aun-mas-en-2014\\\/#breadcrumb\"},\"inLanguage\":\"en-US\",\"potentialAction\":[{\"@type\":\"ReadAction\",\"target\":[\"https:\\\/\\\/proagrolab.com.ar\\\/advierten-que-la-carne-aumentara-aun-mas-en-2014\\\/\"]}]},{\"@type\":\"ImageObject\",\"inLanguage\":\"en-US\",\"@id\":\"https:\\\/\\\/proagrolab.com.ar\\\/advierten-que-la-carne-aumentara-aun-mas-en-2014\\\/#primaryimage\",\"url\":\"https:\\\/\\\/proagrolab.com.ar\\\/wp-content\\\/uploads\\\/2015\\\/01\\\/g_pe60jw311__Frigor\u00edfico-5.jpg\",\"contentUrl\":\"https:\\\/\\\/proagrolab.com.ar\\\/wp-content\\\/uploads\\\/2015\\\/01\\\/g_pe60jw311__Frigor\u00edfico-5.jpg\"},{\"@type\":\"BreadcrumbList\",\"@id\":\"https:\\\/\\\/proagrolab.com.ar\\\/advierten-que-la-carne-aumentara-aun-mas-en-2014\\\/#breadcrumb\",\"itemListElement\":[{\"@type\":\"ListItem\",\"position\":1,\"name\":\"Portada\",\"item\":\"https:\\\/\\\/proagrolab.com.ar\\\/\"},{\"@type\":\"ListItem\",\"position\":2,\"name\":\"Advierten que la carne aumentar\u00e1 a\u00fan m\u00e1s en 2014.\"}]},{\"@type\":\"WebSite\",\"@id\":\"https:\\\/\\\/proagrolab.com.ar\\\/#website\",\"url\":\"https:\\\/\\\/proagrolab.com.ar\\\/\",\"name\":\"Proagro Laboratorio Veterinario\",\"description\":\"Veterinary laboratory\",\"publisher\":{\"@id\":\"https:\\\/\\\/proagrolab.com.ar\\\/#organization\"},\"potentialAction\":[{\"@type\":\"SearchAction\",\"target\":{\"@type\":\"EntryPoint\",\"urlTemplate\":\"https:\\\/\\\/proagrolab.com.ar\\\/?s={search_term_string}\"},\"query-input\":{\"@type\":\"PropertyValueSpecification\",\"valueRequired\":true,\"valueName\":\"search_term_string\"}}],\"inLanguage\":\"en-US\"},{\"@type\":\"Organization\",\"@id\":\"https:\\\/\\\/proagrolab.com.ar\\\/#organization\",\"name\":\"Proagro\",\"url\":\"https:\\\/\\\/proagrolab.com.ar\\\/\",\"logo\":{\"@type\":\"ImageObject\",\"inLanguage\":\"en-US\",\"@id\":\"https:\\\/\\\/proagrolab.com.ar\\\/#\\\/schema\\\/logo\\\/image\\\/\",\"url\":\"https:\\\/\\\/proagrolab.com.ar\\\/wp-content\\\/uploads\\\/2020\\\/04\\\/logo-retina.png\",\"contentUrl\":\"https:\\\/\\\/proagrolab.com.ar\\\/wp-content\\\/uploads\\\/2020\\\/04\\\/logo-retina.png\",\"width\":478,\"height\":120,\"caption\":\"Proagro\"},\"image\":{\"@id\":\"https:\\\/\\\/proagrolab.com.ar\\\/#\\\/schema\\\/logo\\\/image\\\/\"},\"sameAs\":[\"http:\\\/\\\/www.facebook.com\\\/proagrolab\",\"https:\\\/\\\/www.instagram.com\\\/proagrolab\\\/\",\"https:\\\/\\\/www.linkedin.com\\\/company\\\/laboratorio-proagro-s-a\\\/\"]},{\"@type\":\"Person\",\"@id\":\"https:\\\/\\\/proagrolab.com.ar\\\/#\\\/schema\\\/person\\\/38003ff90bf80381f71c7d922d207444\",\"name\":\"proagrolab\"}]}<\/script>\n<!-- \/ Yoast SEO plugin. -->","yoast_head_json":{"title":"Advierten que la carne aumentar\u00e1 a\u00fan m\u00e1s en 2014. | Proagro","robots":{"index":"index","follow":"follow","max-snippet":"max-snippet:-1","max-image-preview":"max-image-preview:large","max-video-preview":"max-video-preview:-1"},"canonical":"https:\/\/proagrolab.com.ar\/en\/advierten-que-la-carne-aumentara-aun-mas-en-2014\/","og_locale":"en_US","og_type":"article","og_title":"Advierten que la carne aumentar\u00e1 a\u00fan m\u00e1s en 2014. | Proagro","og_description":"El titular de la Federaci\u00f3n Agraria, Eduardo Buzzi, asegur\u00f3 que el sector tiene &#8220;precios retrasados&#8221;; los cortes populares llegaron a subir hasta 197 % desde 2010. Conseguir carne podr\u00eda ser mucho m\u00e1s caro en los pr\u00f3ximos meses. En d\u00edas en que el producto ya registr\u00f3 subas del 10 por ciento en el Mercado de Hacienda de Liniers, el titular de la Federaci\u00f3n Agraria, Eduardo Buzzi, advirti\u00f3 que la carne aumentar\u00e1 m\u00e1s durante 2014. &#8220;Estamos con precios retrasados y no hay una perspectiva de producci\u00f3n&#8221;, expres\u00f3 el dirigente agrario en radio Mitre esta ma\u00f1ana. Se\u00f1al\u00f3 que los productores viven actualmente &#8220;el peor escenario&#8221; y justific\u00f3 futuros aumentos: &#8220;Pasamos de consumir 55 kilos por persona a 67 kilos. Para mantener este nivel de consumo necesitamos 13 millones de animales&#8221;. Seg\u00fan los n\u00fameros del Instituto de Promoci\u00f3n de la Carne Vacuna Argentina (Ipcva) que realiza un relevamiento en 200 comercios de la Ciudad y el conurbano, consignado por El Cronista, desde enero de 2010 los precios aumentaron hasta 197% y los que m\u00e1s lo hicieron fueron los cortes populares. &#8220;Falda, osobuco, picada&#8230; Ninguno baj\u00f3 del 160 o 180 por ciento&#8221;, se\u00f1al\u00f3 Buzzi. &#8220;Con la carne pasa lo que pasa con todo lo que [&hellip;]","og_url":"https:\/\/proagrolab.com.ar\/advierten-que-la-carne-aumentara-aun-mas-en-2014\/","og_site_name":"Proagro","article_publisher":"http:\/\/www.facebook.com\/proagrolab","article_published_time":"2013-11-12T00:00:01+00:00","og_image":[{"url":"https:\/\/proagrolab.com.ar\/wp-content\/uploads\/2015\/01\/g_pe60jw311__Frigor\u00edfico-5.jpg","width":1,"height":1,"type":"image\/jpeg"}],"author":"proagrolab","twitter_card":"summary_large_image","twitter_misc":{"Written by":"proagrolab","Est. reading time":"2 minutes"},"schema":{"@context":"https:\/\/schema.org","@graph":[{"@type":"Article","@id":"https:\/\/proagrolab.com.ar\/advierten-que-la-carne-aumentara-aun-mas-en-2014\/#article","isPartOf":{"@id":"https:\/\/proagrolab.com.ar\/advierten-que-la-carne-aumentara-aun-mas-en-2014\/"},"author":{"name":"proagrolab","@id":"https:\/\/proagrolab.com.ar\/#\/schema\/person\/38003ff90bf80381f71c7d922d207444"},"headline":"Advierten que la carne aumentar\u00e1 a\u00fan m\u00e1s en 2014.","datePublished":"2013-11-12T00:00:01+00:00","mainEntityOfPage":{"@id":"https:\/\/proagrolab.com.ar\/advierten-que-la-carne-aumentara-aun-mas-en-2014\/"},"wordCount":449,"publisher":{"@id":"https:\/\/proagrolab.com.ar\/#organization"},"image":{"@id":"https:\/\/proagrolab.com.ar\/advierten-que-la-carne-aumentara-aun-mas-en-2014\/#primaryimage"},"thumbnailUrl":"https:\/\/proagrolab.com.ar\/wp-content\/uploads\/2015\/01\/g_pe60jw311__Frigor\u00edfico-5.jpg","articleSection":["News"],"inLanguage":"en-US"},{"@type":"WebPage","@id":"https:\/\/proagrolab.com.ar\/advierten-que-la-carne-aumentara-aun-mas-en-2014\/","url":"https:\/\/proagrolab.com.ar\/advierten-que-la-carne-aumentara-aun-mas-en-2014\/","name":"Advierten que la carne aumentar\u00e1 a\u00fan m\u00e1s en 2014. | Proagro","isPartOf":{"@id":"https:\/\/proagrolab.com.ar\/#website"},"primaryImageOfPage":{"@id":"https:\/\/proagrolab.com.ar\/advierten-que-la-carne-aumentara-aun-mas-en-2014\/#primaryimage"},"image":{"@id":"https:\/\/proagrolab.com.ar\/advierten-que-la-carne-aumentara-aun-mas-en-2014\/#primaryimage"},"thumbnailUrl":"https:\/\/proagrolab.com.ar\/wp-content\/uploads\/2015\/01\/g_pe60jw311__Frigor\u00edfico-5.jpg","datePublished":"2013-11-12T00:00:01+00:00","breadcrumb":{"@id":"https:\/\/proagrolab.com.ar\/advierten-que-la-carne-aumentara-aun-mas-en-2014\/#breadcrumb"},"inLanguage":"en-US","potentialAction":[{"@type":"ReadAction","target":["https:\/\/proagrolab.com.ar\/advierten-que-la-carne-aumentara-aun-mas-en-2014\/"]}]},{"@type":"ImageObject","inLanguage":"en-US","@id":"https:\/\/proagrolab.com.ar\/advierten-que-la-carne-aumentara-aun-mas-en-2014\/#primaryimage","url":"https:\/\/proagrolab.com.ar\/wp-content\/uploads\/2015\/01\/g_pe60jw311__Frigor\u00edfico-5.jpg","contentUrl":"https:\/\/proagrolab.com.ar\/wp-content\/uploads\/2015\/01\/g_pe60jw311__Frigor\u00edfico-5.jpg"},{"@type":"BreadcrumbList","@id":"https:\/\/proagrolab.com.ar\/advierten-que-la-carne-aumentara-aun-mas-en-2014\/#breadcrumb","itemListElement":[{"@type":"ListItem","position":1,"name":"Portada","item":"https:\/\/proagrolab.com.ar\/"},{"@type":"ListItem","position":2,"name":"Advierten que la carne aumentar\u00e1 a\u00fan m\u00e1s en 2014."}]},{"@type":"WebSite","@id":"https:\/\/proagrolab.com.ar\/#website","url":"https:\/\/proagrolab.com.ar\/","name":"Proagro Laboratorio Veterinario","description":"Veterinary laboratory","publisher":{"@id":"https:\/\/proagrolab.com.ar\/#organization"},"potentialAction":[{"@type":"SearchAction","target":{"@type":"EntryPoint","urlTemplate":"https:\/\/proagrolab.com.ar\/?s={search_term_string}"},"query-input":{"@type":"PropertyValueSpecification","valueRequired":true,"valueName":"search_term_string"}}],"inLanguage":"en-US"},{"@type":"Organization","@id":"https:\/\/proagrolab.com.ar\/#organization","name":"Proagro","url":"https:\/\/proagrolab.com.ar\/","logo":{"@type":"ImageObject","inLanguage":"en-US","@id":"https:\/\/proagrolab.com.ar\/#\/schema\/logo\/image\/","url":"https:\/\/proagrolab.com.ar\/wp-content\/uploads\/2020\/04\/logo-retina.png","contentUrl":"https:\/\/proagrolab.com.ar\/wp-content\/uploads\/2020\/04\/logo-retina.png","width":478,"height":120,"caption":"Proagro"},"image":{"@id":"https:\/\/proagrolab.com.ar\/#\/schema\/logo\/image\/"},"sameAs":["http:\/\/www.facebook.com\/proagrolab","https:\/\/www.instagram.com\/proagrolab\/","https:\/\/www.linkedin.com\/company\/laboratorio-proagro-s-a\/"]},{"@type":"Person","@id":"https:\/\/proagrolab.com.ar\/#\/schema\/person\/38003ff90bf80381f71c7d922d207444","name":"proagrolab"}]}},"_links":{"self":[{"href":"https:\/\/proagrolab.com.ar\/en\/wp-json\/wp\/v2\/posts\/5802","targetHints":{"allow":["GET"]}}],"collection":[{"href":"https:\/\/proagrolab.com.ar\/en\/wp-json\/wp\/v2\/posts"}],"about":[{"href":"https:\/\/proagrolab.com.ar\/en\/wp-json\/wp\/v2\/types\/post"}],"author":[{"embeddable":true,"href":"https:\/\/proagrolab.com.ar\/en\/wp-json\/wp\/v2\/users\/2"}],"replies":[{"embeddable":true,"href":"https:\/\/proagrolab.com.ar\/en\/wp-json\/wp\/v2\/comments?post=5802"}],"version-history":[{"count":0,"href":"https:\/\/proagrolab.com.ar\/en\/wp-json\/wp\/v2\/posts\/5802\/revisions"}],"wp:featuredmedia":[{"embeddable":true,"href":"https:\/\/proagrolab.com.ar\/en\/wp-json\/wp\/v2\/media\/2290"}],"wp:attachment":[{"href":"https:\/\/proagrolab.com.ar\/en\/wp-json\/wp\/v2\/media?parent=5802"}],"wp:term":[{"taxonomy":"category","embeddable":true,"href":"https:\/\/proagrolab.com.ar\/en\/wp-json\/wp\/v2\/categories?post=5802"},{"taxonomy":"post_tag","embeddable":true,"href":"https:\/\/proagrolab.com.ar\/en\/wp-json\/wp\/v2\/tags?post=5802"}],"curies":[{"name":"wp","href":"https:\/\/api.w.org\/{rel}","templated":true}]}}