{"id":5798,"date":"2013-11-08T00:00:01","date_gmt":"2013-11-08T00:00:01","guid":{"rendered":"https:\/\/proagrolab.com.ar\/moreno-al-borde-de-la-%c2%93lesa-ganaderia%c2%94-serial\/"},"modified":"2013-11-08T00:00:01","modified_gmt":"2013-11-08T00:00:01","slug":"moreno-al-borde-de-la-%c2%93lesa-ganaderia%c2%94-serial","status":"publish","type":"post","link":"https:\/\/proagrolab.com.ar\/en\/moreno-al-borde-de-la-%c2%93lesa-ganaderia%c2%94-serial\/","title":{"rendered":"Moreno, al borde de la \u0093lesa ganader\u00eda\u0094 serial."},"content":{"rendered":"<p class=\"qtranxs-available-languages-message qtranxs-available-languages-message-en\"> <\/p><p>Por Adri\u00e1n Simioni.<\/p>\n<p>Todav\u00eda est\u00e1bamos en la campa\u00f1a electoral. El kirchnerismo trataba de mostrar su mejor cara. El 3 de septiembre, el candidato perdedor de Cristina Fern\u00e1ndez en Buenos Aires, Mart\u00edn Insaurralde, nos emocion\u00f3 a todos: \u0093Para m\u00ed, la inflaci\u00f3n es mayor a la del Indec\u0094, reconoci\u00f3.<\/p>\n<p>Pero pasadas las elecciones, todo volvi\u00f3 a su lugar. La segunda de Guillermo Moreno, Mar\u00eda \u0093Pimpi\u0094 Colombo, dijo el viernes posterior a los comicios que \u0093la inflaci\u00f3n no es un problema\u0094. Y el domingo, entrevistado por un diario cercano al Gobierno, Moreno pregunt\u00f3: \u0093Si la carne no sube hace tres a\u00f1os, \u00bfde qu\u00e9 inflaci\u00f3n estamos hablando?\u0094.<\/p>\n<p>Tanta obcecaci\u00f3n en negar lo evidente est\u00e1 a punto de llevar a Moreno a generar la misma cat\u00e1strofe de \u0093lesa ganader\u00eda\u0094 que inici\u00f3 en 2006. Ese a\u00f1o empezaron sus intervenciones (prohibici\u00f3n de exportar, controles de precios, etc\u00e9tera), que derivaron en 2009 en uno de los rodeos m\u00e1s reducidos de la historia y una brutal estampida de precios, luego de que nos comi\u00e9ramos hasta las vacas madre por el precio artificialmente barato que \u00e9l hab\u00eda impuesto. Las operetas morenistas, de tranco cada vez m\u00e1s corto, no pudieron contener la remarcaci\u00f3n.<\/p>\n<p>Muchos ganaderos liquidaron su capital de cuatro patas. Argentina cedi\u00f3 mercados que no recuper\u00f3. Eso explica la mishiadura en frigor\u00edficos hechos para exportar, como Estancias del Sur. Hoy estamos d\u00e9cimos entre los exportadores mundiales&#8230; Si Nicaragua no nos relega al puesto 11. No es broma.<\/p>\n<p>Con aquella estampida de precios, la ganader\u00eda recuper\u00f3 alg\u00fan horizonte interno y qued\u00f3 descolocada en el externo, aunque de todos modos las trabas siguieron. Como la inflaci\u00f3n continu\u00f3 haciendo su trabajo, hoy el valor de la hacienda en pie est\u00e1 por el piso. Y \u0093barata\u0094 en el mostrador, como dice Moreno. Pero ya estamos por comernos las madres. \u00a1De nuevo! \u0093Lesa ganader\u00eda\u0094 serial.<\/p>\n<p><i>Vos, neg\u00e1 todo<\/i><br \/>Un especialista, N\u00e9stor Roulet, advierte que hay m\u00e1s oferta de carne porque los productores, desalentados, est\u00e1n liquidando stocks . Para consumir el exceso de carne roja, deber\u00edamos comer un r\u00e9cord mundial de 65,2 kilos por habitante este a\u00f1o. Lo cual ni siquiera es saludable. Y deja una pregunta: si Argentina no puede exportar carne, \u00bfqu\u00e9 piensan los cr\u00e1neos que este pa\u00eds podr\u00e1 vender?<\/p>\n<p>Moreno tiene una salida: bajar retenciones. Pero tal vez todo siga igual.<\/p>\n<p>Por ahora, el Gobierno est\u00e1 petrificado. Como lo est\u00e1 para afrontar el dilema del cepo cambiario, la p\u00e9rdida de reservas, la decadencia de la infraestructura, el r\u00e9cord de presi\u00f3n impositiva y la trepada del d\u00e9ficit fiscal. Su t\u00e1ctica es la dilaci\u00f3n negatoria.<\/p>\n<p>Fuente: La Voz del Interior, 7 de noviembre.<br \/><\/p>","protected":false},"excerpt":{"rendered":"<p>Por Adri\u00e1n Simioni. Todav\u00eda est\u00e1bamos en la campa\u00f1a electoral. El kirchnerismo trataba de mostrar su mejor cara. El 3 de septiembre, el candidato perdedor de Cristina Fern\u00e1ndez en Buenos Aires, Mart\u00edn Insaurralde, nos emocion\u00f3 a todos: \u0093Para m\u00ed, la inflaci\u00f3n es mayor a la del Indec\u0094, reconoci\u00f3. Pero pasadas las elecciones, todo volvi\u00f3 a su lugar. La segunda de Guillermo Moreno, Mar\u00eda \u0093Pimpi\u0094 Colombo, dijo el viernes posterior a los comicios que \u0093la inflaci\u00f3n no es un problema\u0094. Y el domingo, entrevistado por un diario cercano al Gobierno, Moreno pregunt\u00f3: \u0093Si la carne no sube hace tres a\u00f1os, \u00bfde qu\u00e9 inflaci\u00f3n estamos hablando?\u0094. Tanta obcecaci\u00f3n en negar lo evidente est\u00e1 a punto de llevar a Moreno a generar la misma cat\u00e1strofe de \u0093lesa ganader\u00eda\u0094 que inici\u00f3 en 2006. Ese a\u00f1o empezaron sus intervenciones (prohibici\u00f3n de exportar, controles de precios, etc\u00e9tera), que derivaron en 2009 en uno de los rodeos m\u00e1s reducidos de la historia y una brutal estampida de precios, luego de que nos comi\u00e9ramos hasta las vacas madre por el precio artificialmente barato que \u00e9l hab\u00eda impuesto. Las operetas morenistas, de tranco cada vez m\u00e1s corto, no pudieron contener la remarcaci\u00f3n. Muchos ganaderos liquidaron su capital de cuatro patas. [&hellip;]<\/p>\n","protected":false},"author":2,"featured_media":2286,"comment_status":"closed","ping_status":"open","sticky":false,"template":"","format":"standard","meta":{"_acf_changed":false,"footnotes":""},"categories":[56],"tags":[],"class_list":["post-5798","post","type-post","status-publish","format-standard","has-post-thumbnail","hentry","category-infoganadero"],"acf":[],"yoast_head":"<!-- This site is optimized with the Yoast SEO plugin v27.4 - https:\/\/yoast.com\/product\/yoast-seo-wordpress\/ -->\n<title>Moreno, al borde de la \u0093lesa ganader\u00eda\u0094 serial. | Proagro<\/title>\n<meta name=\"robots\" content=\"index, follow, max-snippet:-1, max-image-preview:large, max-video-preview:-1\" \/>\n<link rel=\"canonical\" href=\"https:\/\/proagrolab.com.ar\/en\/moreno-al-borde-de-la-\u0093lesa-ganaderia\u0094-serial\/\" \/>\n<meta property=\"og:locale\" content=\"en_US\" \/>\n<meta property=\"og:type\" content=\"article\" \/>\n<meta property=\"og:title\" content=\"Moreno, al borde de la \u0093lesa ganader\u00eda\u0094 serial. | Proagro\" \/>\n<meta property=\"og:description\" content=\"Por Adri\u00e1n Simioni. Todav\u00eda est\u00e1bamos en la campa\u00f1a electoral. El kirchnerismo trataba de mostrar su mejor cara. El 3 de septiembre, el candidato perdedor de Cristina Fern\u00e1ndez en Buenos Aires, Mart\u00edn Insaurralde, nos emocion\u00f3 a todos: \u0093Para m\u00ed, la inflaci\u00f3n es mayor a la del Indec\u0094, reconoci\u00f3. Pero pasadas las elecciones, todo volvi\u00f3 a su lugar. La segunda de Guillermo Moreno, Mar\u00eda \u0093Pimpi\u0094 Colombo, dijo el viernes posterior a los comicios que \u0093la inflaci\u00f3n no es un problema\u0094. Y el domingo, entrevistado por un diario cercano al Gobierno, Moreno pregunt\u00f3: \u0093Si la carne no sube hace tres a\u00f1os, \u00bfde qu\u00e9 inflaci\u00f3n estamos hablando?\u0094. Tanta obcecaci\u00f3n en negar lo evidente est\u00e1 a punto de llevar a Moreno a generar la misma cat\u00e1strofe de \u0093lesa ganader\u00eda\u0094 que inici\u00f3 en 2006. Ese a\u00f1o empezaron sus intervenciones (prohibici\u00f3n de exportar, controles de precios, etc\u00e9tera), que derivaron en 2009 en uno de los rodeos m\u00e1s reducidos de la historia y una brutal estampida de precios, luego de que nos comi\u00e9ramos hasta las vacas madre por el precio artificialmente barato que \u00e9l hab\u00eda impuesto. Las operetas morenistas, de tranco cada vez m\u00e1s corto, no pudieron contener la remarcaci\u00f3n. Muchos ganaderos liquidaron su capital de cuatro patas. [&hellip;]\" \/>\n<meta property=\"og:url\" content=\"https:\/\/proagrolab.com.ar\/moreno-al-borde-de-la-\u0093lesa-ganaderia\u0094-serial\/\" \/>\n<meta property=\"og:site_name\" content=\"Proagro\" \/>\n<meta property=\"article:publisher\" content=\"http:\/\/www.facebook.com\/proagrolab\" \/>\n<meta property=\"article:published_time\" content=\"2013-11-08T00:00:01+00:00\" \/>\n<meta property=\"og:image\" content=\"https:\/\/proagrolab.com.ar\/wp-content\/uploads\/2015\/01\/g_g3vki7t4o__Vacas-12.jpg\" \/>\n\t<meta property=\"og:image:width\" content=\"450\" \/>\n\t<meta property=\"og:image:height\" content=\"208\" \/>\n\t<meta property=\"og:image:type\" content=\"image\/jpeg\" \/>\n<meta name=\"author\" content=\"proagrolab\" \/>\n<meta name=\"twitter:card\" content=\"summary_large_image\" \/>\n<meta name=\"twitter:label1\" content=\"Written by\" \/>\n\t<meta name=\"twitter:data1\" content=\"proagrolab\" \/>\n\t<meta name=\"twitter:label2\" content=\"Est. reading time\" \/>\n\t<meta name=\"twitter:data2\" content=\"2 minutes\" \/>\n<script type=\"application\/ld+json\" class=\"yoast-schema-graph\">{\"@context\":\"https:\\\/\\\/schema.org\",\"@graph\":[{\"@type\":\"Article\",\"@id\":\"https:\\\/\\\/proagrolab.com.ar\\\/moreno-al-borde-de-la-%c2%93lesa-ganaderia%c2%94-serial\\\/#article\",\"isPartOf\":{\"@id\":\"https:\\\/\\\/proagrolab.com.ar\\\/moreno-al-borde-de-la-%c2%93lesa-ganaderia%c2%94-serial\\\/\"},\"author\":{\"name\":\"proagrolab\",\"@id\":\"https:\\\/\\\/proagrolab.com.ar\\\/#\\\/schema\\\/person\\\/38003ff90bf80381f71c7d922d207444\"},\"headline\":\"Moreno, al borde de la \u0093lesa ganader\u00eda\u0094 serial.\",\"datePublished\":\"2013-11-08T00:00:01+00:00\",\"mainEntityOfPage\":{\"@id\":\"https:\\\/\\\/proagrolab.com.ar\\\/moreno-al-borde-de-la-%c2%93lesa-ganaderia%c2%94-serial\\\/\"},\"wordCount\":472,\"publisher\":{\"@id\":\"https:\\\/\\\/proagrolab.com.ar\\\/#organization\"},\"image\":{\"@id\":\"https:\\\/\\\/proagrolab.com.ar\\\/moreno-al-borde-de-la-%c2%93lesa-ganaderia%c2%94-serial\\\/#primaryimage\"},\"thumbnailUrl\":\"https:\\\/\\\/proagrolab.com.ar\\\/wp-content\\\/uploads\\\/2015\\\/01\\\/g_g3vki7t4o__Vacas-12.jpg\",\"articleSection\":[\"News\"],\"inLanguage\":\"en-US\"},{\"@type\":\"WebPage\",\"@id\":\"https:\\\/\\\/proagrolab.com.ar\\\/moreno-al-borde-de-la-%c2%93lesa-ganaderia%c2%94-serial\\\/\",\"url\":\"https:\\\/\\\/proagrolab.com.ar\\\/moreno-al-borde-de-la-%c2%93lesa-ganaderia%c2%94-serial\\\/\",\"name\":\"Moreno, al borde de la \u0093lesa ganader\u00eda\u0094 serial. | Proagro\",\"isPartOf\":{\"@id\":\"https:\\\/\\\/proagrolab.com.ar\\\/#website\"},\"primaryImageOfPage\":{\"@id\":\"https:\\\/\\\/proagrolab.com.ar\\\/moreno-al-borde-de-la-%c2%93lesa-ganaderia%c2%94-serial\\\/#primaryimage\"},\"image\":{\"@id\":\"https:\\\/\\\/proagrolab.com.ar\\\/moreno-al-borde-de-la-%c2%93lesa-ganaderia%c2%94-serial\\\/#primaryimage\"},\"thumbnailUrl\":\"https:\\\/\\\/proagrolab.com.ar\\\/wp-content\\\/uploads\\\/2015\\\/01\\\/g_g3vki7t4o__Vacas-12.jpg\",\"datePublished\":\"2013-11-08T00:00:01+00:00\",\"breadcrumb\":{\"@id\":\"https:\\\/\\\/proagrolab.com.ar\\\/moreno-al-borde-de-la-%c2%93lesa-ganaderia%c2%94-serial\\\/#breadcrumb\"},\"inLanguage\":\"en-US\",\"potentialAction\":[{\"@type\":\"ReadAction\",\"target\":[\"https:\\\/\\\/proagrolab.com.ar\\\/moreno-al-borde-de-la-%c2%93lesa-ganaderia%c2%94-serial\\\/\"]}]},{\"@type\":\"ImageObject\",\"inLanguage\":\"en-US\",\"@id\":\"https:\\\/\\\/proagrolab.com.ar\\\/moreno-al-borde-de-la-%c2%93lesa-ganaderia%c2%94-serial\\\/#primaryimage\",\"url\":\"https:\\\/\\\/proagrolab.com.ar\\\/wp-content\\\/uploads\\\/2015\\\/01\\\/g_g3vki7t4o__Vacas-12.jpg\",\"contentUrl\":\"https:\\\/\\\/proagrolab.com.ar\\\/wp-content\\\/uploads\\\/2015\\\/01\\\/g_g3vki7t4o__Vacas-12.jpg\",\"width\":450,\"height\":208},{\"@type\":\"BreadcrumbList\",\"@id\":\"https:\\\/\\\/proagrolab.com.ar\\\/moreno-al-borde-de-la-%c2%93lesa-ganaderia%c2%94-serial\\\/#breadcrumb\",\"itemListElement\":[{\"@type\":\"ListItem\",\"position\":1,\"name\":\"Portada\",\"item\":\"https:\\\/\\\/proagrolab.com.ar\\\/\"},{\"@type\":\"ListItem\",\"position\":2,\"name\":\"Moreno, al borde de la \u0093lesa ganader\u00eda\u0094 serial.\"}]},{\"@type\":\"WebSite\",\"@id\":\"https:\\\/\\\/proagrolab.com.ar\\\/#website\",\"url\":\"https:\\\/\\\/proagrolab.com.ar\\\/\",\"name\":\"Proagro Laboratorio Veterinario\",\"description\":\"Veterinary laboratory\",\"publisher\":{\"@id\":\"https:\\\/\\\/proagrolab.com.ar\\\/#organization\"},\"potentialAction\":[{\"@type\":\"SearchAction\",\"target\":{\"@type\":\"EntryPoint\",\"urlTemplate\":\"https:\\\/\\\/proagrolab.com.ar\\\/?s={search_term_string}\"},\"query-input\":{\"@type\":\"PropertyValueSpecification\",\"valueRequired\":true,\"valueName\":\"search_term_string\"}}],\"inLanguage\":\"en-US\"},{\"@type\":\"Organization\",\"@id\":\"https:\\\/\\\/proagrolab.com.ar\\\/#organization\",\"name\":\"Proagro\",\"url\":\"https:\\\/\\\/proagrolab.com.ar\\\/\",\"logo\":{\"@type\":\"ImageObject\",\"inLanguage\":\"en-US\",\"@id\":\"https:\\\/\\\/proagrolab.com.ar\\\/#\\\/schema\\\/logo\\\/image\\\/\",\"url\":\"https:\\\/\\\/proagrolab.com.ar\\\/wp-content\\\/uploads\\\/2020\\\/04\\\/logo-retina.png\",\"contentUrl\":\"https:\\\/\\\/proagrolab.com.ar\\\/wp-content\\\/uploads\\\/2020\\\/04\\\/logo-retina.png\",\"width\":478,\"height\":120,\"caption\":\"Proagro\"},\"image\":{\"@id\":\"https:\\\/\\\/proagrolab.com.ar\\\/#\\\/schema\\\/logo\\\/image\\\/\"},\"sameAs\":[\"http:\\\/\\\/www.facebook.com\\\/proagrolab\",\"https:\\\/\\\/www.instagram.com\\\/proagrolab\\\/\",\"https:\\\/\\\/www.linkedin.com\\\/company\\\/laboratorio-proagro-s-a\\\/\"]},{\"@type\":\"Person\",\"@id\":\"https:\\\/\\\/proagrolab.com.ar\\\/#\\\/schema\\\/person\\\/38003ff90bf80381f71c7d922d207444\",\"name\":\"proagrolab\"}]}<\/script>\n<!-- \/ Yoast SEO plugin. -->","yoast_head_json":{"title":"Moreno, al borde de la \u0093lesa ganader\u00eda\u0094 serial. | Proagro","robots":{"index":"index","follow":"follow","max-snippet":"max-snippet:-1","max-image-preview":"max-image-preview:large","max-video-preview":"max-video-preview:-1"},"canonical":"https:\/\/proagrolab.com.ar\/en\/moreno-al-borde-de-la-\u0093lesa-ganaderia\u0094-serial\/","og_locale":"en_US","og_type":"article","og_title":"Moreno, al borde de la \u0093lesa ganader\u00eda\u0094 serial. | Proagro","og_description":"Por Adri\u00e1n Simioni. Todav\u00eda est\u00e1bamos en la campa\u00f1a electoral. El kirchnerismo trataba de mostrar su mejor cara. El 3 de septiembre, el candidato perdedor de Cristina Fern\u00e1ndez en Buenos Aires, Mart\u00edn Insaurralde, nos emocion\u00f3 a todos: \u0093Para m\u00ed, la inflaci\u00f3n es mayor a la del Indec\u0094, reconoci\u00f3. Pero pasadas las elecciones, todo volvi\u00f3 a su lugar. La segunda de Guillermo Moreno, Mar\u00eda \u0093Pimpi\u0094 Colombo, dijo el viernes posterior a los comicios que \u0093la inflaci\u00f3n no es un problema\u0094. Y el domingo, entrevistado por un diario cercano al Gobierno, Moreno pregunt\u00f3: \u0093Si la carne no sube hace tres a\u00f1os, \u00bfde qu\u00e9 inflaci\u00f3n estamos hablando?\u0094. Tanta obcecaci\u00f3n en negar lo evidente est\u00e1 a punto de llevar a Moreno a generar la misma cat\u00e1strofe de \u0093lesa ganader\u00eda\u0094 que inici\u00f3 en 2006. Ese a\u00f1o empezaron sus intervenciones (prohibici\u00f3n de exportar, controles de precios, etc\u00e9tera), que derivaron en 2009 en uno de los rodeos m\u00e1s reducidos de la historia y una brutal estampida de precios, luego de que nos comi\u00e9ramos hasta las vacas madre por el precio artificialmente barato que \u00e9l hab\u00eda impuesto. Las operetas morenistas, de tranco cada vez m\u00e1s corto, no pudieron contener la remarcaci\u00f3n. Muchos ganaderos liquidaron su capital de cuatro patas. [&hellip;]","og_url":"https:\/\/proagrolab.com.ar\/moreno-al-borde-de-la-\u0093lesa-ganaderia\u0094-serial\/","og_site_name":"Proagro","article_publisher":"http:\/\/www.facebook.com\/proagrolab","article_published_time":"2013-11-08T00:00:01+00:00","og_image":[{"width":450,"height":208,"url":"https:\/\/proagrolab.com.ar\/wp-content\/uploads\/2015\/01\/g_g3vki7t4o__Vacas-12.jpg","type":"image\/jpeg"}],"author":"proagrolab","twitter_card":"summary_large_image","twitter_misc":{"Written by":"proagrolab","Est. reading time":"2 minutes"},"schema":{"@context":"https:\/\/schema.org","@graph":[{"@type":"Article","@id":"https:\/\/proagrolab.com.ar\/moreno-al-borde-de-la-%c2%93lesa-ganaderia%c2%94-serial\/#article","isPartOf":{"@id":"https:\/\/proagrolab.com.ar\/moreno-al-borde-de-la-%c2%93lesa-ganaderia%c2%94-serial\/"},"author":{"name":"proagrolab","@id":"https:\/\/proagrolab.com.ar\/#\/schema\/person\/38003ff90bf80381f71c7d922d207444"},"headline":"Moreno, al borde de la \u0093lesa ganader\u00eda\u0094 serial.","datePublished":"2013-11-08T00:00:01+00:00","mainEntityOfPage":{"@id":"https:\/\/proagrolab.com.ar\/moreno-al-borde-de-la-%c2%93lesa-ganaderia%c2%94-serial\/"},"wordCount":472,"publisher":{"@id":"https:\/\/proagrolab.com.ar\/#organization"},"image":{"@id":"https:\/\/proagrolab.com.ar\/moreno-al-borde-de-la-%c2%93lesa-ganaderia%c2%94-serial\/#primaryimage"},"thumbnailUrl":"https:\/\/proagrolab.com.ar\/wp-content\/uploads\/2015\/01\/g_g3vki7t4o__Vacas-12.jpg","articleSection":["News"],"inLanguage":"en-US"},{"@type":"WebPage","@id":"https:\/\/proagrolab.com.ar\/moreno-al-borde-de-la-%c2%93lesa-ganaderia%c2%94-serial\/","url":"https:\/\/proagrolab.com.ar\/moreno-al-borde-de-la-%c2%93lesa-ganaderia%c2%94-serial\/","name":"Moreno, al borde de la \u0093lesa ganader\u00eda\u0094 serial. | Proagro","isPartOf":{"@id":"https:\/\/proagrolab.com.ar\/#website"},"primaryImageOfPage":{"@id":"https:\/\/proagrolab.com.ar\/moreno-al-borde-de-la-%c2%93lesa-ganaderia%c2%94-serial\/#primaryimage"},"image":{"@id":"https:\/\/proagrolab.com.ar\/moreno-al-borde-de-la-%c2%93lesa-ganaderia%c2%94-serial\/#primaryimage"},"thumbnailUrl":"https:\/\/proagrolab.com.ar\/wp-content\/uploads\/2015\/01\/g_g3vki7t4o__Vacas-12.jpg","datePublished":"2013-11-08T00:00:01+00:00","breadcrumb":{"@id":"https:\/\/proagrolab.com.ar\/moreno-al-borde-de-la-%c2%93lesa-ganaderia%c2%94-serial\/#breadcrumb"},"inLanguage":"en-US","potentialAction":[{"@type":"ReadAction","target":["https:\/\/proagrolab.com.ar\/moreno-al-borde-de-la-%c2%93lesa-ganaderia%c2%94-serial\/"]}]},{"@type":"ImageObject","inLanguage":"en-US","@id":"https:\/\/proagrolab.com.ar\/moreno-al-borde-de-la-%c2%93lesa-ganaderia%c2%94-serial\/#primaryimage","url":"https:\/\/proagrolab.com.ar\/wp-content\/uploads\/2015\/01\/g_g3vki7t4o__Vacas-12.jpg","contentUrl":"https:\/\/proagrolab.com.ar\/wp-content\/uploads\/2015\/01\/g_g3vki7t4o__Vacas-12.jpg","width":450,"height":208},{"@type":"BreadcrumbList","@id":"https:\/\/proagrolab.com.ar\/moreno-al-borde-de-la-%c2%93lesa-ganaderia%c2%94-serial\/#breadcrumb","itemListElement":[{"@type":"ListItem","position":1,"name":"Portada","item":"https:\/\/proagrolab.com.ar\/"},{"@type":"ListItem","position":2,"name":"Moreno, al borde de la \u0093lesa ganader\u00eda\u0094 serial."}]},{"@type":"WebSite","@id":"https:\/\/proagrolab.com.ar\/#website","url":"https:\/\/proagrolab.com.ar\/","name":"Proagro Laboratorio Veterinario","description":"Veterinary laboratory","publisher":{"@id":"https:\/\/proagrolab.com.ar\/#organization"},"potentialAction":[{"@type":"SearchAction","target":{"@type":"EntryPoint","urlTemplate":"https:\/\/proagrolab.com.ar\/?s={search_term_string}"},"query-input":{"@type":"PropertyValueSpecification","valueRequired":true,"valueName":"search_term_string"}}],"inLanguage":"en-US"},{"@type":"Organization","@id":"https:\/\/proagrolab.com.ar\/#organization","name":"Proagro","url":"https:\/\/proagrolab.com.ar\/","logo":{"@type":"ImageObject","inLanguage":"en-US","@id":"https:\/\/proagrolab.com.ar\/#\/schema\/logo\/image\/","url":"https:\/\/proagrolab.com.ar\/wp-content\/uploads\/2020\/04\/logo-retina.png","contentUrl":"https:\/\/proagrolab.com.ar\/wp-content\/uploads\/2020\/04\/logo-retina.png","width":478,"height":120,"caption":"Proagro"},"image":{"@id":"https:\/\/proagrolab.com.ar\/#\/schema\/logo\/image\/"},"sameAs":["http:\/\/www.facebook.com\/proagrolab","https:\/\/www.instagram.com\/proagrolab\/","https:\/\/www.linkedin.com\/company\/laboratorio-proagro-s-a\/"]},{"@type":"Person","@id":"https:\/\/proagrolab.com.ar\/#\/schema\/person\/38003ff90bf80381f71c7d922d207444","name":"proagrolab"}]}},"_links":{"self":[{"href":"https:\/\/proagrolab.com.ar\/en\/wp-json\/wp\/v2\/posts\/5798","targetHints":{"allow":["GET"]}}],"collection":[{"href":"https:\/\/proagrolab.com.ar\/en\/wp-json\/wp\/v2\/posts"}],"about":[{"href":"https:\/\/proagrolab.com.ar\/en\/wp-json\/wp\/v2\/types\/post"}],"author":[{"embeddable":true,"href":"https:\/\/proagrolab.com.ar\/en\/wp-json\/wp\/v2\/users\/2"}],"replies":[{"embeddable":true,"href":"https:\/\/proagrolab.com.ar\/en\/wp-json\/wp\/v2\/comments?post=5798"}],"version-history":[{"count":0,"href":"https:\/\/proagrolab.com.ar\/en\/wp-json\/wp\/v2\/posts\/5798\/revisions"}],"wp:featuredmedia":[{"embeddable":true,"href":"https:\/\/proagrolab.com.ar\/en\/wp-json\/wp\/v2\/media\/2286"}],"wp:attachment":[{"href":"https:\/\/proagrolab.com.ar\/en\/wp-json\/wp\/v2\/media?parent=5798"}],"wp:term":[{"taxonomy":"category","embeddable":true,"href":"https:\/\/proagrolab.com.ar\/en\/wp-json\/wp\/v2\/categories?post=5798"},{"taxonomy":"post_tag","embeddable":true,"href":"https:\/\/proagrolab.com.ar\/en\/wp-json\/wp\/v2\/tags?post=5798"}],"curies":[{"name":"wp","href":"https:\/\/api.w.org\/{rel}","templated":true}]}}