{"id":5797,"date":"2013-11-08T00:00:01","date_gmt":"2013-11-08T00:00:01","guid":{"rendered":"https:\/\/proagrolab.com.ar\/se-viene-una-baja-de-retenciones\/"},"modified":"2013-11-08T00:00:01","modified_gmt":"2013-11-08T00:00:01","slug":"se-viene-una-baja-de-retenciones","status":"publish","type":"post","link":"https:\/\/proagrolab.com.ar\/en\/se-viene-una-baja-de-retenciones\/","title":{"rendered":"\u00bfSe viene una baja de retenciones?."},"content":{"rendered":"<p class=\"qtranxs-available-languages-message qtranxs-available-languages-message-en\"> <\/p><p>Por Ignacio Iriarte.<\/p>\n<p>El aceleramiento de la devaluaci\u00f3n, la fuerza de la demanda exportadora, la valorizaci\u00f3n del cuero y la suba del pollo y de otros alimentos son factores alcistas que no impactan en el precio de la hacienda, debido al pico m\u00e1ximo anual de oferta.<\/p>\n<p>Los sectores del Gobierno que impulsan la quita, parcial o total, de las retenciones no s\u00f3lo buscar\u00edan los d\u00f3lares que la exportaci\u00f3n de carne puede proveer en el corto plazo, sino tambi\u00e9n estar\u00edan promoviendo una mejora en el precio de la hacienda \u0096que aborte la liquidaci\u00f3n ganadera que est\u00e1 a la vista\u0096 y una suba en los precios de la carne vacuna. Despu\u00e9s de tres a\u00f1os de subir por debajo de la inflaci\u00f3n, estar\u00edan perjudicando \u0096seg\u00fan este enfoque\u0096 la rentabilidad y producci\u00f3n de la carne de cerdo y de ave, las cuales el Gobierno ha impulsado en los \u00faltimos a\u00f1os de todas las maneras posibles: subsidios, cr\u00e9dito baratos, y sobre todo, ma\u00edz barato.<\/p>\n<p>El Gobierno se considera \u0096y con raz\u00f3n\u0096 el responsable del explosivo aumento en la producci\u00f3n de carne aviar (creci\u00f3 m\u00e1s de 900 mil toneladas en los \u00faltimos seis a\u00f1os) y del sostenido aumento de la producci\u00f3n de carne de cerdo, que viene creciendo hace varios a\u00f1os a una tasa no inferior al 20 por ciento anual acumulativo.<\/p>\n<p>Otro factor que estar\u00eda favoreciendo la demanda por carne vacuna, ser\u00eda \u0096en una medida dif\u00edcil de mensurar\u0096 el incremento del precio del pollo al p\u00fablico, que acumula una suba superior al 30 por ciento en menos de 45 d\u00edas. Este encarecimiento relativo del pollo se agrega a la suba en lo que va del a\u00f1o de otros alimentos, como los farin\u00e1ceos (pan, pastas, facturas, harina, galletitas, bizcochos, etc\u00e9tera), y los l\u00e1cteos, lo que deja hoy en una ventajosa situaci\u00f3n relativa a la carne vacuna.<\/p>\n<p>El aceleramiento de la devaluaci\u00f3n, la fuerza de la demanda exportadora, la valorizaci\u00f3n del cuero y la suba del pollo y de otros alimentos, son factores alcistas que no se expresan m\u00e1s plenamente en el precio de la hacienda porque estamos en el pico m\u00e1ximo anual de oferta, con faenas en el bimestre agosto\u0096septiembre un 14 por ciento m\u00e1s altas que igual per\u00edodo del a\u00f1o pasado.<\/p>\n<p><i>Internacional<\/i><br \/>China compr\u00f3 en septiembre 29 mil toneladas peso producto de carne vacuna, casi seis veces lo que import\u00f3 en igual mes del a\u00f1o pasado. El 55 por ciento de las necesidades las provee Australia; el 23 por ciento, Uruguay; el 10 por ciento, Canad\u00e1; el nueve por ciento, Nueva Zelandia, y el resto, la Argentina.<\/p>\n<p>Los precios de la carne al mostrador, cercanos a los 10 d\u00f3lares por kilo, cotizan un ciento por ciento m\u00e1s altos que a principios de 2008. Se interpreta que el enorme desfasaje entre oferta y demanda ha llevado al gobierno chino a abrir y fomentar las importaciones de carne vacuna.<\/p>\n<p>Si se suman las importaciones de Hong Kong y Vietnam a las de China, este a\u00f1o, \u0093la gran China\u0094 comprar\u00e1 1,4 millones de toneladas por valor de cuatro mil millones de d\u00f3lares. Los datos de los \u00faltimos meses de compras de los tres pa\u00edses estar\u00edan indicando que ese c\u00e1lculo puede quedarse corto, porque las importaciones conjuntas se aceleran mes a mes.<\/p>\n<p>En Brasil, que ha incrementado en los primeros nueve meses del a\u00f1o sus embarques en un 26 por ciento, el Instituto de Geograf\u00eda y Estad\u00edstica ha comunicado que el stock ganadero ha ca\u00eddo en 1,5 millones de cabezas, para totalizar los 211,2 millones de cabezas. La ca\u00edda es el resultado de la combinaci\u00f3n de una intensa sequ\u00eda en gran parte de su territorio con una fuerte alza en el costo de los principales insumos ganaderos.<\/p>\n<p>Fuente: La Voz del Interior, 8 de noviembre.<br \/><\/p>","protected":false},"excerpt":{"rendered":"<p>Por Ignacio Iriarte. El aceleramiento de la devaluaci\u00f3n, la fuerza de la demanda exportadora, la valorizaci\u00f3n del cuero y la suba del pollo y de otros alimentos son factores alcistas que no impactan en el precio de la hacienda, debido al pico m\u00e1ximo anual de oferta. Los sectores del Gobierno que impulsan la quita, parcial o total, de las retenciones no s\u00f3lo buscar\u00edan los d\u00f3lares que la exportaci\u00f3n de carne puede proveer en el corto plazo, sino tambi\u00e9n estar\u00edan promoviendo una mejora en el precio de la hacienda \u0096que aborte la liquidaci\u00f3n ganadera que est\u00e1 a la vista\u0096 y una suba en los precios de la carne vacuna. Despu\u00e9s de tres a\u00f1os de subir por debajo de la inflaci\u00f3n, estar\u00edan perjudicando \u0096seg\u00fan este enfoque\u0096 la rentabilidad y producci\u00f3n de la carne de cerdo y de ave, las cuales el Gobierno ha impulsado en los \u00faltimos a\u00f1os de todas las maneras posibles: subsidios, cr\u00e9dito baratos, y sobre todo, ma\u00edz barato. El Gobierno se considera \u0096y con raz\u00f3n\u0096 el responsable del explosivo aumento en la producci\u00f3n de carne aviar (creci\u00f3 m\u00e1s de 900 mil toneladas en los \u00faltimos seis a\u00f1os) y del sostenido aumento de la producci\u00f3n de carne de cerdo, que [&hellip;]<\/p>\n","protected":false},"author":2,"featured_media":2285,"comment_status":"closed","ping_status":"open","sticky":false,"template":"","format":"standard","meta":{"_acf_changed":false,"footnotes":""},"categories":[56],"tags":[],"class_list":["post-5797","post","type-post","status-publish","format-standard","has-post-thumbnail","hentry","category-infoganadero"],"acf":[],"yoast_head":"<!-- This site is optimized with the Yoast SEO plugin v27.4 - https:\/\/yoast.com\/product\/yoast-seo-wordpress\/ -->\n<title>\u00bfSe viene una baja de retenciones?. | Proagro<\/title>\n<meta name=\"robots\" content=\"index, follow, max-snippet:-1, max-image-preview:large, max-video-preview:-1\" \/>\n<link rel=\"canonical\" href=\"https:\/\/proagrolab.com.ar\/en\/se-viene-una-baja-de-retenciones\/\" \/>\n<meta property=\"og:locale\" content=\"en_US\" \/>\n<meta property=\"og:type\" content=\"article\" \/>\n<meta property=\"og:title\" content=\"\u00bfSe viene una baja de retenciones?. | Proagro\" \/>\n<meta property=\"og:description\" content=\"Por Ignacio Iriarte. El aceleramiento de la devaluaci\u00f3n, la fuerza de la demanda exportadora, la valorizaci\u00f3n del cuero y la suba del pollo y de otros alimentos son factores alcistas que no impactan en el precio de la hacienda, debido al pico m\u00e1ximo anual de oferta. Los sectores del Gobierno que impulsan la quita, parcial o total, de las retenciones no s\u00f3lo buscar\u00edan los d\u00f3lares que la exportaci\u00f3n de carne puede proveer en el corto plazo, sino tambi\u00e9n estar\u00edan promoviendo una mejora en el precio de la hacienda \u0096que aborte la liquidaci\u00f3n ganadera que est\u00e1 a la vista\u0096 y una suba en los precios de la carne vacuna. Despu\u00e9s de tres a\u00f1os de subir por debajo de la inflaci\u00f3n, estar\u00edan perjudicando \u0096seg\u00fan este enfoque\u0096 la rentabilidad y producci\u00f3n de la carne de cerdo y de ave, las cuales el Gobierno ha impulsado en los \u00faltimos a\u00f1os de todas las maneras posibles: subsidios, cr\u00e9dito baratos, y sobre todo, ma\u00edz barato. El Gobierno se considera \u0096y con raz\u00f3n\u0096 el responsable del explosivo aumento en la producci\u00f3n de carne aviar (creci\u00f3 m\u00e1s de 900 mil toneladas en los \u00faltimos seis a\u00f1os) y del sostenido aumento de la producci\u00f3n de carne de cerdo, que [&hellip;]\" \/>\n<meta property=\"og:url\" content=\"https:\/\/proagrolab.com.ar\/se-viene-una-baja-de-retenciones\/\" \/>\n<meta property=\"og:site_name\" content=\"Proagro\" \/>\n<meta property=\"article:publisher\" content=\"http:\/\/www.facebook.com\/proagrolab\" \/>\n<meta property=\"article:published_time\" content=\"2013-11-08T00:00:01+00:00\" \/>\n<meta property=\"og:image\" content=\"https:\/\/proagrolab.com.ar\/wp-content\/uploads\/2015\/01\/g_0q5ydrlek__Vacas-Braford.jpg\" \/>\n\t<meta property=\"og:image:width\" content=\"450\" \/>\n\t<meta property=\"og:image:height\" content=\"208\" \/>\n\t<meta property=\"og:image:type\" content=\"image\/jpeg\" \/>\n<meta name=\"author\" content=\"proagrolab\" \/>\n<meta name=\"twitter:card\" content=\"summary_large_image\" \/>\n<meta name=\"twitter:label1\" content=\"Written by\" \/>\n\t<meta name=\"twitter:data1\" content=\"proagrolab\" \/>\n\t<meta name=\"twitter:label2\" content=\"Est. reading time\" \/>\n\t<meta name=\"twitter:data2\" content=\"3 minutes\" \/>\n<script type=\"application\/ld+json\" class=\"yoast-schema-graph\">{\"@context\":\"https:\\\/\\\/schema.org\",\"@graph\":[{\"@type\":\"Article\",\"@id\":\"https:\\\/\\\/proagrolab.com.ar\\\/se-viene-una-baja-de-retenciones\\\/#article\",\"isPartOf\":{\"@id\":\"https:\\\/\\\/proagrolab.com.ar\\\/se-viene-una-baja-de-retenciones\\\/\"},\"author\":{\"name\":\"proagrolab\",\"@id\":\"https:\\\/\\\/proagrolab.com.ar\\\/#\\\/schema\\\/person\\\/38003ff90bf80381f71c7d922d207444\"},\"headline\":\"\u00bfSe viene una baja de retenciones?.\",\"datePublished\":\"2013-11-08T00:00:01+00:00\",\"mainEntityOfPage\":{\"@id\":\"https:\\\/\\\/proagrolab.com.ar\\\/se-viene-una-baja-de-retenciones\\\/\"},\"wordCount\":664,\"publisher\":{\"@id\":\"https:\\\/\\\/proagrolab.com.ar\\\/#organization\"},\"image\":{\"@id\":\"https:\\\/\\\/proagrolab.com.ar\\\/se-viene-una-baja-de-retenciones\\\/#primaryimage\"},\"thumbnailUrl\":\"https:\\\/\\\/proagrolab.com.ar\\\/wp-content\\\/uploads\\\/2015\\\/01\\\/g_0q5ydrlek__Vacas-Braford.jpg\",\"articleSection\":[\"News\"],\"inLanguage\":\"en-US\"},{\"@type\":\"WebPage\",\"@id\":\"https:\\\/\\\/proagrolab.com.ar\\\/se-viene-una-baja-de-retenciones\\\/\",\"url\":\"https:\\\/\\\/proagrolab.com.ar\\\/se-viene-una-baja-de-retenciones\\\/\",\"name\":\"\u00bfSe viene una baja de retenciones?. | Proagro\",\"isPartOf\":{\"@id\":\"https:\\\/\\\/proagrolab.com.ar\\\/#website\"},\"primaryImageOfPage\":{\"@id\":\"https:\\\/\\\/proagrolab.com.ar\\\/se-viene-una-baja-de-retenciones\\\/#primaryimage\"},\"image\":{\"@id\":\"https:\\\/\\\/proagrolab.com.ar\\\/se-viene-una-baja-de-retenciones\\\/#primaryimage\"},\"thumbnailUrl\":\"https:\\\/\\\/proagrolab.com.ar\\\/wp-content\\\/uploads\\\/2015\\\/01\\\/g_0q5ydrlek__Vacas-Braford.jpg\",\"datePublished\":\"2013-11-08T00:00:01+00:00\",\"breadcrumb\":{\"@id\":\"https:\\\/\\\/proagrolab.com.ar\\\/se-viene-una-baja-de-retenciones\\\/#breadcrumb\"},\"inLanguage\":\"en-US\",\"potentialAction\":[{\"@type\":\"ReadAction\",\"target\":[\"https:\\\/\\\/proagrolab.com.ar\\\/se-viene-una-baja-de-retenciones\\\/\"]}]},{\"@type\":\"ImageObject\",\"inLanguage\":\"en-US\",\"@id\":\"https:\\\/\\\/proagrolab.com.ar\\\/se-viene-una-baja-de-retenciones\\\/#primaryimage\",\"url\":\"https:\\\/\\\/proagrolab.com.ar\\\/wp-content\\\/uploads\\\/2015\\\/01\\\/g_0q5ydrlek__Vacas-Braford.jpg\",\"contentUrl\":\"https:\\\/\\\/proagrolab.com.ar\\\/wp-content\\\/uploads\\\/2015\\\/01\\\/g_0q5ydrlek__Vacas-Braford.jpg\",\"width\":450,\"height\":208},{\"@type\":\"BreadcrumbList\",\"@id\":\"https:\\\/\\\/proagrolab.com.ar\\\/se-viene-una-baja-de-retenciones\\\/#breadcrumb\",\"itemListElement\":[{\"@type\":\"ListItem\",\"position\":1,\"name\":\"Portada\",\"item\":\"https:\\\/\\\/proagrolab.com.ar\\\/\"},{\"@type\":\"ListItem\",\"position\":2,\"name\":\"\u00bfSe viene una baja de retenciones?.\"}]},{\"@type\":\"WebSite\",\"@id\":\"https:\\\/\\\/proagrolab.com.ar\\\/#website\",\"url\":\"https:\\\/\\\/proagrolab.com.ar\\\/\",\"name\":\"Proagro Laboratorio Veterinario\",\"description\":\"Veterinary laboratory\",\"publisher\":{\"@id\":\"https:\\\/\\\/proagrolab.com.ar\\\/#organization\"},\"potentialAction\":[{\"@type\":\"SearchAction\",\"target\":{\"@type\":\"EntryPoint\",\"urlTemplate\":\"https:\\\/\\\/proagrolab.com.ar\\\/?s={search_term_string}\"},\"query-input\":{\"@type\":\"PropertyValueSpecification\",\"valueRequired\":true,\"valueName\":\"search_term_string\"}}],\"inLanguage\":\"en-US\"},{\"@type\":\"Organization\",\"@id\":\"https:\\\/\\\/proagrolab.com.ar\\\/#organization\",\"name\":\"Proagro\",\"url\":\"https:\\\/\\\/proagrolab.com.ar\\\/\",\"logo\":{\"@type\":\"ImageObject\",\"inLanguage\":\"en-US\",\"@id\":\"https:\\\/\\\/proagrolab.com.ar\\\/#\\\/schema\\\/logo\\\/image\\\/\",\"url\":\"https:\\\/\\\/proagrolab.com.ar\\\/wp-content\\\/uploads\\\/2020\\\/04\\\/logo-retina.png\",\"contentUrl\":\"https:\\\/\\\/proagrolab.com.ar\\\/wp-content\\\/uploads\\\/2020\\\/04\\\/logo-retina.png\",\"width\":478,\"height\":120,\"caption\":\"Proagro\"},\"image\":{\"@id\":\"https:\\\/\\\/proagrolab.com.ar\\\/#\\\/schema\\\/logo\\\/image\\\/\"},\"sameAs\":[\"http:\\\/\\\/www.facebook.com\\\/proagrolab\",\"https:\\\/\\\/www.instagram.com\\\/proagrolab\\\/\",\"https:\\\/\\\/www.linkedin.com\\\/company\\\/laboratorio-proagro-s-a\\\/\"]},{\"@type\":\"Person\",\"@id\":\"https:\\\/\\\/proagrolab.com.ar\\\/#\\\/schema\\\/person\\\/38003ff90bf80381f71c7d922d207444\",\"name\":\"proagrolab\"}]}<\/script>\n<!-- \/ Yoast SEO plugin. -->","yoast_head_json":{"title":"\u00bfSe viene una baja de retenciones?. | Proagro","robots":{"index":"index","follow":"follow","max-snippet":"max-snippet:-1","max-image-preview":"max-image-preview:large","max-video-preview":"max-video-preview:-1"},"canonical":"https:\/\/proagrolab.com.ar\/en\/se-viene-una-baja-de-retenciones\/","og_locale":"en_US","og_type":"article","og_title":"\u00bfSe viene una baja de retenciones?. | Proagro","og_description":"Por Ignacio Iriarte. El aceleramiento de la devaluaci\u00f3n, la fuerza de la demanda exportadora, la valorizaci\u00f3n del cuero y la suba del pollo y de otros alimentos son factores alcistas que no impactan en el precio de la hacienda, debido al pico m\u00e1ximo anual de oferta. Los sectores del Gobierno que impulsan la quita, parcial o total, de las retenciones no s\u00f3lo buscar\u00edan los d\u00f3lares que la exportaci\u00f3n de carne puede proveer en el corto plazo, sino tambi\u00e9n estar\u00edan promoviendo una mejora en el precio de la hacienda \u0096que aborte la liquidaci\u00f3n ganadera que est\u00e1 a la vista\u0096 y una suba en los precios de la carne vacuna. Despu\u00e9s de tres a\u00f1os de subir por debajo de la inflaci\u00f3n, estar\u00edan perjudicando \u0096seg\u00fan este enfoque\u0096 la rentabilidad y producci\u00f3n de la carne de cerdo y de ave, las cuales el Gobierno ha impulsado en los \u00faltimos a\u00f1os de todas las maneras posibles: subsidios, cr\u00e9dito baratos, y sobre todo, ma\u00edz barato. El Gobierno se considera \u0096y con raz\u00f3n\u0096 el responsable del explosivo aumento en la producci\u00f3n de carne aviar (creci\u00f3 m\u00e1s de 900 mil toneladas en los \u00faltimos seis a\u00f1os) y del sostenido aumento de la producci\u00f3n de carne de cerdo, que [&hellip;]","og_url":"https:\/\/proagrolab.com.ar\/se-viene-una-baja-de-retenciones\/","og_site_name":"Proagro","article_publisher":"http:\/\/www.facebook.com\/proagrolab","article_published_time":"2013-11-08T00:00:01+00:00","og_image":[{"width":450,"height":208,"url":"https:\/\/proagrolab.com.ar\/wp-content\/uploads\/2015\/01\/g_0q5ydrlek__Vacas-Braford.jpg","type":"image\/jpeg"}],"author":"proagrolab","twitter_card":"summary_large_image","twitter_misc":{"Written by":"proagrolab","Est. reading time":"3 minutes"},"schema":{"@context":"https:\/\/schema.org","@graph":[{"@type":"Article","@id":"https:\/\/proagrolab.com.ar\/se-viene-una-baja-de-retenciones\/#article","isPartOf":{"@id":"https:\/\/proagrolab.com.ar\/se-viene-una-baja-de-retenciones\/"},"author":{"name":"proagrolab","@id":"https:\/\/proagrolab.com.ar\/#\/schema\/person\/38003ff90bf80381f71c7d922d207444"},"headline":"\u00bfSe viene una baja de retenciones?.","datePublished":"2013-11-08T00:00:01+00:00","mainEntityOfPage":{"@id":"https:\/\/proagrolab.com.ar\/se-viene-una-baja-de-retenciones\/"},"wordCount":664,"publisher":{"@id":"https:\/\/proagrolab.com.ar\/#organization"},"image":{"@id":"https:\/\/proagrolab.com.ar\/se-viene-una-baja-de-retenciones\/#primaryimage"},"thumbnailUrl":"https:\/\/proagrolab.com.ar\/wp-content\/uploads\/2015\/01\/g_0q5ydrlek__Vacas-Braford.jpg","articleSection":["News"],"inLanguage":"en-US"},{"@type":"WebPage","@id":"https:\/\/proagrolab.com.ar\/se-viene-una-baja-de-retenciones\/","url":"https:\/\/proagrolab.com.ar\/se-viene-una-baja-de-retenciones\/","name":"\u00bfSe viene una baja de retenciones?. | Proagro","isPartOf":{"@id":"https:\/\/proagrolab.com.ar\/#website"},"primaryImageOfPage":{"@id":"https:\/\/proagrolab.com.ar\/se-viene-una-baja-de-retenciones\/#primaryimage"},"image":{"@id":"https:\/\/proagrolab.com.ar\/se-viene-una-baja-de-retenciones\/#primaryimage"},"thumbnailUrl":"https:\/\/proagrolab.com.ar\/wp-content\/uploads\/2015\/01\/g_0q5ydrlek__Vacas-Braford.jpg","datePublished":"2013-11-08T00:00:01+00:00","breadcrumb":{"@id":"https:\/\/proagrolab.com.ar\/se-viene-una-baja-de-retenciones\/#breadcrumb"},"inLanguage":"en-US","potentialAction":[{"@type":"ReadAction","target":["https:\/\/proagrolab.com.ar\/se-viene-una-baja-de-retenciones\/"]}]},{"@type":"ImageObject","inLanguage":"en-US","@id":"https:\/\/proagrolab.com.ar\/se-viene-una-baja-de-retenciones\/#primaryimage","url":"https:\/\/proagrolab.com.ar\/wp-content\/uploads\/2015\/01\/g_0q5ydrlek__Vacas-Braford.jpg","contentUrl":"https:\/\/proagrolab.com.ar\/wp-content\/uploads\/2015\/01\/g_0q5ydrlek__Vacas-Braford.jpg","width":450,"height":208},{"@type":"BreadcrumbList","@id":"https:\/\/proagrolab.com.ar\/se-viene-una-baja-de-retenciones\/#breadcrumb","itemListElement":[{"@type":"ListItem","position":1,"name":"Portada","item":"https:\/\/proagrolab.com.ar\/"},{"@type":"ListItem","position":2,"name":"\u00bfSe viene una baja de retenciones?."}]},{"@type":"WebSite","@id":"https:\/\/proagrolab.com.ar\/#website","url":"https:\/\/proagrolab.com.ar\/","name":"Proagro Laboratorio Veterinario","description":"Veterinary laboratory","publisher":{"@id":"https:\/\/proagrolab.com.ar\/#organization"},"potentialAction":[{"@type":"SearchAction","target":{"@type":"EntryPoint","urlTemplate":"https:\/\/proagrolab.com.ar\/?s={search_term_string}"},"query-input":{"@type":"PropertyValueSpecification","valueRequired":true,"valueName":"search_term_string"}}],"inLanguage":"en-US"},{"@type":"Organization","@id":"https:\/\/proagrolab.com.ar\/#organization","name":"Proagro","url":"https:\/\/proagrolab.com.ar\/","logo":{"@type":"ImageObject","inLanguage":"en-US","@id":"https:\/\/proagrolab.com.ar\/#\/schema\/logo\/image\/","url":"https:\/\/proagrolab.com.ar\/wp-content\/uploads\/2020\/04\/logo-retina.png","contentUrl":"https:\/\/proagrolab.com.ar\/wp-content\/uploads\/2020\/04\/logo-retina.png","width":478,"height":120,"caption":"Proagro"},"image":{"@id":"https:\/\/proagrolab.com.ar\/#\/schema\/logo\/image\/"},"sameAs":["http:\/\/www.facebook.com\/proagrolab","https:\/\/www.instagram.com\/proagrolab\/","https:\/\/www.linkedin.com\/company\/laboratorio-proagro-s-a\/"]},{"@type":"Person","@id":"https:\/\/proagrolab.com.ar\/#\/schema\/person\/38003ff90bf80381f71c7d922d207444","name":"proagrolab"}]}},"_links":{"self":[{"href":"https:\/\/proagrolab.com.ar\/en\/wp-json\/wp\/v2\/posts\/5797","targetHints":{"allow":["GET"]}}],"collection":[{"href":"https:\/\/proagrolab.com.ar\/en\/wp-json\/wp\/v2\/posts"}],"about":[{"href":"https:\/\/proagrolab.com.ar\/en\/wp-json\/wp\/v2\/types\/post"}],"author":[{"embeddable":true,"href":"https:\/\/proagrolab.com.ar\/en\/wp-json\/wp\/v2\/users\/2"}],"replies":[{"embeddable":true,"href":"https:\/\/proagrolab.com.ar\/en\/wp-json\/wp\/v2\/comments?post=5797"}],"version-history":[{"count":0,"href":"https:\/\/proagrolab.com.ar\/en\/wp-json\/wp\/v2\/posts\/5797\/revisions"}],"wp:featuredmedia":[{"embeddable":true,"href":"https:\/\/proagrolab.com.ar\/en\/wp-json\/wp\/v2\/media\/2285"}],"wp:attachment":[{"href":"https:\/\/proagrolab.com.ar\/en\/wp-json\/wp\/v2\/media?parent=5797"}],"wp:term":[{"taxonomy":"category","embeddable":true,"href":"https:\/\/proagrolab.com.ar\/en\/wp-json\/wp\/v2\/categories?post=5797"},{"taxonomy":"post_tag","embeddable":true,"href":"https:\/\/proagrolab.com.ar\/en\/wp-json\/wp\/v2\/tags?post=5797"}],"curies":[{"name":"wp","href":"https:\/\/api.w.org\/{rel}","templated":true}]}}