{"id":5793,"date":"2013-11-06T00:00:01","date_gmt":"2013-11-06T00:00:01","guid":{"rendered":"https:\/\/proagrolab.com.ar\/brasilenos-no-consiguen-inversor-para-el-frigorifico-estancias-del-sur\/"},"modified":"2013-11-06T00:00:01","modified_gmt":"2013-11-06T00:00:01","slug":"brasilenos-no-consiguen-inversor-para-el-frigorifico-estancias-del-sur","status":"publish","type":"post","link":"https:\/\/proagrolab.com.ar\/en\/brasilenos-no-consiguen-inversor-para-el-frigorifico-estancias-del-sur\/","title":{"rendered":"Brasile\u00f1os no consiguen inversor para el frigor\u00edfico Estancias del Sur."},"content":{"rendered":"<p class=\"qtranxs-available-languages-message qtranxs-available-languages-message-en\"> <\/p><p>Desde la semana pasada, cancel\u00f3 72 contratos. La casa matriz en Brasil dej\u00f3 de sostener p\u00e9rdidas. El Gobierno provincial pedir\u00e1 una baja de retenciones del 15% al 5% para que sea posible exportar.<\/p>\n<p>El frigor\u00edfico Estancias del Sur \u0096que en las \u00faltimas horas despidi\u00f3 a 72 operarios contratados\u0096 podr\u00eda cambiar de manos si el grupo brasile\u00f1o Marfrig consigue nuevos inversores que contin\u00faen las operaciones en la planta exportadora ubicada en Unquillo.<\/p>\n<p>Entre los potenciales compradores sondeados por los brasile\u00f1os est\u00e1 el frigor\u00edfico R\u00edo Segundo (Logros SA), conducido por Juan Carlos Grimaldi. El fundador de Estancias del Sur es un hombre fuerte de la industria exportadora de carne, con llegada al secretario de Comercio Interior de la Naci\u00f3n, Guillermo Moreno.<\/p>\n<p>Ayer, el Sindicato de la Carne de C\u00f3rdoba mantuvo una reuni\u00f3n conciliatoria con la empresa en el Ministerio de Trabajo. All\u00ed se acord\u00f3 frenar despidos hasta una audiencia, el jueves de la pr\u00f3xima semana.<\/p>\n<p>El delegado gremial Alejandro Torres precis\u00f3 que los despidos se fueron produciendo en tandas \u0096cinco hace una semana, 44 el viernes y ayer otros 23\u0096 y que quedan alrededor de 36 contratos que no se tocar\u00e1n, al menos hasta el jueves.<\/p>\n<p><i>Sugerencia a la Naci\u00f3n<\/i><br \/>El ministro de Trabajo, Adri\u00e1n Britos, dijo confiar en que, entre tanto, se logre una soluci\u00f3n. Una de ellas podr\u00eda ser que la firma que administra el personal eventual del frigor\u00edfico pueda colocar a los empleados en otras empresas.<\/p>\n<p>Su colega de Industria, Jorge Lawson, anticip\u00f3 que la Provincia le pedir\u00e1 formalmente al Gobierno nacional \u0096\u0093no como un reclamo sino como un aporte\u0094, remarc\u00f3\u0096 que reduzca las retenciones a las exportaciones de carne del actual 15 por ciento al cinco por ciento. \u0093Eso ser\u00eda una mejor soluci\u00f3n para un sector que, aunque tiene sobreoferta de carne, est\u00e1 fuera de precio para poder exportar\u0094, explic\u00f3 Lawson.<\/p>\n<p>En di\u00e1logo con La Voz del Interior, Grimaldi acept\u00f3 estar entre las empresas con las cuales el grupo Marfrig se contact\u00f3. \u0093El problema m\u00e1s serio es la falta de novillos pesados, que es la categor\u00eda de hacienda que encaja en las estructuras de las plantas que, como Estancias, est\u00e1n dise\u00f1ada para la exportaci\u00f3n. Es un compromiso social muy grande y la decisi\u00f3n no es sencilla\u0094, se\u00f1al\u00f3.<\/p>\n<p>La planta tambi\u00e9n habr\u00eda sido ofrecida a inversores de la provincia de Buenos Aires. Desde agosto, la faena de Estancias del Sur comenz\u00f3 a caer porque en septiembre y parte de octubre no se cont\u00f3 con la faena kosher , que cubre los embarques hacia Israel, un importante mercado de la Argentina.<\/p>\n<p>Desde julio, Marfrig comenz\u00f3 a evaluar desprenderse el frigor\u00edfico. En fuentes del mercado ganadero se asegura que la casa matriz brasile\u00f1a suspendi\u00f3 la asistencia financiera a sus empresas en Argentina, las que deben revisar sus n\u00fameros para \u0093vivir con lo puesto\u0094. Esto no resulta f\u00e1cil en un contexto de bajas exportaciones y en el marco de una pol\u00edtica oficial que en los \u00faltimos a\u00f1os se bas\u00f3 en el control de los precios internos, sin obtener \u00e9xito.<\/p>\n<p>Un dato de la coyuntura trajo alg\u00fan alivio. En las \u00faltimas semanas, con el beneficio de una tenue mejora cambiaria, merced al goteo de la devaluaci\u00f3n local, las exportaciones registraron una recuperaci\u00f3n. Pero Marfrig est\u00e1 mirando la pel\u00edcula y la foto al mismo tiempo: sus tres plantas operativas en el pa\u00eds (AB&amp;P en Hughes, Santa Fe; Quickfood en Villa Mercedes, San Luis, y Estancias del Sur) estar\u00edan perdiendo unos tres millones de d\u00f3lares al mes, seg\u00fan datos del mercado.<\/p>\n<p>La participaci\u00f3n en la cuota Hilton de cortes especiales destinados a la Uni\u00f3n Europea \u0096los de mayor valor de exportaci\u00f3n\u0096 no alcanzar\u00eda para cerrar la ecuaci\u00f3n. Para el ciclo 2013\/2014, Marfrig contabiliz\u00f3 la mayor adjudicaci\u00f3n entre los operadores locales, con 2.892 toneladas por distribuir entre sus plantas.<\/p>\n<p>En mayo, el controlante de Estancias del Sur hab\u00eda hecho saber la necesidad de desprenderse de algunos activos para recortar p\u00e9rdidas que en el primer trimestre llegaron a unos 40 millones de d\u00f3lares.<\/p>\n<p><i>Marfrig lo anticip\u00f3<\/i><br \/>En su balance presentado en San Pablo, el controlante de Estancias del Sur notific\u00f3 p\u00e9rdidas globales y adelant\u00f3 que en Argentina reducir\u00eda su posici\u00f3n en los engordes de hacienda propia y cerrar\u00eda dos plantas, con un ahorro de 30 millones de reales.<\/p>\n<p><i>$ 0 El resultado de Quickfood<\/i><br \/>Como una muestra m\u00e1s de lo que sucede en el mercado de la carne, el frigor\u00edfico Quickfood comunic\u00f3 ayer a la Bolsa de Comercio que sus resultados en el trimestre julio-septiembre fueron, exactamente, de \u0093$ 0,00\u0094. Ni ganancias ni p\u00e9rdidas. En el a\u00f1o, acumula una p\u00e9rdida de 110,6 millones de pesos.<\/p>\n<p>Fuente: La Voz, 6 de noviembre.<br \/><\/p>","protected":false},"excerpt":{"rendered":"<p>Desde la semana pasada, cancel\u00f3 72 contratos. La casa matriz en Brasil dej\u00f3 de sostener p\u00e9rdidas. El Gobierno provincial pedir\u00e1 una baja de retenciones del 15% al 5% para que sea posible exportar. El frigor\u00edfico Estancias del Sur \u0096que en las \u00faltimas horas despidi\u00f3 a 72 operarios contratados\u0096 podr\u00eda cambiar de manos si el grupo brasile\u00f1o Marfrig consigue nuevos inversores que contin\u00faen las operaciones en la planta exportadora ubicada en Unquillo. Entre los potenciales compradores sondeados por los brasile\u00f1os est\u00e1 el frigor\u00edfico R\u00edo Segundo (Logros SA), conducido por Juan Carlos Grimaldi. El fundador de Estancias del Sur es un hombre fuerte de la industria exportadora de carne, con llegada al secretario de Comercio Interior de la Naci\u00f3n, Guillermo Moreno. Ayer, el Sindicato de la Carne de C\u00f3rdoba mantuvo una reuni\u00f3n conciliatoria con la empresa en el Ministerio de Trabajo. All\u00ed se acord\u00f3 frenar despidos hasta una audiencia, el jueves de la pr\u00f3xima semana. El delegado gremial Alejandro Torres precis\u00f3 que los despidos se fueron produciendo en tandas \u0096cinco hace una semana, 44 el viernes y ayer otros 23\u0096 y que quedan alrededor de 36 contratos que no se tocar\u00e1n, al menos hasta el jueves. Sugerencia a la Naci\u00f3nEl ministro de [&hellip;]<\/p>\n","protected":false},"author":2,"featured_media":2281,"comment_status":"closed","ping_status":"open","sticky":false,"template":"","format":"standard","meta":{"_acf_changed":false,"footnotes":""},"categories":[56],"tags":[],"class_list":["post-5793","post","type-post","status-publish","format-standard","has-post-thumbnail","hentry","category-infoganadero"],"acf":[],"yoast_head":"<!-- This site is optimized with the Yoast SEO plugin v27.4 - https:\/\/yoast.com\/product\/yoast-seo-wordpress\/ -->\n<title>Brasile\u00f1os no consiguen inversor para el frigor\u00edfico Estancias del Sur. | Proagro<\/title>\n<meta name=\"robots\" content=\"index, follow, max-snippet:-1, max-image-preview:large, max-video-preview:-1\" \/>\n<link rel=\"canonical\" href=\"https:\/\/proagrolab.com.ar\/en\/brasilenos-no-consiguen-inversor-para-el-frigorifico-estancias-del-sur\/\" \/>\n<meta property=\"og:locale\" content=\"en_US\" \/>\n<meta property=\"og:type\" content=\"article\" \/>\n<meta property=\"og:title\" content=\"Brasile\u00f1os no consiguen inversor para el frigor\u00edfico Estancias del Sur. | Proagro\" \/>\n<meta property=\"og:description\" content=\"Desde la semana pasada, cancel\u00f3 72 contratos. La casa matriz en Brasil dej\u00f3 de sostener p\u00e9rdidas. El Gobierno provincial pedir\u00e1 una baja de retenciones del 15% al 5% para que sea posible exportar. El frigor\u00edfico Estancias del Sur \u0096que en las \u00faltimas horas despidi\u00f3 a 72 operarios contratados\u0096 podr\u00eda cambiar de manos si el grupo brasile\u00f1o Marfrig consigue nuevos inversores que contin\u00faen las operaciones en la planta exportadora ubicada en Unquillo. Entre los potenciales compradores sondeados por los brasile\u00f1os est\u00e1 el frigor\u00edfico R\u00edo Segundo (Logros SA), conducido por Juan Carlos Grimaldi. El fundador de Estancias del Sur es un hombre fuerte de la industria exportadora de carne, con llegada al secretario de Comercio Interior de la Naci\u00f3n, Guillermo Moreno. Ayer, el Sindicato de la Carne de C\u00f3rdoba mantuvo una reuni\u00f3n conciliatoria con la empresa en el Ministerio de Trabajo. All\u00ed se acord\u00f3 frenar despidos hasta una audiencia, el jueves de la pr\u00f3xima semana. El delegado gremial Alejandro Torres precis\u00f3 que los despidos se fueron produciendo en tandas \u0096cinco hace una semana, 44 el viernes y ayer otros 23\u0096 y que quedan alrededor de 36 contratos que no se tocar\u00e1n, al menos hasta el jueves. Sugerencia a la Naci\u00f3nEl ministro de [&hellip;]\" \/>\n<meta property=\"og:url\" content=\"https:\/\/proagrolab.com.ar\/brasilenos-no-consiguen-inversor-para-el-frigorifico-estancias-del-sur\/\" \/>\n<meta property=\"og:site_name\" content=\"Proagro\" \/>\n<meta property=\"article:publisher\" content=\"http:\/\/www.facebook.com\/proagrolab\" \/>\n<meta property=\"article:published_time\" content=\"2013-11-06T00:00:01+00:00\" \/>\n<meta property=\"og:image\" content=\"https:\/\/proagrolab.com.ar\/wp-content\/uploads\/2015\/01\/g_4hcrutf05__Frigor\u00edfico-3.jpg\" \/>\n\t<meta property=\"og:image:width\" content=\"1\" \/>\n\t<meta property=\"og:image:height\" content=\"1\" \/>\n\t<meta property=\"og:image:type\" content=\"image\/jpeg\" \/>\n<meta name=\"author\" content=\"proagrolab\" \/>\n<meta name=\"twitter:card\" content=\"summary_large_image\" \/>\n<meta name=\"twitter:label1\" content=\"Written by\" \/>\n\t<meta name=\"twitter:data1\" content=\"proagrolab\" \/>\n\t<meta name=\"twitter:label2\" content=\"Est. reading time\" \/>\n\t<meta name=\"twitter:data2\" content=\"4 minutes\" \/>\n<script type=\"application\/ld+json\" class=\"yoast-schema-graph\">{\"@context\":\"https:\\\/\\\/schema.org\",\"@graph\":[{\"@type\":\"Article\",\"@id\":\"https:\\\/\\\/proagrolab.com.ar\\\/brasilenos-no-consiguen-inversor-para-el-frigorifico-estancias-del-sur\\\/#article\",\"isPartOf\":{\"@id\":\"https:\\\/\\\/proagrolab.com.ar\\\/brasilenos-no-consiguen-inversor-para-el-frigorifico-estancias-del-sur\\\/\"},\"author\":{\"name\":\"proagrolab\",\"@id\":\"https:\\\/\\\/proagrolab.com.ar\\\/#\\\/schema\\\/person\\\/38003ff90bf80381f71c7d922d207444\"},\"headline\":\"Brasile\u00f1os no consiguen inversor para el frigor\u00edfico Estancias del Sur.\",\"datePublished\":\"2013-11-06T00:00:01+00:00\",\"mainEntityOfPage\":{\"@id\":\"https:\\\/\\\/proagrolab.com.ar\\\/brasilenos-no-consiguen-inversor-para-el-frigorifico-estancias-del-sur\\\/\"},\"wordCount\":821,\"publisher\":{\"@id\":\"https:\\\/\\\/proagrolab.com.ar\\\/#organization\"},\"image\":{\"@id\":\"https:\\\/\\\/proagrolab.com.ar\\\/brasilenos-no-consiguen-inversor-para-el-frigorifico-estancias-del-sur\\\/#primaryimage\"},\"thumbnailUrl\":\"https:\\\/\\\/proagrolab.com.ar\\\/wp-content\\\/uploads\\\/2015\\\/01\\\/g_4hcrutf05__Frigor\u00edfico-3.jpg\",\"articleSection\":[\"News\"],\"inLanguage\":\"en-US\"},{\"@type\":\"WebPage\",\"@id\":\"https:\\\/\\\/proagrolab.com.ar\\\/brasilenos-no-consiguen-inversor-para-el-frigorifico-estancias-del-sur\\\/\",\"url\":\"https:\\\/\\\/proagrolab.com.ar\\\/brasilenos-no-consiguen-inversor-para-el-frigorifico-estancias-del-sur\\\/\",\"name\":\"Brasile\u00f1os no consiguen inversor para el frigor\u00edfico Estancias del Sur. | Proagro\",\"isPartOf\":{\"@id\":\"https:\\\/\\\/proagrolab.com.ar\\\/#website\"},\"primaryImageOfPage\":{\"@id\":\"https:\\\/\\\/proagrolab.com.ar\\\/brasilenos-no-consiguen-inversor-para-el-frigorifico-estancias-del-sur\\\/#primaryimage\"},\"image\":{\"@id\":\"https:\\\/\\\/proagrolab.com.ar\\\/brasilenos-no-consiguen-inversor-para-el-frigorifico-estancias-del-sur\\\/#primaryimage\"},\"thumbnailUrl\":\"https:\\\/\\\/proagrolab.com.ar\\\/wp-content\\\/uploads\\\/2015\\\/01\\\/g_4hcrutf05__Frigor\u00edfico-3.jpg\",\"datePublished\":\"2013-11-06T00:00:01+00:00\",\"breadcrumb\":{\"@id\":\"https:\\\/\\\/proagrolab.com.ar\\\/brasilenos-no-consiguen-inversor-para-el-frigorifico-estancias-del-sur\\\/#breadcrumb\"},\"inLanguage\":\"en-US\",\"potentialAction\":[{\"@type\":\"ReadAction\",\"target\":[\"https:\\\/\\\/proagrolab.com.ar\\\/brasilenos-no-consiguen-inversor-para-el-frigorifico-estancias-del-sur\\\/\"]}]},{\"@type\":\"ImageObject\",\"inLanguage\":\"en-US\",\"@id\":\"https:\\\/\\\/proagrolab.com.ar\\\/brasilenos-no-consiguen-inversor-para-el-frigorifico-estancias-del-sur\\\/#primaryimage\",\"url\":\"https:\\\/\\\/proagrolab.com.ar\\\/wp-content\\\/uploads\\\/2015\\\/01\\\/g_4hcrutf05__Frigor\u00edfico-3.jpg\",\"contentUrl\":\"https:\\\/\\\/proagrolab.com.ar\\\/wp-content\\\/uploads\\\/2015\\\/01\\\/g_4hcrutf05__Frigor\u00edfico-3.jpg\"},{\"@type\":\"BreadcrumbList\",\"@id\":\"https:\\\/\\\/proagrolab.com.ar\\\/brasilenos-no-consiguen-inversor-para-el-frigorifico-estancias-del-sur\\\/#breadcrumb\",\"itemListElement\":[{\"@type\":\"ListItem\",\"position\":1,\"name\":\"Portada\",\"item\":\"https:\\\/\\\/proagrolab.com.ar\\\/\"},{\"@type\":\"ListItem\",\"position\":2,\"name\":\"Brasile\u00f1os no consiguen inversor para el frigor\u00edfico Estancias del Sur.\"}]},{\"@type\":\"WebSite\",\"@id\":\"https:\\\/\\\/proagrolab.com.ar\\\/#website\",\"url\":\"https:\\\/\\\/proagrolab.com.ar\\\/\",\"name\":\"Proagro Laboratorio Veterinario\",\"description\":\"Veterinary laboratory\",\"publisher\":{\"@id\":\"https:\\\/\\\/proagrolab.com.ar\\\/#organization\"},\"potentialAction\":[{\"@type\":\"SearchAction\",\"target\":{\"@type\":\"EntryPoint\",\"urlTemplate\":\"https:\\\/\\\/proagrolab.com.ar\\\/?s={search_term_string}\"},\"query-input\":{\"@type\":\"PropertyValueSpecification\",\"valueRequired\":true,\"valueName\":\"search_term_string\"}}],\"inLanguage\":\"en-US\"},{\"@type\":\"Organization\",\"@id\":\"https:\\\/\\\/proagrolab.com.ar\\\/#organization\",\"name\":\"Proagro\",\"url\":\"https:\\\/\\\/proagrolab.com.ar\\\/\",\"logo\":{\"@type\":\"ImageObject\",\"inLanguage\":\"en-US\",\"@id\":\"https:\\\/\\\/proagrolab.com.ar\\\/#\\\/schema\\\/logo\\\/image\\\/\",\"url\":\"https:\\\/\\\/proagrolab.com.ar\\\/wp-content\\\/uploads\\\/2020\\\/04\\\/logo-retina.png\",\"contentUrl\":\"https:\\\/\\\/proagrolab.com.ar\\\/wp-content\\\/uploads\\\/2020\\\/04\\\/logo-retina.png\",\"width\":478,\"height\":120,\"caption\":\"Proagro\"},\"image\":{\"@id\":\"https:\\\/\\\/proagrolab.com.ar\\\/#\\\/schema\\\/logo\\\/image\\\/\"},\"sameAs\":[\"http:\\\/\\\/www.facebook.com\\\/proagrolab\",\"https:\\\/\\\/www.instagram.com\\\/proagrolab\\\/\",\"https:\\\/\\\/www.linkedin.com\\\/company\\\/laboratorio-proagro-s-a\\\/\"]},{\"@type\":\"Person\",\"@id\":\"https:\\\/\\\/proagrolab.com.ar\\\/#\\\/schema\\\/person\\\/38003ff90bf80381f71c7d922d207444\",\"name\":\"proagrolab\"}]}<\/script>\n<!-- \/ Yoast SEO plugin. -->","yoast_head_json":{"title":"Brasile\u00f1os no consiguen inversor para el frigor\u00edfico Estancias del Sur. | Proagro","robots":{"index":"index","follow":"follow","max-snippet":"max-snippet:-1","max-image-preview":"max-image-preview:large","max-video-preview":"max-video-preview:-1"},"canonical":"https:\/\/proagrolab.com.ar\/en\/brasilenos-no-consiguen-inversor-para-el-frigorifico-estancias-del-sur\/","og_locale":"en_US","og_type":"article","og_title":"Brasile\u00f1os no consiguen inversor para el frigor\u00edfico Estancias del Sur. | Proagro","og_description":"Desde la semana pasada, cancel\u00f3 72 contratos. La casa matriz en Brasil dej\u00f3 de sostener p\u00e9rdidas. El Gobierno provincial pedir\u00e1 una baja de retenciones del 15% al 5% para que sea posible exportar. El frigor\u00edfico Estancias del Sur \u0096que en las \u00faltimas horas despidi\u00f3 a 72 operarios contratados\u0096 podr\u00eda cambiar de manos si el grupo brasile\u00f1o Marfrig consigue nuevos inversores que contin\u00faen las operaciones en la planta exportadora ubicada en Unquillo. Entre los potenciales compradores sondeados por los brasile\u00f1os est\u00e1 el frigor\u00edfico R\u00edo Segundo (Logros SA), conducido por Juan Carlos Grimaldi. El fundador de Estancias del Sur es un hombre fuerte de la industria exportadora de carne, con llegada al secretario de Comercio Interior de la Naci\u00f3n, Guillermo Moreno. Ayer, el Sindicato de la Carne de C\u00f3rdoba mantuvo una reuni\u00f3n conciliatoria con la empresa en el Ministerio de Trabajo. All\u00ed se acord\u00f3 frenar despidos hasta una audiencia, el jueves de la pr\u00f3xima semana. El delegado gremial Alejandro Torres precis\u00f3 que los despidos se fueron produciendo en tandas \u0096cinco hace una semana, 44 el viernes y ayer otros 23\u0096 y que quedan alrededor de 36 contratos que no se tocar\u00e1n, al menos hasta el jueves. Sugerencia a la Naci\u00f3nEl ministro de [&hellip;]","og_url":"https:\/\/proagrolab.com.ar\/brasilenos-no-consiguen-inversor-para-el-frigorifico-estancias-del-sur\/","og_site_name":"Proagro","article_publisher":"http:\/\/www.facebook.com\/proagrolab","article_published_time":"2013-11-06T00:00:01+00:00","og_image":[{"url":"https:\/\/proagrolab.com.ar\/wp-content\/uploads\/2015\/01\/g_4hcrutf05__Frigor\u00edfico-3.jpg","width":1,"height":1,"type":"image\/jpeg"}],"author":"proagrolab","twitter_card":"summary_large_image","twitter_misc":{"Written by":"proagrolab","Est. reading time":"4 minutes"},"schema":{"@context":"https:\/\/schema.org","@graph":[{"@type":"Article","@id":"https:\/\/proagrolab.com.ar\/brasilenos-no-consiguen-inversor-para-el-frigorifico-estancias-del-sur\/#article","isPartOf":{"@id":"https:\/\/proagrolab.com.ar\/brasilenos-no-consiguen-inversor-para-el-frigorifico-estancias-del-sur\/"},"author":{"name":"proagrolab","@id":"https:\/\/proagrolab.com.ar\/#\/schema\/person\/38003ff90bf80381f71c7d922d207444"},"headline":"Brasile\u00f1os no consiguen inversor para el frigor\u00edfico Estancias del Sur.","datePublished":"2013-11-06T00:00:01+00:00","mainEntityOfPage":{"@id":"https:\/\/proagrolab.com.ar\/brasilenos-no-consiguen-inversor-para-el-frigorifico-estancias-del-sur\/"},"wordCount":821,"publisher":{"@id":"https:\/\/proagrolab.com.ar\/#organization"},"image":{"@id":"https:\/\/proagrolab.com.ar\/brasilenos-no-consiguen-inversor-para-el-frigorifico-estancias-del-sur\/#primaryimage"},"thumbnailUrl":"https:\/\/proagrolab.com.ar\/wp-content\/uploads\/2015\/01\/g_4hcrutf05__Frigor\u00edfico-3.jpg","articleSection":["News"],"inLanguage":"en-US"},{"@type":"WebPage","@id":"https:\/\/proagrolab.com.ar\/brasilenos-no-consiguen-inversor-para-el-frigorifico-estancias-del-sur\/","url":"https:\/\/proagrolab.com.ar\/brasilenos-no-consiguen-inversor-para-el-frigorifico-estancias-del-sur\/","name":"Brasile\u00f1os no consiguen inversor para el frigor\u00edfico Estancias del Sur. | Proagro","isPartOf":{"@id":"https:\/\/proagrolab.com.ar\/#website"},"primaryImageOfPage":{"@id":"https:\/\/proagrolab.com.ar\/brasilenos-no-consiguen-inversor-para-el-frigorifico-estancias-del-sur\/#primaryimage"},"image":{"@id":"https:\/\/proagrolab.com.ar\/brasilenos-no-consiguen-inversor-para-el-frigorifico-estancias-del-sur\/#primaryimage"},"thumbnailUrl":"https:\/\/proagrolab.com.ar\/wp-content\/uploads\/2015\/01\/g_4hcrutf05__Frigor\u00edfico-3.jpg","datePublished":"2013-11-06T00:00:01+00:00","breadcrumb":{"@id":"https:\/\/proagrolab.com.ar\/brasilenos-no-consiguen-inversor-para-el-frigorifico-estancias-del-sur\/#breadcrumb"},"inLanguage":"en-US","potentialAction":[{"@type":"ReadAction","target":["https:\/\/proagrolab.com.ar\/brasilenos-no-consiguen-inversor-para-el-frigorifico-estancias-del-sur\/"]}]},{"@type":"ImageObject","inLanguage":"en-US","@id":"https:\/\/proagrolab.com.ar\/brasilenos-no-consiguen-inversor-para-el-frigorifico-estancias-del-sur\/#primaryimage","url":"https:\/\/proagrolab.com.ar\/wp-content\/uploads\/2015\/01\/g_4hcrutf05__Frigor\u00edfico-3.jpg","contentUrl":"https:\/\/proagrolab.com.ar\/wp-content\/uploads\/2015\/01\/g_4hcrutf05__Frigor\u00edfico-3.jpg"},{"@type":"BreadcrumbList","@id":"https:\/\/proagrolab.com.ar\/brasilenos-no-consiguen-inversor-para-el-frigorifico-estancias-del-sur\/#breadcrumb","itemListElement":[{"@type":"ListItem","position":1,"name":"Portada","item":"https:\/\/proagrolab.com.ar\/"},{"@type":"ListItem","position":2,"name":"Brasile\u00f1os no consiguen inversor para el frigor\u00edfico Estancias del Sur."}]},{"@type":"WebSite","@id":"https:\/\/proagrolab.com.ar\/#website","url":"https:\/\/proagrolab.com.ar\/","name":"Proagro Laboratorio Veterinario","description":"Veterinary laboratory","publisher":{"@id":"https:\/\/proagrolab.com.ar\/#organization"},"potentialAction":[{"@type":"SearchAction","target":{"@type":"EntryPoint","urlTemplate":"https:\/\/proagrolab.com.ar\/?s={search_term_string}"},"query-input":{"@type":"PropertyValueSpecification","valueRequired":true,"valueName":"search_term_string"}}],"inLanguage":"en-US"},{"@type":"Organization","@id":"https:\/\/proagrolab.com.ar\/#organization","name":"Proagro","url":"https:\/\/proagrolab.com.ar\/","logo":{"@type":"ImageObject","inLanguage":"en-US","@id":"https:\/\/proagrolab.com.ar\/#\/schema\/logo\/image\/","url":"https:\/\/proagrolab.com.ar\/wp-content\/uploads\/2020\/04\/logo-retina.png","contentUrl":"https:\/\/proagrolab.com.ar\/wp-content\/uploads\/2020\/04\/logo-retina.png","width":478,"height":120,"caption":"Proagro"},"image":{"@id":"https:\/\/proagrolab.com.ar\/#\/schema\/logo\/image\/"},"sameAs":["http:\/\/www.facebook.com\/proagrolab","https:\/\/www.instagram.com\/proagrolab\/","https:\/\/www.linkedin.com\/company\/laboratorio-proagro-s-a\/"]},{"@type":"Person","@id":"https:\/\/proagrolab.com.ar\/#\/schema\/person\/38003ff90bf80381f71c7d922d207444","name":"proagrolab"}]}},"_links":{"self":[{"href":"https:\/\/proagrolab.com.ar\/en\/wp-json\/wp\/v2\/posts\/5793","targetHints":{"allow":["GET"]}}],"collection":[{"href":"https:\/\/proagrolab.com.ar\/en\/wp-json\/wp\/v2\/posts"}],"about":[{"href":"https:\/\/proagrolab.com.ar\/en\/wp-json\/wp\/v2\/types\/post"}],"author":[{"embeddable":true,"href":"https:\/\/proagrolab.com.ar\/en\/wp-json\/wp\/v2\/users\/2"}],"replies":[{"embeddable":true,"href":"https:\/\/proagrolab.com.ar\/en\/wp-json\/wp\/v2\/comments?post=5793"}],"version-history":[{"count":0,"href":"https:\/\/proagrolab.com.ar\/en\/wp-json\/wp\/v2\/posts\/5793\/revisions"}],"wp:featuredmedia":[{"embeddable":true,"href":"https:\/\/proagrolab.com.ar\/en\/wp-json\/wp\/v2\/media\/2281"}],"wp:attachment":[{"href":"https:\/\/proagrolab.com.ar\/en\/wp-json\/wp\/v2\/media?parent=5793"}],"wp:term":[{"taxonomy":"category","embeddable":true,"href":"https:\/\/proagrolab.com.ar\/en\/wp-json\/wp\/v2\/categories?post=5793"},{"taxonomy":"post_tag","embeddable":true,"href":"https:\/\/proagrolab.com.ar\/en\/wp-json\/wp\/v2\/tags?post=5793"}],"curies":[{"name":"wp","href":"https:\/\/api.w.org\/{rel}","templated":true}]}}