{"id":5792,"date":"2013-11-05T00:00:01","date_gmt":"2013-11-05T00:00:01","guid":{"rendered":"https:\/\/proagrolab.com.ar\/contra-la-afirmacion-de-moreno-la-carne-subio-hasta-62-en-los-ultimos-tres-anos\/"},"modified":"2013-11-05T00:00:01","modified_gmt":"2013-11-05T00:00:01","slug":"contra-la-afirmacion-de-moreno-la-carne-subio-hasta-62-en-los-ultimos-tres-anos","status":"publish","type":"post","link":"https:\/\/proagrolab.com.ar\/en\/contra-la-afirmacion-de-moreno-la-carne-subio-hasta-62-en-los-ultimos-tres-anos\/","title":{"rendered":"Contra la afirmaci\u00f3n de Moreno, la carne subi\u00f3 hasta 62% en los \u00faltimos tres a\u00f1os."},"content":{"rendered":"<p class=\"qtranxs-available-languages-message qtranxs-available-languages-message-en\"> <\/p><p>El secretario de Comercio Interior hab\u00eda citado los casos de la carne vacuna y el pollo como ejemplos de una supuesta estabilidad de precios.<\/p>\n<p>Por Alfredo Sainz.<\/p>\n<p>&#8220;No sube la carne, no sube el pollo&#8221;, fue la particular f\u00f3rmula a la que apel\u00f3 Guillermo Moreno para defender las estad\u00edsticas del Indec en materia de inflaci\u00f3n. Sin embargo, cuando se analizan los precios al p\u00fablico se descubre que, muy lejos de la realidad paralela en la que transita el funcionario, los precios de los principales cortes vacunos y del pollo en los \u00faltimos tres a\u00f1os acumularon subas que oscilan entre 45 y 62 por ciento.<\/p>\n<p>En la primera entrevista que concedi\u00f3 Moreno a un medio nacional, anteayer el secretario de Comercio Interior carg\u00f3 contra las mediciones de inflaci\u00f3n que realizan las consultoras privadas, y cit\u00f3 como el mejor ejemplo de la estabilidad de precios lo que ocurri\u00f3 con el precio de la carne en los \u00faltimos tres a\u00f1os. &#8220;\u00bfCu\u00e1nto est\u00e1 el kilo de asado? Si la carne no sube hace tres a\u00f1os en un pa\u00eds que consume principalmente alimentos, \u00bfde qu\u00e9 estamos hablando? No sube la carne, no sube el pollo&#8221;, asegur\u00f3. El funcionario tambi\u00e9n reiter\u00f3 que &#8220;las consultoras no tienen capacidad t\u00e9cnica ni acad\u00e9mica para encarar tama\u00f1o desaf\u00edo&#8221;, en alusi\u00f3n a medir la inflaci\u00f3n, y sostuvo que &#8220;siempre hay precios que suben y otros que bajan, pero inflaci\u00f3n es un aumento generalizado de precios&#8221;.<\/p>\n<p>En el caso de la carne, y mal que le pese a Moreno, los aumentos est\u00e1n bien generalizados. De acuerdo al relevamiento que realiza el Instituto de Promoci\u00f3n de la Carne Vacuna Argentina (Ipcva) -un organismo mixto que es financiado con aportes de productores ganaderos y frigor\u00edficos, pero que cuenta en su directorio con un representante del Estado nacional-, los precios de los principales cortes en el mostrador acumularon subas superiores al 45% entre octubre de 2010 y septiembre de este a\u00f1o.<\/p>\n<p>El mayor incremento se registr\u00f3 en el precio del lomo, que seg\u00fan el Ipcva subi\u00f3 62,5% en los \u00faltimos tres a\u00f1os, hasta ubicarse en un promedio de 65,4 pesos por kilo. La suba del corte m\u00e1s caro de las carnicer\u00edas porte\u00f1as, sin embargo, estuvo en l\u00ednea con la que se registr\u00f3 en la falda, que es uno de los cortes m\u00e1s demandados en los segmentos populares. En este caso, el precio promedio pas\u00f3 de $ 16 en octubre de 2010 a $ 25,96 en septiembre pasado, con un alza de 61,4 por ciento.<\/p>\n<p>Los menores incrementos, por su parte, se dieron en los precios del bife ancho -que acumularon en tres a\u00f1os un aumento de 46,2%- y la bola de lomo -45,9 por ciento-, mientras que otro corte muy popular como el asado subi\u00f3 53,7 por ciento, alcanzando un precio promedio en las carnicer\u00edas porte\u00f1as de 41 pesos.<\/p>\n<p><i>Ni el pollo<\/i><br \/>El pollo, otro de los alimentos a los que apel\u00f3 Moreno para defender la estabilidad de los precios, tampoco le trajo muy buenas noticias a la Secretar\u00eda de Comercio Interior.<\/p>\n<p>Seg\u00fan el Ipcva, el kilo de pollo en septiembre pasado cotizaba a 15,06 pesos, contra los 9,35 que costaba en octubre de 2010, lo que implica una suba de 61 por ciento.<\/p>\n<p>La afirmaci\u00f3n de que los precios de la carne no subieron en los \u00faltimos tres a\u00f1os ni siquiera se sostiene tomando como par\u00e1metro las estad\u00edsticas del Indec. De acuerdo con el organismo oficial, intervenido de facto por Moreno desde 2007, entre octubre de 2010 y septiembre de 2013 el rubro carnes acumul\u00f3 una suba de 13,3 por ciento, mientras que en el mismo per\u00edodo la inflaci\u00f3n del Indec se ubic\u00f3 en 32,5 por ciento.<\/p>\n<p><i>Duras cr\u00edticas al secretario<\/i><br \/>Economistas y empresarios criticaron ayer a Guillermo Moreno por haber negado la existencia de un alza generalizada de precios. &#8220;Luego de 7 a\u00f1os de inflaci\u00f3n, que sigamos negando que existe es un sinsentido&#8221;, dijo Luis Etchevehere, l\u00edder de la Rural. &#8220;Son cosas bastante repetidas e incomprensibles&#8221;, agreg\u00f3 el economista Jorge Todesca, que se sum\u00f3 a Jorge Blanco Mui\u00f1o, de la Uni\u00f3n de Consumidores Argentinos, que plante\u00f3: &#8220;Si el encargado de la econom\u00eda, que tiene que luchar contra la inflaci\u00f3n, la niega, estamos mal&#8221;. CRA objet\u00f3 en un comunicado: &#8220;El inefable secretario anotici\u00f3 de que no hay inflaci\u00f3n y utiliz\u00f3 el ejemplo de la carne; tuvo que eludir groseramente la realidad del sector: 10 millones de cabezas perdidas, p\u00e9rdida de exportaciones, 20 frigor\u00edficos cerrados y 12.000 trabajadores despedidos&#8221;.<\/p>\n<p>Fuente: La Naci\u00f3n, 5 de noviembre.<br \/><\/p>","protected":false},"excerpt":{"rendered":"<p>El secretario de Comercio Interior hab\u00eda citado los casos de la carne vacuna y el pollo como ejemplos de una supuesta estabilidad de precios. Por Alfredo Sainz. &#8220;No sube la carne, no sube el pollo&#8221;, fue la particular f\u00f3rmula a la que apel\u00f3 Guillermo Moreno para defender las estad\u00edsticas del Indec en materia de inflaci\u00f3n. Sin embargo, cuando se analizan los precios al p\u00fablico se descubre que, muy lejos de la realidad paralela en la que transita el funcionario, los precios de los principales cortes vacunos y del pollo en los \u00faltimos tres a\u00f1os acumularon subas que oscilan entre 45 y 62 por ciento. En la primera entrevista que concedi\u00f3 Moreno a un medio nacional, anteayer el secretario de Comercio Interior carg\u00f3 contra las mediciones de inflaci\u00f3n que realizan las consultoras privadas, y cit\u00f3 como el mejor ejemplo de la estabilidad de precios lo que ocurri\u00f3 con el precio de la carne en los \u00faltimos tres a\u00f1os. &#8220;\u00bfCu\u00e1nto est\u00e1 el kilo de asado? Si la carne no sube hace tres a\u00f1os en un pa\u00eds que consume principalmente alimentos, \u00bfde qu\u00e9 estamos hablando? No sube la carne, no sube el pollo&#8221;, asegur\u00f3. El funcionario tambi\u00e9n reiter\u00f3 que &#8220;las consultoras no tienen [&hellip;]<\/p>\n","protected":false},"author":2,"featured_media":2280,"comment_status":"closed","ping_status":"open","sticky":false,"template":"","format":"standard","meta":{"_acf_changed":false,"footnotes":""},"categories":[56],"tags":[],"class_list":["post-5792","post","type-post","status-publish","format-standard","has-post-thumbnail","hentry","category-infoganadero"],"acf":[],"yoast_head":"<!-- This site is optimized with the Yoast SEO plugin v27.4 - https:\/\/yoast.com\/product\/yoast-seo-wordpress\/ -->\n<title>Contra la afirmaci\u00f3n de Moreno, la carne subi\u00f3 hasta 62% en los \u00faltimos tres a\u00f1os. | Proagro<\/title>\n<meta name=\"robots\" content=\"index, follow, max-snippet:-1, max-image-preview:large, max-video-preview:-1\" \/>\n<link rel=\"canonical\" href=\"https:\/\/proagrolab.com.ar\/en\/contra-la-afirmacion-de-moreno-la-carne-subio-hasta-62-en-los-ultimos-tres-anos\/\" \/>\n<meta property=\"og:locale\" content=\"en_US\" \/>\n<meta property=\"og:type\" content=\"article\" \/>\n<meta property=\"og:title\" content=\"Contra la afirmaci\u00f3n de Moreno, la carne subi\u00f3 hasta 62% en los \u00faltimos tres a\u00f1os. | Proagro\" \/>\n<meta property=\"og:description\" content=\"El secretario de Comercio Interior hab\u00eda citado los casos de la carne vacuna y el pollo como ejemplos de una supuesta estabilidad de precios. Por Alfredo Sainz. &#8220;No sube la carne, no sube el pollo&#8221;, fue la particular f\u00f3rmula a la que apel\u00f3 Guillermo Moreno para defender las estad\u00edsticas del Indec en materia de inflaci\u00f3n. Sin embargo, cuando se analizan los precios al p\u00fablico se descubre que, muy lejos de la realidad paralela en la que transita el funcionario, los precios de los principales cortes vacunos y del pollo en los \u00faltimos tres a\u00f1os acumularon subas que oscilan entre 45 y 62 por ciento. En la primera entrevista que concedi\u00f3 Moreno a un medio nacional, anteayer el secretario de Comercio Interior carg\u00f3 contra las mediciones de inflaci\u00f3n que realizan las consultoras privadas, y cit\u00f3 como el mejor ejemplo de la estabilidad de precios lo que ocurri\u00f3 con el precio de la carne en los \u00faltimos tres a\u00f1os. &#8220;\u00bfCu\u00e1nto est\u00e1 el kilo de asado? Si la carne no sube hace tres a\u00f1os en un pa\u00eds que consume principalmente alimentos, \u00bfde qu\u00e9 estamos hablando? No sube la carne, no sube el pollo&#8221;, asegur\u00f3. El funcionario tambi\u00e9n reiter\u00f3 que &#8220;las consultoras no tienen [&hellip;]\" \/>\n<meta property=\"og:url\" content=\"https:\/\/proagrolab.com.ar\/contra-la-afirmacion-de-moreno-la-carne-subio-hasta-62-en-los-ultimos-tres-anos\/\" \/>\n<meta property=\"og:site_name\" content=\"Proagro\" \/>\n<meta property=\"article:publisher\" content=\"http:\/\/www.facebook.com\/proagrolab\" \/>\n<meta property=\"article:published_time\" content=\"2013-11-05T00:00:01+00:00\" \/>\n<meta property=\"og:image\" content=\"https:\/\/proagrolab.com.ar\/wp-content\/uploads\/2015\/01\/g_9vrqslso5__Frigor\u00edfico-2.jpg\" \/>\n\t<meta property=\"og:image:width\" content=\"1\" \/>\n\t<meta property=\"og:image:height\" content=\"1\" \/>\n\t<meta property=\"og:image:type\" content=\"image\/jpeg\" \/>\n<meta name=\"author\" content=\"proagrolab\" \/>\n<meta name=\"twitter:card\" content=\"summary_large_image\" \/>\n<meta name=\"twitter:label1\" content=\"Written by\" \/>\n\t<meta name=\"twitter:data1\" content=\"proagrolab\" \/>\n\t<meta name=\"twitter:label2\" content=\"Est. reading time\" \/>\n\t<meta name=\"twitter:data2\" content=\"4 minutes\" \/>\n<script type=\"application\/ld+json\" class=\"yoast-schema-graph\">{\"@context\":\"https:\\\/\\\/schema.org\",\"@graph\":[{\"@type\":\"Article\",\"@id\":\"https:\\\/\\\/proagrolab.com.ar\\\/contra-la-afirmacion-de-moreno-la-carne-subio-hasta-62-en-los-ultimos-tres-anos\\\/#article\",\"isPartOf\":{\"@id\":\"https:\\\/\\\/proagrolab.com.ar\\\/contra-la-afirmacion-de-moreno-la-carne-subio-hasta-62-en-los-ultimos-tres-anos\\\/\"},\"author\":{\"name\":\"proagrolab\",\"@id\":\"https:\\\/\\\/proagrolab.com.ar\\\/#\\\/schema\\\/person\\\/38003ff90bf80381f71c7d922d207444\"},\"headline\":\"Contra la afirmaci\u00f3n de Moreno, la carne subi\u00f3 hasta 62% en los \u00faltimos tres a\u00f1os.\",\"datePublished\":\"2013-11-05T00:00:01+00:00\",\"mainEntityOfPage\":{\"@id\":\"https:\\\/\\\/proagrolab.com.ar\\\/contra-la-afirmacion-de-moreno-la-carne-subio-hasta-62-en-los-ultimos-tres-anos\\\/\"},\"wordCount\":781,\"publisher\":{\"@id\":\"https:\\\/\\\/proagrolab.com.ar\\\/#organization\"},\"image\":{\"@id\":\"https:\\\/\\\/proagrolab.com.ar\\\/contra-la-afirmacion-de-moreno-la-carne-subio-hasta-62-en-los-ultimos-tres-anos\\\/#primaryimage\"},\"thumbnailUrl\":\"https:\\\/\\\/proagrolab.com.ar\\\/wp-content\\\/uploads\\\/2015\\\/01\\\/g_9vrqslso5__Frigor\u00edfico-2.jpg\",\"articleSection\":[\"News\"],\"inLanguage\":\"en-US\"},{\"@type\":\"WebPage\",\"@id\":\"https:\\\/\\\/proagrolab.com.ar\\\/contra-la-afirmacion-de-moreno-la-carne-subio-hasta-62-en-los-ultimos-tres-anos\\\/\",\"url\":\"https:\\\/\\\/proagrolab.com.ar\\\/contra-la-afirmacion-de-moreno-la-carne-subio-hasta-62-en-los-ultimos-tres-anos\\\/\",\"name\":\"Contra la afirmaci\u00f3n de Moreno, la carne subi\u00f3 hasta 62% en los \u00faltimos tres a\u00f1os. | Proagro\",\"isPartOf\":{\"@id\":\"https:\\\/\\\/proagrolab.com.ar\\\/#website\"},\"primaryImageOfPage\":{\"@id\":\"https:\\\/\\\/proagrolab.com.ar\\\/contra-la-afirmacion-de-moreno-la-carne-subio-hasta-62-en-los-ultimos-tres-anos\\\/#primaryimage\"},\"image\":{\"@id\":\"https:\\\/\\\/proagrolab.com.ar\\\/contra-la-afirmacion-de-moreno-la-carne-subio-hasta-62-en-los-ultimos-tres-anos\\\/#primaryimage\"},\"thumbnailUrl\":\"https:\\\/\\\/proagrolab.com.ar\\\/wp-content\\\/uploads\\\/2015\\\/01\\\/g_9vrqslso5__Frigor\u00edfico-2.jpg\",\"datePublished\":\"2013-11-05T00:00:01+00:00\",\"breadcrumb\":{\"@id\":\"https:\\\/\\\/proagrolab.com.ar\\\/contra-la-afirmacion-de-moreno-la-carne-subio-hasta-62-en-los-ultimos-tres-anos\\\/#breadcrumb\"},\"inLanguage\":\"en-US\",\"potentialAction\":[{\"@type\":\"ReadAction\",\"target\":[\"https:\\\/\\\/proagrolab.com.ar\\\/contra-la-afirmacion-de-moreno-la-carne-subio-hasta-62-en-los-ultimos-tres-anos\\\/\"]}]},{\"@type\":\"ImageObject\",\"inLanguage\":\"en-US\",\"@id\":\"https:\\\/\\\/proagrolab.com.ar\\\/contra-la-afirmacion-de-moreno-la-carne-subio-hasta-62-en-los-ultimos-tres-anos\\\/#primaryimage\",\"url\":\"https:\\\/\\\/proagrolab.com.ar\\\/wp-content\\\/uploads\\\/2015\\\/01\\\/g_9vrqslso5__Frigor\u00edfico-2.jpg\",\"contentUrl\":\"https:\\\/\\\/proagrolab.com.ar\\\/wp-content\\\/uploads\\\/2015\\\/01\\\/g_9vrqslso5__Frigor\u00edfico-2.jpg\"},{\"@type\":\"BreadcrumbList\",\"@id\":\"https:\\\/\\\/proagrolab.com.ar\\\/contra-la-afirmacion-de-moreno-la-carne-subio-hasta-62-en-los-ultimos-tres-anos\\\/#breadcrumb\",\"itemListElement\":[{\"@type\":\"ListItem\",\"position\":1,\"name\":\"Portada\",\"item\":\"https:\\\/\\\/proagrolab.com.ar\\\/\"},{\"@type\":\"ListItem\",\"position\":2,\"name\":\"Contra la afirmaci\u00f3n de Moreno, la carne subi\u00f3 hasta 62% en los \u00faltimos tres a\u00f1os.\"}]},{\"@type\":\"WebSite\",\"@id\":\"https:\\\/\\\/proagrolab.com.ar\\\/#website\",\"url\":\"https:\\\/\\\/proagrolab.com.ar\\\/\",\"name\":\"Proagro Laboratorio Veterinario\",\"description\":\"Veterinary laboratory\",\"publisher\":{\"@id\":\"https:\\\/\\\/proagrolab.com.ar\\\/#organization\"},\"potentialAction\":[{\"@type\":\"SearchAction\",\"target\":{\"@type\":\"EntryPoint\",\"urlTemplate\":\"https:\\\/\\\/proagrolab.com.ar\\\/?s={search_term_string}\"},\"query-input\":{\"@type\":\"PropertyValueSpecification\",\"valueRequired\":true,\"valueName\":\"search_term_string\"}}],\"inLanguage\":\"en-US\"},{\"@type\":\"Organization\",\"@id\":\"https:\\\/\\\/proagrolab.com.ar\\\/#organization\",\"name\":\"Proagro\",\"url\":\"https:\\\/\\\/proagrolab.com.ar\\\/\",\"logo\":{\"@type\":\"ImageObject\",\"inLanguage\":\"en-US\",\"@id\":\"https:\\\/\\\/proagrolab.com.ar\\\/#\\\/schema\\\/logo\\\/image\\\/\",\"url\":\"https:\\\/\\\/proagrolab.com.ar\\\/wp-content\\\/uploads\\\/2020\\\/04\\\/logo-retina.png\",\"contentUrl\":\"https:\\\/\\\/proagrolab.com.ar\\\/wp-content\\\/uploads\\\/2020\\\/04\\\/logo-retina.png\",\"width\":478,\"height\":120,\"caption\":\"Proagro\"},\"image\":{\"@id\":\"https:\\\/\\\/proagrolab.com.ar\\\/#\\\/schema\\\/logo\\\/image\\\/\"},\"sameAs\":[\"http:\\\/\\\/www.facebook.com\\\/proagrolab\",\"https:\\\/\\\/www.instagram.com\\\/proagrolab\\\/\",\"https:\\\/\\\/www.linkedin.com\\\/company\\\/laboratorio-proagro-s-a\\\/\"]},{\"@type\":\"Person\",\"@id\":\"https:\\\/\\\/proagrolab.com.ar\\\/#\\\/schema\\\/person\\\/38003ff90bf80381f71c7d922d207444\",\"name\":\"proagrolab\"}]}<\/script>\n<!-- \/ Yoast SEO plugin. -->","yoast_head_json":{"title":"Contra la afirmaci\u00f3n de Moreno, la carne subi\u00f3 hasta 62% en los \u00faltimos tres a\u00f1os. | Proagro","robots":{"index":"index","follow":"follow","max-snippet":"max-snippet:-1","max-image-preview":"max-image-preview:large","max-video-preview":"max-video-preview:-1"},"canonical":"https:\/\/proagrolab.com.ar\/en\/contra-la-afirmacion-de-moreno-la-carne-subio-hasta-62-en-los-ultimos-tres-anos\/","og_locale":"en_US","og_type":"article","og_title":"Contra la afirmaci\u00f3n de Moreno, la carne subi\u00f3 hasta 62% en los \u00faltimos tres a\u00f1os. | Proagro","og_description":"El secretario de Comercio Interior hab\u00eda citado los casos de la carne vacuna y el pollo como ejemplos de una supuesta estabilidad de precios. Por Alfredo Sainz. &#8220;No sube la carne, no sube el pollo&#8221;, fue la particular f\u00f3rmula a la que apel\u00f3 Guillermo Moreno para defender las estad\u00edsticas del Indec en materia de inflaci\u00f3n. Sin embargo, cuando se analizan los precios al p\u00fablico se descubre que, muy lejos de la realidad paralela en la que transita el funcionario, los precios de los principales cortes vacunos y del pollo en los \u00faltimos tres a\u00f1os acumularon subas que oscilan entre 45 y 62 por ciento. En la primera entrevista que concedi\u00f3 Moreno a un medio nacional, anteayer el secretario de Comercio Interior carg\u00f3 contra las mediciones de inflaci\u00f3n que realizan las consultoras privadas, y cit\u00f3 como el mejor ejemplo de la estabilidad de precios lo que ocurri\u00f3 con el precio de la carne en los \u00faltimos tres a\u00f1os. &#8220;\u00bfCu\u00e1nto est\u00e1 el kilo de asado? Si la carne no sube hace tres a\u00f1os en un pa\u00eds que consume principalmente alimentos, \u00bfde qu\u00e9 estamos hablando? No sube la carne, no sube el pollo&#8221;, asegur\u00f3. El funcionario tambi\u00e9n reiter\u00f3 que &#8220;las consultoras no tienen [&hellip;]","og_url":"https:\/\/proagrolab.com.ar\/contra-la-afirmacion-de-moreno-la-carne-subio-hasta-62-en-los-ultimos-tres-anos\/","og_site_name":"Proagro","article_publisher":"http:\/\/www.facebook.com\/proagrolab","article_published_time":"2013-11-05T00:00:01+00:00","og_image":[{"url":"https:\/\/proagrolab.com.ar\/wp-content\/uploads\/2015\/01\/g_9vrqslso5__Frigor\u00edfico-2.jpg","width":1,"height":1,"type":"image\/jpeg"}],"author":"proagrolab","twitter_card":"summary_large_image","twitter_misc":{"Written by":"proagrolab","Est. reading time":"4 minutes"},"schema":{"@context":"https:\/\/schema.org","@graph":[{"@type":"Article","@id":"https:\/\/proagrolab.com.ar\/contra-la-afirmacion-de-moreno-la-carne-subio-hasta-62-en-los-ultimos-tres-anos\/#article","isPartOf":{"@id":"https:\/\/proagrolab.com.ar\/contra-la-afirmacion-de-moreno-la-carne-subio-hasta-62-en-los-ultimos-tres-anos\/"},"author":{"name":"proagrolab","@id":"https:\/\/proagrolab.com.ar\/#\/schema\/person\/38003ff90bf80381f71c7d922d207444"},"headline":"Contra la afirmaci\u00f3n de Moreno, la carne subi\u00f3 hasta 62% en los \u00faltimos tres a\u00f1os.","datePublished":"2013-11-05T00:00:01+00:00","mainEntityOfPage":{"@id":"https:\/\/proagrolab.com.ar\/contra-la-afirmacion-de-moreno-la-carne-subio-hasta-62-en-los-ultimos-tres-anos\/"},"wordCount":781,"publisher":{"@id":"https:\/\/proagrolab.com.ar\/#organization"},"image":{"@id":"https:\/\/proagrolab.com.ar\/contra-la-afirmacion-de-moreno-la-carne-subio-hasta-62-en-los-ultimos-tres-anos\/#primaryimage"},"thumbnailUrl":"https:\/\/proagrolab.com.ar\/wp-content\/uploads\/2015\/01\/g_9vrqslso5__Frigor\u00edfico-2.jpg","articleSection":["News"],"inLanguage":"en-US"},{"@type":"WebPage","@id":"https:\/\/proagrolab.com.ar\/contra-la-afirmacion-de-moreno-la-carne-subio-hasta-62-en-los-ultimos-tres-anos\/","url":"https:\/\/proagrolab.com.ar\/contra-la-afirmacion-de-moreno-la-carne-subio-hasta-62-en-los-ultimos-tres-anos\/","name":"Contra la afirmaci\u00f3n de Moreno, la carne subi\u00f3 hasta 62% en los \u00faltimos tres a\u00f1os. | Proagro","isPartOf":{"@id":"https:\/\/proagrolab.com.ar\/#website"},"primaryImageOfPage":{"@id":"https:\/\/proagrolab.com.ar\/contra-la-afirmacion-de-moreno-la-carne-subio-hasta-62-en-los-ultimos-tres-anos\/#primaryimage"},"image":{"@id":"https:\/\/proagrolab.com.ar\/contra-la-afirmacion-de-moreno-la-carne-subio-hasta-62-en-los-ultimos-tres-anos\/#primaryimage"},"thumbnailUrl":"https:\/\/proagrolab.com.ar\/wp-content\/uploads\/2015\/01\/g_9vrqslso5__Frigor\u00edfico-2.jpg","datePublished":"2013-11-05T00:00:01+00:00","breadcrumb":{"@id":"https:\/\/proagrolab.com.ar\/contra-la-afirmacion-de-moreno-la-carne-subio-hasta-62-en-los-ultimos-tres-anos\/#breadcrumb"},"inLanguage":"en-US","potentialAction":[{"@type":"ReadAction","target":["https:\/\/proagrolab.com.ar\/contra-la-afirmacion-de-moreno-la-carne-subio-hasta-62-en-los-ultimos-tres-anos\/"]}]},{"@type":"ImageObject","inLanguage":"en-US","@id":"https:\/\/proagrolab.com.ar\/contra-la-afirmacion-de-moreno-la-carne-subio-hasta-62-en-los-ultimos-tres-anos\/#primaryimage","url":"https:\/\/proagrolab.com.ar\/wp-content\/uploads\/2015\/01\/g_9vrqslso5__Frigor\u00edfico-2.jpg","contentUrl":"https:\/\/proagrolab.com.ar\/wp-content\/uploads\/2015\/01\/g_9vrqslso5__Frigor\u00edfico-2.jpg"},{"@type":"BreadcrumbList","@id":"https:\/\/proagrolab.com.ar\/contra-la-afirmacion-de-moreno-la-carne-subio-hasta-62-en-los-ultimos-tres-anos\/#breadcrumb","itemListElement":[{"@type":"ListItem","position":1,"name":"Portada","item":"https:\/\/proagrolab.com.ar\/"},{"@type":"ListItem","position":2,"name":"Contra la afirmaci\u00f3n de Moreno, la carne subi\u00f3 hasta 62% en los \u00faltimos tres a\u00f1os."}]},{"@type":"WebSite","@id":"https:\/\/proagrolab.com.ar\/#website","url":"https:\/\/proagrolab.com.ar\/","name":"Proagro Laboratorio Veterinario","description":"Veterinary laboratory","publisher":{"@id":"https:\/\/proagrolab.com.ar\/#organization"},"potentialAction":[{"@type":"SearchAction","target":{"@type":"EntryPoint","urlTemplate":"https:\/\/proagrolab.com.ar\/?s={search_term_string}"},"query-input":{"@type":"PropertyValueSpecification","valueRequired":true,"valueName":"search_term_string"}}],"inLanguage":"en-US"},{"@type":"Organization","@id":"https:\/\/proagrolab.com.ar\/#organization","name":"Proagro","url":"https:\/\/proagrolab.com.ar\/","logo":{"@type":"ImageObject","inLanguage":"en-US","@id":"https:\/\/proagrolab.com.ar\/#\/schema\/logo\/image\/","url":"https:\/\/proagrolab.com.ar\/wp-content\/uploads\/2020\/04\/logo-retina.png","contentUrl":"https:\/\/proagrolab.com.ar\/wp-content\/uploads\/2020\/04\/logo-retina.png","width":478,"height":120,"caption":"Proagro"},"image":{"@id":"https:\/\/proagrolab.com.ar\/#\/schema\/logo\/image\/"},"sameAs":["http:\/\/www.facebook.com\/proagrolab","https:\/\/www.instagram.com\/proagrolab\/","https:\/\/www.linkedin.com\/company\/laboratorio-proagro-s-a\/"]},{"@type":"Person","@id":"https:\/\/proagrolab.com.ar\/#\/schema\/person\/38003ff90bf80381f71c7d922d207444","name":"proagrolab"}]}},"_links":{"self":[{"href":"https:\/\/proagrolab.com.ar\/en\/wp-json\/wp\/v2\/posts\/5792","targetHints":{"allow":["GET"]}}],"collection":[{"href":"https:\/\/proagrolab.com.ar\/en\/wp-json\/wp\/v2\/posts"}],"about":[{"href":"https:\/\/proagrolab.com.ar\/en\/wp-json\/wp\/v2\/types\/post"}],"author":[{"embeddable":true,"href":"https:\/\/proagrolab.com.ar\/en\/wp-json\/wp\/v2\/users\/2"}],"replies":[{"embeddable":true,"href":"https:\/\/proagrolab.com.ar\/en\/wp-json\/wp\/v2\/comments?post=5792"}],"version-history":[{"count":0,"href":"https:\/\/proagrolab.com.ar\/en\/wp-json\/wp\/v2\/posts\/5792\/revisions"}],"wp:featuredmedia":[{"embeddable":true,"href":"https:\/\/proagrolab.com.ar\/en\/wp-json\/wp\/v2\/media\/2280"}],"wp:attachment":[{"href":"https:\/\/proagrolab.com.ar\/en\/wp-json\/wp\/v2\/media?parent=5792"}],"wp:term":[{"taxonomy":"category","embeddable":true,"href":"https:\/\/proagrolab.com.ar\/en\/wp-json\/wp\/v2\/categories?post=5792"},{"taxonomy":"post_tag","embeddable":true,"href":"https:\/\/proagrolab.com.ar\/en\/wp-json\/wp\/v2\/tags?post=5792"}],"curies":[{"name":"wp","href":"https:\/\/api.w.org\/{rel}","templated":true}]}}