{"id":5791,"date":"2013-11-05T00:00:01","date_gmt":"2013-11-05T00:00:01","guid":{"rendered":"https:\/\/proagrolab.com.ar\/se-reanuda-el-comercio-de-carne-entre-la-ue-y-ee-uu\/"},"modified":"2013-11-05T00:00:01","modified_gmt":"2013-11-05T00:00:01","slug":"se-reanuda-el-comercio-de-carne-entre-la-ue-y-ee-uu","status":"publish","type":"post","link":"https:\/\/proagrolab.com.ar\/en\/se-reanuda-el-comercio-de-carne-entre-la-ue-y-ee-uu\/","title":{"rendered":"Se reanuda el comercio de carne entre la UE y EE.UU."},"content":{"rendered":"<p class=\"qtranxs-available-languages-message qtranxs-available-languages-message-en\"> <\/p><p>El v\u00ednculo se cort\u00f3 en 1998 por el &#8220;mal de la vaca loca&#8221;.<\/p>\n<p>BRUSELAS (AFP).- La Uni\u00f3n Europea podr\u00e1 pronto volver a exportar carne vacuna hacia los Estados Unidos, un mercado vedado desde 1998, tras la aparici\u00f3n en el bloque de la enfermedad de Encefalopat\u00eda Espongiforme Bovina (EEB), denominada &#8220;mal de la vaca loca&#8221;, indic\u00f3 ayer la Comisi\u00f3n Europea. Para el organismo, la reapertura de este mercado ser\u00e1 posible por una decisi\u00f3n del Departamento de Agricultura estadounidense &#8220;de alinear su legislaci\u00f3n a las normas internacionales&#8221; en materia de EEB.<\/p>\n<p>Esta medida, que entrar\u00e1 en vigor tres meses despu\u00e9s de su pr\u00f3xima publicaci\u00f3n oficial, &#8220;significa que las exportaciones de carne podr\u00e1n ser autorizadas nuevamente&#8221;, seg\u00fan indic\u00f3 un comunicado de la Comisi\u00f3n, en el que se sostiene que EE.UU. impuso medidas que fueron m\u00e1s all\u00e1 de las recomendaciones de la Organizaci\u00f3n Mundial de Sanidad Animal. La decisi\u00f3n estadounidense &#8220;lanza un mensaje claro al mundo, de que la carne de la UE es sana&#8221;, subray\u00f3 la Comisi\u00f3n, y pidi\u00f3 a EE.UU. que &#8220;levante las restricciones sobre los productos ovinos y caprinos europeos&#8221;.<\/p>\n<p>Seg\u00fan los cient\u00edficos, la epidemia de EEB se propag\u00f3 a trav\u00e9s de harinas animales destinadas a la alimentaci\u00f3n del ganado y producidas a partir de animales infectados. Gran Breta\u00f1a reconoci\u00f3 en 1996 la existencia de una eventual relaci\u00f3n entre la EEB y la aparici\u00f3n de un caso de una nueva forma de enfermedad humana conocida como Creutzfeldt-Jakob, que puede ser mortal para las personas.<\/p>\n<p>La venta de carne bovina figura entre los puntos de discordia de las negociaciones que actualmente mantienen la UE y Estados Unidos en vista de concluir un amplio acuerdo de libre comercio. Los agricultores estadounidenses, a su vez, se quejan de las normas europeas que restringen el acceso a la carne con hormonas.<\/p>\n<p>Fuente: La Naci\u00f3n, 5 de noviembre.<br \/><\/p>","protected":false},"excerpt":{"rendered":"<p>El v\u00ednculo se cort\u00f3 en 1998 por el &#8220;mal de la vaca loca&#8221;. BRUSELAS (AFP).- La Uni\u00f3n Europea podr\u00e1 pronto volver a exportar carne vacuna hacia los Estados Unidos, un mercado vedado desde 1998, tras la aparici\u00f3n en el bloque de la enfermedad de Encefalopat\u00eda Espongiforme Bovina (EEB), denominada &#8220;mal de la vaca loca&#8221;, indic\u00f3 ayer la Comisi\u00f3n Europea. Para el organismo, la reapertura de este mercado ser\u00e1 posible por una decisi\u00f3n del Departamento de Agricultura estadounidense &#8220;de alinear su legislaci\u00f3n a las normas internacionales&#8221; en materia de EEB. Esta medida, que entrar\u00e1 en vigor tres meses despu\u00e9s de su pr\u00f3xima publicaci\u00f3n oficial, &#8220;significa que las exportaciones de carne podr\u00e1n ser autorizadas nuevamente&#8221;, seg\u00fan indic\u00f3 un comunicado de la Comisi\u00f3n, en el que se sostiene que EE.UU. impuso medidas que fueron m\u00e1s all\u00e1 de las recomendaciones de la Organizaci\u00f3n Mundial de Sanidad Animal. La decisi\u00f3n estadounidense &#8220;lanza un mensaje claro al mundo, de que la carne de la UE es sana&#8221;, subray\u00f3 la Comisi\u00f3n, y pidi\u00f3 a EE.UU. que &#8220;levante las restricciones sobre los productos ovinos y caprinos europeos&#8221;. Seg\u00fan los cient\u00edficos, la epidemia de EEB se propag\u00f3 a trav\u00e9s de harinas animales destinadas a la alimentaci\u00f3n del ganado y [&hellip;]<\/p>\n","protected":false},"author":2,"featured_media":2279,"comment_status":"closed","ping_status":"open","sticky":false,"template":"","format":"standard","meta":{"_acf_changed":false,"footnotes":""},"categories":[56],"tags":[],"class_list":["post-5791","post","type-post","status-publish","format-standard","has-post-thumbnail","hentry","category-infoganadero"],"acf":[],"yoast_head":"<!-- This site is optimized with the Yoast SEO plugin v27.4 - https:\/\/yoast.com\/product\/yoast-seo-wordpress\/ -->\n<title>Se reanuda el comercio de carne entre la UE y EE.UU. | Proagro<\/title>\n<meta name=\"robots\" content=\"index, follow, max-snippet:-1, max-image-preview:large, max-video-preview:-1\" \/>\n<link rel=\"canonical\" href=\"https:\/\/proagrolab.com.ar\/en\/se-reanuda-el-comercio-de-carne-entre-la-ue-y-ee-uu\/\" \/>\n<meta property=\"og:locale\" content=\"en_US\" \/>\n<meta property=\"og:type\" content=\"article\" \/>\n<meta property=\"og:title\" content=\"Se reanuda el comercio de carne entre la UE y EE.UU. | Proagro\" \/>\n<meta property=\"og:description\" content=\"El v\u00ednculo se cort\u00f3 en 1998 por el &#8220;mal de la vaca loca&#8221;. BRUSELAS (AFP).- La Uni\u00f3n Europea podr\u00e1 pronto volver a exportar carne vacuna hacia los Estados Unidos, un mercado vedado desde 1998, tras la aparici\u00f3n en el bloque de la enfermedad de Encefalopat\u00eda Espongiforme Bovina (EEB), denominada &#8220;mal de la vaca loca&#8221;, indic\u00f3 ayer la Comisi\u00f3n Europea. Para el organismo, la reapertura de este mercado ser\u00e1 posible por una decisi\u00f3n del Departamento de Agricultura estadounidense &#8220;de alinear su legislaci\u00f3n a las normas internacionales&#8221; en materia de EEB. Esta medida, que entrar\u00e1 en vigor tres meses despu\u00e9s de su pr\u00f3xima publicaci\u00f3n oficial, &#8220;significa que las exportaciones de carne podr\u00e1n ser autorizadas nuevamente&#8221;, seg\u00fan indic\u00f3 un comunicado de la Comisi\u00f3n, en el que se sostiene que EE.UU. impuso medidas que fueron m\u00e1s all\u00e1 de las recomendaciones de la Organizaci\u00f3n Mundial de Sanidad Animal. La decisi\u00f3n estadounidense &#8220;lanza un mensaje claro al mundo, de que la carne de la UE es sana&#8221;, subray\u00f3 la Comisi\u00f3n, y pidi\u00f3 a EE.UU. que &#8220;levante las restricciones sobre los productos ovinos y caprinos europeos&#8221;. Seg\u00fan los cient\u00edficos, la epidemia de EEB se propag\u00f3 a trav\u00e9s de harinas animales destinadas a la alimentaci\u00f3n del ganado y [&hellip;]\" \/>\n<meta property=\"og:url\" content=\"https:\/\/proagrolab.com.ar\/se-reanuda-el-comercio-de-carne-entre-la-ue-y-ee-uu\/\" \/>\n<meta property=\"og:site_name\" content=\"Proagro\" \/>\n<meta property=\"article:publisher\" content=\"http:\/\/www.facebook.com\/proagrolab\" \/>\n<meta property=\"article:published_time\" content=\"2013-11-05T00:00:01+00:00\" \/>\n<meta property=\"og:image\" content=\"https:\/\/proagrolab.com.ar\/wp-content\/uploads\/2015\/01\/g_339aei7t8__Frigor\u00edfico.jpg\" \/>\n\t<meta property=\"og:image:width\" content=\"1\" \/>\n\t<meta property=\"og:image:height\" content=\"1\" \/>\n\t<meta property=\"og:image:type\" content=\"image\/jpeg\" \/>\n<meta name=\"author\" content=\"proagrolab\" \/>\n<meta name=\"twitter:card\" content=\"summary_large_image\" \/>\n<meta name=\"twitter:label1\" content=\"Written by\" \/>\n\t<meta name=\"twitter:data1\" content=\"proagrolab\" \/>\n\t<meta name=\"twitter:label2\" content=\"Est. reading time\" \/>\n\t<meta name=\"twitter:data2\" content=\"2 minutes\" \/>\n<script type=\"application\/ld+json\" class=\"yoast-schema-graph\">{\"@context\":\"https:\\\/\\\/schema.org\",\"@graph\":[{\"@type\":\"Article\",\"@id\":\"https:\\\/\\\/proagrolab.com.ar\\\/se-reanuda-el-comercio-de-carne-entre-la-ue-y-ee-uu\\\/#article\",\"isPartOf\":{\"@id\":\"https:\\\/\\\/proagrolab.com.ar\\\/se-reanuda-el-comercio-de-carne-entre-la-ue-y-ee-uu\\\/\"},\"author\":{\"name\":\"proagrolab\",\"@id\":\"https:\\\/\\\/proagrolab.com.ar\\\/#\\\/schema\\\/person\\\/38003ff90bf80381f71c7d922d207444\"},\"headline\":\"Se reanuda el comercio de carne entre la UE y EE.UU.\",\"datePublished\":\"2013-11-05T00:00:01+00:00\",\"mainEntityOfPage\":{\"@id\":\"https:\\\/\\\/proagrolab.com.ar\\\/se-reanuda-el-comercio-de-carne-entre-la-ue-y-ee-uu\\\/\"},\"wordCount\":338,\"publisher\":{\"@id\":\"https:\\\/\\\/proagrolab.com.ar\\\/#organization\"},\"image\":{\"@id\":\"https:\\\/\\\/proagrolab.com.ar\\\/se-reanuda-el-comercio-de-carne-entre-la-ue-y-ee-uu\\\/#primaryimage\"},\"thumbnailUrl\":\"https:\\\/\\\/proagrolab.com.ar\\\/wp-content\\\/uploads\\\/2015\\\/01\\\/g_339aei7t8__Frigor\u00edfico.jpg\",\"articleSection\":[\"News\"],\"inLanguage\":\"en-US\"},{\"@type\":\"WebPage\",\"@id\":\"https:\\\/\\\/proagrolab.com.ar\\\/se-reanuda-el-comercio-de-carne-entre-la-ue-y-ee-uu\\\/\",\"url\":\"https:\\\/\\\/proagrolab.com.ar\\\/se-reanuda-el-comercio-de-carne-entre-la-ue-y-ee-uu\\\/\",\"name\":\"Se reanuda el comercio de carne entre la UE y EE.UU. | Proagro\",\"isPartOf\":{\"@id\":\"https:\\\/\\\/proagrolab.com.ar\\\/#website\"},\"primaryImageOfPage\":{\"@id\":\"https:\\\/\\\/proagrolab.com.ar\\\/se-reanuda-el-comercio-de-carne-entre-la-ue-y-ee-uu\\\/#primaryimage\"},\"image\":{\"@id\":\"https:\\\/\\\/proagrolab.com.ar\\\/se-reanuda-el-comercio-de-carne-entre-la-ue-y-ee-uu\\\/#primaryimage\"},\"thumbnailUrl\":\"https:\\\/\\\/proagrolab.com.ar\\\/wp-content\\\/uploads\\\/2015\\\/01\\\/g_339aei7t8__Frigor\u00edfico.jpg\",\"datePublished\":\"2013-11-05T00:00:01+00:00\",\"breadcrumb\":{\"@id\":\"https:\\\/\\\/proagrolab.com.ar\\\/se-reanuda-el-comercio-de-carne-entre-la-ue-y-ee-uu\\\/#breadcrumb\"},\"inLanguage\":\"en-US\",\"potentialAction\":[{\"@type\":\"ReadAction\",\"target\":[\"https:\\\/\\\/proagrolab.com.ar\\\/se-reanuda-el-comercio-de-carne-entre-la-ue-y-ee-uu\\\/\"]}]},{\"@type\":\"ImageObject\",\"inLanguage\":\"en-US\",\"@id\":\"https:\\\/\\\/proagrolab.com.ar\\\/se-reanuda-el-comercio-de-carne-entre-la-ue-y-ee-uu\\\/#primaryimage\",\"url\":\"https:\\\/\\\/proagrolab.com.ar\\\/wp-content\\\/uploads\\\/2015\\\/01\\\/g_339aei7t8__Frigor\u00edfico.jpg\",\"contentUrl\":\"https:\\\/\\\/proagrolab.com.ar\\\/wp-content\\\/uploads\\\/2015\\\/01\\\/g_339aei7t8__Frigor\u00edfico.jpg\"},{\"@type\":\"BreadcrumbList\",\"@id\":\"https:\\\/\\\/proagrolab.com.ar\\\/se-reanuda-el-comercio-de-carne-entre-la-ue-y-ee-uu\\\/#breadcrumb\",\"itemListElement\":[{\"@type\":\"ListItem\",\"position\":1,\"name\":\"Portada\",\"item\":\"https:\\\/\\\/proagrolab.com.ar\\\/\"},{\"@type\":\"ListItem\",\"position\":2,\"name\":\"Se reanuda el comercio de carne entre la UE y EE.UU.\"}]},{\"@type\":\"WebSite\",\"@id\":\"https:\\\/\\\/proagrolab.com.ar\\\/#website\",\"url\":\"https:\\\/\\\/proagrolab.com.ar\\\/\",\"name\":\"Proagro Laboratorio Veterinario\",\"description\":\"Veterinary laboratory\",\"publisher\":{\"@id\":\"https:\\\/\\\/proagrolab.com.ar\\\/#organization\"},\"potentialAction\":[{\"@type\":\"SearchAction\",\"target\":{\"@type\":\"EntryPoint\",\"urlTemplate\":\"https:\\\/\\\/proagrolab.com.ar\\\/?s={search_term_string}\"},\"query-input\":{\"@type\":\"PropertyValueSpecification\",\"valueRequired\":true,\"valueName\":\"search_term_string\"}}],\"inLanguage\":\"en-US\"},{\"@type\":\"Organization\",\"@id\":\"https:\\\/\\\/proagrolab.com.ar\\\/#organization\",\"name\":\"Proagro\",\"url\":\"https:\\\/\\\/proagrolab.com.ar\\\/\",\"logo\":{\"@type\":\"ImageObject\",\"inLanguage\":\"en-US\",\"@id\":\"https:\\\/\\\/proagrolab.com.ar\\\/#\\\/schema\\\/logo\\\/image\\\/\",\"url\":\"https:\\\/\\\/proagrolab.com.ar\\\/wp-content\\\/uploads\\\/2020\\\/04\\\/logo-retina.png\",\"contentUrl\":\"https:\\\/\\\/proagrolab.com.ar\\\/wp-content\\\/uploads\\\/2020\\\/04\\\/logo-retina.png\",\"width\":478,\"height\":120,\"caption\":\"Proagro\"},\"image\":{\"@id\":\"https:\\\/\\\/proagrolab.com.ar\\\/#\\\/schema\\\/logo\\\/image\\\/\"},\"sameAs\":[\"http:\\\/\\\/www.facebook.com\\\/proagrolab\",\"https:\\\/\\\/www.instagram.com\\\/proagrolab\\\/\",\"https:\\\/\\\/www.linkedin.com\\\/company\\\/laboratorio-proagro-s-a\\\/\"]},{\"@type\":\"Person\",\"@id\":\"https:\\\/\\\/proagrolab.com.ar\\\/#\\\/schema\\\/person\\\/38003ff90bf80381f71c7d922d207444\",\"name\":\"proagrolab\"}]}<\/script>\n<!-- \/ Yoast SEO plugin. -->","yoast_head_json":{"title":"Se reanuda el comercio de carne entre la UE y EE.UU. | Proagro","robots":{"index":"index","follow":"follow","max-snippet":"max-snippet:-1","max-image-preview":"max-image-preview:large","max-video-preview":"max-video-preview:-1"},"canonical":"https:\/\/proagrolab.com.ar\/en\/se-reanuda-el-comercio-de-carne-entre-la-ue-y-ee-uu\/","og_locale":"en_US","og_type":"article","og_title":"Se reanuda el comercio de carne entre la UE y EE.UU. | Proagro","og_description":"El v\u00ednculo se cort\u00f3 en 1998 por el &#8220;mal de la vaca loca&#8221;. BRUSELAS (AFP).- La Uni\u00f3n Europea podr\u00e1 pronto volver a exportar carne vacuna hacia los Estados Unidos, un mercado vedado desde 1998, tras la aparici\u00f3n en el bloque de la enfermedad de Encefalopat\u00eda Espongiforme Bovina (EEB), denominada &#8220;mal de la vaca loca&#8221;, indic\u00f3 ayer la Comisi\u00f3n Europea. Para el organismo, la reapertura de este mercado ser\u00e1 posible por una decisi\u00f3n del Departamento de Agricultura estadounidense &#8220;de alinear su legislaci\u00f3n a las normas internacionales&#8221; en materia de EEB. Esta medida, que entrar\u00e1 en vigor tres meses despu\u00e9s de su pr\u00f3xima publicaci\u00f3n oficial, &#8220;significa que las exportaciones de carne podr\u00e1n ser autorizadas nuevamente&#8221;, seg\u00fan indic\u00f3 un comunicado de la Comisi\u00f3n, en el que se sostiene que EE.UU. impuso medidas que fueron m\u00e1s all\u00e1 de las recomendaciones de la Organizaci\u00f3n Mundial de Sanidad Animal. La decisi\u00f3n estadounidense &#8220;lanza un mensaje claro al mundo, de que la carne de la UE es sana&#8221;, subray\u00f3 la Comisi\u00f3n, y pidi\u00f3 a EE.UU. que &#8220;levante las restricciones sobre los productos ovinos y caprinos europeos&#8221;. Seg\u00fan los cient\u00edficos, la epidemia de EEB se propag\u00f3 a trav\u00e9s de harinas animales destinadas a la alimentaci\u00f3n del ganado y [&hellip;]","og_url":"https:\/\/proagrolab.com.ar\/se-reanuda-el-comercio-de-carne-entre-la-ue-y-ee-uu\/","og_site_name":"Proagro","article_publisher":"http:\/\/www.facebook.com\/proagrolab","article_published_time":"2013-11-05T00:00:01+00:00","og_image":[{"url":"https:\/\/proagrolab.com.ar\/wp-content\/uploads\/2015\/01\/g_339aei7t8__Frigor\u00edfico.jpg","width":1,"height":1,"type":"image\/jpeg"}],"author":"proagrolab","twitter_card":"summary_large_image","twitter_misc":{"Written by":"proagrolab","Est. reading time":"2 minutes"},"schema":{"@context":"https:\/\/schema.org","@graph":[{"@type":"Article","@id":"https:\/\/proagrolab.com.ar\/se-reanuda-el-comercio-de-carne-entre-la-ue-y-ee-uu\/#article","isPartOf":{"@id":"https:\/\/proagrolab.com.ar\/se-reanuda-el-comercio-de-carne-entre-la-ue-y-ee-uu\/"},"author":{"name":"proagrolab","@id":"https:\/\/proagrolab.com.ar\/#\/schema\/person\/38003ff90bf80381f71c7d922d207444"},"headline":"Se reanuda el comercio de carne entre la UE y EE.UU.","datePublished":"2013-11-05T00:00:01+00:00","mainEntityOfPage":{"@id":"https:\/\/proagrolab.com.ar\/se-reanuda-el-comercio-de-carne-entre-la-ue-y-ee-uu\/"},"wordCount":338,"publisher":{"@id":"https:\/\/proagrolab.com.ar\/#organization"},"image":{"@id":"https:\/\/proagrolab.com.ar\/se-reanuda-el-comercio-de-carne-entre-la-ue-y-ee-uu\/#primaryimage"},"thumbnailUrl":"https:\/\/proagrolab.com.ar\/wp-content\/uploads\/2015\/01\/g_339aei7t8__Frigor\u00edfico.jpg","articleSection":["News"],"inLanguage":"en-US"},{"@type":"WebPage","@id":"https:\/\/proagrolab.com.ar\/se-reanuda-el-comercio-de-carne-entre-la-ue-y-ee-uu\/","url":"https:\/\/proagrolab.com.ar\/se-reanuda-el-comercio-de-carne-entre-la-ue-y-ee-uu\/","name":"Se reanuda el comercio de carne entre la UE y EE.UU. | Proagro","isPartOf":{"@id":"https:\/\/proagrolab.com.ar\/#website"},"primaryImageOfPage":{"@id":"https:\/\/proagrolab.com.ar\/se-reanuda-el-comercio-de-carne-entre-la-ue-y-ee-uu\/#primaryimage"},"image":{"@id":"https:\/\/proagrolab.com.ar\/se-reanuda-el-comercio-de-carne-entre-la-ue-y-ee-uu\/#primaryimage"},"thumbnailUrl":"https:\/\/proagrolab.com.ar\/wp-content\/uploads\/2015\/01\/g_339aei7t8__Frigor\u00edfico.jpg","datePublished":"2013-11-05T00:00:01+00:00","breadcrumb":{"@id":"https:\/\/proagrolab.com.ar\/se-reanuda-el-comercio-de-carne-entre-la-ue-y-ee-uu\/#breadcrumb"},"inLanguage":"en-US","potentialAction":[{"@type":"ReadAction","target":["https:\/\/proagrolab.com.ar\/se-reanuda-el-comercio-de-carne-entre-la-ue-y-ee-uu\/"]}]},{"@type":"ImageObject","inLanguage":"en-US","@id":"https:\/\/proagrolab.com.ar\/se-reanuda-el-comercio-de-carne-entre-la-ue-y-ee-uu\/#primaryimage","url":"https:\/\/proagrolab.com.ar\/wp-content\/uploads\/2015\/01\/g_339aei7t8__Frigor\u00edfico.jpg","contentUrl":"https:\/\/proagrolab.com.ar\/wp-content\/uploads\/2015\/01\/g_339aei7t8__Frigor\u00edfico.jpg"},{"@type":"BreadcrumbList","@id":"https:\/\/proagrolab.com.ar\/se-reanuda-el-comercio-de-carne-entre-la-ue-y-ee-uu\/#breadcrumb","itemListElement":[{"@type":"ListItem","position":1,"name":"Portada","item":"https:\/\/proagrolab.com.ar\/"},{"@type":"ListItem","position":2,"name":"Se reanuda el comercio de carne entre la UE y EE.UU."}]},{"@type":"WebSite","@id":"https:\/\/proagrolab.com.ar\/#website","url":"https:\/\/proagrolab.com.ar\/","name":"Proagro Laboratorio Veterinario","description":"Veterinary laboratory","publisher":{"@id":"https:\/\/proagrolab.com.ar\/#organization"},"potentialAction":[{"@type":"SearchAction","target":{"@type":"EntryPoint","urlTemplate":"https:\/\/proagrolab.com.ar\/?s={search_term_string}"},"query-input":{"@type":"PropertyValueSpecification","valueRequired":true,"valueName":"search_term_string"}}],"inLanguage":"en-US"},{"@type":"Organization","@id":"https:\/\/proagrolab.com.ar\/#organization","name":"Proagro","url":"https:\/\/proagrolab.com.ar\/","logo":{"@type":"ImageObject","inLanguage":"en-US","@id":"https:\/\/proagrolab.com.ar\/#\/schema\/logo\/image\/","url":"https:\/\/proagrolab.com.ar\/wp-content\/uploads\/2020\/04\/logo-retina.png","contentUrl":"https:\/\/proagrolab.com.ar\/wp-content\/uploads\/2020\/04\/logo-retina.png","width":478,"height":120,"caption":"Proagro"},"image":{"@id":"https:\/\/proagrolab.com.ar\/#\/schema\/logo\/image\/"},"sameAs":["http:\/\/www.facebook.com\/proagrolab","https:\/\/www.instagram.com\/proagrolab\/","https:\/\/www.linkedin.com\/company\/laboratorio-proagro-s-a\/"]},{"@type":"Person","@id":"https:\/\/proagrolab.com.ar\/#\/schema\/person\/38003ff90bf80381f71c7d922d207444","name":"proagrolab"}]}},"_links":{"self":[{"href":"https:\/\/proagrolab.com.ar\/en\/wp-json\/wp\/v2\/posts\/5791","targetHints":{"allow":["GET"]}}],"collection":[{"href":"https:\/\/proagrolab.com.ar\/en\/wp-json\/wp\/v2\/posts"}],"about":[{"href":"https:\/\/proagrolab.com.ar\/en\/wp-json\/wp\/v2\/types\/post"}],"author":[{"embeddable":true,"href":"https:\/\/proagrolab.com.ar\/en\/wp-json\/wp\/v2\/users\/2"}],"replies":[{"embeddable":true,"href":"https:\/\/proagrolab.com.ar\/en\/wp-json\/wp\/v2\/comments?post=5791"}],"version-history":[{"count":0,"href":"https:\/\/proagrolab.com.ar\/en\/wp-json\/wp\/v2\/posts\/5791\/revisions"}],"wp:featuredmedia":[{"embeddable":true,"href":"https:\/\/proagrolab.com.ar\/en\/wp-json\/wp\/v2\/media\/2279"}],"wp:attachment":[{"href":"https:\/\/proagrolab.com.ar\/en\/wp-json\/wp\/v2\/media?parent=5791"}],"wp:term":[{"taxonomy":"category","embeddable":true,"href":"https:\/\/proagrolab.com.ar\/en\/wp-json\/wp\/v2\/categories?post=5791"},{"taxonomy":"post_tag","embeddable":true,"href":"https:\/\/proagrolab.com.ar\/en\/wp-json\/wp\/v2\/tags?post=5791"}],"curies":[{"name":"wp","href":"https:\/\/api.w.org\/{rel}","templated":true}]}}