{"id":5789,"date":"2013-11-04T00:00:01","date_gmt":"2013-11-04T00:00:01","guid":{"rendered":"https:\/\/proagrolab.com.ar\/el-agro-puede-aportar-los-dolares-que-hacen-falta\/"},"modified":"2013-11-04T00:00:01","modified_gmt":"2013-11-04T00:00:01","slug":"el-agro-puede-aportar-los-dolares-que-hacen-falta","status":"publish","type":"post","link":"https:\/\/proagrolab.com.ar\/en\/el-agro-puede-aportar-los-dolares-que-hacen-falta\/","title":{"rendered":"El agro puede aportar los d\u00f3lares que hacen falta."},"content":{"rendered":"<p class=\"qtranxs-available-languages-message qtranxs-available-languages-message-en\"> <\/p><p>Por Cristian Mira.<\/p>\n<p>Temores y dudas despertaron en no pocos empresarios agropecuarios el fallo de la Corte Suprema que declar\u00f3 la constitucionalidad de la ley de servicios audiovisuales. No tanto por las cuesti\u00f3n en disputa, que excede lo agropecuario, sino por los efectos que puede tener sobre la vigencia del derecho de propiedad al cuestionar los derechos adquiridos del Grupo Clar\u00edn, y por las derivaciones que tiene el caso sobre el papel de la libertad de expresi\u00f3n y de prensa en la democracia. Eso fue lo que expres\u00f3 el directivo de una de las entidades no gremiales del agro que, por no tener a\u00fan una posici\u00f3n oficial, solicit\u00f3 no ser mencionado.<\/p>\n<p>Curiosamente esta disputa se origin\u00f3 a partir de la resoluci\u00f3n 125, en 2008. Un conflicto que pudo haberse resuelto f\u00e1cilmente si el Gobierno hubiera utilizado la inteligencia y el di\u00e1logo. Sin embargo, quiso politizarlo y despert\u00f3 una resistencia insospechada. En esa sinraz\u00f3n, concluy\u00f3 que si los medios de comunicaci\u00f3n no hubieran transmitido las im\u00e1genes de los cortes de ruta o relatado lo que suced\u00eda en el interior, ganaba la pelea.<\/p>\n<p>Despu\u00e9s del voto &#8220;no positivo&#8221;, el kirchnerismo se reinvent\u00f3 y construy\u00f3 una formidable maquinaria de relato oficial parecida a una realidad paralela. Contin\u00faa teniendo un apoyo considerable de una parte de la poblaci\u00f3n, poco m\u00e1s de un tercio, de acuerdo con el resultado de las elecciones del domingo pasado, aunque en dos a\u00f1os desperdici\u00f3 un capital pol\u00edtico notable (20% del electorado).<\/p>\n<p>El campo, mientras tanto, sigue haciendo lo que mejor sabe hacer, aunque en condiciones cada vez m\u00e1s dif\u00edciles: producir. La pol\u00edtica y la presencia en los medios de comunicaci\u00f3n no son su fuerte. Lo demuestra la experiencia de los &#8220;agrodiputados&#8221; surgidos al calor del conflicto por la 125, que no fue buena, m\u00e1s all\u00e1 de los esfuerzos personales. Esto quiz\u00e1s merezca un debate profundo si hay un intento similar en el futuro.<\/p>\n<p>Mientras tanto, el Gobierno deja pasar oportunidades, creyendo que enfrente tiene a un enemigo pol\u00edtico y no al sector m\u00e1s din\u00e1mico de la econom\u00eda que podr\u00eda aportarle divisas r\u00e1pidamente.<\/p>\n<p>&#8220;Con reglas claras, previsibles y una menor presi\u00f3n impositiva, en 2014 podr\u00edan ingresar 5000 millones de d\u00f3lares adicionales, y en 2015, 8000 millones de d\u00f3lares adicionales originados en el campo&#8221;, explica el economista de Confederaciones Rurales Argentinas (CRA), Juan Rey Kelly.<\/p>\n<p>El especialista enumera, entre otras medidas positivas,la fijaci\u00f3n de precios en forma clara y transparente, la reducci\u00f3n del riesgo comercial, la baja de los derechos de exportaci\u00f3n, la devoluci\u00f3n del IVA y la eliminaci\u00f3n de los ROE.<\/p>\n<p>Esta dinamizaci\u00f3n de la actividad agropecuaria le podr\u00eda aportar al PBI un crecimiento de dos puntos para 2014 y de, al menos, 2,5 puntos para 2015 s\u00f3lo por la actividad agropecuaria. &#8220;Cuando crece la cosecha se moviliza el transporte, el comercio y los servicios&#8221;, recuerda el economista de CRA.<\/p>\n<p>Pero hay m\u00e1s aportes que puede hacer el campo y que el Gobierno se empe\u00f1a en no aprovecharlos. Con el cierre del mercado europeo al biodi\u00e9sel argentino, podr\u00eda utilizar este combustible para reducir las importaciones de gasoil. &#8220;Se puede llevar del 8 al 20 por ciento el corte en las usinas t\u00e9rmicas, el agro y el transporte&#8221;, dice Claudio Molina, director de la Asociaci\u00f3n de Biocombustibles e Hidr\u00f3geno (ABH). Con equiparar las condiciones tributarias del gasoil importado, que est\u00e1 liberado de una carga impositiva del 41% que s\u00ed afecta al biodi\u00e9sel, el pa\u00eds se ahorrar\u00eda gran parte de los d\u00f3lares que hoy malgasta. En promedio, en el \u00faltimo a\u00f1o, seg\u00fan c\u00e1lculos de la ABH, el precio del biodi\u00e9sel (sin impuestos) es de 106 d\u00f3lares por tonelada m\u00e1s bajo que el gasoil importado. Lo curioso es que la brecha se agranda: el biodi\u00e9sel hace un a\u00f1o era apenas 4% m\u00e1s bajo, mientras que en septiembre pasado la diferencia fue de 29,2 por ciento.<\/p>\n<p>El Gobierno, adem\u00e1s, tambi\u00e9n deber\u00eda sacar del limbo al biocombustible. Hace dos meses que la Unidad Ejecutiva Interdisciplinaria de Monitoreo no publica en el Bolet\u00edn Oficial los precios del biodi\u00e9sel y, en consecuencia, no permite calcular los derechos de exportaci\u00f3n. Si alguien hubiera querido hacer las cosas tan mal, seguramente no le hubiera salido tan bien.<\/p>\n<p>Fuente: La Naci\u00f3n, suple campo, 2 de noviembre.<br \/><\/p>","protected":false},"excerpt":{"rendered":"<p>Por Cristian Mira. Temores y dudas despertaron en no pocos empresarios agropecuarios el fallo de la Corte Suprema que declar\u00f3 la constitucionalidad de la ley de servicios audiovisuales. No tanto por las cuesti\u00f3n en disputa, que excede lo agropecuario, sino por los efectos que puede tener sobre la vigencia del derecho de propiedad al cuestionar los derechos adquiridos del Grupo Clar\u00edn, y por las derivaciones que tiene el caso sobre el papel de la libertad de expresi\u00f3n y de prensa en la democracia. Eso fue lo que expres\u00f3 el directivo de una de las entidades no gremiales del agro que, por no tener a\u00fan una posici\u00f3n oficial, solicit\u00f3 no ser mencionado. Curiosamente esta disputa se origin\u00f3 a partir de la resoluci\u00f3n 125, en 2008. Un conflicto que pudo haberse resuelto f\u00e1cilmente si el Gobierno hubiera utilizado la inteligencia y el di\u00e1logo. Sin embargo, quiso politizarlo y despert\u00f3 una resistencia insospechada. En esa sinraz\u00f3n, concluy\u00f3 que si los medios de comunicaci\u00f3n no hubieran transmitido las im\u00e1genes de los cortes de ruta o relatado lo que suced\u00eda en el interior, ganaba la pelea. Despu\u00e9s del voto &#8220;no positivo&#8221;, el kirchnerismo se reinvent\u00f3 y construy\u00f3 una formidable maquinaria de relato oficial parecida a [&hellip;]<\/p>\n","protected":false},"author":2,"featured_media":2277,"comment_status":"closed","ping_status":"open","sticky":false,"template":"","format":"standard","meta":{"_acf_changed":false,"footnotes":""},"categories":[56],"tags":[],"class_list":["post-5789","post","type-post","status-publish","format-standard","has-post-thumbnail","hentry","category-infoganadero"],"acf":[],"yoast_head":"<!-- This site is optimized with the Yoast SEO plugin v27.4 - https:\/\/yoast.com\/product\/yoast-seo-wordpress\/ -->\n<title>El agro puede aportar los d\u00f3lares que hacen falta. | Proagro<\/title>\n<meta name=\"robots\" content=\"index, follow, max-snippet:-1, max-image-preview:large, max-video-preview:-1\" \/>\n<link rel=\"canonical\" href=\"https:\/\/proagrolab.com.ar\/en\/el-agro-puede-aportar-los-dolares-que-hacen-falta\/\" \/>\n<meta property=\"og:locale\" content=\"en_US\" \/>\n<meta property=\"og:type\" content=\"article\" \/>\n<meta property=\"og:title\" content=\"El agro puede aportar los d\u00f3lares que hacen falta. | Proagro\" \/>\n<meta property=\"og:description\" content=\"Por Cristian Mira. Temores y dudas despertaron en no pocos empresarios agropecuarios el fallo de la Corte Suprema que declar\u00f3 la constitucionalidad de la ley de servicios audiovisuales. No tanto por las cuesti\u00f3n en disputa, que excede lo agropecuario, sino por los efectos que puede tener sobre la vigencia del derecho de propiedad al cuestionar los derechos adquiridos del Grupo Clar\u00edn, y por las derivaciones que tiene el caso sobre el papel de la libertad de expresi\u00f3n y de prensa en la democracia. Eso fue lo que expres\u00f3 el directivo de una de las entidades no gremiales del agro que, por no tener a\u00fan una posici\u00f3n oficial, solicit\u00f3 no ser mencionado. Curiosamente esta disputa se origin\u00f3 a partir de la resoluci\u00f3n 125, en 2008. Un conflicto que pudo haberse resuelto f\u00e1cilmente si el Gobierno hubiera utilizado la inteligencia y el di\u00e1logo. Sin embargo, quiso politizarlo y despert\u00f3 una resistencia insospechada. En esa sinraz\u00f3n, concluy\u00f3 que si los medios de comunicaci\u00f3n no hubieran transmitido las im\u00e1genes de los cortes de ruta o relatado lo que suced\u00eda en el interior, ganaba la pelea. Despu\u00e9s del voto &#8220;no positivo&#8221;, el kirchnerismo se reinvent\u00f3 y construy\u00f3 una formidable maquinaria de relato oficial parecida a [&hellip;]\" \/>\n<meta property=\"og:url\" content=\"https:\/\/proagrolab.com.ar\/el-agro-puede-aportar-los-dolares-que-hacen-falta\/\" \/>\n<meta property=\"og:site_name\" content=\"Proagro\" \/>\n<meta property=\"article:publisher\" content=\"http:\/\/www.facebook.com\/proagrolab\" \/>\n<meta property=\"article:published_time\" content=\"2013-11-04T00:00:01+00:00\" \/>\n<meta property=\"og:image\" content=\"https:\/\/proagrolab.com.ar\/wp-content\/uploads\/2015\/01\/g_2f5s0ctmv__Pasturas.jpg\" \/>\n\t<meta property=\"og:image:width\" content=\"450\" \/>\n\t<meta property=\"og:image:height\" content=\"208\" \/>\n\t<meta property=\"og:image:type\" content=\"image\/jpeg\" \/>\n<meta name=\"author\" content=\"proagrolab\" \/>\n<meta name=\"twitter:card\" content=\"summary_large_image\" \/>\n<meta name=\"twitter:label1\" content=\"Written by\" \/>\n\t<meta name=\"twitter:data1\" content=\"proagrolab\" \/>\n\t<meta name=\"twitter:label2\" content=\"Est. reading time\" \/>\n\t<meta name=\"twitter:data2\" content=\"4 minutes\" \/>\n<script type=\"application\/ld+json\" class=\"yoast-schema-graph\">{\"@context\":\"https:\\\/\\\/schema.org\",\"@graph\":[{\"@type\":\"Article\",\"@id\":\"https:\\\/\\\/proagrolab.com.ar\\\/el-agro-puede-aportar-los-dolares-que-hacen-falta\\\/#article\",\"isPartOf\":{\"@id\":\"https:\\\/\\\/proagrolab.com.ar\\\/el-agro-puede-aportar-los-dolares-que-hacen-falta\\\/\"},\"author\":{\"name\":\"proagrolab\",\"@id\":\"https:\\\/\\\/proagrolab.com.ar\\\/#\\\/schema\\\/person\\\/38003ff90bf80381f71c7d922d207444\"},\"headline\":\"El agro puede aportar los d\u00f3lares que hacen falta.\",\"datePublished\":\"2013-11-04T00:00:01+00:00\",\"mainEntityOfPage\":{\"@id\":\"https:\\\/\\\/proagrolab.com.ar\\\/el-agro-puede-aportar-los-dolares-que-hacen-falta\\\/\"},\"wordCount\":758,\"publisher\":{\"@id\":\"https:\\\/\\\/proagrolab.com.ar\\\/#organization\"},\"image\":{\"@id\":\"https:\\\/\\\/proagrolab.com.ar\\\/el-agro-puede-aportar-los-dolares-que-hacen-falta\\\/#primaryimage\"},\"thumbnailUrl\":\"https:\\\/\\\/proagrolab.com.ar\\\/wp-content\\\/uploads\\\/2015\\\/01\\\/g_2f5s0ctmv__Pasturas.jpg\",\"articleSection\":[\"News\"],\"inLanguage\":\"en-US\"},{\"@type\":\"WebPage\",\"@id\":\"https:\\\/\\\/proagrolab.com.ar\\\/el-agro-puede-aportar-los-dolares-que-hacen-falta\\\/\",\"url\":\"https:\\\/\\\/proagrolab.com.ar\\\/el-agro-puede-aportar-los-dolares-que-hacen-falta\\\/\",\"name\":\"El agro puede aportar los d\u00f3lares que hacen falta. | Proagro\",\"isPartOf\":{\"@id\":\"https:\\\/\\\/proagrolab.com.ar\\\/#website\"},\"primaryImageOfPage\":{\"@id\":\"https:\\\/\\\/proagrolab.com.ar\\\/el-agro-puede-aportar-los-dolares-que-hacen-falta\\\/#primaryimage\"},\"image\":{\"@id\":\"https:\\\/\\\/proagrolab.com.ar\\\/el-agro-puede-aportar-los-dolares-que-hacen-falta\\\/#primaryimage\"},\"thumbnailUrl\":\"https:\\\/\\\/proagrolab.com.ar\\\/wp-content\\\/uploads\\\/2015\\\/01\\\/g_2f5s0ctmv__Pasturas.jpg\",\"datePublished\":\"2013-11-04T00:00:01+00:00\",\"breadcrumb\":{\"@id\":\"https:\\\/\\\/proagrolab.com.ar\\\/el-agro-puede-aportar-los-dolares-que-hacen-falta\\\/#breadcrumb\"},\"inLanguage\":\"en-US\",\"potentialAction\":[{\"@type\":\"ReadAction\",\"target\":[\"https:\\\/\\\/proagrolab.com.ar\\\/el-agro-puede-aportar-los-dolares-que-hacen-falta\\\/\"]}]},{\"@type\":\"ImageObject\",\"inLanguage\":\"en-US\",\"@id\":\"https:\\\/\\\/proagrolab.com.ar\\\/el-agro-puede-aportar-los-dolares-que-hacen-falta\\\/#primaryimage\",\"url\":\"https:\\\/\\\/proagrolab.com.ar\\\/wp-content\\\/uploads\\\/2015\\\/01\\\/g_2f5s0ctmv__Pasturas.jpg\",\"contentUrl\":\"https:\\\/\\\/proagrolab.com.ar\\\/wp-content\\\/uploads\\\/2015\\\/01\\\/g_2f5s0ctmv__Pasturas.jpg\",\"width\":450,\"height\":208},{\"@type\":\"BreadcrumbList\",\"@id\":\"https:\\\/\\\/proagrolab.com.ar\\\/el-agro-puede-aportar-los-dolares-que-hacen-falta\\\/#breadcrumb\",\"itemListElement\":[{\"@type\":\"ListItem\",\"position\":1,\"name\":\"Portada\",\"item\":\"https:\\\/\\\/proagrolab.com.ar\\\/\"},{\"@type\":\"ListItem\",\"position\":2,\"name\":\"El agro puede aportar los d\u00f3lares que hacen falta.\"}]},{\"@type\":\"WebSite\",\"@id\":\"https:\\\/\\\/proagrolab.com.ar\\\/#website\",\"url\":\"https:\\\/\\\/proagrolab.com.ar\\\/\",\"name\":\"Proagro Laboratorio Veterinario\",\"description\":\"Veterinary laboratory\",\"publisher\":{\"@id\":\"https:\\\/\\\/proagrolab.com.ar\\\/#organization\"},\"potentialAction\":[{\"@type\":\"SearchAction\",\"target\":{\"@type\":\"EntryPoint\",\"urlTemplate\":\"https:\\\/\\\/proagrolab.com.ar\\\/?s={search_term_string}\"},\"query-input\":{\"@type\":\"PropertyValueSpecification\",\"valueRequired\":true,\"valueName\":\"search_term_string\"}}],\"inLanguage\":\"en-US\"},{\"@type\":\"Organization\",\"@id\":\"https:\\\/\\\/proagrolab.com.ar\\\/#organization\",\"name\":\"Proagro\",\"url\":\"https:\\\/\\\/proagrolab.com.ar\\\/\",\"logo\":{\"@type\":\"ImageObject\",\"inLanguage\":\"en-US\",\"@id\":\"https:\\\/\\\/proagrolab.com.ar\\\/#\\\/schema\\\/logo\\\/image\\\/\",\"url\":\"https:\\\/\\\/proagrolab.com.ar\\\/wp-content\\\/uploads\\\/2020\\\/04\\\/logo-retina.png\",\"contentUrl\":\"https:\\\/\\\/proagrolab.com.ar\\\/wp-content\\\/uploads\\\/2020\\\/04\\\/logo-retina.png\",\"width\":478,\"height\":120,\"caption\":\"Proagro\"},\"image\":{\"@id\":\"https:\\\/\\\/proagrolab.com.ar\\\/#\\\/schema\\\/logo\\\/image\\\/\"},\"sameAs\":[\"http:\\\/\\\/www.facebook.com\\\/proagrolab\",\"https:\\\/\\\/www.instagram.com\\\/proagrolab\\\/\",\"https:\\\/\\\/www.linkedin.com\\\/company\\\/laboratorio-proagro-s-a\\\/\"]},{\"@type\":\"Person\",\"@id\":\"https:\\\/\\\/proagrolab.com.ar\\\/#\\\/schema\\\/person\\\/38003ff90bf80381f71c7d922d207444\",\"name\":\"proagrolab\"}]}<\/script>\n<!-- \/ Yoast SEO plugin. -->","yoast_head_json":{"title":"El agro puede aportar los d\u00f3lares que hacen falta. | Proagro","robots":{"index":"index","follow":"follow","max-snippet":"max-snippet:-1","max-image-preview":"max-image-preview:large","max-video-preview":"max-video-preview:-1"},"canonical":"https:\/\/proagrolab.com.ar\/en\/el-agro-puede-aportar-los-dolares-que-hacen-falta\/","og_locale":"en_US","og_type":"article","og_title":"El agro puede aportar los d\u00f3lares que hacen falta. | Proagro","og_description":"Por Cristian Mira. Temores y dudas despertaron en no pocos empresarios agropecuarios el fallo de la Corte Suprema que declar\u00f3 la constitucionalidad de la ley de servicios audiovisuales. No tanto por las cuesti\u00f3n en disputa, que excede lo agropecuario, sino por los efectos que puede tener sobre la vigencia del derecho de propiedad al cuestionar los derechos adquiridos del Grupo Clar\u00edn, y por las derivaciones que tiene el caso sobre el papel de la libertad de expresi\u00f3n y de prensa en la democracia. Eso fue lo que expres\u00f3 el directivo de una de las entidades no gremiales del agro que, por no tener a\u00fan una posici\u00f3n oficial, solicit\u00f3 no ser mencionado. Curiosamente esta disputa se origin\u00f3 a partir de la resoluci\u00f3n 125, en 2008. Un conflicto que pudo haberse resuelto f\u00e1cilmente si el Gobierno hubiera utilizado la inteligencia y el di\u00e1logo. Sin embargo, quiso politizarlo y despert\u00f3 una resistencia insospechada. En esa sinraz\u00f3n, concluy\u00f3 que si los medios de comunicaci\u00f3n no hubieran transmitido las im\u00e1genes de los cortes de ruta o relatado lo que suced\u00eda en el interior, ganaba la pelea. Despu\u00e9s del voto &#8220;no positivo&#8221;, el kirchnerismo se reinvent\u00f3 y construy\u00f3 una formidable maquinaria de relato oficial parecida a [&hellip;]","og_url":"https:\/\/proagrolab.com.ar\/el-agro-puede-aportar-los-dolares-que-hacen-falta\/","og_site_name":"Proagro","article_publisher":"http:\/\/www.facebook.com\/proagrolab","article_published_time":"2013-11-04T00:00:01+00:00","og_image":[{"width":450,"height":208,"url":"https:\/\/proagrolab.com.ar\/wp-content\/uploads\/2015\/01\/g_2f5s0ctmv__Pasturas.jpg","type":"image\/jpeg"}],"author":"proagrolab","twitter_card":"summary_large_image","twitter_misc":{"Written by":"proagrolab","Est. reading time":"4 minutes"},"schema":{"@context":"https:\/\/schema.org","@graph":[{"@type":"Article","@id":"https:\/\/proagrolab.com.ar\/el-agro-puede-aportar-los-dolares-que-hacen-falta\/#article","isPartOf":{"@id":"https:\/\/proagrolab.com.ar\/el-agro-puede-aportar-los-dolares-que-hacen-falta\/"},"author":{"name":"proagrolab","@id":"https:\/\/proagrolab.com.ar\/#\/schema\/person\/38003ff90bf80381f71c7d922d207444"},"headline":"El agro puede aportar los d\u00f3lares que hacen falta.","datePublished":"2013-11-04T00:00:01+00:00","mainEntityOfPage":{"@id":"https:\/\/proagrolab.com.ar\/el-agro-puede-aportar-los-dolares-que-hacen-falta\/"},"wordCount":758,"publisher":{"@id":"https:\/\/proagrolab.com.ar\/#organization"},"image":{"@id":"https:\/\/proagrolab.com.ar\/el-agro-puede-aportar-los-dolares-que-hacen-falta\/#primaryimage"},"thumbnailUrl":"https:\/\/proagrolab.com.ar\/wp-content\/uploads\/2015\/01\/g_2f5s0ctmv__Pasturas.jpg","articleSection":["News"],"inLanguage":"en-US"},{"@type":"WebPage","@id":"https:\/\/proagrolab.com.ar\/el-agro-puede-aportar-los-dolares-que-hacen-falta\/","url":"https:\/\/proagrolab.com.ar\/el-agro-puede-aportar-los-dolares-que-hacen-falta\/","name":"El agro puede aportar los d\u00f3lares que hacen falta. | Proagro","isPartOf":{"@id":"https:\/\/proagrolab.com.ar\/#website"},"primaryImageOfPage":{"@id":"https:\/\/proagrolab.com.ar\/el-agro-puede-aportar-los-dolares-que-hacen-falta\/#primaryimage"},"image":{"@id":"https:\/\/proagrolab.com.ar\/el-agro-puede-aportar-los-dolares-que-hacen-falta\/#primaryimage"},"thumbnailUrl":"https:\/\/proagrolab.com.ar\/wp-content\/uploads\/2015\/01\/g_2f5s0ctmv__Pasturas.jpg","datePublished":"2013-11-04T00:00:01+00:00","breadcrumb":{"@id":"https:\/\/proagrolab.com.ar\/el-agro-puede-aportar-los-dolares-que-hacen-falta\/#breadcrumb"},"inLanguage":"en-US","potentialAction":[{"@type":"ReadAction","target":["https:\/\/proagrolab.com.ar\/el-agro-puede-aportar-los-dolares-que-hacen-falta\/"]}]},{"@type":"ImageObject","inLanguage":"en-US","@id":"https:\/\/proagrolab.com.ar\/el-agro-puede-aportar-los-dolares-que-hacen-falta\/#primaryimage","url":"https:\/\/proagrolab.com.ar\/wp-content\/uploads\/2015\/01\/g_2f5s0ctmv__Pasturas.jpg","contentUrl":"https:\/\/proagrolab.com.ar\/wp-content\/uploads\/2015\/01\/g_2f5s0ctmv__Pasturas.jpg","width":450,"height":208},{"@type":"BreadcrumbList","@id":"https:\/\/proagrolab.com.ar\/el-agro-puede-aportar-los-dolares-que-hacen-falta\/#breadcrumb","itemListElement":[{"@type":"ListItem","position":1,"name":"Portada","item":"https:\/\/proagrolab.com.ar\/"},{"@type":"ListItem","position":2,"name":"El agro puede aportar los d\u00f3lares que hacen falta."}]},{"@type":"WebSite","@id":"https:\/\/proagrolab.com.ar\/#website","url":"https:\/\/proagrolab.com.ar\/","name":"Proagro Laboratorio Veterinario","description":"Veterinary laboratory","publisher":{"@id":"https:\/\/proagrolab.com.ar\/#organization"},"potentialAction":[{"@type":"SearchAction","target":{"@type":"EntryPoint","urlTemplate":"https:\/\/proagrolab.com.ar\/?s={search_term_string}"},"query-input":{"@type":"PropertyValueSpecification","valueRequired":true,"valueName":"search_term_string"}}],"inLanguage":"en-US"},{"@type":"Organization","@id":"https:\/\/proagrolab.com.ar\/#organization","name":"Proagro","url":"https:\/\/proagrolab.com.ar\/","logo":{"@type":"ImageObject","inLanguage":"en-US","@id":"https:\/\/proagrolab.com.ar\/#\/schema\/logo\/image\/","url":"https:\/\/proagrolab.com.ar\/wp-content\/uploads\/2020\/04\/logo-retina.png","contentUrl":"https:\/\/proagrolab.com.ar\/wp-content\/uploads\/2020\/04\/logo-retina.png","width":478,"height":120,"caption":"Proagro"},"image":{"@id":"https:\/\/proagrolab.com.ar\/#\/schema\/logo\/image\/"},"sameAs":["http:\/\/www.facebook.com\/proagrolab","https:\/\/www.instagram.com\/proagrolab\/","https:\/\/www.linkedin.com\/company\/laboratorio-proagro-s-a\/"]},{"@type":"Person","@id":"https:\/\/proagrolab.com.ar\/#\/schema\/person\/38003ff90bf80381f71c7d922d207444","name":"proagrolab"}]}},"_links":{"self":[{"href":"https:\/\/proagrolab.com.ar\/en\/wp-json\/wp\/v2\/posts\/5789","targetHints":{"allow":["GET"]}}],"collection":[{"href":"https:\/\/proagrolab.com.ar\/en\/wp-json\/wp\/v2\/posts"}],"about":[{"href":"https:\/\/proagrolab.com.ar\/en\/wp-json\/wp\/v2\/types\/post"}],"author":[{"embeddable":true,"href":"https:\/\/proagrolab.com.ar\/en\/wp-json\/wp\/v2\/users\/2"}],"replies":[{"embeddable":true,"href":"https:\/\/proagrolab.com.ar\/en\/wp-json\/wp\/v2\/comments?post=5789"}],"version-history":[{"count":0,"href":"https:\/\/proagrolab.com.ar\/en\/wp-json\/wp\/v2\/posts\/5789\/revisions"}],"wp:featuredmedia":[{"embeddable":true,"href":"https:\/\/proagrolab.com.ar\/en\/wp-json\/wp\/v2\/media\/2277"}],"wp:attachment":[{"href":"https:\/\/proagrolab.com.ar\/en\/wp-json\/wp\/v2\/media?parent=5789"}],"wp:term":[{"taxonomy":"category","embeddable":true,"href":"https:\/\/proagrolab.com.ar\/en\/wp-json\/wp\/v2\/categories?post=5789"},{"taxonomy":"post_tag","embeddable":true,"href":"https:\/\/proagrolab.com.ar\/en\/wp-json\/wp\/v2\/tags?post=5789"}],"curies":[{"name":"wp","href":"https:\/\/api.w.org\/{rel}","templated":true}]}}