{"id":5784,"date":"2013-10-31T00:00:01","date_gmt":"2013-10-31T00:00:01","guid":{"rendered":"https:\/\/proagrolab.com.ar\/mexico-abre-mercado-de-nueva-zelandia-a-exportaciones-de-carne\/"},"modified":"2013-10-31T00:00:01","modified_gmt":"2013-10-31T00:00:01","slug":"mexico-abre-mercado-de-nueva-zelandia-a-exportaciones-de-carne","status":"publish","type":"post","link":"https:\/\/proagrolab.com.ar\/en\/mexico-abre-mercado-de-nueva-zelandia-a-exportaciones-de-carne\/","title":{"rendered":"M\u00e9xico abre mercado de Nueva Zelandia a exportaciones de carne."},"content":{"rendered":"<p class=\"qtranxs-available-languages-message qtranxs-available-languages-message-en\"> <\/p><p>M\u00e9xico oficialmente abri\u00f3 el mercado de Nueva Zelandia a exportaciones de carne, inform\u00f3 el Consejo Mexicano de la Carne (Comecarne) en nota divulgada el d\u00eda mi\u00e9rcoles, 30 de octubre.<\/p>\n<p>El veterinario oficial de la Sagarpa inform\u00f3 que dichos embarques saldr\u00e1n del estado de Sonora donde se realizar\u00e1 la cria y sacrificio animal.<\/p>\n<p>Con respecto a la carne porcina, agreg\u00f3 el veterinario, este producto ni sus derivados estar\u00e1n en contacto con ninguna fuente potencial del virus de la peste porcina. La carne porcina provendr\u00e1 de animales inspeccionados antes de la muerte y post mortem veterinaria al momento del sacrificio.&nbsp;&nbsp; <\/p>\n<p>Los productos carnicos se originar\u00e1n de establecimientos aprobados oficialmente para sacrificio de animales y funciona bajo supervisi\u00f3n del veterinario oficial, subray\u00f3.<\/p>\n<p>Cabe decir que el pa\u00eds azteca no ha registrado casos de enfermedad vesicular de la peste porcina africana, fiebre aftosa ni fiebre vesicular de los cerdos en los \u00faltimos 12 meses.<\/p>\n<p>Fuente: Carnetec, 31 de octubre.<br \/><\/p>","protected":false},"excerpt":{"rendered":"<p>M\u00e9xico oficialmente abri\u00f3 el mercado de Nueva Zelandia a exportaciones de carne, inform\u00f3 el Consejo Mexicano de la Carne (Comecarne) en nota divulgada el d\u00eda mi\u00e9rcoles, 30 de octubre. El veterinario oficial de la Sagarpa inform\u00f3 que dichos embarques saldr\u00e1n del estado de Sonora donde se realizar\u00e1 la cria y sacrificio animal. Con respecto a la carne porcina, agreg\u00f3 el veterinario, este producto ni sus derivados estar\u00e1n en contacto con ninguna fuente potencial del virus de la peste porcina. La carne porcina provendr\u00e1 de animales inspeccionados antes de la muerte y post mortem veterinaria al momento del sacrificio.&nbsp;&nbsp; Los productos carnicos se originar\u00e1n de establecimientos aprobados oficialmente para sacrificio de animales y funciona bajo supervisi\u00f3n del veterinario oficial, subray\u00f3. Cabe decir que el pa\u00eds azteca no ha registrado casos de enfermedad vesicular de la peste porcina africana, fiebre aftosa ni fiebre vesicular de los cerdos en los \u00faltimos 12 meses. Fuente: Carnetec, 31 de octubre.<\/p>\n","protected":false},"author":2,"featured_media":2272,"comment_status":"closed","ping_status":"open","sticky":false,"template":"","format":"standard","meta":{"_acf_changed":false,"footnotes":""},"categories":[56],"tags":[],"class_list":["post-5784","post","type-post","status-publish","format-standard","has-post-thumbnail","hentry","category-infoganadero"],"acf":[],"yoast_head":"<!-- This site is optimized with the Yoast SEO plugin v27.5 - https:\/\/yoast.com\/product\/yoast-seo-wordpress\/ -->\n<title>M\u00e9xico abre mercado de Nueva Zelandia a exportaciones de carne. | Proagro<\/title>\n<meta name=\"robots\" content=\"index, follow, max-snippet:-1, max-image-preview:large, max-video-preview:-1\" \/>\n<link rel=\"canonical\" href=\"https:\/\/proagrolab.com.ar\/en\/mexico-abre-mercado-de-nueva-zelandia-a-exportaciones-de-carne\/\" \/>\n<meta property=\"og:locale\" content=\"en_US\" \/>\n<meta property=\"og:type\" content=\"article\" \/>\n<meta property=\"og:title\" content=\"M\u00e9xico abre mercado de Nueva Zelandia a exportaciones de carne. | Proagro\" \/>\n<meta property=\"og:description\" content=\"M\u00e9xico oficialmente abri\u00f3 el mercado de Nueva Zelandia a exportaciones de carne, inform\u00f3 el Consejo Mexicano de la Carne (Comecarne) en nota divulgada el d\u00eda mi\u00e9rcoles, 30 de octubre. El veterinario oficial de la Sagarpa inform\u00f3 que dichos embarques saldr\u00e1n del estado de Sonora donde se realizar\u00e1 la cria y sacrificio animal. Con respecto a la carne porcina, agreg\u00f3 el veterinario, este producto ni sus derivados estar\u00e1n en contacto con ninguna fuente potencial del virus de la peste porcina. La carne porcina provendr\u00e1 de animales inspeccionados antes de la muerte y post mortem veterinaria al momento del sacrificio.&nbsp;&nbsp; Los productos carnicos se originar\u00e1n de establecimientos aprobados oficialmente para sacrificio de animales y funciona bajo supervisi\u00f3n del veterinario oficial, subray\u00f3. Cabe decir que el pa\u00eds azteca no ha registrado casos de enfermedad vesicular de la peste porcina africana, fiebre aftosa ni fiebre vesicular de los cerdos en los \u00faltimos 12 meses. Fuente: Carnetec, 31 de octubre.\" \/>\n<meta property=\"og:url\" content=\"https:\/\/proagrolab.com.ar\/mexico-abre-mercado-de-nueva-zelandia-a-exportaciones-de-carne\/\" \/>\n<meta property=\"og:site_name\" content=\"Proagro\" \/>\n<meta property=\"article:publisher\" content=\"http:\/\/www.facebook.com\/proagrolab\" \/>\n<meta property=\"article:published_time\" content=\"2013-10-31T00:00:01+00:00\" \/>\n<meta property=\"og:image\" content=\"https:\/\/proagrolab.com.ar\/wp-content\/uploads\/2015\/01\/g_midcal6rr__Frigor\u00edfico-2.jpg\" \/>\n\t<meta property=\"og:image:width\" content=\"1\" \/>\n\t<meta property=\"og:image:height\" content=\"1\" \/>\n\t<meta property=\"og:image:type\" content=\"image\/jpeg\" \/>\n<meta name=\"author\" content=\"proagrolab\" \/>\n<meta name=\"twitter:card\" content=\"summary_large_image\" \/>\n<meta name=\"twitter:label1\" content=\"Written by\" \/>\n\t<meta name=\"twitter:data1\" content=\"proagrolab\" \/>\n\t<meta name=\"twitter:label2\" content=\"Est. reading time\" \/>\n\t<meta name=\"twitter:data2\" content=\"1 minute\" \/>\n<script type=\"application\/ld+json\" class=\"yoast-schema-graph\">{\"@context\":\"https:\\\/\\\/schema.org\",\"@graph\":[{\"@type\":\"Article\",\"@id\":\"https:\\\/\\\/proagrolab.com.ar\\\/mexico-abre-mercado-de-nueva-zelandia-a-exportaciones-de-carne\\\/#article\",\"isPartOf\":{\"@id\":\"https:\\\/\\\/proagrolab.com.ar\\\/mexico-abre-mercado-de-nueva-zelandia-a-exportaciones-de-carne\\\/\"},\"author\":{\"name\":\"proagrolab\",\"@id\":\"https:\\\/\\\/proagrolab.com.ar\\\/#\\\/schema\\\/person\\\/38003ff90bf80381f71c7d922d207444\"},\"headline\":\"M\u00e9xico abre mercado de Nueva Zelandia a exportaciones de carne.\",\"datePublished\":\"2013-10-31T00:00:01+00:00\",\"mainEntityOfPage\":{\"@id\":\"https:\\\/\\\/proagrolab.com.ar\\\/mexico-abre-mercado-de-nueva-zelandia-a-exportaciones-de-carne\\\/\"},\"wordCount\":173,\"publisher\":{\"@id\":\"https:\\\/\\\/proagrolab.com.ar\\\/#organization\"},\"image\":{\"@id\":\"https:\\\/\\\/proagrolab.com.ar\\\/mexico-abre-mercado-de-nueva-zelandia-a-exportaciones-de-carne\\\/#primaryimage\"},\"thumbnailUrl\":\"https:\\\/\\\/proagrolab.com.ar\\\/wp-content\\\/uploads\\\/2015\\\/01\\\/g_midcal6rr__Frigor\u00edfico-2.jpg\",\"articleSection\":[\"News\"],\"inLanguage\":\"en-US\"},{\"@type\":\"WebPage\",\"@id\":\"https:\\\/\\\/proagrolab.com.ar\\\/mexico-abre-mercado-de-nueva-zelandia-a-exportaciones-de-carne\\\/\",\"url\":\"https:\\\/\\\/proagrolab.com.ar\\\/mexico-abre-mercado-de-nueva-zelandia-a-exportaciones-de-carne\\\/\",\"name\":\"M\u00e9xico abre mercado de Nueva Zelandia a exportaciones de carne. | Proagro\",\"isPartOf\":{\"@id\":\"https:\\\/\\\/proagrolab.com.ar\\\/#website\"},\"primaryImageOfPage\":{\"@id\":\"https:\\\/\\\/proagrolab.com.ar\\\/mexico-abre-mercado-de-nueva-zelandia-a-exportaciones-de-carne\\\/#primaryimage\"},\"image\":{\"@id\":\"https:\\\/\\\/proagrolab.com.ar\\\/mexico-abre-mercado-de-nueva-zelandia-a-exportaciones-de-carne\\\/#primaryimage\"},\"thumbnailUrl\":\"https:\\\/\\\/proagrolab.com.ar\\\/wp-content\\\/uploads\\\/2015\\\/01\\\/g_midcal6rr__Frigor\u00edfico-2.jpg\",\"datePublished\":\"2013-10-31T00:00:01+00:00\",\"breadcrumb\":{\"@id\":\"https:\\\/\\\/proagrolab.com.ar\\\/mexico-abre-mercado-de-nueva-zelandia-a-exportaciones-de-carne\\\/#breadcrumb\"},\"inLanguage\":\"en-US\",\"potentialAction\":[{\"@type\":\"ReadAction\",\"target\":[\"https:\\\/\\\/proagrolab.com.ar\\\/mexico-abre-mercado-de-nueva-zelandia-a-exportaciones-de-carne\\\/\"]}]},{\"@type\":\"ImageObject\",\"inLanguage\":\"en-US\",\"@id\":\"https:\\\/\\\/proagrolab.com.ar\\\/mexico-abre-mercado-de-nueva-zelandia-a-exportaciones-de-carne\\\/#primaryimage\",\"url\":\"https:\\\/\\\/proagrolab.com.ar\\\/wp-content\\\/uploads\\\/2015\\\/01\\\/g_midcal6rr__Frigor\u00edfico-2.jpg\",\"contentUrl\":\"https:\\\/\\\/proagrolab.com.ar\\\/wp-content\\\/uploads\\\/2015\\\/01\\\/g_midcal6rr__Frigor\u00edfico-2.jpg\"},{\"@type\":\"BreadcrumbList\",\"@id\":\"https:\\\/\\\/proagrolab.com.ar\\\/mexico-abre-mercado-de-nueva-zelandia-a-exportaciones-de-carne\\\/#breadcrumb\",\"itemListElement\":[{\"@type\":\"ListItem\",\"position\":1,\"name\":\"Portada\",\"item\":\"https:\\\/\\\/proagrolab.com.ar\\\/\"},{\"@type\":\"ListItem\",\"position\":2,\"name\":\"M\u00e9xico abre mercado de Nueva Zelandia a exportaciones de carne.\"}]},{\"@type\":\"WebSite\",\"@id\":\"https:\\\/\\\/proagrolab.com.ar\\\/#website\",\"url\":\"https:\\\/\\\/proagrolab.com.ar\\\/\",\"name\":\"Proagro Laboratorio Veterinario\",\"description\":\"Veterinary laboratory\",\"publisher\":{\"@id\":\"https:\\\/\\\/proagrolab.com.ar\\\/#organization\"},\"potentialAction\":[{\"@type\":\"SearchAction\",\"target\":{\"@type\":\"EntryPoint\",\"urlTemplate\":\"https:\\\/\\\/proagrolab.com.ar\\\/?s={search_term_string}\"},\"query-input\":{\"@type\":\"PropertyValueSpecification\",\"valueRequired\":true,\"valueName\":\"search_term_string\"}}],\"inLanguage\":\"en-US\"},{\"@type\":\"Organization\",\"@id\":\"https:\\\/\\\/proagrolab.com.ar\\\/#organization\",\"name\":\"Proagro\",\"url\":\"https:\\\/\\\/proagrolab.com.ar\\\/\",\"logo\":{\"@type\":\"ImageObject\",\"inLanguage\":\"en-US\",\"@id\":\"https:\\\/\\\/proagrolab.com.ar\\\/#\\\/schema\\\/logo\\\/image\\\/\",\"url\":\"https:\\\/\\\/proagrolab.com.ar\\\/wp-content\\\/uploads\\\/2020\\\/04\\\/logo-retina.png\",\"contentUrl\":\"https:\\\/\\\/proagrolab.com.ar\\\/wp-content\\\/uploads\\\/2020\\\/04\\\/logo-retina.png\",\"width\":478,\"height\":120,\"caption\":\"Proagro\"},\"image\":{\"@id\":\"https:\\\/\\\/proagrolab.com.ar\\\/#\\\/schema\\\/logo\\\/image\\\/\"},\"sameAs\":[\"http:\\\/\\\/www.facebook.com\\\/proagrolab\",\"https:\\\/\\\/www.instagram.com\\\/proagrolab\\\/\",\"https:\\\/\\\/www.linkedin.com\\\/company\\\/laboratorio-proagro-s-a\\\/\"]},{\"@type\":\"Person\",\"@id\":\"https:\\\/\\\/proagrolab.com.ar\\\/#\\\/schema\\\/person\\\/38003ff90bf80381f71c7d922d207444\",\"name\":\"proagrolab\"}]}<\/script>\n<!-- \/ Yoast SEO plugin. -->","yoast_head_json":{"title":"M\u00e9xico abre mercado de Nueva Zelandia a exportaciones de carne. | Proagro","robots":{"index":"index","follow":"follow","max-snippet":"max-snippet:-1","max-image-preview":"max-image-preview:large","max-video-preview":"max-video-preview:-1"},"canonical":"https:\/\/proagrolab.com.ar\/en\/mexico-abre-mercado-de-nueva-zelandia-a-exportaciones-de-carne\/","og_locale":"en_US","og_type":"article","og_title":"M\u00e9xico abre mercado de Nueva Zelandia a exportaciones de carne. | Proagro","og_description":"M\u00e9xico oficialmente abri\u00f3 el mercado de Nueva Zelandia a exportaciones de carne, inform\u00f3 el Consejo Mexicano de la Carne (Comecarne) en nota divulgada el d\u00eda mi\u00e9rcoles, 30 de octubre. El veterinario oficial de la Sagarpa inform\u00f3 que dichos embarques saldr\u00e1n del estado de Sonora donde se realizar\u00e1 la cria y sacrificio animal. Con respecto a la carne porcina, agreg\u00f3 el veterinario, este producto ni sus derivados estar\u00e1n en contacto con ninguna fuente potencial del virus de la peste porcina. La carne porcina provendr\u00e1 de animales inspeccionados antes de la muerte y post mortem veterinaria al momento del sacrificio.&nbsp;&nbsp; Los productos carnicos se originar\u00e1n de establecimientos aprobados oficialmente para sacrificio de animales y funciona bajo supervisi\u00f3n del veterinario oficial, subray\u00f3. Cabe decir que el pa\u00eds azteca no ha registrado casos de enfermedad vesicular de la peste porcina africana, fiebre aftosa ni fiebre vesicular de los cerdos en los \u00faltimos 12 meses. Fuente: Carnetec, 31 de octubre.","og_url":"https:\/\/proagrolab.com.ar\/mexico-abre-mercado-de-nueva-zelandia-a-exportaciones-de-carne\/","og_site_name":"Proagro","article_publisher":"http:\/\/www.facebook.com\/proagrolab","article_published_time":"2013-10-31T00:00:01+00:00","og_image":[{"url":"https:\/\/proagrolab.com.ar\/wp-content\/uploads\/2015\/01\/g_midcal6rr__Frigor\u00edfico-2.jpg","width":1,"height":1,"type":"image\/jpeg"}],"author":"proagrolab","twitter_card":"summary_large_image","twitter_misc":{"Written by":"proagrolab","Est. reading time":"1 minute"},"schema":{"@context":"https:\/\/schema.org","@graph":[{"@type":"Article","@id":"https:\/\/proagrolab.com.ar\/mexico-abre-mercado-de-nueva-zelandia-a-exportaciones-de-carne\/#article","isPartOf":{"@id":"https:\/\/proagrolab.com.ar\/mexico-abre-mercado-de-nueva-zelandia-a-exportaciones-de-carne\/"},"author":{"name":"proagrolab","@id":"https:\/\/proagrolab.com.ar\/#\/schema\/person\/38003ff90bf80381f71c7d922d207444"},"headline":"M\u00e9xico abre mercado de Nueva Zelandia a exportaciones de carne.","datePublished":"2013-10-31T00:00:01+00:00","mainEntityOfPage":{"@id":"https:\/\/proagrolab.com.ar\/mexico-abre-mercado-de-nueva-zelandia-a-exportaciones-de-carne\/"},"wordCount":173,"publisher":{"@id":"https:\/\/proagrolab.com.ar\/#organization"},"image":{"@id":"https:\/\/proagrolab.com.ar\/mexico-abre-mercado-de-nueva-zelandia-a-exportaciones-de-carne\/#primaryimage"},"thumbnailUrl":"https:\/\/proagrolab.com.ar\/wp-content\/uploads\/2015\/01\/g_midcal6rr__Frigor\u00edfico-2.jpg","articleSection":["News"],"inLanguage":"en-US"},{"@type":"WebPage","@id":"https:\/\/proagrolab.com.ar\/mexico-abre-mercado-de-nueva-zelandia-a-exportaciones-de-carne\/","url":"https:\/\/proagrolab.com.ar\/mexico-abre-mercado-de-nueva-zelandia-a-exportaciones-de-carne\/","name":"M\u00e9xico abre mercado de Nueva Zelandia a exportaciones de carne. | Proagro","isPartOf":{"@id":"https:\/\/proagrolab.com.ar\/#website"},"primaryImageOfPage":{"@id":"https:\/\/proagrolab.com.ar\/mexico-abre-mercado-de-nueva-zelandia-a-exportaciones-de-carne\/#primaryimage"},"image":{"@id":"https:\/\/proagrolab.com.ar\/mexico-abre-mercado-de-nueva-zelandia-a-exportaciones-de-carne\/#primaryimage"},"thumbnailUrl":"https:\/\/proagrolab.com.ar\/wp-content\/uploads\/2015\/01\/g_midcal6rr__Frigor\u00edfico-2.jpg","datePublished":"2013-10-31T00:00:01+00:00","breadcrumb":{"@id":"https:\/\/proagrolab.com.ar\/mexico-abre-mercado-de-nueva-zelandia-a-exportaciones-de-carne\/#breadcrumb"},"inLanguage":"en-US","potentialAction":[{"@type":"ReadAction","target":["https:\/\/proagrolab.com.ar\/mexico-abre-mercado-de-nueva-zelandia-a-exportaciones-de-carne\/"]}]},{"@type":"ImageObject","inLanguage":"en-US","@id":"https:\/\/proagrolab.com.ar\/mexico-abre-mercado-de-nueva-zelandia-a-exportaciones-de-carne\/#primaryimage","url":"https:\/\/proagrolab.com.ar\/wp-content\/uploads\/2015\/01\/g_midcal6rr__Frigor\u00edfico-2.jpg","contentUrl":"https:\/\/proagrolab.com.ar\/wp-content\/uploads\/2015\/01\/g_midcal6rr__Frigor\u00edfico-2.jpg"},{"@type":"BreadcrumbList","@id":"https:\/\/proagrolab.com.ar\/mexico-abre-mercado-de-nueva-zelandia-a-exportaciones-de-carne\/#breadcrumb","itemListElement":[{"@type":"ListItem","position":1,"name":"Portada","item":"https:\/\/proagrolab.com.ar\/"},{"@type":"ListItem","position":2,"name":"M\u00e9xico abre mercado de Nueva Zelandia a exportaciones de carne."}]},{"@type":"WebSite","@id":"https:\/\/proagrolab.com.ar\/#website","url":"https:\/\/proagrolab.com.ar\/","name":"Proagro Laboratorio Veterinario","description":"Veterinary laboratory","publisher":{"@id":"https:\/\/proagrolab.com.ar\/#organization"},"potentialAction":[{"@type":"SearchAction","target":{"@type":"EntryPoint","urlTemplate":"https:\/\/proagrolab.com.ar\/?s={search_term_string}"},"query-input":{"@type":"PropertyValueSpecification","valueRequired":true,"valueName":"search_term_string"}}],"inLanguage":"en-US"},{"@type":"Organization","@id":"https:\/\/proagrolab.com.ar\/#organization","name":"Proagro","url":"https:\/\/proagrolab.com.ar\/","logo":{"@type":"ImageObject","inLanguage":"en-US","@id":"https:\/\/proagrolab.com.ar\/#\/schema\/logo\/image\/","url":"https:\/\/proagrolab.com.ar\/wp-content\/uploads\/2020\/04\/logo-retina.png","contentUrl":"https:\/\/proagrolab.com.ar\/wp-content\/uploads\/2020\/04\/logo-retina.png","width":478,"height":120,"caption":"Proagro"},"image":{"@id":"https:\/\/proagrolab.com.ar\/#\/schema\/logo\/image\/"},"sameAs":["http:\/\/www.facebook.com\/proagrolab","https:\/\/www.instagram.com\/proagrolab\/","https:\/\/www.linkedin.com\/company\/laboratorio-proagro-s-a\/"]},{"@type":"Person","@id":"https:\/\/proagrolab.com.ar\/#\/schema\/person\/38003ff90bf80381f71c7d922d207444","name":"proagrolab"}]}},"_links":{"self":[{"href":"https:\/\/proagrolab.com.ar\/en\/wp-json\/wp\/v2\/posts\/5784","targetHints":{"allow":["GET"]}}],"collection":[{"href":"https:\/\/proagrolab.com.ar\/en\/wp-json\/wp\/v2\/posts"}],"about":[{"href":"https:\/\/proagrolab.com.ar\/en\/wp-json\/wp\/v2\/types\/post"}],"author":[{"embeddable":true,"href":"https:\/\/proagrolab.com.ar\/en\/wp-json\/wp\/v2\/users\/2"}],"replies":[{"embeddable":true,"href":"https:\/\/proagrolab.com.ar\/en\/wp-json\/wp\/v2\/comments?post=5784"}],"version-history":[{"count":0,"href":"https:\/\/proagrolab.com.ar\/en\/wp-json\/wp\/v2\/posts\/5784\/revisions"}],"wp:featuredmedia":[{"embeddable":true,"href":"https:\/\/proagrolab.com.ar\/en\/wp-json\/wp\/v2\/media\/2272"}],"wp:attachment":[{"href":"https:\/\/proagrolab.com.ar\/en\/wp-json\/wp\/v2\/media?parent=5784"}],"wp:term":[{"taxonomy":"category","embeddable":true,"href":"https:\/\/proagrolab.com.ar\/en\/wp-json\/wp\/v2\/categories?post=5784"},{"taxonomy":"post_tag","embeddable":true,"href":"https:\/\/proagrolab.com.ar\/en\/wp-json\/wp\/v2\/tags?post=5784"}],"curies":[{"name":"wp","href":"https:\/\/api.w.org\/{rel}","templated":true}]}}