{"id":5783,"date":"2013-10-31T00:00:01","date_gmt":"2013-10-31T00:00:01","guid":{"rendered":"https:\/\/proagrolab.com.ar\/la-produccion-de-carne-de-pollo-y-cerdo-sera-el-proximo-salto-economico-de-paraguay\/"},"modified":"2013-10-31T00:00:01","modified_gmt":"2013-10-31T00:00:01","slug":"la-produccion-de-carne-de-pollo-y-cerdo-sera-el-proximo-salto-economico-de-paraguay","status":"publish","type":"post","link":"https:\/\/proagrolab.com.ar\/en\/la-produccion-de-carne-de-pollo-y-cerdo-sera-el-proximo-salto-economico-de-paraguay\/","title":{"rendered":"La producci\u00f3n de carne de pollo y cerdo ser\u00e1 el pr\u00f3ximo salto econ\u00f3mico de Paraguay."},"content":{"rendered":"<p class=\"qtranxs-available-languages-message qtranxs-available-languages-message-en\"> <\/p><p>La producci\u00f3n y exportaci\u00f3n de carne de pollo y cerdo ser\u00e1 el pr\u00f3ximo gran salto econ\u00f3mico de Paraguay en el creciente mercado de alimentos en el mundo, luego de la soja, aceites y harinas, dijo \u00d3scar Stark, titular interino del Ministerio de Industria y Comercio (MIC) del Paraguay en la Expo Paraguay-Brasil.<\/p>\n<p>El destac\u00f3 que el rubro de alimentos es un mercado conocido por los productores paraguayos y de mucha demanda en el mundo.<\/p>\n<p>&#8220;[Paraguay] es uno de m\u00e1s grandes productores de granos y a partir de este a\u00f1o nos convertimos en grandes productores de harina y aceite&#8221;, afirm\u00f3 Stark en el diario ABC Color.<\/p>\n<p>El ejecutivo del MIC agreg\u00f3 que el mercado que m\u00e1s est\u00e1 creciendo a nivel mundial es el de alimentos y principalmente en este tipo de carnes.<\/p>\n<p>Dijo que desarrollar este mercado a la vez tiene un impacto social muy alto en la generaci\u00f3n de empleo, porque normalmente se hace a trav\u00e9s de peque\u00f1os productores que trabajan alrededor de grandes industrias.<\/p>\n<p>\u0093Esas grandes industrias son las que queremos atraer y asociar con las industrias nacionales que est\u00e1n trabajando ya en eso en Paraguay para hacer frente a las demandas del mundo&#8221;, subray\u00f3 Stark.<\/p>\n<p>Fuente: Carnetec, 31 de octubre.<br \/><\/p>","protected":false},"excerpt":{"rendered":"<p>La producci\u00f3n y exportaci\u00f3n de carne de pollo y cerdo ser\u00e1 el pr\u00f3ximo gran salto econ\u00f3mico de Paraguay en el creciente mercado de alimentos en el mundo, luego de la soja, aceites y harinas, dijo \u00d3scar Stark, titular interino del Ministerio de Industria y Comercio (MIC) del Paraguay en la Expo Paraguay-Brasil. El destac\u00f3 que el rubro de alimentos es un mercado conocido por los productores paraguayos y de mucha demanda en el mundo. &#8220;[Paraguay] es uno de m\u00e1s grandes productores de granos y a partir de este a\u00f1o nos convertimos en grandes productores de harina y aceite&#8221;, afirm\u00f3 Stark en el diario ABC Color. El ejecutivo del MIC agreg\u00f3 que el mercado que m\u00e1s est\u00e1 creciendo a nivel mundial es el de alimentos y principalmente en este tipo de carnes. Dijo que desarrollar este mercado a la vez tiene un impacto social muy alto en la generaci\u00f3n de empleo, porque normalmente se hace a trav\u00e9s de peque\u00f1os productores que trabajan alrededor de grandes industrias. \u0093Esas grandes industrias son las que queremos atraer y asociar con las industrias nacionales que est\u00e1n trabajando ya en eso en Paraguay para hacer frente a las demandas del mundo&#8221;, subray\u00f3 Stark. Fuente: Carnetec, 31 [&hellip;]<\/p>\n","protected":false},"author":2,"featured_media":2271,"comment_status":"closed","ping_status":"open","sticky":false,"template":"","format":"standard","meta":{"_acf_changed":false,"footnotes":""},"categories":[56],"tags":[],"class_list":["post-5783","post","type-post","status-publish","format-standard","has-post-thumbnail","hentry","category-infoganadero"],"acf":[],"yoast_head":"<!-- This site is optimized with the Yoast SEO plugin v27.5 - https:\/\/yoast.com\/product\/yoast-seo-wordpress\/ -->\n<title>La producci\u00f3n de carne de pollo y cerdo ser\u00e1 el pr\u00f3ximo salto econ\u00f3mico de Paraguay. | Proagro<\/title>\n<meta name=\"robots\" content=\"index, follow, max-snippet:-1, max-image-preview:large, max-video-preview:-1\" \/>\n<link rel=\"canonical\" href=\"https:\/\/proagrolab.com.ar\/en\/la-produccion-de-carne-de-pollo-y-cerdo-sera-el-proximo-salto-economico-de-paraguay\/\" \/>\n<meta property=\"og:locale\" content=\"en_US\" \/>\n<meta property=\"og:type\" content=\"article\" \/>\n<meta property=\"og:title\" content=\"La producci\u00f3n de carne de pollo y cerdo ser\u00e1 el pr\u00f3ximo salto econ\u00f3mico de Paraguay. | Proagro\" \/>\n<meta property=\"og:description\" content=\"La producci\u00f3n y exportaci\u00f3n de carne de pollo y cerdo ser\u00e1 el pr\u00f3ximo gran salto econ\u00f3mico de Paraguay en el creciente mercado de alimentos en el mundo, luego de la soja, aceites y harinas, dijo \u00d3scar Stark, titular interino del Ministerio de Industria y Comercio (MIC) del Paraguay en la Expo Paraguay-Brasil. El destac\u00f3 que el rubro de alimentos es un mercado conocido por los productores paraguayos y de mucha demanda en el mundo. &#8220;[Paraguay] es uno de m\u00e1s grandes productores de granos y a partir de este a\u00f1o nos convertimos en grandes productores de harina y aceite&#8221;, afirm\u00f3 Stark en el diario ABC Color. El ejecutivo del MIC agreg\u00f3 que el mercado que m\u00e1s est\u00e1 creciendo a nivel mundial es el de alimentos y principalmente en este tipo de carnes. Dijo que desarrollar este mercado a la vez tiene un impacto social muy alto en la generaci\u00f3n de empleo, porque normalmente se hace a trav\u00e9s de peque\u00f1os productores que trabajan alrededor de grandes industrias. \u0093Esas grandes industrias son las que queremos atraer y asociar con las industrias nacionales que est\u00e1n trabajando ya en eso en Paraguay para hacer frente a las demandas del mundo&#8221;, subray\u00f3 Stark. Fuente: Carnetec, 31 [&hellip;]\" \/>\n<meta property=\"og:url\" content=\"https:\/\/proagrolab.com.ar\/la-produccion-de-carne-de-pollo-y-cerdo-sera-el-proximo-salto-economico-de-paraguay\/\" \/>\n<meta property=\"og:site_name\" content=\"Proagro\" \/>\n<meta property=\"article:publisher\" content=\"http:\/\/www.facebook.com\/proagrolab\" \/>\n<meta property=\"article:published_time\" content=\"2013-10-31T00:00:01+00:00\" \/>\n<meta property=\"og:image\" content=\"https:\/\/proagrolab.com.ar\/wp-content\/uploads\/2015\/01\/g_vthxqk6d0__Porcinos-6.jpg\" \/>\n\t<meta property=\"og:image:width\" content=\"450\" \/>\n\t<meta property=\"og:image:height\" content=\"208\" \/>\n\t<meta property=\"og:image:type\" content=\"image\/jpeg\" \/>\n<meta name=\"author\" content=\"proagrolab\" \/>\n<meta name=\"twitter:card\" content=\"summary_large_image\" \/>\n<meta name=\"twitter:label1\" content=\"Written by\" \/>\n\t<meta name=\"twitter:data1\" content=\"proagrolab\" \/>\n\t<meta name=\"twitter:label2\" content=\"Est. reading time\" \/>\n\t<meta name=\"twitter:data2\" content=\"1 minute\" \/>\n<script type=\"application\/ld+json\" class=\"yoast-schema-graph\">{\"@context\":\"https:\\\/\\\/schema.org\",\"@graph\":[{\"@type\":\"Article\",\"@id\":\"https:\\\/\\\/proagrolab.com.ar\\\/la-produccion-de-carne-de-pollo-y-cerdo-sera-el-proximo-salto-economico-de-paraguay\\\/#article\",\"isPartOf\":{\"@id\":\"https:\\\/\\\/proagrolab.com.ar\\\/la-produccion-de-carne-de-pollo-y-cerdo-sera-el-proximo-salto-economico-de-paraguay\\\/\"},\"author\":{\"name\":\"proagrolab\",\"@id\":\"https:\\\/\\\/proagrolab.com.ar\\\/#\\\/schema\\\/person\\\/38003ff90bf80381f71c7d922d207444\"},\"headline\":\"La producci\u00f3n de carne de pollo y cerdo ser\u00e1 el pr\u00f3ximo salto econ\u00f3mico de Paraguay.\",\"datePublished\":\"2013-10-31T00:00:01+00:00\",\"mainEntityOfPage\":{\"@id\":\"https:\\\/\\\/proagrolab.com.ar\\\/la-produccion-de-carne-de-pollo-y-cerdo-sera-el-proximo-salto-economico-de-paraguay\\\/\"},\"wordCount\":230,\"publisher\":{\"@id\":\"https:\\\/\\\/proagrolab.com.ar\\\/#organization\"},\"image\":{\"@id\":\"https:\\\/\\\/proagrolab.com.ar\\\/la-produccion-de-carne-de-pollo-y-cerdo-sera-el-proximo-salto-economico-de-paraguay\\\/#primaryimage\"},\"thumbnailUrl\":\"https:\\\/\\\/proagrolab.com.ar\\\/wp-content\\\/uploads\\\/2015\\\/01\\\/g_vthxqk6d0__Porcinos-6.jpg\",\"articleSection\":[\"News\"],\"inLanguage\":\"en-US\"},{\"@type\":\"WebPage\",\"@id\":\"https:\\\/\\\/proagrolab.com.ar\\\/la-produccion-de-carne-de-pollo-y-cerdo-sera-el-proximo-salto-economico-de-paraguay\\\/\",\"url\":\"https:\\\/\\\/proagrolab.com.ar\\\/la-produccion-de-carne-de-pollo-y-cerdo-sera-el-proximo-salto-economico-de-paraguay\\\/\",\"name\":\"La producci\u00f3n de carne de pollo y cerdo ser\u00e1 el pr\u00f3ximo salto econ\u00f3mico de Paraguay. | Proagro\",\"isPartOf\":{\"@id\":\"https:\\\/\\\/proagrolab.com.ar\\\/#website\"},\"primaryImageOfPage\":{\"@id\":\"https:\\\/\\\/proagrolab.com.ar\\\/la-produccion-de-carne-de-pollo-y-cerdo-sera-el-proximo-salto-economico-de-paraguay\\\/#primaryimage\"},\"image\":{\"@id\":\"https:\\\/\\\/proagrolab.com.ar\\\/la-produccion-de-carne-de-pollo-y-cerdo-sera-el-proximo-salto-economico-de-paraguay\\\/#primaryimage\"},\"thumbnailUrl\":\"https:\\\/\\\/proagrolab.com.ar\\\/wp-content\\\/uploads\\\/2015\\\/01\\\/g_vthxqk6d0__Porcinos-6.jpg\",\"datePublished\":\"2013-10-31T00:00:01+00:00\",\"breadcrumb\":{\"@id\":\"https:\\\/\\\/proagrolab.com.ar\\\/la-produccion-de-carne-de-pollo-y-cerdo-sera-el-proximo-salto-economico-de-paraguay\\\/#breadcrumb\"},\"inLanguage\":\"en-US\",\"potentialAction\":[{\"@type\":\"ReadAction\",\"target\":[\"https:\\\/\\\/proagrolab.com.ar\\\/la-produccion-de-carne-de-pollo-y-cerdo-sera-el-proximo-salto-economico-de-paraguay\\\/\"]}]},{\"@type\":\"ImageObject\",\"inLanguage\":\"en-US\",\"@id\":\"https:\\\/\\\/proagrolab.com.ar\\\/la-produccion-de-carne-de-pollo-y-cerdo-sera-el-proximo-salto-economico-de-paraguay\\\/#primaryimage\",\"url\":\"https:\\\/\\\/proagrolab.com.ar\\\/wp-content\\\/uploads\\\/2015\\\/01\\\/g_vthxqk6d0__Porcinos-6.jpg\",\"contentUrl\":\"https:\\\/\\\/proagrolab.com.ar\\\/wp-content\\\/uploads\\\/2015\\\/01\\\/g_vthxqk6d0__Porcinos-6.jpg\",\"width\":450,\"height\":208},{\"@type\":\"BreadcrumbList\",\"@id\":\"https:\\\/\\\/proagrolab.com.ar\\\/la-produccion-de-carne-de-pollo-y-cerdo-sera-el-proximo-salto-economico-de-paraguay\\\/#breadcrumb\",\"itemListElement\":[{\"@type\":\"ListItem\",\"position\":1,\"name\":\"Portada\",\"item\":\"https:\\\/\\\/proagrolab.com.ar\\\/\"},{\"@type\":\"ListItem\",\"position\":2,\"name\":\"La producci\u00f3n de carne de pollo y cerdo ser\u00e1 el pr\u00f3ximo salto econ\u00f3mico de Paraguay.\"}]},{\"@type\":\"WebSite\",\"@id\":\"https:\\\/\\\/proagrolab.com.ar\\\/#website\",\"url\":\"https:\\\/\\\/proagrolab.com.ar\\\/\",\"name\":\"Proagro Laboratorio Veterinario\",\"description\":\"Veterinary laboratory\",\"publisher\":{\"@id\":\"https:\\\/\\\/proagrolab.com.ar\\\/#organization\"},\"potentialAction\":[{\"@type\":\"SearchAction\",\"target\":{\"@type\":\"EntryPoint\",\"urlTemplate\":\"https:\\\/\\\/proagrolab.com.ar\\\/?s={search_term_string}\"},\"query-input\":{\"@type\":\"PropertyValueSpecification\",\"valueRequired\":true,\"valueName\":\"search_term_string\"}}],\"inLanguage\":\"en-US\"},{\"@type\":\"Organization\",\"@id\":\"https:\\\/\\\/proagrolab.com.ar\\\/#organization\",\"name\":\"Proagro\",\"url\":\"https:\\\/\\\/proagrolab.com.ar\\\/\",\"logo\":{\"@type\":\"ImageObject\",\"inLanguage\":\"en-US\",\"@id\":\"https:\\\/\\\/proagrolab.com.ar\\\/#\\\/schema\\\/logo\\\/image\\\/\",\"url\":\"https:\\\/\\\/proagrolab.com.ar\\\/wp-content\\\/uploads\\\/2020\\\/04\\\/logo-retina.png\",\"contentUrl\":\"https:\\\/\\\/proagrolab.com.ar\\\/wp-content\\\/uploads\\\/2020\\\/04\\\/logo-retina.png\",\"width\":478,\"height\":120,\"caption\":\"Proagro\"},\"image\":{\"@id\":\"https:\\\/\\\/proagrolab.com.ar\\\/#\\\/schema\\\/logo\\\/image\\\/\"},\"sameAs\":[\"http:\\\/\\\/www.facebook.com\\\/proagrolab\",\"https:\\\/\\\/www.instagram.com\\\/proagrolab\\\/\",\"https:\\\/\\\/www.linkedin.com\\\/company\\\/laboratorio-proagro-s-a\\\/\"]},{\"@type\":\"Person\",\"@id\":\"https:\\\/\\\/proagrolab.com.ar\\\/#\\\/schema\\\/person\\\/38003ff90bf80381f71c7d922d207444\",\"name\":\"proagrolab\"}]}<\/script>\n<!-- \/ Yoast SEO plugin. -->","yoast_head_json":{"title":"La producci\u00f3n de carne de pollo y cerdo ser\u00e1 el pr\u00f3ximo salto econ\u00f3mico de Paraguay. | Proagro","robots":{"index":"index","follow":"follow","max-snippet":"max-snippet:-1","max-image-preview":"max-image-preview:large","max-video-preview":"max-video-preview:-1"},"canonical":"https:\/\/proagrolab.com.ar\/en\/la-produccion-de-carne-de-pollo-y-cerdo-sera-el-proximo-salto-economico-de-paraguay\/","og_locale":"en_US","og_type":"article","og_title":"La producci\u00f3n de carne de pollo y cerdo ser\u00e1 el pr\u00f3ximo salto econ\u00f3mico de Paraguay. | Proagro","og_description":"La producci\u00f3n y exportaci\u00f3n de carne de pollo y cerdo ser\u00e1 el pr\u00f3ximo gran salto econ\u00f3mico de Paraguay en el creciente mercado de alimentos en el mundo, luego de la soja, aceites y harinas, dijo \u00d3scar Stark, titular interino del Ministerio de Industria y Comercio (MIC) del Paraguay en la Expo Paraguay-Brasil. El destac\u00f3 que el rubro de alimentos es un mercado conocido por los productores paraguayos y de mucha demanda en el mundo. &#8220;[Paraguay] es uno de m\u00e1s grandes productores de granos y a partir de este a\u00f1o nos convertimos en grandes productores de harina y aceite&#8221;, afirm\u00f3 Stark en el diario ABC Color. El ejecutivo del MIC agreg\u00f3 que el mercado que m\u00e1s est\u00e1 creciendo a nivel mundial es el de alimentos y principalmente en este tipo de carnes. Dijo que desarrollar este mercado a la vez tiene un impacto social muy alto en la generaci\u00f3n de empleo, porque normalmente se hace a trav\u00e9s de peque\u00f1os productores que trabajan alrededor de grandes industrias. \u0093Esas grandes industrias son las que queremos atraer y asociar con las industrias nacionales que est\u00e1n trabajando ya en eso en Paraguay para hacer frente a las demandas del mundo&#8221;, subray\u00f3 Stark. Fuente: Carnetec, 31 [&hellip;]","og_url":"https:\/\/proagrolab.com.ar\/la-produccion-de-carne-de-pollo-y-cerdo-sera-el-proximo-salto-economico-de-paraguay\/","og_site_name":"Proagro","article_publisher":"http:\/\/www.facebook.com\/proagrolab","article_published_time":"2013-10-31T00:00:01+00:00","og_image":[{"width":450,"height":208,"url":"https:\/\/proagrolab.com.ar\/wp-content\/uploads\/2015\/01\/g_vthxqk6d0__Porcinos-6.jpg","type":"image\/jpeg"}],"author":"proagrolab","twitter_card":"summary_large_image","twitter_misc":{"Written by":"proagrolab","Est. reading time":"1 minute"},"schema":{"@context":"https:\/\/schema.org","@graph":[{"@type":"Article","@id":"https:\/\/proagrolab.com.ar\/la-produccion-de-carne-de-pollo-y-cerdo-sera-el-proximo-salto-economico-de-paraguay\/#article","isPartOf":{"@id":"https:\/\/proagrolab.com.ar\/la-produccion-de-carne-de-pollo-y-cerdo-sera-el-proximo-salto-economico-de-paraguay\/"},"author":{"name":"proagrolab","@id":"https:\/\/proagrolab.com.ar\/#\/schema\/person\/38003ff90bf80381f71c7d922d207444"},"headline":"La producci\u00f3n de carne de pollo y cerdo ser\u00e1 el pr\u00f3ximo salto econ\u00f3mico de Paraguay.","datePublished":"2013-10-31T00:00:01+00:00","mainEntityOfPage":{"@id":"https:\/\/proagrolab.com.ar\/la-produccion-de-carne-de-pollo-y-cerdo-sera-el-proximo-salto-economico-de-paraguay\/"},"wordCount":230,"publisher":{"@id":"https:\/\/proagrolab.com.ar\/#organization"},"image":{"@id":"https:\/\/proagrolab.com.ar\/la-produccion-de-carne-de-pollo-y-cerdo-sera-el-proximo-salto-economico-de-paraguay\/#primaryimage"},"thumbnailUrl":"https:\/\/proagrolab.com.ar\/wp-content\/uploads\/2015\/01\/g_vthxqk6d0__Porcinos-6.jpg","articleSection":["News"],"inLanguage":"en-US"},{"@type":"WebPage","@id":"https:\/\/proagrolab.com.ar\/la-produccion-de-carne-de-pollo-y-cerdo-sera-el-proximo-salto-economico-de-paraguay\/","url":"https:\/\/proagrolab.com.ar\/la-produccion-de-carne-de-pollo-y-cerdo-sera-el-proximo-salto-economico-de-paraguay\/","name":"La producci\u00f3n de carne de pollo y cerdo ser\u00e1 el pr\u00f3ximo salto econ\u00f3mico de Paraguay. | Proagro","isPartOf":{"@id":"https:\/\/proagrolab.com.ar\/#website"},"primaryImageOfPage":{"@id":"https:\/\/proagrolab.com.ar\/la-produccion-de-carne-de-pollo-y-cerdo-sera-el-proximo-salto-economico-de-paraguay\/#primaryimage"},"image":{"@id":"https:\/\/proagrolab.com.ar\/la-produccion-de-carne-de-pollo-y-cerdo-sera-el-proximo-salto-economico-de-paraguay\/#primaryimage"},"thumbnailUrl":"https:\/\/proagrolab.com.ar\/wp-content\/uploads\/2015\/01\/g_vthxqk6d0__Porcinos-6.jpg","datePublished":"2013-10-31T00:00:01+00:00","breadcrumb":{"@id":"https:\/\/proagrolab.com.ar\/la-produccion-de-carne-de-pollo-y-cerdo-sera-el-proximo-salto-economico-de-paraguay\/#breadcrumb"},"inLanguage":"en-US","potentialAction":[{"@type":"ReadAction","target":["https:\/\/proagrolab.com.ar\/la-produccion-de-carne-de-pollo-y-cerdo-sera-el-proximo-salto-economico-de-paraguay\/"]}]},{"@type":"ImageObject","inLanguage":"en-US","@id":"https:\/\/proagrolab.com.ar\/la-produccion-de-carne-de-pollo-y-cerdo-sera-el-proximo-salto-economico-de-paraguay\/#primaryimage","url":"https:\/\/proagrolab.com.ar\/wp-content\/uploads\/2015\/01\/g_vthxqk6d0__Porcinos-6.jpg","contentUrl":"https:\/\/proagrolab.com.ar\/wp-content\/uploads\/2015\/01\/g_vthxqk6d0__Porcinos-6.jpg","width":450,"height":208},{"@type":"BreadcrumbList","@id":"https:\/\/proagrolab.com.ar\/la-produccion-de-carne-de-pollo-y-cerdo-sera-el-proximo-salto-economico-de-paraguay\/#breadcrumb","itemListElement":[{"@type":"ListItem","position":1,"name":"Portada","item":"https:\/\/proagrolab.com.ar\/"},{"@type":"ListItem","position":2,"name":"La producci\u00f3n de carne de pollo y cerdo ser\u00e1 el pr\u00f3ximo salto econ\u00f3mico de Paraguay."}]},{"@type":"WebSite","@id":"https:\/\/proagrolab.com.ar\/#website","url":"https:\/\/proagrolab.com.ar\/","name":"Proagro Laboratorio Veterinario","description":"Veterinary laboratory","publisher":{"@id":"https:\/\/proagrolab.com.ar\/#organization"},"potentialAction":[{"@type":"SearchAction","target":{"@type":"EntryPoint","urlTemplate":"https:\/\/proagrolab.com.ar\/?s={search_term_string}"},"query-input":{"@type":"PropertyValueSpecification","valueRequired":true,"valueName":"search_term_string"}}],"inLanguage":"en-US"},{"@type":"Organization","@id":"https:\/\/proagrolab.com.ar\/#organization","name":"Proagro","url":"https:\/\/proagrolab.com.ar\/","logo":{"@type":"ImageObject","inLanguage":"en-US","@id":"https:\/\/proagrolab.com.ar\/#\/schema\/logo\/image\/","url":"https:\/\/proagrolab.com.ar\/wp-content\/uploads\/2020\/04\/logo-retina.png","contentUrl":"https:\/\/proagrolab.com.ar\/wp-content\/uploads\/2020\/04\/logo-retina.png","width":478,"height":120,"caption":"Proagro"},"image":{"@id":"https:\/\/proagrolab.com.ar\/#\/schema\/logo\/image\/"},"sameAs":["http:\/\/www.facebook.com\/proagrolab","https:\/\/www.instagram.com\/proagrolab\/","https:\/\/www.linkedin.com\/company\/laboratorio-proagro-s-a\/"]},{"@type":"Person","@id":"https:\/\/proagrolab.com.ar\/#\/schema\/person\/38003ff90bf80381f71c7d922d207444","name":"proagrolab"}]}},"_links":{"self":[{"href":"https:\/\/proagrolab.com.ar\/en\/wp-json\/wp\/v2\/posts\/5783","targetHints":{"allow":["GET"]}}],"collection":[{"href":"https:\/\/proagrolab.com.ar\/en\/wp-json\/wp\/v2\/posts"}],"about":[{"href":"https:\/\/proagrolab.com.ar\/en\/wp-json\/wp\/v2\/types\/post"}],"author":[{"embeddable":true,"href":"https:\/\/proagrolab.com.ar\/en\/wp-json\/wp\/v2\/users\/2"}],"replies":[{"embeddable":true,"href":"https:\/\/proagrolab.com.ar\/en\/wp-json\/wp\/v2\/comments?post=5783"}],"version-history":[{"count":0,"href":"https:\/\/proagrolab.com.ar\/en\/wp-json\/wp\/v2\/posts\/5783\/revisions"}],"wp:featuredmedia":[{"embeddable":true,"href":"https:\/\/proagrolab.com.ar\/en\/wp-json\/wp\/v2\/media\/2271"}],"wp:attachment":[{"href":"https:\/\/proagrolab.com.ar\/en\/wp-json\/wp\/v2\/media?parent=5783"}],"wp:term":[{"taxonomy":"category","embeddable":true,"href":"https:\/\/proagrolab.com.ar\/en\/wp-json\/wp\/v2\/categories?post=5783"},{"taxonomy":"post_tag","embeddable":true,"href":"https:\/\/proagrolab.com.ar\/en\/wp-json\/wp\/v2\/tags?post=5783"}],"curies":[{"name":"wp","href":"https:\/\/api.w.org\/{rel}","templated":true}]}}