{"id":5781,"date":"2013-10-31T00:00:01","date_gmt":"2013-10-31T00:00:01","guid":{"rendered":"https:\/\/proagrolab.com.ar\/uruguay-conflicto-en-puerto-de-montevideo-amenaza-las-exportaciones-de-carne\/"},"modified":"2013-10-31T00:00:01","modified_gmt":"2013-10-31T00:00:01","slug":"uruguay-conflicto-en-puerto-de-montevideo-amenaza-las-exportaciones-de-carne","status":"publish","type":"post","link":"https:\/\/proagrolab.com.ar\/en\/uruguay-conflicto-en-puerto-de-montevideo-amenaza-las-exportaciones-de-carne\/","title":{"rendered":"Uruguay: Conflicto en puerto de Montevideo amenaza las exportaciones de carne."},"content":{"rendered":"<p class=\"qtranxs-available-languages-message qtranxs-available-languages-message-en\"> <\/p><p>Existe enorme preocupaci\u00f3n en la industria de la carne porque, a ra\u00edz de la conflictividad que impera en el puerto de Montevideo, hay desde hace 20 d\u00edas contenedores de carne que no han podido embarcarse para la exportaci\u00f3n, dijeron a El Observador fuentes industriales.<\/p>\n<p>&#8220;La situaci\u00f3n se podr\u00eda agravar con la paralizaci\u00f3n total del transporte terrestre, que se anuncia como posible a partir del pr\u00f3ximo lunes&#8221;, acotaron los informantes.<\/p>\n<p>Frente a las dificultades operativas de la actividad portuaria, hay barcos que contin\u00faan viaje a Brasil sin levantar las cargas en Uruguay, que incluyen mercader\u00eda perecedera como la carne fresca, que tiene una vida \u00fatil de 120 d\u00edas. <\/p>\n<p>Por otra parte, hay agencias que comunicaron que no ingresar\u00e1n los buques al puerto de Montevideo, y seguir\u00e1n hacia Brasil para operar con normalidad, seg\u00fan revel\u00f3 al programa Tiempo de cambio, de radio Rural, el presidente de la C\u00e1mara de la Industria Frigor\u00edfica (CIF), Alberto Gonz\u00e1lez.<\/p>\n<p>Pero, adem\u00e1s, hay carne congelada en otros contenedores que, si bien tiene una vida \u00fatil mayor a la carne fresca, los negocios que han sido concertados por empresas del pa\u00eds se ver\u00e1n afectados y ello puede derivar en demandas jur\u00eddicas.<\/p>\n<p>Tambi\u00e9n como consecuencia de esta situaci\u00f3n hay carne que est\u00e1 en los contenedores esperando para ser embarcada desde los primeros d\u00edas de octubre. Seg\u00fan Gonz\u00e1lez, los importadores de este producto solicitan a los industriales uruguayos que no sigan produciendo carne con esos destinos comerciales porque la salida est\u00e1 trabada, explic\u00f3 el dirigente.<\/p>\n<p>Fuente: Carnetec, 31 de octubre.<br \/><\/p>","protected":false},"excerpt":{"rendered":"<p>Existe enorme preocupaci\u00f3n en la industria de la carne porque, a ra\u00edz de la conflictividad que impera en el puerto de Montevideo, hay desde hace 20 d\u00edas contenedores de carne que no han podido embarcarse para la exportaci\u00f3n, dijeron a El Observador fuentes industriales. &#8220;La situaci\u00f3n se podr\u00eda agravar con la paralizaci\u00f3n total del transporte terrestre, que se anuncia como posible a partir del pr\u00f3ximo lunes&#8221;, acotaron los informantes. Frente a las dificultades operativas de la actividad portuaria, hay barcos que contin\u00faan viaje a Brasil sin levantar las cargas en Uruguay, que incluyen mercader\u00eda perecedera como la carne fresca, que tiene una vida \u00fatil de 120 d\u00edas. Por otra parte, hay agencias que comunicaron que no ingresar\u00e1n los buques al puerto de Montevideo, y seguir\u00e1n hacia Brasil para operar con normalidad, seg\u00fan revel\u00f3 al programa Tiempo de cambio, de radio Rural, el presidente de la C\u00e1mara de la Industria Frigor\u00edfica (CIF), Alberto Gonz\u00e1lez. Pero, adem\u00e1s, hay carne congelada en otros contenedores que, si bien tiene una vida \u00fatil mayor a la carne fresca, los negocios que han sido concertados por empresas del pa\u00eds se ver\u00e1n afectados y ello puede derivar en demandas jur\u00eddicas. Tambi\u00e9n como consecuencia de esta situaci\u00f3n hay [&hellip;]<\/p>\n","protected":false},"author":2,"featured_media":2269,"comment_status":"closed","ping_status":"open","sticky":false,"template":"","format":"standard","meta":{"_acf_changed":false,"footnotes":""},"categories":[56],"tags":[],"class_list":["post-5781","post","type-post","status-publish","format-standard","has-post-thumbnail","hentry","category-infoganadero"],"acf":[],"yoast_head":"<!-- This site is optimized with the Yoast SEO plugin v27.5 - https:\/\/yoast.com\/product\/yoast-seo-wordpress\/ -->\n<title>Uruguay: Conflicto en puerto de Montevideo amenaza las exportaciones de carne. | Proagro<\/title>\n<meta name=\"robots\" content=\"index, follow, max-snippet:-1, max-image-preview:large, max-video-preview:-1\" \/>\n<link rel=\"canonical\" href=\"https:\/\/proagrolab.com.ar\/en\/uruguay-conflicto-en-puerto-de-montevideo-amenaza-las-exportaciones-de-carne\/\" \/>\n<meta property=\"og:locale\" content=\"en_US\" \/>\n<meta property=\"og:type\" content=\"article\" \/>\n<meta property=\"og:title\" content=\"Uruguay: Conflicto en puerto de Montevideo amenaza las exportaciones de carne. | Proagro\" \/>\n<meta property=\"og:description\" content=\"Existe enorme preocupaci\u00f3n en la industria de la carne porque, a ra\u00edz de la conflictividad que impera en el puerto de Montevideo, hay desde hace 20 d\u00edas contenedores de carne que no han podido embarcarse para la exportaci\u00f3n, dijeron a El Observador fuentes industriales. &#8220;La situaci\u00f3n se podr\u00eda agravar con la paralizaci\u00f3n total del transporte terrestre, que se anuncia como posible a partir del pr\u00f3ximo lunes&#8221;, acotaron los informantes. Frente a las dificultades operativas de la actividad portuaria, hay barcos que contin\u00faan viaje a Brasil sin levantar las cargas en Uruguay, que incluyen mercader\u00eda perecedera como la carne fresca, que tiene una vida \u00fatil de 120 d\u00edas. Por otra parte, hay agencias que comunicaron que no ingresar\u00e1n los buques al puerto de Montevideo, y seguir\u00e1n hacia Brasil para operar con normalidad, seg\u00fan revel\u00f3 al programa Tiempo de cambio, de radio Rural, el presidente de la C\u00e1mara de la Industria Frigor\u00edfica (CIF), Alberto Gonz\u00e1lez. Pero, adem\u00e1s, hay carne congelada en otros contenedores que, si bien tiene una vida \u00fatil mayor a la carne fresca, los negocios que han sido concertados por empresas del pa\u00eds se ver\u00e1n afectados y ello puede derivar en demandas jur\u00eddicas. Tambi\u00e9n como consecuencia de esta situaci\u00f3n hay [&hellip;]\" \/>\n<meta property=\"og:url\" content=\"https:\/\/proagrolab.com.ar\/uruguay-conflicto-en-puerto-de-montevideo-amenaza-las-exportaciones-de-carne\/\" \/>\n<meta property=\"og:site_name\" content=\"Proagro\" \/>\n<meta property=\"article:publisher\" content=\"http:\/\/www.facebook.com\/proagrolab\" \/>\n<meta property=\"article:published_time\" content=\"2013-10-31T00:00:01+00:00\" \/>\n<meta property=\"og:image\" content=\"https:\/\/proagrolab.com.ar\/wp-content\/uploads\/2015\/01\/g_jfq59edgk__Frigor\u00edfico-5.jpg\" \/>\n\t<meta property=\"og:image:width\" content=\"1\" \/>\n\t<meta property=\"og:image:height\" content=\"1\" \/>\n\t<meta property=\"og:image:type\" content=\"image\/jpeg\" \/>\n<meta name=\"author\" content=\"proagrolab\" \/>\n<meta name=\"twitter:card\" content=\"summary_large_image\" \/>\n<meta name=\"twitter:label1\" content=\"Written by\" \/>\n\t<meta name=\"twitter:data1\" content=\"proagrolab\" \/>\n\t<meta name=\"twitter:label2\" content=\"Est. reading time\" \/>\n\t<meta name=\"twitter:data2\" content=\"1 minute\" \/>\n<script type=\"application\/ld+json\" class=\"yoast-schema-graph\">{\"@context\":\"https:\\\/\\\/schema.org\",\"@graph\":[{\"@type\":\"Article\",\"@id\":\"https:\\\/\\\/proagrolab.com.ar\\\/uruguay-conflicto-en-puerto-de-montevideo-amenaza-las-exportaciones-de-carne\\\/#article\",\"isPartOf\":{\"@id\":\"https:\\\/\\\/proagrolab.com.ar\\\/uruguay-conflicto-en-puerto-de-montevideo-amenaza-las-exportaciones-de-carne\\\/\"},\"author\":{\"name\":\"proagrolab\",\"@id\":\"https:\\\/\\\/proagrolab.com.ar\\\/#\\\/schema\\\/person\\\/38003ff90bf80381f71c7d922d207444\"},\"headline\":\"Uruguay: Conflicto en puerto de Montevideo amenaza las exportaciones de carne.\",\"datePublished\":\"2013-10-31T00:00:01+00:00\",\"mainEntityOfPage\":{\"@id\":\"https:\\\/\\\/proagrolab.com.ar\\\/uruguay-conflicto-en-puerto-de-montevideo-amenaza-las-exportaciones-de-carne\\\/\"},\"wordCount\":284,\"publisher\":{\"@id\":\"https:\\\/\\\/proagrolab.com.ar\\\/#organization\"},\"image\":{\"@id\":\"https:\\\/\\\/proagrolab.com.ar\\\/uruguay-conflicto-en-puerto-de-montevideo-amenaza-las-exportaciones-de-carne\\\/#primaryimage\"},\"thumbnailUrl\":\"https:\\\/\\\/proagrolab.com.ar\\\/wp-content\\\/uploads\\\/2015\\\/01\\\/g_jfq59edgk__Frigor\u00edfico-5.jpg\",\"articleSection\":[\"News\"],\"inLanguage\":\"en-US\"},{\"@type\":\"WebPage\",\"@id\":\"https:\\\/\\\/proagrolab.com.ar\\\/uruguay-conflicto-en-puerto-de-montevideo-amenaza-las-exportaciones-de-carne\\\/\",\"url\":\"https:\\\/\\\/proagrolab.com.ar\\\/uruguay-conflicto-en-puerto-de-montevideo-amenaza-las-exportaciones-de-carne\\\/\",\"name\":\"Uruguay: Conflicto en puerto de Montevideo amenaza las exportaciones de carne. | Proagro\",\"isPartOf\":{\"@id\":\"https:\\\/\\\/proagrolab.com.ar\\\/#website\"},\"primaryImageOfPage\":{\"@id\":\"https:\\\/\\\/proagrolab.com.ar\\\/uruguay-conflicto-en-puerto-de-montevideo-amenaza-las-exportaciones-de-carne\\\/#primaryimage\"},\"image\":{\"@id\":\"https:\\\/\\\/proagrolab.com.ar\\\/uruguay-conflicto-en-puerto-de-montevideo-amenaza-las-exportaciones-de-carne\\\/#primaryimage\"},\"thumbnailUrl\":\"https:\\\/\\\/proagrolab.com.ar\\\/wp-content\\\/uploads\\\/2015\\\/01\\\/g_jfq59edgk__Frigor\u00edfico-5.jpg\",\"datePublished\":\"2013-10-31T00:00:01+00:00\",\"breadcrumb\":{\"@id\":\"https:\\\/\\\/proagrolab.com.ar\\\/uruguay-conflicto-en-puerto-de-montevideo-amenaza-las-exportaciones-de-carne\\\/#breadcrumb\"},\"inLanguage\":\"en-US\",\"potentialAction\":[{\"@type\":\"ReadAction\",\"target\":[\"https:\\\/\\\/proagrolab.com.ar\\\/uruguay-conflicto-en-puerto-de-montevideo-amenaza-las-exportaciones-de-carne\\\/\"]}]},{\"@type\":\"ImageObject\",\"inLanguage\":\"en-US\",\"@id\":\"https:\\\/\\\/proagrolab.com.ar\\\/uruguay-conflicto-en-puerto-de-montevideo-amenaza-las-exportaciones-de-carne\\\/#primaryimage\",\"url\":\"https:\\\/\\\/proagrolab.com.ar\\\/wp-content\\\/uploads\\\/2015\\\/01\\\/g_jfq59edgk__Frigor\u00edfico-5.jpg\",\"contentUrl\":\"https:\\\/\\\/proagrolab.com.ar\\\/wp-content\\\/uploads\\\/2015\\\/01\\\/g_jfq59edgk__Frigor\u00edfico-5.jpg\"},{\"@type\":\"BreadcrumbList\",\"@id\":\"https:\\\/\\\/proagrolab.com.ar\\\/uruguay-conflicto-en-puerto-de-montevideo-amenaza-las-exportaciones-de-carne\\\/#breadcrumb\",\"itemListElement\":[{\"@type\":\"ListItem\",\"position\":1,\"name\":\"Portada\",\"item\":\"https:\\\/\\\/proagrolab.com.ar\\\/\"},{\"@type\":\"ListItem\",\"position\":2,\"name\":\"Uruguay: Conflicto en puerto de Montevideo amenaza las exportaciones de carne.\"}]},{\"@type\":\"WebSite\",\"@id\":\"https:\\\/\\\/proagrolab.com.ar\\\/#website\",\"url\":\"https:\\\/\\\/proagrolab.com.ar\\\/\",\"name\":\"Proagro Laboratorio Veterinario\",\"description\":\"Veterinary laboratory\",\"publisher\":{\"@id\":\"https:\\\/\\\/proagrolab.com.ar\\\/#organization\"},\"potentialAction\":[{\"@type\":\"SearchAction\",\"target\":{\"@type\":\"EntryPoint\",\"urlTemplate\":\"https:\\\/\\\/proagrolab.com.ar\\\/?s={search_term_string}\"},\"query-input\":{\"@type\":\"PropertyValueSpecification\",\"valueRequired\":true,\"valueName\":\"search_term_string\"}}],\"inLanguage\":\"en-US\"},{\"@type\":\"Organization\",\"@id\":\"https:\\\/\\\/proagrolab.com.ar\\\/#organization\",\"name\":\"Proagro\",\"url\":\"https:\\\/\\\/proagrolab.com.ar\\\/\",\"logo\":{\"@type\":\"ImageObject\",\"inLanguage\":\"en-US\",\"@id\":\"https:\\\/\\\/proagrolab.com.ar\\\/#\\\/schema\\\/logo\\\/image\\\/\",\"url\":\"https:\\\/\\\/proagrolab.com.ar\\\/wp-content\\\/uploads\\\/2020\\\/04\\\/logo-retina.png\",\"contentUrl\":\"https:\\\/\\\/proagrolab.com.ar\\\/wp-content\\\/uploads\\\/2020\\\/04\\\/logo-retina.png\",\"width\":478,\"height\":120,\"caption\":\"Proagro\"},\"image\":{\"@id\":\"https:\\\/\\\/proagrolab.com.ar\\\/#\\\/schema\\\/logo\\\/image\\\/\"},\"sameAs\":[\"http:\\\/\\\/www.facebook.com\\\/proagrolab\",\"https:\\\/\\\/www.instagram.com\\\/proagrolab\\\/\",\"https:\\\/\\\/www.linkedin.com\\\/company\\\/laboratorio-proagro-s-a\\\/\"]},{\"@type\":\"Person\",\"@id\":\"https:\\\/\\\/proagrolab.com.ar\\\/#\\\/schema\\\/person\\\/38003ff90bf80381f71c7d922d207444\",\"name\":\"proagrolab\"}]}<\/script>\n<!-- \/ Yoast SEO plugin. -->","yoast_head_json":{"title":"Uruguay: Conflicto en puerto de Montevideo amenaza las exportaciones de carne. | Proagro","robots":{"index":"index","follow":"follow","max-snippet":"max-snippet:-1","max-image-preview":"max-image-preview:large","max-video-preview":"max-video-preview:-1"},"canonical":"https:\/\/proagrolab.com.ar\/en\/uruguay-conflicto-en-puerto-de-montevideo-amenaza-las-exportaciones-de-carne\/","og_locale":"en_US","og_type":"article","og_title":"Uruguay: Conflicto en puerto de Montevideo amenaza las exportaciones de carne. | Proagro","og_description":"Existe enorme preocupaci\u00f3n en la industria de la carne porque, a ra\u00edz de la conflictividad que impera en el puerto de Montevideo, hay desde hace 20 d\u00edas contenedores de carne que no han podido embarcarse para la exportaci\u00f3n, dijeron a El Observador fuentes industriales. &#8220;La situaci\u00f3n se podr\u00eda agravar con la paralizaci\u00f3n total del transporte terrestre, que se anuncia como posible a partir del pr\u00f3ximo lunes&#8221;, acotaron los informantes. Frente a las dificultades operativas de la actividad portuaria, hay barcos que contin\u00faan viaje a Brasil sin levantar las cargas en Uruguay, que incluyen mercader\u00eda perecedera como la carne fresca, que tiene una vida \u00fatil de 120 d\u00edas. Por otra parte, hay agencias que comunicaron que no ingresar\u00e1n los buques al puerto de Montevideo, y seguir\u00e1n hacia Brasil para operar con normalidad, seg\u00fan revel\u00f3 al programa Tiempo de cambio, de radio Rural, el presidente de la C\u00e1mara de la Industria Frigor\u00edfica (CIF), Alberto Gonz\u00e1lez. Pero, adem\u00e1s, hay carne congelada en otros contenedores que, si bien tiene una vida \u00fatil mayor a la carne fresca, los negocios que han sido concertados por empresas del pa\u00eds se ver\u00e1n afectados y ello puede derivar en demandas jur\u00eddicas. Tambi\u00e9n como consecuencia de esta situaci\u00f3n hay [&hellip;]","og_url":"https:\/\/proagrolab.com.ar\/uruguay-conflicto-en-puerto-de-montevideo-amenaza-las-exportaciones-de-carne\/","og_site_name":"Proagro","article_publisher":"http:\/\/www.facebook.com\/proagrolab","article_published_time":"2013-10-31T00:00:01+00:00","og_image":[{"url":"https:\/\/proagrolab.com.ar\/wp-content\/uploads\/2015\/01\/g_jfq59edgk__Frigor\u00edfico-5.jpg","width":1,"height":1,"type":"image\/jpeg"}],"author":"proagrolab","twitter_card":"summary_large_image","twitter_misc":{"Written by":"proagrolab","Est. reading time":"1 minute"},"schema":{"@context":"https:\/\/schema.org","@graph":[{"@type":"Article","@id":"https:\/\/proagrolab.com.ar\/uruguay-conflicto-en-puerto-de-montevideo-amenaza-las-exportaciones-de-carne\/#article","isPartOf":{"@id":"https:\/\/proagrolab.com.ar\/uruguay-conflicto-en-puerto-de-montevideo-amenaza-las-exportaciones-de-carne\/"},"author":{"name":"proagrolab","@id":"https:\/\/proagrolab.com.ar\/#\/schema\/person\/38003ff90bf80381f71c7d922d207444"},"headline":"Uruguay: Conflicto en puerto de Montevideo amenaza las exportaciones de carne.","datePublished":"2013-10-31T00:00:01+00:00","mainEntityOfPage":{"@id":"https:\/\/proagrolab.com.ar\/uruguay-conflicto-en-puerto-de-montevideo-amenaza-las-exportaciones-de-carne\/"},"wordCount":284,"publisher":{"@id":"https:\/\/proagrolab.com.ar\/#organization"},"image":{"@id":"https:\/\/proagrolab.com.ar\/uruguay-conflicto-en-puerto-de-montevideo-amenaza-las-exportaciones-de-carne\/#primaryimage"},"thumbnailUrl":"https:\/\/proagrolab.com.ar\/wp-content\/uploads\/2015\/01\/g_jfq59edgk__Frigor\u00edfico-5.jpg","articleSection":["News"],"inLanguage":"en-US"},{"@type":"WebPage","@id":"https:\/\/proagrolab.com.ar\/uruguay-conflicto-en-puerto-de-montevideo-amenaza-las-exportaciones-de-carne\/","url":"https:\/\/proagrolab.com.ar\/uruguay-conflicto-en-puerto-de-montevideo-amenaza-las-exportaciones-de-carne\/","name":"Uruguay: Conflicto en puerto de Montevideo amenaza las exportaciones de carne. | Proagro","isPartOf":{"@id":"https:\/\/proagrolab.com.ar\/#website"},"primaryImageOfPage":{"@id":"https:\/\/proagrolab.com.ar\/uruguay-conflicto-en-puerto-de-montevideo-amenaza-las-exportaciones-de-carne\/#primaryimage"},"image":{"@id":"https:\/\/proagrolab.com.ar\/uruguay-conflicto-en-puerto-de-montevideo-amenaza-las-exportaciones-de-carne\/#primaryimage"},"thumbnailUrl":"https:\/\/proagrolab.com.ar\/wp-content\/uploads\/2015\/01\/g_jfq59edgk__Frigor\u00edfico-5.jpg","datePublished":"2013-10-31T00:00:01+00:00","breadcrumb":{"@id":"https:\/\/proagrolab.com.ar\/uruguay-conflicto-en-puerto-de-montevideo-amenaza-las-exportaciones-de-carne\/#breadcrumb"},"inLanguage":"en-US","potentialAction":[{"@type":"ReadAction","target":["https:\/\/proagrolab.com.ar\/uruguay-conflicto-en-puerto-de-montevideo-amenaza-las-exportaciones-de-carne\/"]}]},{"@type":"ImageObject","inLanguage":"en-US","@id":"https:\/\/proagrolab.com.ar\/uruguay-conflicto-en-puerto-de-montevideo-amenaza-las-exportaciones-de-carne\/#primaryimage","url":"https:\/\/proagrolab.com.ar\/wp-content\/uploads\/2015\/01\/g_jfq59edgk__Frigor\u00edfico-5.jpg","contentUrl":"https:\/\/proagrolab.com.ar\/wp-content\/uploads\/2015\/01\/g_jfq59edgk__Frigor\u00edfico-5.jpg"},{"@type":"BreadcrumbList","@id":"https:\/\/proagrolab.com.ar\/uruguay-conflicto-en-puerto-de-montevideo-amenaza-las-exportaciones-de-carne\/#breadcrumb","itemListElement":[{"@type":"ListItem","position":1,"name":"Portada","item":"https:\/\/proagrolab.com.ar\/"},{"@type":"ListItem","position":2,"name":"Uruguay: Conflicto en puerto de Montevideo amenaza las exportaciones de carne."}]},{"@type":"WebSite","@id":"https:\/\/proagrolab.com.ar\/#website","url":"https:\/\/proagrolab.com.ar\/","name":"Proagro Laboratorio Veterinario","description":"Veterinary laboratory","publisher":{"@id":"https:\/\/proagrolab.com.ar\/#organization"},"potentialAction":[{"@type":"SearchAction","target":{"@type":"EntryPoint","urlTemplate":"https:\/\/proagrolab.com.ar\/?s={search_term_string}"},"query-input":{"@type":"PropertyValueSpecification","valueRequired":true,"valueName":"search_term_string"}}],"inLanguage":"en-US"},{"@type":"Organization","@id":"https:\/\/proagrolab.com.ar\/#organization","name":"Proagro","url":"https:\/\/proagrolab.com.ar\/","logo":{"@type":"ImageObject","inLanguage":"en-US","@id":"https:\/\/proagrolab.com.ar\/#\/schema\/logo\/image\/","url":"https:\/\/proagrolab.com.ar\/wp-content\/uploads\/2020\/04\/logo-retina.png","contentUrl":"https:\/\/proagrolab.com.ar\/wp-content\/uploads\/2020\/04\/logo-retina.png","width":478,"height":120,"caption":"Proagro"},"image":{"@id":"https:\/\/proagrolab.com.ar\/#\/schema\/logo\/image\/"},"sameAs":["http:\/\/www.facebook.com\/proagrolab","https:\/\/www.instagram.com\/proagrolab\/","https:\/\/www.linkedin.com\/company\/laboratorio-proagro-s-a\/"]},{"@type":"Person","@id":"https:\/\/proagrolab.com.ar\/#\/schema\/person\/38003ff90bf80381f71c7d922d207444","name":"proagrolab"}]}},"_links":{"self":[{"href":"https:\/\/proagrolab.com.ar\/en\/wp-json\/wp\/v2\/posts\/5781","targetHints":{"allow":["GET"]}}],"collection":[{"href":"https:\/\/proagrolab.com.ar\/en\/wp-json\/wp\/v2\/posts"}],"about":[{"href":"https:\/\/proagrolab.com.ar\/en\/wp-json\/wp\/v2\/types\/post"}],"author":[{"embeddable":true,"href":"https:\/\/proagrolab.com.ar\/en\/wp-json\/wp\/v2\/users\/2"}],"replies":[{"embeddable":true,"href":"https:\/\/proagrolab.com.ar\/en\/wp-json\/wp\/v2\/comments?post=5781"}],"version-history":[{"count":0,"href":"https:\/\/proagrolab.com.ar\/en\/wp-json\/wp\/v2\/posts\/5781\/revisions"}],"wp:featuredmedia":[{"embeddable":true,"href":"https:\/\/proagrolab.com.ar\/en\/wp-json\/wp\/v2\/media\/2269"}],"wp:attachment":[{"href":"https:\/\/proagrolab.com.ar\/en\/wp-json\/wp\/v2\/media?parent=5781"}],"wp:term":[{"taxonomy":"category","embeddable":true,"href":"https:\/\/proagrolab.com.ar\/en\/wp-json\/wp\/v2\/categories?post=5781"},{"taxonomy":"post_tag","embeddable":true,"href":"https:\/\/proagrolab.com.ar\/en\/wp-json\/wp\/v2\/tags?post=5781"}],"curies":[{"name":"wp","href":"https:\/\/api.w.org\/{rel}","templated":true}]}}