{"id":5779,"date":"2013-10-31T00:00:01","date_gmt":"2013-10-31T00:00:01","guid":{"rendered":"https:\/\/proagrolab.com.ar\/afirman-que-el-rodeo-vacuno-tendra-un-millon-de-cabezas-menos\/"},"modified":"2013-10-31T00:00:01","modified_gmt":"2013-10-31T00:00:01","slug":"afirman-que-el-rodeo-vacuno-tendra-un-millon-de-cabezas-menos","status":"publish","type":"post","link":"https:\/\/proagrolab.com.ar\/en\/afirman-que-el-rodeo-vacuno-tendra-un-millon-de-cabezas-menos\/","title":{"rendered":"Afirman que el rodeo vacuno tendr\u00e1 un mill\u00f3n de cabezas menos."},"content":{"rendered":"<p class=\"qtranxs-available-languages-message qtranxs-available-languages-message-en\"> <\/p><p>Este a\u00f1o se aceler\u00f3 la faena, en especial de hembras; Moreno orden\u00f3 que se controle que no se maten animales chicos.<\/p>\n<p>Por Fernando Bertello.<\/p>\n<p>La ganader\u00eda argentina podr\u00eda perder, a fines de este a\u00f1o, un mill\u00f3n de cabezas de su rodeo bovino. Es una luz de alerta luego de que, entre 2007 y 2010, el stock se achicara en 10 millones de cabezas por la intervenci\u00f3n del Gobierno en el mercado de la carne y por una sequ\u00eda atroz.<\/p>\n<p>La nueva reducci\u00f3n del stock vacuno, calculada exactamente en 1,02 millones de cabezas, fue advertida por el productor N\u00e9stor Roulet en un informe que analiza la faena acumulada en el per\u00edodo enero septiembre de 2013, la compara con igual lapso de 2012 y se proyecta para el resto del a\u00f1o.<\/p>\n<p>De acuerdo con el estudio, entre julio y septiembre pasado se aceler\u00f3 el crecimiento de la faena bovina y el acumulado enero<\/p>\n<p>septiembre termin\u00f3 en 9.575.451 cabezas. Eso representa una suba de 12,6% respecto de enero\/septiembre del a\u00f1o pasado. Seg\u00fan el informe, de continuar esta tendencia, este a\u00f1o cerrar\u00e1 con una faena de 13.068.040 cabezas, 1,46 millones m\u00e1s que en 2012.<\/p>\n<p>En este contexto, si se toma el stock inicial de 2013, de 50,89 millones de cabezas, y a esta cifra se le restan una mortandad del 3% (1,52 millones de cabezas) y la faena total estimada en casi 13,7 millones de cabezas, para luego sumar una producci\u00f3n de terneros de 13,57 millones de animales, la cuenta da que el rodeo final de 2013 ser\u00eda de 49,87 millones de animales. Es decir, 1,02 millones de cabezas menos que el stock al comienzo del a\u00f1o.<\/p>\n<p>Vale recordar que tras caer de 58 a 48 millones de cabezas entre 2007 y 2010, el rodeo logr\u00f3 recuperarse hasta los 50,89 millones que menciona Roulet.<\/p>\n<p>El nuevo achicamiento proyectado del stock tiene que ver no s\u00f3lo con que se aceler\u00f3 la faena en general, sino que este fen\u00f3meno es notorio en las hembras, lo que significa que el productor deja de guard\u00e1rselas y no apuesta a un crecimiento del rodeo. La participaci\u00f3n de las hembras lleg\u00f3 en septiembre al umbral cr\u00edtico del 43 por ciento, un punto y medio m\u00e1s que en igual mes del a\u00f1o pasado, seg\u00fan la C\u00e1mara de la Industria y el Comercio de Carnes (Ciccra).<\/p>\n<p><i>Un control m\u00e1s<\/i><br \/>&#8220;Hay m\u00e1s participaci\u00f3n de las hembras porque no es negocio la ganader\u00eda. Por ejemplo, entre enero y agosto de 2013 se faenaron 564.379 hembras m\u00e1s que en el mismo per\u00edodo de 2012. Si prorrateamos el aumento de faena mensual para el resto del a\u00f1o, 2013 finalizar\u00e1 con un incremento de 846.568 hembras faenadas con respeto al a\u00f1o pasado&#8221;, explica Roulet.<\/p>\n<p>Anteayer, en una reuni\u00f3n con exportadores y sindicatos de empleados de frigor\u00edficos para avanzar, como ya adelant\u00f3 LA NACION, en una rebaja de las retenciones a la carne, al secretario de Comercio Interior, Guillermo Moreno, le acercaron la informaci\u00f3n de que no se estaba respetando el peso m\u00ednimo de 300 kilos con los cuales los animales deben ir a faena en pie. Y adem\u00e1s le informaron que entre los animales que iban a faena con menos de 300 kilos hab\u00eda muchas hembras.<\/p>\n<p>Enseguida, Moreno orden\u00f3 acciones. Les pidi\u00f3 a representantes del Servicio Nacional de Sanidad y Calidad Agroalimentaria (Senasa) que &#8220;no dejen matar m\u00e1s un animal de menos de 300 kilos&#8221;.<\/p>\n<p>Para ello, instruy\u00f3 a que los veterinarios del organismo en los frigor\u00edficos controlen que no arriben animales por debajo de ese kilaje. El funcionario tambi\u00e9n prometi\u00f3 sanciones si eso ocurre. &#8220;El peso m\u00ednimo de faena no se cumple. Puede ser que s\u00ed se cumpla en los frigor\u00edficos que est\u00e1n m\u00e1s controlados por el Gobierno, que son unos 140 a 150 plantas, pero despu\u00e9s hay otras 300 plantas donde no se respeta&#8221;, admiti\u00f3 un operador del mercado.<\/p>\n<p>El consultor V\u00edctor Tonelli critic\u00f3 la movida de Moreno. &#8220;Si quiere que aumente el peso de faena, que libere las exportaciones, baje las retenciones y con competitividad autom\u00e1ticamente subir\u00e1 el peso de faena porque con el actual contexto [de intervenci\u00f3n] se faenan animales livianos&#8221;, opin\u00f3.<\/p>\n<p>Tonelli indic\u00f3 que dentro del 43% de faena de hembras lo que va como terneras que podr\u00edan ser futuras madres no supera el 10 al 12% y el resto est\u00e1 compuesto por vacas viejas o que no se pre\u00f1aron y que el productor decide vender.<\/p>\n<p>Fuente: La Naci\u00f3n, 31 de octubre.<br \/><\/p>","protected":false},"excerpt":{"rendered":"<p>Este a\u00f1o se aceler\u00f3 la faena, en especial de hembras; Moreno orden\u00f3 que se controle que no se maten animales chicos. Por Fernando Bertello. La ganader\u00eda argentina podr\u00eda perder, a fines de este a\u00f1o, un mill\u00f3n de cabezas de su rodeo bovino. Es una luz de alerta luego de que, entre 2007 y 2010, el stock se achicara en 10 millones de cabezas por la intervenci\u00f3n del Gobierno en el mercado de la carne y por una sequ\u00eda atroz. La nueva reducci\u00f3n del stock vacuno, calculada exactamente en 1,02 millones de cabezas, fue advertida por el productor N\u00e9stor Roulet en un informe que analiza la faena acumulada en el per\u00edodo enero septiembre de 2013, la compara con igual lapso de 2012 y se proyecta para el resto del a\u00f1o. De acuerdo con el estudio, entre julio y septiembre pasado se aceler\u00f3 el crecimiento de la faena bovina y el acumulado enero septiembre termin\u00f3 en 9.575.451 cabezas. Eso representa una suba de 12,6% respecto de enero\/septiembre del a\u00f1o pasado. Seg\u00fan el informe, de continuar esta tendencia, este a\u00f1o cerrar\u00e1 con una faena de 13.068.040 cabezas, 1,46 millones m\u00e1s que en 2012. En este contexto, si se toma el stock inicial de [&hellip;]<\/p>\n","protected":false},"author":2,"featured_media":2267,"comment_status":"closed","ping_status":"open","sticky":false,"template":"","format":"standard","meta":{"_acf_changed":false,"footnotes":""},"categories":[56],"tags":[],"class_list":["post-5779","post","type-post","status-publish","format-standard","has-post-thumbnail","hentry","category-infoganadero"],"acf":[],"yoast_head":"<!-- This site is optimized with the Yoast SEO plugin v27.5 - https:\/\/yoast.com\/product\/yoast-seo-wordpress\/ -->\n<title>Afirman que el rodeo vacuno tendr\u00e1 un mill\u00f3n de cabezas menos. | Proagro<\/title>\n<meta name=\"robots\" content=\"index, follow, max-snippet:-1, max-image-preview:large, max-video-preview:-1\" \/>\n<link rel=\"canonical\" href=\"https:\/\/proagrolab.com.ar\/en\/afirman-que-el-rodeo-vacuno-tendra-un-millon-de-cabezas-menos\/\" \/>\n<meta property=\"og:locale\" content=\"en_US\" \/>\n<meta property=\"og:type\" content=\"article\" \/>\n<meta property=\"og:title\" content=\"Afirman que el rodeo vacuno tendr\u00e1 un mill\u00f3n de cabezas menos. | Proagro\" \/>\n<meta property=\"og:description\" content=\"Este a\u00f1o se aceler\u00f3 la faena, en especial de hembras; Moreno orden\u00f3 que se controle que no se maten animales chicos. Por Fernando Bertello. La ganader\u00eda argentina podr\u00eda perder, a fines de este a\u00f1o, un mill\u00f3n de cabezas de su rodeo bovino. Es una luz de alerta luego de que, entre 2007 y 2010, el stock se achicara en 10 millones de cabezas por la intervenci\u00f3n del Gobierno en el mercado de la carne y por una sequ\u00eda atroz. La nueva reducci\u00f3n del stock vacuno, calculada exactamente en 1,02 millones de cabezas, fue advertida por el productor N\u00e9stor Roulet en un informe que analiza la faena acumulada en el per\u00edodo enero septiembre de 2013, la compara con igual lapso de 2012 y se proyecta para el resto del a\u00f1o. De acuerdo con el estudio, entre julio y septiembre pasado se aceler\u00f3 el crecimiento de la faena bovina y el acumulado enero septiembre termin\u00f3 en 9.575.451 cabezas. Eso representa una suba de 12,6% respecto de enero\/septiembre del a\u00f1o pasado. Seg\u00fan el informe, de continuar esta tendencia, este a\u00f1o cerrar\u00e1 con una faena de 13.068.040 cabezas, 1,46 millones m\u00e1s que en 2012. En este contexto, si se toma el stock inicial de [&hellip;]\" \/>\n<meta property=\"og:url\" content=\"https:\/\/proagrolab.com.ar\/afirman-que-el-rodeo-vacuno-tendra-un-millon-de-cabezas-menos\/\" \/>\n<meta property=\"og:site_name\" content=\"Proagro\" \/>\n<meta property=\"article:publisher\" content=\"http:\/\/www.facebook.com\/proagrolab\" \/>\n<meta property=\"article:published_time\" content=\"2013-10-31T00:00:01+00:00\" \/>\n<meta property=\"og:image\" content=\"https:\/\/proagrolab.com.ar\/wp-content\/uploads\/2015\/01\/g_5legpxfam__Vacas-4.jpg\" \/>\n\t<meta property=\"og:image:width\" content=\"450\" \/>\n\t<meta property=\"og:image:height\" content=\"208\" \/>\n\t<meta property=\"og:image:type\" content=\"image\/jpeg\" \/>\n<meta name=\"author\" content=\"proagrolab\" \/>\n<meta name=\"twitter:card\" content=\"summary_large_image\" \/>\n<meta name=\"twitter:label1\" content=\"Written by\" \/>\n\t<meta name=\"twitter:data1\" content=\"proagrolab\" \/>\n\t<meta name=\"twitter:label2\" content=\"Est. reading time\" \/>\n\t<meta name=\"twitter:data2\" content=\"4 minutes\" \/>\n<script type=\"application\/ld+json\" class=\"yoast-schema-graph\">{\"@context\":\"https:\\\/\\\/schema.org\",\"@graph\":[{\"@type\":\"Article\",\"@id\":\"https:\\\/\\\/proagrolab.com.ar\\\/afirman-que-el-rodeo-vacuno-tendra-un-millon-de-cabezas-menos\\\/#article\",\"isPartOf\":{\"@id\":\"https:\\\/\\\/proagrolab.com.ar\\\/afirman-que-el-rodeo-vacuno-tendra-un-millon-de-cabezas-menos\\\/\"},\"author\":{\"name\":\"proagrolab\",\"@id\":\"https:\\\/\\\/proagrolab.com.ar\\\/#\\\/schema\\\/person\\\/38003ff90bf80381f71c7d922d207444\"},\"headline\":\"Afirman que el rodeo vacuno tendr\u00e1 un mill\u00f3n de cabezas menos.\",\"datePublished\":\"2013-10-31T00:00:01+00:00\",\"mainEntityOfPage\":{\"@id\":\"https:\\\/\\\/proagrolab.com.ar\\\/afirman-que-el-rodeo-vacuno-tendra-un-millon-de-cabezas-menos\\\/\"},\"wordCount\":757,\"publisher\":{\"@id\":\"https:\\\/\\\/proagrolab.com.ar\\\/#organization\"},\"image\":{\"@id\":\"https:\\\/\\\/proagrolab.com.ar\\\/afirman-que-el-rodeo-vacuno-tendra-un-millon-de-cabezas-menos\\\/#primaryimage\"},\"thumbnailUrl\":\"https:\\\/\\\/proagrolab.com.ar\\\/wp-content\\\/uploads\\\/2015\\\/01\\\/g_5legpxfam__Vacas-4.jpg\",\"articleSection\":[\"News\"],\"inLanguage\":\"en-US\"},{\"@type\":\"WebPage\",\"@id\":\"https:\\\/\\\/proagrolab.com.ar\\\/afirman-que-el-rodeo-vacuno-tendra-un-millon-de-cabezas-menos\\\/\",\"url\":\"https:\\\/\\\/proagrolab.com.ar\\\/afirman-que-el-rodeo-vacuno-tendra-un-millon-de-cabezas-menos\\\/\",\"name\":\"Afirman que el rodeo vacuno tendr\u00e1 un mill\u00f3n de cabezas menos. | Proagro\",\"isPartOf\":{\"@id\":\"https:\\\/\\\/proagrolab.com.ar\\\/#website\"},\"primaryImageOfPage\":{\"@id\":\"https:\\\/\\\/proagrolab.com.ar\\\/afirman-que-el-rodeo-vacuno-tendra-un-millon-de-cabezas-menos\\\/#primaryimage\"},\"image\":{\"@id\":\"https:\\\/\\\/proagrolab.com.ar\\\/afirman-que-el-rodeo-vacuno-tendra-un-millon-de-cabezas-menos\\\/#primaryimage\"},\"thumbnailUrl\":\"https:\\\/\\\/proagrolab.com.ar\\\/wp-content\\\/uploads\\\/2015\\\/01\\\/g_5legpxfam__Vacas-4.jpg\",\"datePublished\":\"2013-10-31T00:00:01+00:00\",\"breadcrumb\":{\"@id\":\"https:\\\/\\\/proagrolab.com.ar\\\/afirman-que-el-rodeo-vacuno-tendra-un-millon-de-cabezas-menos\\\/#breadcrumb\"},\"inLanguage\":\"en-US\",\"potentialAction\":[{\"@type\":\"ReadAction\",\"target\":[\"https:\\\/\\\/proagrolab.com.ar\\\/afirman-que-el-rodeo-vacuno-tendra-un-millon-de-cabezas-menos\\\/\"]}]},{\"@type\":\"ImageObject\",\"inLanguage\":\"en-US\",\"@id\":\"https:\\\/\\\/proagrolab.com.ar\\\/afirman-que-el-rodeo-vacuno-tendra-un-millon-de-cabezas-menos\\\/#primaryimage\",\"url\":\"https:\\\/\\\/proagrolab.com.ar\\\/wp-content\\\/uploads\\\/2015\\\/01\\\/g_5legpxfam__Vacas-4.jpg\",\"contentUrl\":\"https:\\\/\\\/proagrolab.com.ar\\\/wp-content\\\/uploads\\\/2015\\\/01\\\/g_5legpxfam__Vacas-4.jpg\",\"width\":450,\"height\":208},{\"@type\":\"BreadcrumbList\",\"@id\":\"https:\\\/\\\/proagrolab.com.ar\\\/afirman-que-el-rodeo-vacuno-tendra-un-millon-de-cabezas-menos\\\/#breadcrumb\",\"itemListElement\":[{\"@type\":\"ListItem\",\"position\":1,\"name\":\"Portada\",\"item\":\"https:\\\/\\\/proagrolab.com.ar\\\/\"},{\"@type\":\"ListItem\",\"position\":2,\"name\":\"Afirman que el rodeo vacuno tendr\u00e1 un mill\u00f3n de cabezas menos.\"}]},{\"@type\":\"WebSite\",\"@id\":\"https:\\\/\\\/proagrolab.com.ar\\\/#website\",\"url\":\"https:\\\/\\\/proagrolab.com.ar\\\/\",\"name\":\"Proagro Laboratorio Veterinario\",\"description\":\"Veterinary laboratory\",\"publisher\":{\"@id\":\"https:\\\/\\\/proagrolab.com.ar\\\/#organization\"},\"potentialAction\":[{\"@type\":\"SearchAction\",\"target\":{\"@type\":\"EntryPoint\",\"urlTemplate\":\"https:\\\/\\\/proagrolab.com.ar\\\/?s={search_term_string}\"},\"query-input\":{\"@type\":\"PropertyValueSpecification\",\"valueRequired\":true,\"valueName\":\"search_term_string\"}}],\"inLanguage\":\"en-US\"},{\"@type\":\"Organization\",\"@id\":\"https:\\\/\\\/proagrolab.com.ar\\\/#organization\",\"name\":\"Proagro\",\"url\":\"https:\\\/\\\/proagrolab.com.ar\\\/\",\"logo\":{\"@type\":\"ImageObject\",\"inLanguage\":\"en-US\",\"@id\":\"https:\\\/\\\/proagrolab.com.ar\\\/#\\\/schema\\\/logo\\\/image\\\/\",\"url\":\"https:\\\/\\\/proagrolab.com.ar\\\/wp-content\\\/uploads\\\/2020\\\/04\\\/logo-retina.png\",\"contentUrl\":\"https:\\\/\\\/proagrolab.com.ar\\\/wp-content\\\/uploads\\\/2020\\\/04\\\/logo-retina.png\",\"width\":478,\"height\":120,\"caption\":\"Proagro\"},\"image\":{\"@id\":\"https:\\\/\\\/proagrolab.com.ar\\\/#\\\/schema\\\/logo\\\/image\\\/\"},\"sameAs\":[\"http:\\\/\\\/www.facebook.com\\\/proagrolab\",\"https:\\\/\\\/www.instagram.com\\\/proagrolab\\\/\",\"https:\\\/\\\/www.linkedin.com\\\/company\\\/laboratorio-proagro-s-a\\\/\"]},{\"@type\":\"Person\",\"@id\":\"https:\\\/\\\/proagrolab.com.ar\\\/#\\\/schema\\\/person\\\/38003ff90bf80381f71c7d922d207444\",\"name\":\"proagrolab\"}]}<\/script>\n<!-- \/ Yoast SEO plugin. -->","yoast_head_json":{"title":"Afirman que el rodeo vacuno tendr\u00e1 un mill\u00f3n de cabezas menos. | Proagro","robots":{"index":"index","follow":"follow","max-snippet":"max-snippet:-1","max-image-preview":"max-image-preview:large","max-video-preview":"max-video-preview:-1"},"canonical":"https:\/\/proagrolab.com.ar\/en\/afirman-que-el-rodeo-vacuno-tendra-un-millon-de-cabezas-menos\/","og_locale":"en_US","og_type":"article","og_title":"Afirman que el rodeo vacuno tendr\u00e1 un mill\u00f3n de cabezas menos. | Proagro","og_description":"Este a\u00f1o se aceler\u00f3 la faena, en especial de hembras; Moreno orden\u00f3 que se controle que no se maten animales chicos. Por Fernando Bertello. La ganader\u00eda argentina podr\u00eda perder, a fines de este a\u00f1o, un mill\u00f3n de cabezas de su rodeo bovino. Es una luz de alerta luego de que, entre 2007 y 2010, el stock se achicara en 10 millones de cabezas por la intervenci\u00f3n del Gobierno en el mercado de la carne y por una sequ\u00eda atroz. La nueva reducci\u00f3n del stock vacuno, calculada exactamente en 1,02 millones de cabezas, fue advertida por el productor N\u00e9stor Roulet en un informe que analiza la faena acumulada en el per\u00edodo enero septiembre de 2013, la compara con igual lapso de 2012 y se proyecta para el resto del a\u00f1o. De acuerdo con el estudio, entre julio y septiembre pasado se aceler\u00f3 el crecimiento de la faena bovina y el acumulado enero septiembre termin\u00f3 en 9.575.451 cabezas. Eso representa una suba de 12,6% respecto de enero\/septiembre del a\u00f1o pasado. Seg\u00fan el informe, de continuar esta tendencia, este a\u00f1o cerrar\u00e1 con una faena de 13.068.040 cabezas, 1,46 millones m\u00e1s que en 2012. En este contexto, si se toma el stock inicial de [&hellip;]","og_url":"https:\/\/proagrolab.com.ar\/afirman-que-el-rodeo-vacuno-tendra-un-millon-de-cabezas-menos\/","og_site_name":"Proagro","article_publisher":"http:\/\/www.facebook.com\/proagrolab","article_published_time":"2013-10-31T00:00:01+00:00","og_image":[{"width":450,"height":208,"url":"https:\/\/proagrolab.com.ar\/wp-content\/uploads\/2015\/01\/g_5legpxfam__Vacas-4.jpg","type":"image\/jpeg"}],"author":"proagrolab","twitter_card":"summary_large_image","twitter_misc":{"Written by":"proagrolab","Est. reading time":"4 minutes"},"schema":{"@context":"https:\/\/schema.org","@graph":[{"@type":"Article","@id":"https:\/\/proagrolab.com.ar\/afirman-que-el-rodeo-vacuno-tendra-un-millon-de-cabezas-menos\/#article","isPartOf":{"@id":"https:\/\/proagrolab.com.ar\/afirman-que-el-rodeo-vacuno-tendra-un-millon-de-cabezas-menos\/"},"author":{"name":"proagrolab","@id":"https:\/\/proagrolab.com.ar\/#\/schema\/person\/38003ff90bf80381f71c7d922d207444"},"headline":"Afirman que el rodeo vacuno tendr\u00e1 un mill\u00f3n de cabezas menos.","datePublished":"2013-10-31T00:00:01+00:00","mainEntityOfPage":{"@id":"https:\/\/proagrolab.com.ar\/afirman-que-el-rodeo-vacuno-tendra-un-millon-de-cabezas-menos\/"},"wordCount":757,"publisher":{"@id":"https:\/\/proagrolab.com.ar\/#organization"},"image":{"@id":"https:\/\/proagrolab.com.ar\/afirman-que-el-rodeo-vacuno-tendra-un-millon-de-cabezas-menos\/#primaryimage"},"thumbnailUrl":"https:\/\/proagrolab.com.ar\/wp-content\/uploads\/2015\/01\/g_5legpxfam__Vacas-4.jpg","articleSection":["News"],"inLanguage":"en-US"},{"@type":"WebPage","@id":"https:\/\/proagrolab.com.ar\/afirman-que-el-rodeo-vacuno-tendra-un-millon-de-cabezas-menos\/","url":"https:\/\/proagrolab.com.ar\/afirman-que-el-rodeo-vacuno-tendra-un-millon-de-cabezas-menos\/","name":"Afirman que el rodeo vacuno tendr\u00e1 un mill\u00f3n de cabezas menos. | Proagro","isPartOf":{"@id":"https:\/\/proagrolab.com.ar\/#website"},"primaryImageOfPage":{"@id":"https:\/\/proagrolab.com.ar\/afirman-que-el-rodeo-vacuno-tendra-un-millon-de-cabezas-menos\/#primaryimage"},"image":{"@id":"https:\/\/proagrolab.com.ar\/afirman-que-el-rodeo-vacuno-tendra-un-millon-de-cabezas-menos\/#primaryimage"},"thumbnailUrl":"https:\/\/proagrolab.com.ar\/wp-content\/uploads\/2015\/01\/g_5legpxfam__Vacas-4.jpg","datePublished":"2013-10-31T00:00:01+00:00","breadcrumb":{"@id":"https:\/\/proagrolab.com.ar\/afirman-que-el-rodeo-vacuno-tendra-un-millon-de-cabezas-menos\/#breadcrumb"},"inLanguage":"en-US","potentialAction":[{"@type":"ReadAction","target":["https:\/\/proagrolab.com.ar\/afirman-que-el-rodeo-vacuno-tendra-un-millon-de-cabezas-menos\/"]}]},{"@type":"ImageObject","inLanguage":"en-US","@id":"https:\/\/proagrolab.com.ar\/afirman-que-el-rodeo-vacuno-tendra-un-millon-de-cabezas-menos\/#primaryimage","url":"https:\/\/proagrolab.com.ar\/wp-content\/uploads\/2015\/01\/g_5legpxfam__Vacas-4.jpg","contentUrl":"https:\/\/proagrolab.com.ar\/wp-content\/uploads\/2015\/01\/g_5legpxfam__Vacas-4.jpg","width":450,"height":208},{"@type":"BreadcrumbList","@id":"https:\/\/proagrolab.com.ar\/afirman-que-el-rodeo-vacuno-tendra-un-millon-de-cabezas-menos\/#breadcrumb","itemListElement":[{"@type":"ListItem","position":1,"name":"Portada","item":"https:\/\/proagrolab.com.ar\/"},{"@type":"ListItem","position":2,"name":"Afirman que el rodeo vacuno tendr\u00e1 un mill\u00f3n de cabezas menos."}]},{"@type":"WebSite","@id":"https:\/\/proagrolab.com.ar\/#website","url":"https:\/\/proagrolab.com.ar\/","name":"Proagro Laboratorio Veterinario","description":"Veterinary laboratory","publisher":{"@id":"https:\/\/proagrolab.com.ar\/#organization"},"potentialAction":[{"@type":"SearchAction","target":{"@type":"EntryPoint","urlTemplate":"https:\/\/proagrolab.com.ar\/?s={search_term_string}"},"query-input":{"@type":"PropertyValueSpecification","valueRequired":true,"valueName":"search_term_string"}}],"inLanguage":"en-US"},{"@type":"Organization","@id":"https:\/\/proagrolab.com.ar\/#organization","name":"Proagro","url":"https:\/\/proagrolab.com.ar\/","logo":{"@type":"ImageObject","inLanguage":"en-US","@id":"https:\/\/proagrolab.com.ar\/#\/schema\/logo\/image\/","url":"https:\/\/proagrolab.com.ar\/wp-content\/uploads\/2020\/04\/logo-retina.png","contentUrl":"https:\/\/proagrolab.com.ar\/wp-content\/uploads\/2020\/04\/logo-retina.png","width":478,"height":120,"caption":"Proagro"},"image":{"@id":"https:\/\/proagrolab.com.ar\/#\/schema\/logo\/image\/"},"sameAs":["http:\/\/www.facebook.com\/proagrolab","https:\/\/www.instagram.com\/proagrolab\/","https:\/\/www.linkedin.com\/company\/laboratorio-proagro-s-a\/"]},{"@type":"Person","@id":"https:\/\/proagrolab.com.ar\/#\/schema\/person\/38003ff90bf80381f71c7d922d207444","name":"proagrolab"}]}},"_links":{"self":[{"href":"https:\/\/proagrolab.com.ar\/en\/wp-json\/wp\/v2\/posts\/5779","targetHints":{"allow":["GET"]}}],"collection":[{"href":"https:\/\/proagrolab.com.ar\/en\/wp-json\/wp\/v2\/posts"}],"about":[{"href":"https:\/\/proagrolab.com.ar\/en\/wp-json\/wp\/v2\/types\/post"}],"author":[{"embeddable":true,"href":"https:\/\/proagrolab.com.ar\/en\/wp-json\/wp\/v2\/users\/2"}],"replies":[{"embeddable":true,"href":"https:\/\/proagrolab.com.ar\/en\/wp-json\/wp\/v2\/comments?post=5779"}],"version-history":[{"count":0,"href":"https:\/\/proagrolab.com.ar\/en\/wp-json\/wp\/v2\/posts\/5779\/revisions"}],"wp:featuredmedia":[{"embeddable":true,"href":"https:\/\/proagrolab.com.ar\/en\/wp-json\/wp\/v2\/media\/2267"}],"wp:attachment":[{"href":"https:\/\/proagrolab.com.ar\/en\/wp-json\/wp\/v2\/media?parent=5779"}],"wp:term":[{"taxonomy":"category","embeddable":true,"href":"https:\/\/proagrolab.com.ar\/en\/wp-json\/wp\/v2\/categories?post=5779"},{"taxonomy":"post_tag","embeddable":true,"href":"https:\/\/proagrolab.com.ar\/en\/wp-json\/wp\/v2\/tags?post=5779"}],"curies":[{"name":"wp","href":"https:\/\/api.w.org\/{rel}","templated":true}]}}